{"id":5384,"date":"2016-10-18T13:58:38","date_gmt":"2016-10-18T11:58:38","guid":{"rendered":"http:\/\/www.fanprojekt-muenster.de\/wp\/?p=5384"},"modified":"2016-10-18T13:58:38","modified_gmt":"2016-10-18T11:58:38","slug":"eroeffnung-des-fancontainer-mit-grossem-andrang","status":"publish","type":"post","link":"https:\/\/www.fanprojekt-muenster.de\/wordpress\/eroeffnung-des-fancontainer-mit-grossem-andrang\/","title":{"rendered":"Er\u00f6ffnung des Fancontainer mit gro\u00dfem Andrang"},"content":{"rendered":"<p>Einen gro\u00dfen Grund zur Freude hatten die Fans von Preu\u00dfen M\u00fcnster am Samstag, obwohl ihr Team nur Unentschieden gespielt hatte. Im Rahmen des Heimspiels gegen Wiesbaden hat das Fanprojekt Preu\u00dfen M\u00fcnster e.V. seinen neuen Fancontainer er\u00f6ffnet. Der neue Treffpunkt f\u00fcr Fans direkt neben dem Haupteingang zog bereits viele Anh\u00e4nger an. Vor und nach dem Spiel wurde ausgiebig vor allem \u00fcber den SCP und dessen Zukunft gesprochen. Mit einem DJ kam dabei Partystimmung auf.<\/p>\n<p>Der Container ist ab jetzt erster Anlaufpunkt f\u00fcr die Fans der Adlertr\u00e4ger und steht in direkter N\u00e4he des FANports. Ge\u00f6ffnet ist er ab sofort immer zwei Stunden vor Anpfiff bei Heimspielen. Der Container ist nicht nur im Inneren von der Fanszene renoviert worden, inzwischen ist er auch von au\u00dfen bunt gestaltet und mit einer Terrasse ausgestattet. Neben der Funktion als Treff- und Anlaufpunkt wird er auch von der Fanhilfe f\u00fcr Beratungen genutzt. Und die ersten Veranstaltungen werden bereits geplant. Jeder Preu\u00dfen-Fan ist eingeladen, die neue Heimat weiter mit Leben zu f\u00fcllen.<\/p>\n<p>Den Stand des Fanprojekts im Eingangsbereich gibt es daher nun nicht mehr, da auch alle Anliegen der Mitglieder am Container geregelt werden.<\/p>\n<p><a href=\"http:\/\/www.fanprojekt-muenster.de\/wp\/wp-content\/uploads\/2016\/10\/IMG_4344.jpg\"><img loading=\"lazy\" decoding=\"async\" class=\"aligncenter size-large wp-image-5401\" src=\"http:\/\/www.fanprojekt-muenster.de\/wp\/wp-content\/uploads\/2016\/10\/IMG_4344-1024x683.jpg\" alt=\"img_4344\" width=\"960\" height=\"640\" \/><\/a><\/p>\n","protected":false},"excerpt":{"rendered":"<p>Einen gro\u00dfen Grund zur Freude hatten die Fans von Preu\u00dfen M\u00fcnster am Samstag, obwohl ihr Team nur Unentschieden gespielt hatte. Im Rahmen des Heimspiels gegen Wiesbaden hat das Fanprojekt Preu\u00dfen&#8230; <a class=\"read-more-link\" href=\"https:\/\/www.fanprojekt-muenster.de\/wordpress\/eroeffnung-des-fancontainer-mit-grossem-andrang\/\">Read more &raquo;<\/a><\/p>\n","protected":false},"author":5,"featured_media":5385,"comment_status":"closed","ping_status":"closed","sticky":false,"template":"","format":"standard","meta":{"advgb_blocks_editor_width":"","advgb_blocks_columns_visual_guide":"","footnotes":""},"categories":[2,3,1],"tags":[93,106,144],"class_list":["post-5384","post","type-post","status-publish","format-standard","has-post-thumbnail","hentry","category-aktionen","category-aktuelles","category-allgemein","tag-eroeffnung","tag-fancontainer","tag-heimspiel"],"featured_image_src":null,"author_info":{"display_name":"Florian","author_link":"https:\/\/www.fanprojekt-muenster.de\/wordpress\/author\/flovoss\/"},"yoast_head":"<!-- This site is optimized with the Yoast SEO plugin v27.2 - https:\/\/yoast.com\/product\/yoast-seo-wordpress\/ -->\n<title>Er\u00f6ffnung des Fancontainer mit gro\u00dfem Andrang - Fangemeinschaft Preu\u00dfen M\u00fcnster e. V.<\/title>\n<meta name=\"robots\" content=\"index, follow, max-snippet:-1, max-image-preview:large, max-video-preview:-1\" \/>\n<link rel=\"canonical\" href=\"https:\/\/www.fanprojekt-muenster.de\/wordpress\/eroeffnung-des-fancontainer-mit-grossem-andrang\/\" \/>\n<meta property=\"og:locale\" content=\"de_DE\" \/>\n<meta property=\"og:type\" content=\"article\" \/>\n<meta property=\"og:title\" content=\"Er\u00f6ffnung des Fancontainer mit gro\u00dfem Andrang - Fangemeinschaft Preu\u00dfen M\u00fcnster e. V.\" \/>\n<meta property=\"og:description\" content=\"Einen gro\u00dfen Grund zur Freude hatten die Fans von Preu\u00dfen M\u00fcnster am Samstag, obwohl ihr Team nur Unentschieden gespielt hatte. Im Rahmen des Heimspiels gegen Wiesbaden hat das Fanprojekt Preu\u00dfen... Read more &raquo;\" \/>\n<meta property=\"og:url\" content=\"https:\/\/www.fanprojekt-muenster.de\/wordpress\/eroeffnung-des-fancontainer-mit-grossem-andrang\/\" \/>\n<meta property=\"og:site_name\" content=\"Fangemeinschaft Preu\u00dfen M\u00fcnster e. V.\" \/>\n<meta property=\"article:published_time\" content=\"2016-10-18T11:58:38+00:00\" \/>\n<meta name=\"author\" content=\"Florian\" \/>\n<meta name=\"twitter:card\" content=\"summary_large_image\" \/>\n<meta name=\"twitter:label1\" content=\"Verfasst von\" \/>\n\t<meta name=\"twitter:data1\" content=\"Florian\" \/>\n\t<meta name=\"twitter:label2\" content=\"Gesch\u00e4tzte Lesezeit\" \/>\n\t<meta name=\"twitter:data2\" content=\"1\u00a0Minute\" \/>\n<script type=\"application\/ld+json\" class=\"yoast-schema-graph\">{\"@context\":\"https:\/\/schema.org\",\"@graph\":[{\"@type\":\"Article\",\"@id\":\"https:\/\/www.fanprojekt-muenster.de\/wordpress\/eroeffnung-des-fancontainer-mit-grossem-andrang\/#article\",\"isPartOf\":{\"@id\":\"https:\/\/www.fanprojekt-muenster.de\/wordpress\/eroeffnung-des-fancontainer-mit-grossem-andrang\/\"},\"author\":{\"name\":\"Florian\",\"@id\":\"https:\/\/www.fanprojekt-muenster.de\/wordpress\/#\/schema\/person\/529d3ee920414da8907f25b585d57a4e\"},\"headline\":\"Er\u00f6ffnung des Fancontainer mit gro\u00dfem Andrang\",\"datePublished\":\"2016-10-18T11:58:38+00:00\",\"mainEntityOfPage\":{\"@id\":\"https:\/\/www.fanprojekt-muenster.de\/wordpress\/eroeffnung-des-fancontainer-mit-grossem-andrang\/\"},\"wordCount\":211,\"publisher\":{\"@id\":\"https:\/\/www.fanprojekt-muenster.de\/wordpress\/#organization\"},\"image\":{\"@id\":\"https:\/\/www.fanprojekt-muenster.de\/wordpress\/eroeffnung-des-fancontainer-mit-grossem-andrang\/#primaryimage\"},\"thumbnailUrl\":\"\",\"keywords\":[\"Er\u00f6ffnung\",\"Fancontainer\",\"Heimspiel\"],\"articleSection\":[\"Aktionen\",\"Aktuelles\"],\"inLanguage\":\"de\"},{\"@type\":\"WebPage\",\"@id\":\"https:\/\/www.fanprojekt-muenster.de\/wordpress\/eroeffnung-des-fancontainer-mit-grossem-andrang\/\",\"url\":\"https:\/\/www.fanprojekt-muenster.de\/wordpress\/eroeffnung-des-fancontainer-mit-grossem-andrang\/\",\"name\":\"Er\u00f6ffnung des Fancontainer mit gro\u00dfem Andrang - Fangemeinschaft Preu\u00dfen M\u00fcnster e. V.\",\"isPartOf\":{\"@id\":\"https:\/\/www.fanprojekt-muenster.de\/wordpress\/#website\"},\"primaryImageOfPage\":{\"@id\":\"https:\/\/www.fanprojekt-muenster.de\/wordpress\/eroeffnung-des-fancontainer-mit-grossem-andrang\/#primaryimage\"},\"image\":{\"@id\":\"https:\/\/www.fanprojekt-muenster.de\/wordpress\/eroeffnung-des-fancontainer-mit-grossem-andrang\/#primaryimage\"},\"thumbnailUrl\":\"\",\"datePublished\":\"2016-10-18T11:58:38+00:00\",\"breadcrumb\":{\"@id\":\"https:\/\/www.fanprojekt-muenster.de\/wordpress\/eroeffnung-des-fancontainer-mit-grossem-andrang\/#breadcrumb\"},\"inLanguage\":\"de\",\"potentialAction\":[{\"@type\":\"ReadAction\",\"target\":[\"https:\/\/www.fanprojekt-muenster.de\/wordpress\/eroeffnung-des-fancontainer-mit-grossem-andrang\/\"]}]},{\"@type\":\"ImageObject\",\"inLanguage\":\"de\",\"@id\":\"https:\/\/www.fanprojekt-muenster.de\/wordpress\/eroeffnung-des-fancontainer-mit-grossem-andrang\/#primaryimage\",\"url\":\"\",\"contentUrl\":\"\"},{\"@type\":\"BreadcrumbList\",\"@id\":\"https:\/\/www.fanprojekt-muenster.de\/wordpress\/eroeffnung-des-fancontainer-mit-grossem-andrang\/#breadcrumb\",\"itemListElement\":[{\"@type\":\"ListItem\",\"position\":1,\"name\":\"Startseite\",\"item\":\"https:\/\/www.fanprojekt-muenster.de\/wordpress\/\"},{\"@type\":\"ListItem\",\"position\":2,\"name\":\"Er\u00f6ffnung des Fancontainer mit gro\u00dfem Andrang\"}]},{\"@type\":\"WebSite\",\"@id\":\"https:\/\/www.fanprojekt-muenster.de\/wordpress\/#website\",\"url\":\"https:\/\/www.fanprojekt-muenster.de\/wordpress\/\",\"name\":\"Fangemeinschaft Preu\u00dfen M\u00fcnster e. V.\",\"description\":\"\",\"publisher\":{\"@id\":\"https:\/\/www.fanprojekt-muenster.de\/wordpress\/#organization\"},\"potentialAction\":[{\"@type\":\"SearchAction\",\"target\":{\"@type\":\"EntryPoint\",\"urlTemplate\":\"https:\/\/www.fanprojekt-muenster.de\/wordpress\/?s={search_term_string}\"},\"query-input\":{\"@type\":\"PropertyValueSpecification\",\"valueRequired\":true,\"valueName\":\"search_term_string\"}}],\"inLanguage\":\"de\"},{\"@type\":\"Organization\",\"@id\":\"https:\/\/www.fanprojekt-muenster.de\/wordpress\/#organization\",\"name\":\"Fangemeinschaft Preu\u00dfen M\u00fcnster e. V.\",\"url\":\"https:\/\/www.fanprojekt-muenster.de\/wordpress\/\",\"logo\":{\"@type\":\"ImageObject\",\"inLanguage\":\"de\",\"@id\":\"https:\/\/www.fanprojekt-muenster.de\/wordpress\/#\/schema\/logo\/image\/\",\"url\":\"https:\/\/www.fanprojekt-muenster.de\/wordpress\/wp-content\/uploads\/2019\/07\/cropped-Website_Logo3-9.png\",\"contentUrl\":\"https:\/\/www.fanprojekt-muenster.de\/wordpress\/wp-content\/uploads\/2019\/07\/cropped-Website_Logo3-9.png\",\"width\":224,\"height\":42,\"caption\":\"Fangemeinschaft Preu\u00dfen M\u00fcnster e. V.\"},\"image\":{\"@id\":\"https:\/\/www.fanprojekt-muenster.de\/wordpress\/#\/schema\/logo\/image\/\"}},{\"@type\":\"Person\",\"@id\":\"https:\/\/www.fanprojekt-muenster.de\/wordpress\/#\/schema\/person\/529d3ee920414da8907f25b585d57a4e\",\"name\":\"Florian\",\"url\":\"https:\/\/www.fanprojekt-muenster.de\/wordpress\/author\/flovoss\/\"}]}<\/script>\n<!-- \/ Yoast SEO plugin. -->","yoast_head_json":{"title":"Er\u00f6ffnung des Fancontainer mit gro\u00dfem Andrang - Fangemeinschaft Preu\u00dfen M\u00fcnster e. V.","robots":{"index":"index","follow":"follow","max-snippet":"max-snippet:-1","max-image-preview":"max-image-preview:large","max-video-preview":"max-video-preview:-1"},"canonical":"https:\/\/www.fanprojekt-muenster.de\/wordpress\/eroeffnung-des-fancontainer-mit-grossem-andrang\/","og_locale":"de_DE","og_type":"article","og_title":"Er\u00f6ffnung des Fancontainer mit gro\u00dfem Andrang - Fangemeinschaft Preu\u00dfen M\u00fcnster e. V.","og_description":"Einen gro\u00dfen Grund zur Freude hatten die Fans von Preu\u00dfen M\u00fcnster am Samstag, obwohl ihr Team nur Unentschieden gespielt hatte. Im Rahmen des Heimspiels gegen Wiesbaden hat das Fanprojekt Preu\u00dfen... Read more &raquo;","og_url":"https:\/\/www.fanprojekt-muenster.de\/wordpress\/eroeffnung-des-fancontainer-mit-grossem-andrang\/","og_site_name":"Fangemeinschaft Preu\u00dfen M\u00fcnster e. V.","article_published_time":"2016-10-18T11:58:38+00:00","author":"Florian","twitter_card":"summary_large_image","twitter_misc":{"Verfasst von":"Florian","Gesch\u00e4tzte Lesezeit":"1\u00a0Minute"},"schema":{"@context":"https:\/\/schema.org","@graph":[{"@type":"Article","@id":"https:\/\/www.fanprojekt-muenster.de\/wordpress\/eroeffnung-des-fancontainer-mit-grossem-andrang\/#article","isPartOf":{"@id":"https:\/\/www.fanprojekt-muenster.de\/wordpress\/eroeffnung-des-fancontainer-mit-grossem-andrang\/"},"author":{"name":"Florian","@id":"https:\/\/www.fanprojekt-muenster.de\/wordpress\/#\/schema\/person\/529d3ee920414da8907f25b585d57a4e"},"headline":"Er\u00f6ffnung des Fancontainer mit gro\u00dfem Andrang","datePublished":"2016-10-18T11:58:38+00:00","mainEntityOfPage":{"@id":"https:\/\/www.fanprojekt-muenster.de\/wordpress\/eroeffnung-des-fancontainer-mit-grossem-andrang\/"},"wordCount":211,"publisher":{"@id":"https:\/\/www.fanprojekt-muenster.de\/wordpress\/#organization"},"image":{"@id":"https:\/\/www.fanprojekt-muenster.de\/wordpress\/eroeffnung-des-fancontainer-mit-grossem-andrang\/#primaryimage"},"thumbnailUrl":"","keywords":["Er\u00f6ffnung","Fancontainer","Heimspiel"],"articleSection":["Aktionen","Aktuelles"],"inLanguage":"de"},{"@type":"WebPage","@id":"https:\/\/www.fanprojekt-muenster.de\/wordpress\/eroeffnung-des-fancontainer-mit-grossem-andrang\/","url":"https:\/\/www.fanprojekt-muenster.de\/wordpress\/eroeffnung-des-fancontainer-mit-grossem-andrang\/","name":"Er\u00f6ffnung des Fancontainer mit gro\u00dfem Andrang - Fangemeinschaft Preu\u00dfen M\u00fcnster e. V.","isPartOf":{"@id":"https:\/\/www.fanprojekt-muenster.de\/wordpress\/#website"},"primaryImageOfPage":{"@id":"https:\/\/www.fanprojekt-muenster.de\/wordpress\/eroeffnung-des-fancontainer-mit-grossem-andrang\/#primaryimage"},"image":{"@id":"https:\/\/www.fanprojekt-muenster.de\/wordpress\/eroeffnung-des-fancontainer-mit-grossem-andrang\/#primaryimage"},"thumbnailUrl":"","datePublished":"2016-10-18T11:58:38+00:00","breadcrumb":{"@id":"https:\/\/www.fanprojekt-muenster.de\/wordpress\/eroeffnung-des-fancontainer-mit-grossem-andrang\/#breadcrumb"},"inLanguage":"de","potentialAction":[{"@type":"ReadAction","target":["https:\/\/www.fanprojekt-muenster.de\/wordpress\/eroeffnung-des-fancontainer-mit-grossem-andrang\/"]}]},{"@type":"ImageObject","inLanguage":"de","@id":"https:\/\/www.fanprojekt-muenster.de\/wordpress\/eroeffnung-des-fancontainer-mit-grossem-andrang\/#primaryimage","url":"","contentUrl":""},{"@type":"BreadcrumbList","@id":"https:\/\/www.fanprojekt-muenster.de\/wordpress\/eroeffnung-des-fancontainer-mit-grossem-andrang\/#breadcrumb","itemListElement":[{"@type":"ListItem","position":1,"name":"Startseite","item":"https:\/\/www.fanprojekt-muenster.de\/wordpress\/"},{"@type":"ListItem","position":2,"name":"Er\u00f6ffnung des Fancontainer mit gro\u00dfem Andrang"}]},{"@type":"WebSite","@id":"https:\/\/www.fanprojekt-muenster.de\/wordpress\/#website","url":"https:\/\/www.fanprojekt-muenster.de\/wordpress\/","name":"Fangemeinschaft Preu\u00dfen M\u00fcnster e. V.","description":"","publisher":{"@id":"https:\/\/www.fanprojekt-muenster.de\/wordpress\/#organization"},"potentialAction":[{"@type":"SearchAction","target":{"@type":"EntryPoint","urlTemplate":"https:\/\/www.fanprojekt-muenster.de\/wordpress\/?s={search_term_string}"},"query-input":{"@type":"PropertyValueSpecification","valueRequired":true,"valueName":"search_term_string"}}],"inLanguage":"de"},{"@type":"Organization","@id":"https:\/\/www.fanprojekt-muenster.de\/wordpress\/#organization","name":"Fangemeinschaft Preu\u00dfen M\u00fcnster e. V.","url":"https:\/\/www.fanprojekt-muenster.de\/wordpress\/","logo":{"@type":"ImageObject","inLanguage":"de","@id":"https:\/\/www.fanprojekt-muenster.de\/wordpress\/#\/schema\/logo\/image\/","url":"https:\/\/www.fanprojekt-muenster.de\/wordpress\/wp-content\/uploads\/2019\/07\/cropped-Website_Logo3-9.png","contentUrl":"https:\/\/www.fanprojekt-muenster.de\/wordpress\/wp-content\/uploads\/2019\/07\/cropped-Website_Logo3-9.png","width":224,"height":42,"caption":"Fangemeinschaft Preu\u00dfen M\u00fcnster e. V."},"image":{"@id":"https:\/\/www.fanprojekt-muenster.de\/wordpress\/#\/schema\/logo\/image\/"}},{"@type":"Person","@id":"https:\/\/www.fanprojekt-muenster.de\/wordpress\/#\/schema\/person\/529d3ee920414da8907f25b585d57a4e","name":"Florian","url":"https:\/\/www.fanprojekt-muenster.de\/wordpress\/author\/flovoss\/"}]}},"author_meta":{"display_name":"Florian","author_link":"https:\/\/www.fanprojekt-muenster.de\/wordpress\/author\/flovoss\/"},"featured_img":null,"coauthors":[],"tax_additional":{"categories":{"linked":["<a href=\"https:\/\/www.fanprojekt-muenster.de\/wordpress\/category\/aktionen\/\" class=\"advgb-post-tax-term\">Aktionen<\/a>","<a href=\"https:\/\/www.fanprojekt-muenster.de\/wordpress\/category\/aktuelles\/\" class=\"advgb-post-tax-term\">Aktuelles<\/a>","<a href=\"https:\/\/www.fanprojekt-muenster.de\/wordpress\/category\/allgemein\/\" class=\"advgb-post-tax-term\">Allgemein<\/a>"],"unlinked":["<span class=\"advgb-post-tax-term\">Aktionen<\/span>","<span class=\"advgb-post-tax-term\">Aktuelles<\/span>","<span class=\"advgb-post-tax-term\">Allgemein<\/span>"]},"tags":{"linked":["<a href=\"https:\/\/www.fanprojekt-muenster.de\/wordpress\/category\/allgemein\/\" class=\"advgb-post-tax-term\">Er\u00f6ffnung<\/a>","<a href=\"https:\/\/www.fanprojekt-muenster.de\/wordpress\/category\/allgemein\/\" class=\"advgb-post-tax-term\">Fancontainer<\/a>","<a href=\"https:\/\/www.fanprojekt-muenster.de\/wordpress\/category\/allgemein\/\" class=\"advgb-post-tax-term\">Heimspiel<\/a>"],"unlinked":["<span class=\"advgb-post-tax-term\">Er\u00f6ffnung<\/span>","<span class=\"advgb-post-tax-term\">Fancontainer<\/span>","<span class=\"advgb-post-tax-term\">Heimspiel<\/span>"]}},"comment_count":"0","relative_dates":{"created":"Posted 10\u00a0Jahren ago","modified":"Updated 10\u00a0Jahren ago"},"absolute_dates":{"created":"Posted on 18. Oktober 2016","modified":"Updated on 18. Oktober 2016"},"absolute_dates_time":{"created":"Posted on 18. Oktober 2016 13:58","modified":"Updated on 18. Oktober 2016 13:58"},"featured_img_caption":"","series_order":"","_links":{"self":[{"href":"https:\/\/www.fanprojekt-muenster.de\/wordpress\/wp-json\/wp\/v2\/posts\/5384","targetHints":{"allow":["GET"]}}],"collection":[{"href":"https:\/\/www.fanprojekt-muenster.de\/wordpress\/wp-json\/wp\/v2\/posts"}],"about":[{"href":"https:\/\/www.fanprojekt-muenster.de\/wordpress\/wp-json\/wp\/v2\/types\/post"}],"author":[{"embeddable":true,"href":"https:\/\/www.fanprojekt-muenster.de\/wordpress\/wp-json\/wp\/v2\/users\/5"}],"replies":[{"embeddable":true,"href":"https:\/\/www.fanprojekt-muenster.de\/wordpress\/wp-json\/wp\/v2\/comments?post=5384"}],"version-history":[{"count":0,"href":"https:\/\/www.fanprojekt-muenster.de\/wordpress\/wp-json\/wp\/v2\/posts\/5384\/revisions"}],"wp:featuredmedia":[{"embeddable":true,"href":"https:\/\/www.fanprojekt-muenster.de\/wordpress\/wp-json\/"}],"wp:attachment":[{"href":"https:\/\/www.fanprojekt-muenster.de\/wordpress\/wp-json\/wp\/v2\/media?parent=5384"}],"wp:term":[{"taxonomy":"category","embeddable":true,"href":"https:\/\/www.fanprojekt-muenster.de\/wordpress\/wp-json\/wp\/v2\/categories?post=5384"},{"taxonomy":"post_tag","embeddable":true,"href":"https:\/\/www.fanprojekt-muenster.de\/wordpress\/wp-json\/wp\/v2\/tags?post=5384"}],"curies":[{"name":"wp","href":"https:\/\/api.w.org\/{rel}","templated":true}]}}