{"id":5378,"date":"2016-10-11T17:56:11","date_gmt":"2016-10-11T15:56:11","guid":{"rendered":"http:\/\/www.fanprojekt-muenster.de\/wp\/?p=5378"},"modified":"2016-10-11T17:56:11","modified_gmt":"2016-10-11T15:56:11","slug":"samstag-eroeffnungsparty-des-fancontainers","status":"publish","type":"post","link":"https:\/\/www.fanprojekt-muenster.de\/wordpress\/samstag-eroeffnungsparty-des-fancontainers\/","title":{"rendered":"Samstag Er\u00f6ffnungsparty des Fancontainers!"},"content":{"rendered":"<p>In den letzten Wochen wurde eifrig Hand angelegt und nun wird er endlich er\u00f6ffnet: der neue Fancontainer des Fanprojekt Preu\u00dfen M\u00fcnster e.V.! Am Samstag vor und nach dem Heimspiel gegen Wiesbaden sind alle Preu\u00dfen-Fans eingeladen, die neue Anlaufstelle des Fanprojekts in Augeschein zu nehmen. Bei Musik und Kaltgetr\u00e4nken soll Einweihungsparty-Stimmung aufkommen!<\/p>\n<p>Der Container ist ab jetzt erster Anlaufpunkt f\u00fcr die Fans der Adlertr\u00e4ger und steht in direkter N\u00e4he des FANports. Er ist gut zu erreichen: Einfach vor den Kassenh\u00e4uschen am Haupteingang rechts abbiegen und hinter selbigen entlang ist er schon sicht- und am Samstag bestimmt auch h\u00f6rbar.<br \/>\nWichtig vor dem Spiel: Zun\u00e4chst\u00a0den Fancontainer besuchen und dann erst das Stadion betreten!<\/p>\n<p>Der Container ist nicht nur im Inneren von der Fanszene renoviert worden, inzwischen ist er auch von au\u00dfen bunt gestaltet und mit einer Terrasse ausgestattet. Neben der Funktion als Treff- und Anlaufpunkt wird er auch\u00a0von der Fanhilfe f\u00fcr Beratungen genutzt werden. Und die ersten Veranstaltungen\u00a0werden bereits geplant. Jeder Preu\u00dfen-Fan\u00a0ist eingeladen, die neue Heimat weiter mit Leben zu f\u00fcllen.<\/p>\n<p>Den Stand des Fanprojekts im Eingangsbereich gibt es daher nun nicht mehr, da auch alle Anliegen der Mitglieder am Container geregelt werden.<\/p>\n","protected":false},"excerpt":{"rendered":"<p>In den letzten Wochen wurde eifrig Hand angelegt und nun wird er endlich er\u00f6ffnet: der neue Fancontainer des Fanprojekt Preu\u00dfen M\u00fcnster e.V.! Am Samstag vor und nach dem Heimspiel gegen&#8230; <a class=\"read-more-link\" href=\"https:\/\/www.fanprojekt-muenster.de\/wordpress\/samstag-eroeffnungsparty-des-fancontainers\/\">Read more &raquo;<\/a><\/p>\n","protected":false},"author":5,"featured_media":5328,"comment_status":"closed","ping_status":"closed","sticky":false,"template":"","format":"standard","meta":{"advgb_blocks_editor_width":"","advgb_blocks_columns_visual_guide":"","footnotes":""},"categories":[3],"tags":[93,106],"class_list":["post-5378","post","type-post","status-publish","format-standard","has-post-thumbnail","hentry","category-aktuelles","tag-eroeffnung","tag-fancontainer"],"featured_image_src":null,"author_info":{"display_name":"Florian","author_link":"https:\/\/www.fanprojekt-muenster.de\/wordpress\/author\/flovoss\/"},"yoast_head":"<!-- This site is optimized with the Yoast SEO plugin v27.2 - https:\/\/yoast.com\/product\/yoast-seo-wordpress\/ -->\n<title>Samstag Er\u00f6ffnungsparty des Fancontainers! - Fangemeinschaft Preu\u00dfen M\u00fcnster e. V.<\/title>\n<meta name=\"robots\" content=\"index, follow, max-snippet:-1, max-image-preview:large, max-video-preview:-1\" \/>\n<link rel=\"canonical\" href=\"https:\/\/www.fanprojekt-muenster.de\/wordpress\/samstag-eroeffnungsparty-des-fancontainers\/\" \/>\n<meta property=\"og:locale\" content=\"de_DE\" \/>\n<meta property=\"og:type\" content=\"article\" \/>\n<meta property=\"og:title\" content=\"Samstag Er\u00f6ffnungsparty des Fancontainers! - Fangemeinschaft Preu\u00dfen M\u00fcnster e. V.\" \/>\n<meta property=\"og:description\" content=\"In den letzten Wochen wurde eifrig Hand angelegt und nun wird er endlich er\u00f6ffnet: der neue Fancontainer des Fanprojekt Preu\u00dfen M\u00fcnster e.V.! Am Samstag vor und nach dem Heimspiel gegen... Read more &raquo;\" \/>\n<meta property=\"og:url\" content=\"https:\/\/www.fanprojekt-muenster.de\/wordpress\/samstag-eroeffnungsparty-des-fancontainers\/\" \/>\n<meta property=\"og:site_name\" content=\"Fangemeinschaft Preu\u00dfen M\u00fcnster e. V.\" \/>\n<meta property=\"article:published_time\" content=\"2016-10-11T15:56:11+00:00\" \/>\n<meta name=\"author\" content=\"Florian\" \/>\n<meta name=\"twitter:card\" content=\"summary_large_image\" \/>\n<meta name=\"twitter:label1\" content=\"Verfasst von\" \/>\n\t<meta name=\"twitter:data1\" content=\"Florian\" \/>\n\t<meta name=\"twitter:label2\" content=\"Gesch\u00e4tzte Lesezeit\" \/>\n\t<meta name=\"twitter:data2\" content=\"1\u00a0Minute\" \/>\n<script type=\"application\/ld+json\" class=\"yoast-schema-graph\">{\"@context\":\"https:\/\/schema.org\",\"@graph\":[{\"@type\":\"Article\",\"@id\":\"https:\/\/www.fanprojekt-muenster.de\/wordpress\/samstag-eroeffnungsparty-des-fancontainers\/#article\",\"isPartOf\":{\"@id\":\"https:\/\/www.fanprojekt-muenster.de\/wordpress\/samstag-eroeffnungsparty-des-fancontainers\/\"},\"author\":{\"name\":\"Florian\",\"@id\":\"https:\/\/www.fanprojekt-muenster.de\/wordpress\/#\/schema\/person\/529d3ee920414da8907f25b585d57a4e\"},\"headline\":\"Samstag Er\u00f6ffnungsparty des Fancontainers!\",\"datePublished\":\"2016-10-11T15:56:11+00:00\",\"mainEntityOfPage\":{\"@id\":\"https:\/\/www.fanprojekt-muenster.de\/wordpress\/samstag-eroeffnungsparty-des-fancontainers\/\"},\"wordCount\":215,\"publisher\":{\"@id\":\"https:\/\/www.fanprojekt-muenster.de\/wordpress\/#organization\"},\"image\":{\"@id\":\"https:\/\/www.fanprojekt-muenster.de\/wordpress\/samstag-eroeffnungsparty-des-fancontainers\/#primaryimage\"},\"thumbnailUrl\":\"\",\"keywords\":[\"Er\u00f6ffnung\",\"Fancontainer\"],\"articleSection\":[\"Aktuelles\"],\"inLanguage\":\"de\"},{\"@type\":\"WebPage\",\"@id\":\"https:\/\/www.fanprojekt-muenster.de\/wordpress\/samstag-eroeffnungsparty-des-fancontainers\/\",\"url\":\"https:\/\/www.fanprojekt-muenster.de\/wordpress\/samstag-eroeffnungsparty-des-fancontainers\/\",\"name\":\"Samstag Er\u00f6ffnungsparty des Fancontainers! - Fangemeinschaft Preu\u00dfen M\u00fcnster e. V.\",\"isPartOf\":{\"@id\":\"https:\/\/www.fanprojekt-muenster.de\/wordpress\/#website\"},\"primaryImageOfPage\":{\"@id\":\"https:\/\/www.fanprojekt-muenster.de\/wordpress\/samstag-eroeffnungsparty-des-fancontainers\/#primaryimage\"},\"image\":{\"@id\":\"https:\/\/www.fanprojekt-muenster.de\/wordpress\/samstag-eroeffnungsparty-des-fancontainers\/#primaryimage\"},\"thumbnailUrl\":\"\",\"datePublished\":\"2016-10-11T15:56:11+00:00\",\"breadcrumb\":{\"@id\":\"https:\/\/www.fanprojekt-muenster.de\/wordpress\/samstag-eroeffnungsparty-des-fancontainers\/#breadcrumb\"},\"inLanguage\":\"de\",\"potentialAction\":[{\"@type\":\"ReadAction\",\"target\":[\"https:\/\/www.fanprojekt-muenster.de\/wordpress\/samstag-eroeffnungsparty-des-fancontainers\/\"]}]},{\"@type\":\"ImageObject\",\"inLanguage\":\"de\",\"@id\":\"https:\/\/www.fanprojekt-muenster.de\/wordpress\/samstag-eroeffnungsparty-des-fancontainers\/#primaryimage\",\"url\":\"\",\"contentUrl\":\"\"},{\"@type\":\"BreadcrumbList\",\"@id\":\"https:\/\/www.fanprojekt-muenster.de\/wordpress\/samstag-eroeffnungsparty-des-fancontainers\/#breadcrumb\",\"itemListElement\":[{\"@type\":\"ListItem\",\"position\":1,\"name\":\"Startseite\",\"item\":\"https:\/\/www.fanprojekt-muenster.de\/wordpress\/\"},{\"@type\":\"ListItem\",\"position\":2,\"name\":\"Samstag Er\u00f6ffnungsparty des Fancontainers!\"}]},{\"@type\":\"WebSite\",\"@id\":\"https:\/\/www.fanprojekt-muenster.de\/wordpress\/#website\",\"url\":\"https:\/\/www.fanprojekt-muenster.de\/wordpress\/\",\"name\":\"Fangemeinschaft Preu\u00dfen M\u00fcnster e. V.\",\"description\":\"\",\"publisher\":{\"@id\":\"https:\/\/www.fanprojekt-muenster.de\/wordpress\/#organization\"},\"potentialAction\":[{\"@type\":\"SearchAction\",\"target\":{\"@type\":\"EntryPoint\",\"urlTemplate\":\"https:\/\/www.fanprojekt-muenster.de\/wordpress\/?s={search_term_string}\"},\"query-input\":{\"@type\":\"PropertyValueSpecification\",\"valueRequired\":true,\"valueName\":\"search_term_string\"}}],\"inLanguage\":\"de\"},{\"@type\":\"Organization\",\"@id\":\"https:\/\/www.fanprojekt-muenster.de\/wordpress\/#organization\",\"name\":\"Fangemeinschaft Preu\u00dfen M\u00fcnster e. V.\",\"url\":\"https:\/\/www.fanprojekt-muenster.de\/wordpress\/\",\"logo\":{\"@type\":\"ImageObject\",\"inLanguage\":\"de\",\"@id\":\"https:\/\/www.fanprojekt-muenster.de\/wordpress\/#\/schema\/logo\/image\/\",\"url\":\"https:\/\/www.fanprojekt-muenster.de\/wordpress\/wp-content\/uploads\/2019\/07\/cropped-Website_Logo3-9.png\",\"contentUrl\":\"https:\/\/www.fanprojekt-muenster.de\/wordpress\/wp-content\/uploads\/2019\/07\/cropped-Website_Logo3-9.png\",\"width\":224,\"height\":42,\"caption\":\"Fangemeinschaft Preu\u00dfen M\u00fcnster e. V.\"},\"image\":{\"@id\":\"https:\/\/www.fanprojekt-muenster.de\/wordpress\/#\/schema\/logo\/image\/\"}},{\"@type\":\"Person\",\"@id\":\"https:\/\/www.fanprojekt-muenster.de\/wordpress\/#\/schema\/person\/529d3ee920414da8907f25b585d57a4e\",\"name\":\"Florian\",\"url\":\"https:\/\/www.fanprojekt-muenster.de\/wordpress\/author\/flovoss\/\"}]}<\/script>\n<!-- \/ Yoast SEO plugin. -->","yoast_head_json":{"title":"Samstag Er\u00f6ffnungsparty des Fancontainers! - Fangemeinschaft Preu\u00dfen M\u00fcnster e. V.","robots":{"index":"index","follow":"follow","max-snippet":"max-snippet:-1","max-image-preview":"max-image-preview:large","max-video-preview":"max-video-preview:-1"},"canonical":"https:\/\/www.fanprojekt-muenster.de\/wordpress\/samstag-eroeffnungsparty-des-fancontainers\/","og_locale":"de_DE","og_type":"article","og_title":"Samstag Er\u00f6ffnungsparty des Fancontainers! - Fangemeinschaft Preu\u00dfen M\u00fcnster e. V.","og_description":"In den letzten Wochen wurde eifrig Hand angelegt und nun wird er endlich er\u00f6ffnet: der neue Fancontainer des Fanprojekt Preu\u00dfen M\u00fcnster e.V.! Am Samstag vor und nach dem Heimspiel gegen... Read more &raquo;","og_url":"https:\/\/www.fanprojekt-muenster.de\/wordpress\/samstag-eroeffnungsparty-des-fancontainers\/","og_site_name":"Fangemeinschaft Preu\u00dfen M\u00fcnster e. V.","article_published_time":"2016-10-11T15:56:11+00:00","author":"Florian","twitter_card":"summary_large_image","twitter_misc":{"Verfasst von":"Florian","Gesch\u00e4tzte Lesezeit":"1\u00a0Minute"},"schema":{"@context":"https:\/\/schema.org","@graph":[{"@type":"Article","@id":"https:\/\/www.fanprojekt-muenster.de\/wordpress\/samstag-eroeffnungsparty-des-fancontainers\/#article","isPartOf":{"@id":"https:\/\/www.fanprojekt-muenster.de\/wordpress\/samstag-eroeffnungsparty-des-fancontainers\/"},"author":{"name":"Florian","@id":"https:\/\/www.fanprojekt-muenster.de\/wordpress\/#\/schema\/person\/529d3ee920414da8907f25b585d57a4e"},"headline":"Samstag Er\u00f6ffnungsparty des Fancontainers!","datePublished":"2016-10-11T15:56:11+00:00","mainEntityOfPage":{"@id":"https:\/\/www.fanprojekt-muenster.de\/wordpress\/samstag-eroeffnungsparty-des-fancontainers\/"},"wordCount":215,"publisher":{"@id":"https:\/\/www.fanprojekt-muenster.de\/wordpress\/#organization"},"image":{"@id":"https:\/\/www.fanprojekt-muenster.de\/wordpress\/samstag-eroeffnungsparty-des-fancontainers\/#primaryimage"},"thumbnailUrl":"","keywords":["Er\u00f6ffnung","Fancontainer"],"articleSection":["Aktuelles"],"inLanguage":"de"},{"@type":"WebPage","@id":"https:\/\/www.fanprojekt-muenster.de\/wordpress\/samstag-eroeffnungsparty-des-fancontainers\/","url":"https:\/\/www.fanprojekt-muenster.de\/wordpress\/samstag-eroeffnungsparty-des-fancontainers\/","name":"Samstag Er\u00f6ffnungsparty des Fancontainers! - Fangemeinschaft Preu\u00dfen M\u00fcnster e. V.","isPartOf":{"@id":"https:\/\/www.fanprojekt-muenster.de\/wordpress\/#website"},"primaryImageOfPage":{"@id":"https:\/\/www.fanprojekt-muenster.de\/wordpress\/samstag-eroeffnungsparty-des-fancontainers\/#primaryimage"},"image":{"@id":"https:\/\/www.fanprojekt-muenster.de\/wordpress\/samstag-eroeffnungsparty-des-fancontainers\/#primaryimage"},"thumbnailUrl":"","datePublished":"2016-10-11T15:56:11+00:00","breadcrumb":{"@id":"https:\/\/www.fanprojekt-muenster.de\/wordpress\/samstag-eroeffnungsparty-des-fancontainers\/#breadcrumb"},"inLanguage":"de","potentialAction":[{"@type":"ReadAction","target":["https:\/\/www.fanprojekt-muenster.de\/wordpress\/samstag-eroeffnungsparty-des-fancontainers\/"]}]},{"@type":"ImageObject","inLanguage":"de","@id":"https:\/\/www.fanprojekt-muenster.de\/wordpress\/samstag-eroeffnungsparty-des-fancontainers\/#primaryimage","url":"","contentUrl":""},{"@type":"BreadcrumbList","@id":"https:\/\/www.fanprojekt-muenster.de\/wordpress\/samstag-eroeffnungsparty-des-fancontainers\/#breadcrumb","itemListElement":[{"@type":"ListItem","position":1,"name":"Startseite","item":"https:\/\/www.fanprojekt-muenster.de\/wordpress\/"},{"@type":"ListItem","position":2,"name":"Samstag Er\u00f6ffnungsparty des Fancontainers!"}]},{"@type":"WebSite","@id":"https:\/\/www.fanprojekt-muenster.de\/wordpress\/#website","url":"https:\/\/www.fanprojekt-muenster.de\/wordpress\/","name":"Fangemeinschaft Preu\u00dfen M\u00fcnster e. V.","description":"","publisher":{"@id":"https:\/\/www.fanprojekt-muenster.de\/wordpress\/#organization"},"potentialAction":[{"@type":"SearchAction","target":{"@type":"EntryPoint","urlTemplate":"https:\/\/www.fanprojekt-muenster.de\/wordpress\/?s={search_term_string}"},"query-input":{"@type":"PropertyValueSpecification","valueRequired":true,"valueName":"search_term_string"}}],"inLanguage":"de"},{"@type":"Organization","@id":"https:\/\/www.fanprojekt-muenster.de\/wordpress\/#organization","name":"Fangemeinschaft Preu\u00dfen M\u00fcnster e. V.","url":"https:\/\/www.fanprojekt-muenster.de\/wordpress\/","logo":{"@type":"ImageObject","inLanguage":"de","@id":"https:\/\/www.fanprojekt-muenster.de\/wordpress\/#\/schema\/logo\/image\/","url":"https:\/\/www.fanprojekt-muenster.de\/wordpress\/wp-content\/uploads\/2019\/07\/cropped-Website_Logo3-9.png","contentUrl":"https:\/\/www.fanprojekt-muenster.de\/wordpress\/wp-content\/uploads\/2019\/07\/cropped-Website_Logo3-9.png","width":224,"height":42,"caption":"Fangemeinschaft Preu\u00dfen M\u00fcnster e. V."},"image":{"@id":"https:\/\/www.fanprojekt-muenster.de\/wordpress\/#\/schema\/logo\/image\/"}},{"@type":"Person","@id":"https:\/\/www.fanprojekt-muenster.de\/wordpress\/#\/schema\/person\/529d3ee920414da8907f25b585d57a4e","name":"Florian","url":"https:\/\/www.fanprojekt-muenster.de\/wordpress\/author\/flovoss\/"}]}},"author_meta":{"display_name":"Florian","author_link":"https:\/\/www.fanprojekt-muenster.de\/wordpress\/author\/flovoss\/"},"featured_img":null,"coauthors":[],"tax_additional":{"categories":{"linked":["<a href=\"https:\/\/www.fanprojekt-muenster.de\/wordpress\/category\/aktuelles\/\" class=\"advgb-post-tax-term\">Aktuelles<\/a>"],"unlinked":["<span class=\"advgb-post-tax-term\">Aktuelles<\/span>"]},"tags":{"linked":["<a href=\"https:\/\/www.fanprojekt-muenster.de\/wordpress\/category\/aktuelles\/\" class=\"advgb-post-tax-term\">Er\u00f6ffnung<\/a>","<a href=\"https:\/\/www.fanprojekt-muenster.de\/wordpress\/category\/aktuelles\/\" class=\"advgb-post-tax-term\">Fancontainer<\/a>"],"unlinked":["<span class=\"advgb-post-tax-term\">Er\u00f6ffnung<\/span>","<span class=\"advgb-post-tax-term\">Fancontainer<\/span>"]}},"comment_count":"0","relative_dates":{"created":"Posted 10\u00a0Jahren ago","modified":"Updated 10\u00a0Jahren ago"},"absolute_dates":{"created":"Posted on 11. Oktober 2016","modified":"Updated on 11. Oktober 2016"},"absolute_dates_time":{"created":"Posted on 11. Oktober 2016 17:56","modified":"Updated on 11. Oktober 2016 17:56"},"featured_img_caption":"","series_order":"","_links":{"self":[{"href":"https:\/\/www.fanprojekt-muenster.de\/wordpress\/wp-json\/wp\/v2\/posts\/5378","targetHints":{"allow":["GET"]}}],"collection":[{"href":"https:\/\/www.fanprojekt-muenster.de\/wordpress\/wp-json\/wp\/v2\/posts"}],"about":[{"href":"https:\/\/www.fanprojekt-muenster.de\/wordpress\/wp-json\/wp\/v2\/types\/post"}],"author":[{"embeddable":true,"href":"https:\/\/www.fanprojekt-muenster.de\/wordpress\/wp-json\/wp\/v2\/users\/5"}],"replies":[{"embeddable":true,"href":"https:\/\/www.fanprojekt-muenster.de\/wordpress\/wp-json\/wp\/v2\/comments?post=5378"}],"version-history":[{"count":0,"href":"https:\/\/www.fanprojekt-muenster.de\/wordpress\/wp-json\/wp\/v2\/posts\/5378\/revisions"}],"wp:featuredmedia":[{"embeddable":true,"href":"https:\/\/www.fanprojekt-muenster.de\/wordpress\/wp-json\/"}],"wp:attachment":[{"href":"https:\/\/www.fanprojekt-muenster.de\/wordpress\/wp-json\/wp\/v2\/media?parent=5378"}],"wp:term":[{"taxonomy":"category","embeddable":true,"href":"https:\/\/www.fanprojekt-muenster.de\/wordpress\/wp-json\/wp\/v2\/categories?post=5378"},{"taxonomy":"post_tag","embeddable":true,"href":"https:\/\/www.fanprojekt-muenster.de\/wordpress\/wp-json\/wp\/v2\/tags?post=5378"}],"curies":[{"name":"wp","href":"https:\/\/api.w.org\/{rel}","templated":true}]}}