{"id":5375,"date":"2016-10-11T17:22:27","date_gmt":"2016-10-11T15:22:27","guid":{"rendered":"http:\/\/www.fanprojekt-muenster.de\/wp\/?p=5375"},"modified":"2016-10-11T17:22:27","modified_gmt":"2016-10-11T15:22:27","slug":"oeffentliches-treffen-nun-am-19-10-in-der-tribuene","status":"publish","type":"post","link":"https:\/\/www.fanprojekt-muenster.de\/wordpress\/oeffentliches-treffen-nun-am-19-10-in-der-tribuene\/","title":{"rendered":"\u00d6ffentliches Treffen nun am 19.10. in der Trib\u00fcne"},"content":{"rendered":"<p>Das \u00d6ffentliche Treffen des Fanprojekt Preu\u00dfen M\u00fcnster e.V. wird auf Mittwoch, den 19. Oktober 2016, verlegt. Auch der Ort \u00e4ndert sich: Es findet nun im Presseraum der Haupttrib\u00fcne des Preu\u00dfenstadions statt. Die Uhrzeit bleibt hingegen bei 19:06 Uhr.<\/p>\n<p>Das Fanprojekt erwartet in den n\u00e4chsten Tagen gravierende \u00c4nderungen rund um den SC Preu\u00dfen und erhofft sich, dass bei einem sp\u00e4teren Treffen bereits \u00fcber Fakten gesprochen werden kann. Urspr\u00fcnglich sollte es in dieser Woche stattfinden. Da zudem auch von einem gr\u00f6\u00dferen Interesse von Fans des SCP auszugehen ist, wird das Treffen vom FANport in den Presseraum der Haupttrib\u00fcne verlegt. \u201eEs wird dringend Zeit, dass wir Fans uns strukturiert \u00fcber die Chancen und Risiken austauschen, die aktuell kursierende Szenarien f\u00fcr unseren Verein haben k\u00f6nnen\u201c, erkl\u00e4rt Fanprojekt-Sprecher Florian Vo\u00df\u00a0und l\u00e4dt alle Interessierten ein, sich an der Diskussion zu beteiligen.<\/p>\n<p>&nbsp;<\/p>\n","protected":false},"excerpt":{"rendered":"<p>Das \u00d6ffentliche Treffen des Fanprojekt Preu\u00dfen M\u00fcnster e.V. wird auf Mittwoch, den 19. Oktober 2016, verlegt. Auch der Ort \u00e4ndert sich: Es findet nun im Presseraum der Haupttrib\u00fcne des Preu\u00dfenstadions&#8230; <a class=\"read-more-link\" href=\"https:\/\/www.fanprojekt-muenster.de\/wordpress\/oeffentliches-treffen-nun-am-19-10-in-der-tribuene\/\">Read more &raquo;<\/a><\/p>\n","protected":false},"author":5,"featured_media":4492,"comment_status":"closed","ping_status":"closed","sticky":false,"template":"","format":"standard","meta":{"advgb_blocks_editor_width":"","advgb_blocks_columns_visual_guide":"","footnotes":""},"categories":[3],"tags":[110,112,190,278,286],"class_list":["post-5375","post","type-post","status-publish","format-standard","has-post-thumbnail","hentry","category-aktuelles","tag-fanpolitik","tag-fanprojekt","tag-oeffentliches-treffen","tag-verin","tag-vorstand"],"featured_image_src":null,"author_info":{"display_name":"Florian","author_link":"https:\/\/www.fanprojekt-muenster.de\/wordpress\/author\/flovoss\/"},"yoast_head":"<!-- This site is optimized with the Yoast SEO plugin v27.2 - https:\/\/yoast.com\/product\/yoast-seo-wordpress\/ -->\n<title>\u00d6ffentliches Treffen nun am 19.10. in der Trib\u00fcne - Fangemeinschaft Preu\u00dfen M\u00fcnster e. V.<\/title>\n<meta name=\"robots\" content=\"index, follow, max-snippet:-1, max-image-preview:large, max-video-preview:-1\" \/>\n<link rel=\"canonical\" href=\"https:\/\/www.fanprojekt-muenster.de\/wordpress\/oeffentliches-treffen-nun-am-19-10-in-der-tribuene\/\" \/>\n<meta property=\"og:locale\" content=\"de_DE\" \/>\n<meta property=\"og:type\" content=\"article\" \/>\n<meta property=\"og:title\" content=\"\u00d6ffentliches Treffen nun am 19.10. in der Trib\u00fcne - Fangemeinschaft Preu\u00dfen M\u00fcnster e. V.\" \/>\n<meta property=\"og:description\" content=\"Das \u00d6ffentliche Treffen des Fanprojekt Preu\u00dfen M\u00fcnster e.V. wird auf Mittwoch, den 19. Oktober 2016, verlegt. Auch der Ort \u00e4ndert sich: Es findet nun im Presseraum der Haupttrib\u00fcne des Preu\u00dfenstadions... Read more &raquo;\" \/>\n<meta property=\"og:url\" content=\"https:\/\/www.fanprojekt-muenster.de\/wordpress\/oeffentliches-treffen-nun-am-19-10-in-der-tribuene\/\" \/>\n<meta property=\"og:site_name\" content=\"Fangemeinschaft Preu\u00dfen M\u00fcnster e. V.\" \/>\n<meta property=\"article:published_time\" content=\"2016-10-11T15:22:27+00:00\" \/>\n<meta name=\"author\" content=\"Florian\" \/>\n<meta name=\"twitter:card\" content=\"summary_large_image\" \/>\n<meta name=\"twitter:label1\" content=\"Verfasst von\" \/>\n\t<meta name=\"twitter:data1\" content=\"Florian\" \/>\n\t<meta name=\"twitter:label2\" content=\"Gesch\u00e4tzte Lesezeit\" \/>\n\t<meta name=\"twitter:data2\" content=\"1\u00a0Minute\" \/>\n<script type=\"application\/ld+json\" class=\"yoast-schema-graph\">{\"@context\":\"https:\/\/schema.org\",\"@graph\":[{\"@type\":\"Article\",\"@id\":\"https:\/\/www.fanprojekt-muenster.de\/wordpress\/oeffentliches-treffen-nun-am-19-10-in-der-tribuene\/#article\",\"isPartOf\":{\"@id\":\"https:\/\/www.fanprojekt-muenster.de\/wordpress\/oeffentliches-treffen-nun-am-19-10-in-der-tribuene\/\"},\"author\":{\"name\":\"Florian\",\"@id\":\"https:\/\/www.fanprojekt-muenster.de\/wordpress\/#\/schema\/person\/529d3ee920414da8907f25b585d57a4e\"},\"headline\":\"\u00d6ffentliches Treffen nun am 19.10. in der Trib\u00fcne\",\"datePublished\":\"2016-10-11T15:22:27+00:00\",\"mainEntityOfPage\":{\"@id\":\"https:\/\/www.fanprojekt-muenster.de\/wordpress\/oeffentliches-treffen-nun-am-19-10-in-der-tribuene\/\"},\"wordCount\":157,\"publisher\":{\"@id\":\"https:\/\/www.fanprojekt-muenster.de\/wordpress\/#organization\"},\"image\":{\"@id\":\"https:\/\/www.fanprojekt-muenster.de\/wordpress\/oeffentliches-treffen-nun-am-19-10-in-der-tribuene\/#primaryimage\"},\"thumbnailUrl\":\"\",\"keywords\":[\"Fanpolitik\",\"Fanprojekt\",\"\u00d6ffentliches Treffen\",\"Verin\",\"Vorstand\"],\"articleSection\":[\"Aktuelles\"],\"inLanguage\":\"de\"},{\"@type\":\"WebPage\",\"@id\":\"https:\/\/www.fanprojekt-muenster.de\/wordpress\/oeffentliches-treffen-nun-am-19-10-in-der-tribuene\/\",\"url\":\"https:\/\/www.fanprojekt-muenster.de\/wordpress\/oeffentliches-treffen-nun-am-19-10-in-der-tribuene\/\",\"name\":\"\u00d6ffentliches Treffen nun am 19.10. in der Trib\u00fcne - Fangemeinschaft Preu\u00dfen M\u00fcnster e. V.\",\"isPartOf\":{\"@id\":\"https:\/\/www.fanprojekt-muenster.de\/wordpress\/#website\"},\"primaryImageOfPage\":{\"@id\":\"https:\/\/www.fanprojekt-muenster.de\/wordpress\/oeffentliches-treffen-nun-am-19-10-in-der-tribuene\/#primaryimage\"},\"image\":{\"@id\":\"https:\/\/www.fanprojekt-muenster.de\/wordpress\/oeffentliches-treffen-nun-am-19-10-in-der-tribuene\/#primaryimage\"},\"thumbnailUrl\":\"\",\"datePublished\":\"2016-10-11T15:22:27+00:00\",\"breadcrumb\":{\"@id\":\"https:\/\/www.fanprojekt-muenster.de\/wordpress\/oeffentliches-treffen-nun-am-19-10-in-der-tribuene\/#breadcrumb\"},\"inLanguage\":\"de\",\"potentialAction\":[{\"@type\":\"ReadAction\",\"target\":[\"https:\/\/www.fanprojekt-muenster.de\/wordpress\/oeffentliches-treffen-nun-am-19-10-in-der-tribuene\/\"]}]},{\"@type\":\"ImageObject\",\"inLanguage\":\"de\",\"@id\":\"https:\/\/www.fanprojekt-muenster.de\/wordpress\/oeffentliches-treffen-nun-am-19-10-in-der-tribuene\/#primaryimage\",\"url\":\"\",\"contentUrl\":\"\"},{\"@type\":\"BreadcrumbList\",\"@id\":\"https:\/\/www.fanprojekt-muenster.de\/wordpress\/oeffentliches-treffen-nun-am-19-10-in-der-tribuene\/#breadcrumb\",\"itemListElement\":[{\"@type\":\"ListItem\",\"position\":1,\"name\":\"Startseite\",\"item\":\"https:\/\/www.fanprojekt-muenster.de\/wordpress\/\"},{\"@type\":\"ListItem\",\"position\":2,\"name\":\"\u00d6ffentliches Treffen nun am 19.10. in der Trib\u00fcne\"}]},{\"@type\":\"WebSite\",\"@id\":\"https:\/\/www.fanprojekt-muenster.de\/wordpress\/#website\",\"url\":\"https:\/\/www.fanprojekt-muenster.de\/wordpress\/\",\"name\":\"Fangemeinschaft Preu\u00dfen M\u00fcnster e. V.\",\"description\":\"\",\"publisher\":{\"@id\":\"https:\/\/www.fanprojekt-muenster.de\/wordpress\/#organization\"},\"potentialAction\":[{\"@type\":\"SearchAction\",\"target\":{\"@type\":\"EntryPoint\",\"urlTemplate\":\"https:\/\/www.fanprojekt-muenster.de\/wordpress\/?s={search_term_string}\"},\"query-input\":{\"@type\":\"PropertyValueSpecification\",\"valueRequired\":true,\"valueName\":\"search_term_string\"}}],\"inLanguage\":\"de\"},{\"@type\":\"Organization\",\"@id\":\"https:\/\/www.fanprojekt-muenster.de\/wordpress\/#organization\",\"name\":\"Fangemeinschaft Preu\u00dfen M\u00fcnster e. V.\",\"url\":\"https:\/\/www.fanprojekt-muenster.de\/wordpress\/\",\"logo\":{\"@type\":\"ImageObject\",\"inLanguage\":\"de\",\"@id\":\"https:\/\/www.fanprojekt-muenster.de\/wordpress\/#\/schema\/logo\/image\/\",\"url\":\"https:\/\/www.fanprojekt-muenster.de\/wordpress\/wp-content\/uploads\/2019\/07\/cropped-Website_Logo3-9.png\",\"contentUrl\":\"https:\/\/www.fanprojekt-muenster.de\/wordpress\/wp-content\/uploads\/2019\/07\/cropped-Website_Logo3-9.png\",\"width\":224,\"height\":42,\"caption\":\"Fangemeinschaft Preu\u00dfen M\u00fcnster e. V.\"},\"image\":{\"@id\":\"https:\/\/www.fanprojekt-muenster.de\/wordpress\/#\/schema\/logo\/image\/\"}},{\"@type\":\"Person\",\"@id\":\"https:\/\/www.fanprojekt-muenster.de\/wordpress\/#\/schema\/person\/529d3ee920414da8907f25b585d57a4e\",\"name\":\"Florian\",\"url\":\"https:\/\/www.fanprojekt-muenster.de\/wordpress\/author\/flovoss\/\"}]}<\/script>\n<!-- \/ Yoast SEO plugin. -->","yoast_head_json":{"title":"\u00d6ffentliches Treffen nun am 19.10. in der Trib\u00fcne - Fangemeinschaft Preu\u00dfen M\u00fcnster e. V.","robots":{"index":"index","follow":"follow","max-snippet":"max-snippet:-1","max-image-preview":"max-image-preview:large","max-video-preview":"max-video-preview:-1"},"canonical":"https:\/\/www.fanprojekt-muenster.de\/wordpress\/oeffentliches-treffen-nun-am-19-10-in-der-tribuene\/","og_locale":"de_DE","og_type":"article","og_title":"\u00d6ffentliches Treffen nun am 19.10. in der Trib\u00fcne - Fangemeinschaft Preu\u00dfen M\u00fcnster e. V.","og_description":"Das \u00d6ffentliche Treffen des Fanprojekt Preu\u00dfen M\u00fcnster e.V. wird auf Mittwoch, den 19. Oktober 2016, verlegt. Auch der Ort \u00e4ndert sich: Es findet nun im Presseraum der Haupttrib\u00fcne des Preu\u00dfenstadions... Read more &raquo;","og_url":"https:\/\/www.fanprojekt-muenster.de\/wordpress\/oeffentliches-treffen-nun-am-19-10-in-der-tribuene\/","og_site_name":"Fangemeinschaft Preu\u00dfen M\u00fcnster e. V.","article_published_time":"2016-10-11T15:22:27+00:00","author":"Florian","twitter_card":"summary_large_image","twitter_misc":{"Verfasst von":"Florian","Gesch\u00e4tzte Lesezeit":"1\u00a0Minute"},"schema":{"@context":"https:\/\/schema.org","@graph":[{"@type":"Article","@id":"https:\/\/www.fanprojekt-muenster.de\/wordpress\/oeffentliches-treffen-nun-am-19-10-in-der-tribuene\/#article","isPartOf":{"@id":"https:\/\/www.fanprojekt-muenster.de\/wordpress\/oeffentliches-treffen-nun-am-19-10-in-der-tribuene\/"},"author":{"name":"Florian","@id":"https:\/\/www.fanprojekt-muenster.de\/wordpress\/#\/schema\/person\/529d3ee920414da8907f25b585d57a4e"},"headline":"\u00d6ffentliches Treffen nun am 19.10. in der Trib\u00fcne","datePublished":"2016-10-11T15:22:27+00:00","mainEntityOfPage":{"@id":"https:\/\/www.fanprojekt-muenster.de\/wordpress\/oeffentliches-treffen-nun-am-19-10-in-der-tribuene\/"},"wordCount":157,"publisher":{"@id":"https:\/\/www.fanprojekt-muenster.de\/wordpress\/#organization"},"image":{"@id":"https:\/\/www.fanprojekt-muenster.de\/wordpress\/oeffentliches-treffen-nun-am-19-10-in-der-tribuene\/#primaryimage"},"thumbnailUrl":"","keywords":["Fanpolitik","Fanprojekt","\u00d6ffentliches Treffen","Verin","Vorstand"],"articleSection":["Aktuelles"],"inLanguage":"de"},{"@type":"WebPage","@id":"https:\/\/www.fanprojekt-muenster.de\/wordpress\/oeffentliches-treffen-nun-am-19-10-in-der-tribuene\/","url":"https:\/\/www.fanprojekt-muenster.de\/wordpress\/oeffentliches-treffen-nun-am-19-10-in-der-tribuene\/","name":"\u00d6ffentliches Treffen nun am 19.10. in der Trib\u00fcne - Fangemeinschaft Preu\u00dfen M\u00fcnster e. V.","isPartOf":{"@id":"https:\/\/www.fanprojekt-muenster.de\/wordpress\/#website"},"primaryImageOfPage":{"@id":"https:\/\/www.fanprojekt-muenster.de\/wordpress\/oeffentliches-treffen-nun-am-19-10-in-der-tribuene\/#primaryimage"},"image":{"@id":"https:\/\/www.fanprojekt-muenster.de\/wordpress\/oeffentliches-treffen-nun-am-19-10-in-der-tribuene\/#primaryimage"},"thumbnailUrl":"","datePublished":"2016-10-11T15:22:27+00:00","breadcrumb":{"@id":"https:\/\/www.fanprojekt-muenster.de\/wordpress\/oeffentliches-treffen-nun-am-19-10-in-der-tribuene\/#breadcrumb"},"inLanguage":"de","potentialAction":[{"@type":"ReadAction","target":["https:\/\/www.fanprojekt-muenster.de\/wordpress\/oeffentliches-treffen-nun-am-19-10-in-der-tribuene\/"]}]},{"@type":"ImageObject","inLanguage":"de","@id":"https:\/\/www.fanprojekt-muenster.de\/wordpress\/oeffentliches-treffen-nun-am-19-10-in-der-tribuene\/#primaryimage","url":"","contentUrl":""},{"@type":"BreadcrumbList","@id":"https:\/\/www.fanprojekt-muenster.de\/wordpress\/oeffentliches-treffen-nun-am-19-10-in-der-tribuene\/#breadcrumb","itemListElement":[{"@type":"ListItem","position":1,"name":"Startseite","item":"https:\/\/www.fanprojekt-muenster.de\/wordpress\/"},{"@type":"ListItem","position":2,"name":"\u00d6ffentliches Treffen nun am 19.10. in der Trib\u00fcne"}]},{"@type":"WebSite","@id":"https:\/\/www.fanprojekt-muenster.de\/wordpress\/#website","url":"https:\/\/www.fanprojekt-muenster.de\/wordpress\/","name":"Fangemeinschaft Preu\u00dfen M\u00fcnster e. V.","description":"","publisher":{"@id":"https:\/\/www.fanprojekt-muenster.de\/wordpress\/#organization"},"potentialAction":[{"@type":"SearchAction","target":{"@type":"EntryPoint","urlTemplate":"https:\/\/www.fanprojekt-muenster.de\/wordpress\/?s={search_term_string}"},"query-input":{"@type":"PropertyValueSpecification","valueRequired":true,"valueName":"search_term_string"}}],"inLanguage":"de"},{"@type":"Organization","@id":"https:\/\/www.fanprojekt-muenster.de\/wordpress\/#organization","name":"Fangemeinschaft Preu\u00dfen M\u00fcnster e. V.","url":"https:\/\/www.fanprojekt-muenster.de\/wordpress\/","logo":{"@type":"ImageObject","inLanguage":"de","@id":"https:\/\/www.fanprojekt-muenster.de\/wordpress\/#\/schema\/logo\/image\/","url":"https:\/\/www.fanprojekt-muenster.de\/wordpress\/wp-content\/uploads\/2019\/07\/cropped-Website_Logo3-9.png","contentUrl":"https:\/\/www.fanprojekt-muenster.de\/wordpress\/wp-content\/uploads\/2019\/07\/cropped-Website_Logo3-9.png","width":224,"height":42,"caption":"Fangemeinschaft Preu\u00dfen M\u00fcnster e. V."},"image":{"@id":"https:\/\/www.fanprojekt-muenster.de\/wordpress\/#\/schema\/logo\/image\/"}},{"@type":"Person","@id":"https:\/\/www.fanprojekt-muenster.de\/wordpress\/#\/schema\/person\/529d3ee920414da8907f25b585d57a4e","name":"Florian","url":"https:\/\/www.fanprojekt-muenster.de\/wordpress\/author\/flovoss\/"}]}},"author_meta":{"display_name":"Florian","author_link":"https:\/\/www.fanprojekt-muenster.de\/wordpress\/author\/flovoss\/"},"featured_img":null,"coauthors":[],"tax_additional":{"categories":{"linked":["<a href=\"https:\/\/www.fanprojekt-muenster.de\/wordpress\/category\/aktuelles\/\" class=\"advgb-post-tax-term\">Aktuelles<\/a>"],"unlinked":["<span class=\"advgb-post-tax-term\">Aktuelles<\/span>"]},"tags":{"linked":["<a href=\"https:\/\/www.fanprojekt-muenster.de\/wordpress\/category\/aktuelles\/\" class=\"advgb-post-tax-term\">Fanpolitik<\/a>","<a href=\"https:\/\/www.fanprojekt-muenster.de\/wordpress\/category\/aktuelles\/\" class=\"advgb-post-tax-term\">Fanprojekt<\/a>","<a href=\"https:\/\/www.fanprojekt-muenster.de\/wordpress\/category\/aktuelles\/\" class=\"advgb-post-tax-term\">\u00d6ffentliches Treffen<\/a>","<a href=\"https:\/\/www.fanprojekt-muenster.de\/wordpress\/category\/aktuelles\/\" class=\"advgb-post-tax-term\">Verin<\/a>","<a href=\"https:\/\/www.fanprojekt-muenster.de\/wordpress\/category\/aktuelles\/\" class=\"advgb-post-tax-term\">Vorstand<\/a>"],"unlinked":["<span class=\"advgb-post-tax-term\">Fanpolitik<\/span>","<span class=\"advgb-post-tax-term\">Fanprojekt<\/span>","<span class=\"advgb-post-tax-term\">\u00d6ffentliches Treffen<\/span>","<span class=\"advgb-post-tax-term\">Verin<\/span>","<span class=\"advgb-post-tax-term\">Vorstand<\/span>"]}},"comment_count":"0","relative_dates":{"created":"Posted 10\u00a0Jahren ago","modified":"Updated 10\u00a0Jahren ago"},"absolute_dates":{"created":"Posted on 11. Oktober 2016","modified":"Updated on 11. Oktober 2016"},"absolute_dates_time":{"created":"Posted on 11. Oktober 2016 17:22","modified":"Updated on 11. Oktober 2016 17:22"},"featured_img_caption":"","series_order":"","_links":{"self":[{"href":"https:\/\/www.fanprojekt-muenster.de\/wordpress\/wp-json\/wp\/v2\/posts\/5375","targetHints":{"allow":["GET"]}}],"collection":[{"href":"https:\/\/www.fanprojekt-muenster.de\/wordpress\/wp-json\/wp\/v2\/posts"}],"about":[{"href":"https:\/\/www.fanprojekt-muenster.de\/wordpress\/wp-json\/wp\/v2\/types\/post"}],"author":[{"embeddable":true,"href":"https:\/\/www.fanprojekt-muenster.de\/wordpress\/wp-json\/wp\/v2\/users\/5"}],"replies":[{"embeddable":true,"href":"https:\/\/www.fanprojekt-muenster.de\/wordpress\/wp-json\/wp\/v2\/comments?post=5375"}],"version-history":[{"count":0,"href":"https:\/\/www.fanprojekt-muenster.de\/wordpress\/wp-json\/wp\/v2\/posts\/5375\/revisions"}],"wp:featuredmedia":[{"embeddable":true,"href":"https:\/\/www.fanprojekt-muenster.de\/wordpress\/wp-json\/"}],"wp:attachment":[{"href":"https:\/\/www.fanprojekt-muenster.de\/wordpress\/wp-json\/wp\/v2\/media?parent=5375"}],"wp:term":[{"taxonomy":"category","embeddable":true,"href":"https:\/\/www.fanprojekt-muenster.de\/wordpress\/wp-json\/wp\/v2\/categories?post=5375"},{"taxonomy":"post_tag","embeddable":true,"href":"https:\/\/www.fanprojekt-muenster.de\/wordpress\/wp-json\/wp\/v2\/tags?post=5375"}],"curies":[{"name":"wp","href":"https:\/\/api.w.org\/{rel}","templated":true}]}}