{"id":5342,"date":"2016-09-12T12:26:06","date_gmt":"2016-09-12T10:26:06","guid":{"rendered":"http:\/\/www.fanprojekt-muenster.de\/wp\/?p=5342"},"modified":"2016-09-12T12:26:06","modified_gmt":"2016-09-12T10:26:06","slug":"jhv-vorstand-wiedergewaehlt","status":"publish","type":"post","link":"https:\/\/www.fanprojekt-muenster.de\/wordpress\/jhv-vorstand-wiedergewaehlt\/","title":{"rendered":"JHV: Vorstand wiedergew\u00e4hlt"},"content":{"rendered":"<p>Mit 77 Mitgliedern gut besucht war die Jahreshauptversammlung des Fanprojekts am vergangenen Montag. Bei den anstehenden Wahlen wurde der Vorstand best\u00e4tigt, erg\u00e4nzt um ein weiteres Mitglied. Zudem wurde ein neuer dreik\u00f6pfiger Ehrenrat erstmalig aufgestellt.<\/p>\n<p>Das Fanprojekt blickt auf ein ereignisreiches Jahr zur\u00fcck. Neben den angebotenen Treffen f\u00fcr die \u00d6ffentlichkeit, Fanklubs aber auch mit dem Verein, wurde auch auf die betriebene Fanpolitik hingewiesen. Der Austausch mit Fanvertretern anderer Vereine wurde intensiviert und die Kommunikation mit der Politik und Beh\u00f6rden weitergef\u00fchrt. Beim \u00d6ASS (\u00f6rtlicher Ausschuss f\u00fcr Stadion und Sicherheit) ist das Fanprojekt nicht mehr dabei. Die Demonstrationen zu den Derbys gegen Osnabr\u00fcck waren gro\u00dfe Ereignisse, die viel Zeit, Engagement und Geld gekostet hatten.<\/p>\n<p>Es wurde berichtet, dass die eigene Fu\u00dfballmannschaft viermal in der Soccerhalle gekickt hatte und bei einem Turnier mitgspielt hat. \u00dcber weitere Mitstreiter ist man sehr dankbar, um mehr Termine anbieten zu k\u00f6nnen und bei mehreren Turnieren teilzunehmen. Das n\u00e4chste Mal wird am 10. Oktober in der Soccerhalle gekickt. N\u00e4here Infos folgen auf der Fanprojekt-Webseite.<\/p>\n<p>Das Radio Mottekstrehle, betrieben vom Fanprojekt Preu\u00dfen M\u00fcnster e.V. hat in der vergangenen Saison mit 41 Partien nicht nur alle Ligaspiele live \u00fcber den Internet-Stream kommentiert. Die meisten Zuh\u00f6rer mit 1247 Interessierten schalteten am zweiten Spieltag der vergangenen Saison beim Ausw\u00e4rtsspiel bei VfB Stuttgart II ein. Aber auch das Heimspiel gegen Kiel, als Werner Hansch kommentierte, h\u00f6rten \u00fcber 839 Fans.<\/p>\n<p>Die Veranstaltungen aus dem vergangenen Gesch\u00e4ftsjahr wurden ebenfalls detailliert dargestellt. Es wurde \u00fcber die Saisoner\u00f6ffnung im Juli 2015 berichtet, auf die Kinoaktion mit dem Film \u201eIstanbul United\u201c zur\u00fcck geblickt oder die Teilnahme an der AWM-Aktion \u201eSauberes M\u00fcnster\u201c dargestellt. Die Highlights im vergangenen Jahr waren wieder der traditionelle Neujahrsempfang und die gemeinsame Ausw\u00e4rtstour. Beim Neujahrsempfang nahmen erstmals ehemalige Spieler den ganzen Abend \u00fcber teil und die Tombola hat eine Spende von 2100 EUR f\u00fcr die Primus Schule im Berg Fidel hervorgebracht. Die diesj\u00e4hrige Ausw\u00e4rtstour ging per Schiff \u00fcber den Rhein nach Wiesbaden. Trotz der Spielverlegung auf Freitag war das Partyboot voll und viele Fans feierten sp\u00e4ter gemeinsam im G\u00e4steblock ausgelassen weiter.<\/p>\n<p>Auch Ideen f\u00fcr die aktuelle Saison wurden vorgestellt. Am 15. Oktober wird der neue Fanprojekt-Container neben dem FANport eingeweiht und am 14 Januar wird der Neujahrsempfang stattfinden. Au\u00dferdem sollen weitere Aktionen folgen, die auch von Preu\u00dfenfans an den Vorstand herangebracht werden d\u00fcrfen.<br \/>\nNachdem die aktuellen Zahlen von 633 Mitgliedern (+8) bekannt gemacht wurden, hat man einen Einblick in die Kasse bekommen. Das letzte Gesch\u00e4ftsjahr hat das Fanprojekt ein Plus von etwa 1700 EUR erwirtschaftet, welches in dieser Saison f\u00fcr Aktionen und Veranstaltungen genutzt wird. Der Vorstand wurde einstimmig entlastet.<\/p>\n<p>F\u00fcr die anschlie\u00dfenden Wahlen des neuen Vorstandes, des Kassenpr\u00fcfers und des Ehrenamts, hat Frank Weber die Leitung \u00fcbernommen und durch die Wahlen gef\u00fchrt. Der aktuelle Vorstand um den 1. Vorsitzenden Benny Sicking wurde wiedergew\u00e4hlt, wobei Florian Vo\u00df (Beisitzer \u00d6ffentlichkeitsarbeit) und Justin Wehner (Beisitzer Veranstaltung) erstmals den Mitgliederauftrag erhalten haben. Vo\u00df ist seit einem Jahr bereits Mitglied des Vorstandes.<\/p>\n<p>Der neue Fanprojekt-Vorstand f\u00fcr die n\u00e4chsten zwei Jahre ist nun wie folgt aufgestellt:<br \/>\n\u2022 1. Vorsitzender: Benny Sicking<br \/>\n\u2022 2. Vorsitzende: Maike Kalina<br \/>\n\u2022 Schriftf\u00fchrer: Christian Johanns<br \/>\n\u2022 Schatzmeister: Ralf R\u00f6smann<br \/>\n\u2022 Beisitzer \u00d6ffentlichkeitsarbeit: Florian Vo\u00df<br \/>\n\u2022 Beisitzer Veranstaltungen: Justin Wehner<br \/>\n\u2022 Beisitzer Fanclub- und Mitgliederbetreuung: Michael Grabbe<br \/>\n\u2022 Beisitzer Gesch\u00e4ftsstelle: Nico Rensing<br \/>\nDer Kassenpr\u00fcfer Markus Speich wurde von der Mitgliederversammlung wieder beauftragt.<\/p>\n<p>Erstmals wurde der Ehrenrat im Fanprojekt gew\u00e4hlt, der vor allem f\u00fcr Schlichtungen oder Beratungen innerhalb des Fanprojekts zusammen kommen wird. Die Mitglieder haben entschieden, dass Marc-Andre D\u00fctschke, Sebastian W\u00e4nke und Rene Stermer den ersten Ehrenrat stellen, der ebenfalls f\u00fcr zwei Jahre im Amt ist. Aus seiner Mitte wird der Vorsitzende gew\u00e4hlt.<\/p>\n<p>Zum Abschluss wurde die Mitgliederversammlung \u00fcber das anstehende Mediationsverfahren zwischen aktiven Fans, Verein und Fanprojekt berichtet.<br \/>\nNach etwa eineinhalb Stunden war die ereignisreiche Versammlung beendet, sodass man sich anschlie\u00dfend noch ausgiebig \u00fcber das Fanprojekt und unseren Verein austauschen konnte.<\/p>\n","protected":false},"excerpt":{"rendered":"<p>Mit 77 Mitgliedern gut besucht war die Jahreshauptversammlung des Fanprojekts am vergangenen Montag. Bei den anstehenden Wahlen wurde der Vorstand best\u00e4tigt, erg\u00e4nzt um ein weiteres Mitglied. Zudem wurde ein neuer&#8230; <a class=\"read-more-link\" href=\"https:\/\/www.fanprojekt-muenster.de\/wordpress\/jhv-vorstand-wiedergewaehlt\/\">Read more &raquo;<\/a><\/p>\n","protected":false},"author":5,"featured_media":5343,"comment_status":"closed","ping_status":"closed","sticky":false,"template":"","format":"standard","meta":{"advgb_blocks_editor_width":"","advgb_blocks_columns_visual_guide":"","footnotes":""},"categories":[3],"tags":[154,286,289],"class_list":["post-5342","post","type-post","status-publish","format-standard","has-post-thumbnail","hentry","category-aktuelles","tag-jahreshauptversammlung","tag-vorstand","tag-wahl"],"featured_image_src":null,"author_info":{"display_name":"Florian","author_link":"https:\/\/www.fanprojekt-muenster.de\/wordpress\/author\/flovoss\/"},"yoast_head":"<!-- This site is optimized with the Yoast SEO plugin v27.2 - https:\/\/yoast.com\/product\/yoast-seo-wordpress\/ -->\n<title>JHV: Vorstand wiedergew\u00e4hlt - Fangemeinschaft Preu\u00dfen M\u00fcnster e. V.<\/title>\n<meta name=\"robots\" content=\"index, follow, max-snippet:-1, max-image-preview:large, max-video-preview:-1\" \/>\n<link rel=\"canonical\" href=\"https:\/\/www.fanprojekt-muenster.de\/wordpress\/jhv-vorstand-wiedergewaehlt\/\" \/>\n<meta property=\"og:locale\" content=\"de_DE\" \/>\n<meta property=\"og:type\" content=\"article\" \/>\n<meta property=\"og:title\" content=\"JHV: Vorstand wiedergew\u00e4hlt - Fangemeinschaft Preu\u00dfen M\u00fcnster e. V.\" \/>\n<meta property=\"og:description\" content=\"Mit 77 Mitgliedern gut besucht war die Jahreshauptversammlung des Fanprojekts am vergangenen Montag. Bei den anstehenden Wahlen wurde der Vorstand best\u00e4tigt, erg\u00e4nzt um ein weiteres Mitglied. Zudem wurde ein neuer... Read more &raquo;\" \/>\n<meta property=\"og:url\" content=\"https:\/\/www.fanprojekt-muenster.de\/wordpress\/jhv-vorstand-wiedergewaehlt\/\" \/>\n<meta property=\"og:site_name\" content=\"Fangemeinschaft Preu\u00dfen M\u00fcnster e. V.\" \/>\n<meta property=\"article:published_time\" content=\"2016-09-12T10:26:06+00:00\" \/>\n<meta name=\"author\" content=\"Florian\" \/>\n<meta name=\"twitter:card\" content=\"summary_large_image\" \/>\n<meta name=\"twitter:label1\" content=\"Verfasst von\" \/>\n\t<meta name=\"twitter:data1\" content=\"Florian\" \/>\n\t<meta name=\"twitter:label2\" content=\"Gesch\u00e4tzte Lesezeit\" \/>\n\t<meta name=\"twitter:data2\" content=\"3\u00a0Minuten\" \/>\n<script type=\"application\/ld+json\" class=\"yoast-schema-graph\">{\"@context\":\"https:\/\/schema.org\",\"@graph\":[{\"@type\":\"Article\",\"@id\":\"https:\/\/www.fanprojekt-muenster.de\/wordpress\/jhv-vorstand-wiedergewaehlt\/#article\",\"isPartOf\":{\"@id\":\"https:\/\/www.fanprojekt-muenster.de\/wordpress\/jhv-vorstand-wiedergewaehlt\/\"},\"author\":{\"name\":\"Florian\",\"@id\":\"https:\/\/www.fanprojekt-muenster.de\/wordpress\/#\/schema\/person\/529d3ee920414da8907f25b585d57a4e\"},\"headline\":\"JHV: Vorstand wiedergew\u00e4hlt\",\"datePublished\":\"2016-09-12T10:26:06+00:00\",\"mainEntityOfPage\":{\"@id\":\"https:\/\/www.fanprojekt-muenster.de\/wordpress\/jhv-vorstand-wiedergewaehlt\/\"},\"wordCount\":670,\"publisher\":{\"@id\":\"https:\/\/www.fanprojekt-muenster.de\/wordpress\/#organization\"},\"image\":{\"@id\":\"https:\/\/www.fanprojekt-muenster.de\/wordpress\/jhv-vorstand-wiedergewaehlt\/#primaryimage\"},\"thumbnailUrl\":\"\",\"keywords\":[\"Jahreshauptversammlung\",\"Vorstand\",\"Wahl\"],\"articleSection\":[\"Aktuelles\"],\"inLanguage\":\"de\"},{\"@type\":\"WebPage\",\"@id\":\"https:\/\/www.fanprojekt-muenster.de\/wordpress\/jhv-vorstand-wiedergewaehlt\/\",\"url\":\"https:\/\/www.fanprojekt-muenster.de\/wordpress\/jhv-vorstand-wiedergewaehlt\/\",\"name\":\"JHV: Vorstand wiedergew\u00e4hlt - Fangemeinschaft Preu\u00dfen M\u00fcnster e. V.\",\"isPartOf\":{\"@id\":\"https:\/\/www.fanprojekt-muenster.de\/wordpress\/#website\"},\"primaryImageOfPage\":{\"@id\":\"https:\/\/www.fanprojekt-muenster.de\/wordpress\/jhv-vorstand-wiedergewaehlt\/#primaryimage\"},\"image\":{\"@id\":\"https:\/\/www.fanprojekt-muenster.de\/wordpress\/jhv-vorstand-wiedergewaehlt\/#primaryimage\"},\"thumbnailUrl\":\"\",\"datePublished\":\"2016-09-12T10:26:06+00:00\",\"breadcrumb\":{\"@id\":\"https:\/\/www.fanprojekt-muenster.de\/wordpress\/jhv-vorstand-wiedergewaehlt\/#breadcrumb\"},\"inLanguage\":\"de\",\"potentialAction\":[{\"@type\":\"ReadAction\",\"target\":[\"https:\/\/www.fanprojekt-muenster.de\/wordpress\/jhv-vorstand-wiedergewaehlt\/\"]}]},{\"@type\":\"ImageObject\",\"inLanguage\":\"de\",\"@id\":\"https:\/\/www.fanprojekt-muenster.de\/wordpress\/jhv-vorstand-wiedergewaehlt\/#primaryimage\",\"url\":\"\",\"contentUrl\":\"\"},{\"@type\":\"BreadcrumbList\",\"@id\":\"https:\/\/www.fanprojekt-muenster.de\/wordpress\/jhv-vorstand-wiedergewaehlt\/#breadcrumb\",\"itemListElement\":[{\"@type\":\"ListItem\",\"position\":1,\"name\":\"Startseite\",\"item\":\"https:\/\/www.fanprojekt-muenster.de\/wordpress\/\"},{\"@type\":\"ListItem\",\"position\":2,\"name\":\"JHV: Vorstand wiedergew\u00e4hlt\"}]},{\"@type\":\"WebSite\",\"@id\":\"https:\/\/www.fanprojekt-muenster.de\/wordpress\/#website\",\"url\":\"https:\/\/www.fanprojekt-muenster.de\/wordpress\/\",\"name\":\"Fangemeinschaft Preu\u00dfen M\u00fcnster e. V.\",\"description\":\"\",\"publisher\":{\"@id\":\"https:\/\/www.fanprojekt-muenster.de\/wordpress\/#organization\"},\"potentialAction\":[{\"@type\":\"SearchAction\",\"target\":{\"@type\":\"EntryPoint\",\"urlTemplate\":\"https:\/\/www.fanprojekt-muenster.de\/wordpress\/?s={search_term_string}\"},\"query-input\":{\"@type\":\"PropertyValueSpecification\",\"valueRequired\":true,\"valueName\":\"search_term_string\"}}],\"inLanguage\":\"de\"},{\"@type\":\"Organization\",\"@id\":\"https:\/\/www.fanprojekt-muenster.de\/wordpress\/#organization\",\"name\":\"Fangemeinschaft Preu\u00dfen M\u00fcnster e. V.\",\"url\":\"https:\/\/www.fanprojekt-muenster.de\/wordpress\/\",\"logo\":{\"@type\":\"ImageObject\",\"inLanguage\":\"de\",\"@id\":\"https:\/\/www.fanprojekt-muenster.de\/wordpress\/#\/schema\/logo\/image\/\",\"url\":\"https:\/\/www.fanprojekt-muenster.de\/wordpress\/wp-content\/uploads\/2019\/07\/cropped-Website_Logo3-9.png\",\"contentUrl\":\"https:\/\/www.fanprojekt-muenster.de\/wordpress\/wp-content\/uploads\/2019\/07\/cropped-Website_Logo3-9.png\",\"width\":224,\"height\":42,\"caption\":\"Fangemeinschaft Preu\u00dfen M\u00fcnster e. V.\"},\"image\":{\"@id\":\"https:\/\/www.fanprojekt-muenster.de\/wordpress\/#\/schema\/logo\/image\/\"}},{\"@type\":\"Person\",\"@id\":\"https:\/\/www.fanprojekt-muenster.de\/wordpress\/#\/schema\/person\/529d3ee920414da8907f25b585d57a4e\",\"name\":\"Florian\",\"url\":\"https:\/\/www.fanprojekt-muenster.de\/wordpress\/author\/flovoss\/\"}]}<\/script>\n<!-- \/ Yoast SEO plugin. -->","yoast_head_json":{"title":"JHV: Vorstand wiedergew\u00e4hlt - Fangemeinschaft Preu\u00dfen M\u00fcnster e. V.","robots":{"index":"index","follow":"follow","max-snippet":"max-snippet:-1","max-image-preview":"max-image-preview:large","max-video-preview":"max-video-preview:-1"},"canonical":"https:\/\/www.fanprojekt-muenster.de\/wordpress\/jhv-vorstand-wiedergewaehlt\/","og_locale":"de_DE","og_type":"article","og_title":"JHV: Vorstand wiedergew\u00e4hlt - Fangemeinschaft Preu\u00dfen M\u00fcnster e. V.","og_description":"Mit 77 Mitgliedern gut besucht war die Jahreshauptversammlung des Fanprojekts am vergangenen Montag. Bei den anstehenden Wahlen wurde der Vorstand best\u00e4tigt, erg\u00e4nzt um ein weiteres Mitglied. Zudem wurde ein neuer... Read more &raquo;","og_url":"https:\/\/www.fanprojekt-muenster.de\/wordpress\/jhv-vorstand-wiedergewaehlt\/","og_site_name":"Fangemeinschaft Preu\u00dfen M\u00fcnster e. V.","article_published_time":"2016-09-12T10:26:06+00:00","author":"Florian","twitter_card":"summary_large_image","twitter_misc":{"Verfasst von":"Florian","Gesch\u00e4tzte Lesezeit":"3\u00a0Minuten"},"schema":{"@context":"https:\/\/schema.org","@graph":[{"@type":"Article","@id":"https:\/\/www.fanprojekt-muenster.de\/wordpress\/jhv-vorstand-wiedergewaehlt\/#article","isPartOf":{"@id":"https:\/\/www.fanprojekt-muenster.de\/wordpress\/jhv-vorstand-wiedergewaehlt\/"},"author":{"name":"Florian","@id":"https:\/\/www.fanprojekt-muenster.de\/wordpress\/#\/schema\/person\/529d3ee920414da8907f25b585d57a4e"},"headline":"JHV: Vorstand wiedergew\u00e4hlt","datePublished":"2016-09-12T10:26:06+00:00","mainEntityOfPage":{"@id":"https:\/\/www.fanprojekt-muenster.de\/wordpress\/jhv-vorstand-wiedergewaehlt\/"},"wordCount":670,"publisher":{"@id":"https:\/\/www.fanprojekt-muenster.de\/wordpress\/#organization"},"image":{"@id":"https:\/\/www.fanprojekt-muenster.de\/wordpress\/jhv-vorstand-wiedergewaehlt\/#primaryimage"},"thumbnailUrl":"","keywords":["Jahreshauptversammlung","Vorstand","Wahl"],"articleSection":["Aktuelles"],"inLanguage":"de"},{"@type":"WebPage","@id":"https:\/\/www.fanprojekt-muenster.de\/wordpress\/jhv-vorstand-wiedergewaehlt\/","url":"https:\/\/www.fanprojekt-muenster.de\/wordpress\/jhv-vorstand-wiedergewaehlt\/","name":"JHV: Vorstand wiedergew\u00e4hlt - Fangemeinschaft Preu\u00dfen M\u00fcnster e. V.","isPartOf":{"@id":"https:\/\/www.fanprojekt-muenster.de\/wordpress\/#website"},"primaryImageOfPage":{"@id":"https:\/\/www.fanprojekt-muenster.de\/wordpress\/jhv-vorstand-wiedergewaehlt\/#primaryimage"},"image":{"@id":"https:\/\/www.fanprojekt-muenster.de\/wordpress\/jhv-vorstand-wiedergewaehlt\/#primaryimage"},"thumbnailUrl":"","datePublished":"2016-09-12T10:26:06+00:00","breadcrumb":{"@id":"https:\/\/www.fanprojekt-muenster.de\/wordpress\/jhv-vorstand-wiedergewaehlt\/#breadcrumb"},"inLanguage":"de","potentialAction":[{"@type":"ReadAction","target":["https:\/\/www.fanprojekt-muenster.de\/wordpress\/jhv-vorstand-wiedergewaehlt\/"]}]},{"@type":"ImageObject","inLanguage":"de","@id":"https:\/\/www.fanprojekt-muenster.de\/wordpress\/jhv-vorstand-wiedergewaehlt\/#primaryimage","url":"","contentUrl":""},{"@type":"BreadcrumbList","@id":"https:\/\/www.fanprojekt-muenster.de\/wordpress\/jhv-vorstand-wiedergewaehlt\/#breadcrumb","itemListElement":[{"@type":"ListItem","position":1,"name":"Startseite","item":"https:\/\/www.fanprojekt-muenster.de\/wordpress\/"},{"@type":"ListItem","position":2,"name":"JHV: Vorstand wiedergew\u00e4hlt"}]},{"@type":"WebSite","@id":"https:\/\/www.fanprojekt-muenster.de\/wordpress\/#website","url":"https:\/\/www.fanprojekt-muenster.de\/wordpress\/","name":"Fangemeinschaft Preu\u00dfen M\u00fcnster e. V.","description":"","publisher":{"@id":"https:\/\/www.fanprojekt-muenster.de\/wordpress\/#organization"},"potentialAction":[{"@type":"SearchAction","target":{"@type":"EntryPoint","urlTemplate":"https:\/\/www.fanprojekt-muenster.de\/wordpress\/?s={search_term_string}"},"query-input":{"@type":"PropertyValueSpecification","valueRequired":true,"valueName":"search_term_string"}}],"inLanguage":"de"},{"@type":"Organization","@id":"https:\/\/www.fanprojekt-muenster.de\/wordpress\/#organization","name":"Fangemeinschaft Preu\u00dfen M\u00fcnster e. V.","url":"https:\/\/www.fanprojekt-muenster.de\/wordpress\/","logo":{"@type":"ImageObject","inLanguage":"de","@id":"https:\/\/www.fanprojekt-muenster.de\/wordpress\/#\/schema\/logo\/image\/","url":"https:\/\/www.fanprojekt-muenster.de\/wordpress\/wp-content\/uploads\/2019\/07\/cropped-Website_Logo3-9.png","contentUrl":"https:\/\/www.fanprojekt-muenster.de\/wordpress\/wp-content\/uploads\/2019\/07\/cropped-Website_Logo3-9.png","width":224,"height":42,"caption":"Fangemeinschaft Preu\u00dfen M\u00fcnster e. V."},"image":{"@id":"https:\/\/www.fanprojekt-muenster.de\/wordpress\/#\/schema\/logo\/image\/"}},{"@type":"Person","@id":"https:\/\/www.fanprojekt-muenster.de\/wordpress\/#\/schema\/person\/529d3ee920414da8907f25b585d57a4e","name":"Florian","url":"https:\/\/www.fanprojekt-muenster.de\/wordpress\/author\/flovoss\/"}]}},"author_meta":{"display_name":"Florian","author_link":"https:\/\/www.fanprojekt-muenster.de\/wordpress\/author\/flovoss\/"},"featured_img":null,"coauthors":[],"tax_additional":{"categories":{"linked":["<a href=\"https:\/\/www.fanprojekt-muenster.de\/wordpress\/category\/aktuelles\/\" class=\"advgb-post-tax-term\">Aktuelles<\/a>"],"unlinked":["<span class=\"advgb-post-tax-term\">Aktuelles<\/span>"]},"tags":{"linked":["<a href=\"https:\/\/www.fanprojekt-muenster.de\/wordpress\/category\/aktuelles\/\" class=\"advgb-post-tax-term\">Jahreshauptversammlung<\/a>","<a href=\"https:\/\/www.fanprojekt-muenster.de\/wordpress\/category\/aktuelles\/\" class=\"advgb-post-tax-term\">Vorstand<\/a>","<a href=\"https:\/\/www.fanprojekt-muenster.de\/wordpress\/category\/aktuelles\/\" class=\"advgb-post-tax-term\">Wahl<\/a>"],"unlinked":["<span class=\"advgb-post-tax-term\">Jahreshauptversammlung<\/span>","<span class=\"advgb-post-tax-term\">Vorstand<\/span>","<span class=\"advgb-post-tax-term\">Wahl<\/span>"]}},"comment_count":"0","relative_dates":{"created":"Posted 10\u00a0Jahren ago","modified":"Updated 10\u00a0Jahren ago"},"absolute_dates":{"created":"Posted on 12. September 2016","modified":"Updated on 12. September 2016"},"absolute_dates_time":{"created":"Posted on 12. September 2016 12:26","modified":"Updated on 12. September 2016 12:26"},"featured_img_caption":"","series_order":"","_links":{"self":[{"href":"https:\/\/www.fanprojekt-muenster.de\/wordpress\/wp-json\/wp\/v2\/posts\/5342","targetHints":{"allow":["GET"]}}],"collection":[{"href":"https:\/\/www.fanprojekt-muenster.de\/wordpress\/wp-json\/wp\/v2\/posts"}],"about":[{"href":"https:\/\/www.fanprojekt-muenster.de\/wordpress\/wp-json\/wp\/v2\/types\/post"}],"author":[{"embeddable":true,"href":"https:\/\/www.fanprojekt-muenster.de\/wordpress\/wp-json\/wp\/v2\/users\/5"}],"replies":[{"embeddable":true,"href":"https:\/\/www.fanprojekt-muenster.de\/wordpress\/wp-json\/wp\/v2\/comments?post=5342"}],"version-history":[{"count":0,"href":"https:\/\/www.fanprojekt-muenster.de\/wordpress\/wp-json\/wp\/v2\/posts\/5342\/revisions"}],"wp:featuredmedia":[{"embeddable":true,"href":"https:\/\/www.fanprojekt-muenster.de\/wordpress\/wp-json\/"}],"wp:attachment":[{"href":"https:\/\/www.fanprojekt-muenster.de\/wordpress\/wp-json\/wp\/v2\/media?parent=5342"}],"wp:term":[{"taxonomy":"category","embeddable":true,"href":"https:\/\/www.fanprojekt-muenster.de\/wordpress\/wp-json\/wp\/v2\/categories?post=5342"},{"taxonomy":"post_tag","embeddable":true,"href":"https:\/\/www.fanprojekt-muenster.de\/wordpress\/wp-json\/wp\/v2\/tags?post=5342"}],"curies":[{"name":"wp","href":"https:\/\/api.w.org\/{rel}","templated":true}]}}