{"id":5303,"date":"2016-07-19T23:49:48","date_gmt":"2016-07-19T21:49:48","guid":{"rendered":"http:\/\/www.fanprojekt-muenster.de\/wp\/?p=5303"},"modified":"2016-07-19T23:49:48","modified_gmt":"2016-07-19T21:49:48","slug":"save-the-date-jhv-am-05-09-2016","status":"publish","type":"post","link":"https:\/\/www.fanprojekt-muenster.de\/wordpress\/save-the-date-jhv-am-05-09-2016\/","title":{"rendered":"&#8222;Save the Date&#8220;: JHV am 05.09.2016"},"content":{"rendered":"<p>Alle Fanprojekt-Mitglieder k\u00f6nnen sich schon einmal den Termin f\u00fcr die diesj\u00e4hrige Jahreshauptversammlung merken: Nach den Sommerferien, am Montag 05.09.2016, werden um 19:06 Uhr im Presseraum der Haupttrib\u00fcne \u00fcber diverse Punkte diskutiert und abgestimmt.<\/p>\n<p><a href=\"http:\/\/www.fanprojekt-muenster.de\/wp\/uber-uns\/satzung\/\">Laut der Satzung \u00a77[1] geht es um Folgendes:<\/a><br \/>\n1. die Entgegennahme des Jahresberichtes des Vorstands,<br \/>\n2. die Entgegennahme des Kassenberichtes und der Kassenpr\u00fcfer<br \/>\n3. die Entlastung des Vorstandes<br \/>\n4. die Neuwahl des Vorstandes<br \/>\n5. die Neuwahl der Kassenpr\u00fcfer<br \/>\n6. die Neuwahl des Ehrenrates<br \/>\n7. die Beschlussfassung \u00fcber Satzungs\u00e4nderungen<\/p>\n<p>Die Einladung mit der konkreten Agenda erfolgt satzungsgem\u00e4\u00df sp\u00e4testens eine Woche vor der JHV. Bis dahin m\u00fcssen Satzungs\u00e4nderungen beim Vorstand eingegangen sein (kontakt@fanprojekt-muenster.de oder Fanprojekt Preu\u00dfen M\u00fcnster, Postfach 1906, 48007 M\u00fcnster).<br \/>\nBei der diesj\u00e4hrigen JHV wird erstmals ein Ehrenrat gew\u00e4hlt, der im Bedarf bei Schlichtungen oder anderem innerhalb des Fanprojekts zusammen kommt. Au\u00dferdem stehen die Neuwahlen des Vorstandes auf dem Programm. Jedes Mitglied ist willkommen, sich f\u00fcr die Wahlen aufstellen zu lassen. Die einzige Bedingung ist, dass man seit mindestens einem Jahr Mitglied im Fanprojekt ist.<\/p>\n<p>Bei Fragen kann der Vorstand im Stadion oder bei kontakt@fanprojekt-muenster.de angesprochen werden. Oder man nutzt die Gelegenheit beim \u00f6ffentlichen Treffen drei Wochen vor der JHV. Hierzu sind alle Preu\u00dfenfans am Montag 15.08.2016 ab 19:06 Uhr im FANport eingeladen, um \u00fcber das Fanprojekt, den Verein und die Fanszene zu sprechen. Dabei wird es auch Wurst vom Grill und gek\u00fchlte Getr\u00e4nke f\u00fcr eine Spende f\u00fcr die Fanhilfe angeboten.<\/p>\n","protected":false},"excerpt":{"rendered":"<p>Alle Fanprojekt-Mitglieder k\u00f6nnen sich schon einmal den Termin f\u00fcr die diesj\u00e4hrige Jahreshauptversammlung merken: Nach den Sommerferien, am Montag 05.09.2016, werden um 19:06 Uhr im Presseraum der Haupttrib\u00fcne \u00fcber diverse Punkte&#8230; <a class=\"read-more-link\" href=\"https:\/\/www.fanprojekt-muenster.de\/wordpress\/save-the-date-jhv-am-05-09-2016\/\">Read more &raquo;<\/a><\/p>\n","protected":false},"author":6,"featured_media":5309,"comment_status":"closed","ping_status":"closed","sticky":false,"template":"","format":"standard","meta":{"advgb_blocks_editor_width":"","advgb_blocks_columns_visual_guide":"","footnotes":""},"categories":[2,3,1,16],"tags":[],"class_list":["post-5303","post","type-post","status-publish","format-standard","has-post-thumbnail","hentry","category-aktionen","category-aktuelles","category-allgemein","category-veranstaltungen"],"featured_image_src":null,"author_info":{"display_name":"508","author_link":"https:\/\/www.fanprojekt-muenster.de\/wordpress\/author\/508\/"},"yoast_head":"<!-- This site is optimized with the Yoast SEO plugin v27.2 - https:\/\/yoast.com\/product\/yoast-seo-wordpress\/ -->\n<title>&quot;Save the Date&quot;: JHV am 05.09.2016 - Fangemeinschaft Preu\u00dfen M\u00fcnster e. V.<\/title>\n<meta name=\"robots\" content=\"index, follow, max-snippet:-1, max-image-preview:large, max-video-preview:-1\" \/>\n<link rel=\"canonical\" href=\"https:\/\/www.fanprojekt-muenster.de\/wordpress\/save-the-date-jhv-am-05-09-2016\/\" \/>\n<meta property=\"og:locale\" content=\"de_DE\" \/>\n<meta property=\"og:type\" content=\"article\" \/>\n<meta property=\"og:title\" content=\"&quot;Save the Date&quot;: JHV am 05.09.2016 - Fangemeinschaft Preu\u00dfen M\u00fcnster e. V.\" \/>\n<meta property=\"og:description\" content=\"Alle Fanprojekt-Mitglieder k\u00f6nnen sich schon einmal den Termin f\u00fcr die diesj\u00e4hrige Jahreshauptversammlung merken: Nach den Sommerferien, am Montag 05.09.2016, werden um 19:06 Uhr im Presseraum der Haupttrib\u00fcne \u00fcber diverse Punkte... Read more &raquo;\" \/>\n<meta property=\"og:url\" content=\"https:\/\/www.fanprojekt-muenster.de\/wordpress\/save-the-date-jhv-am-05-09-2016\/\" \/>\n<meta property=\"og:site_name\" content=\"Fangemeinschaft Preu\u00dfen M\u00fcnster e. V.\" \/>\n<meta property=\"article:published_time\" content=\"2016-07-19T21:49:48+00:00\" \/>\n<meta name=\"author\" content=\"508\" \/>\n<meta name=\"twitter:card\" content=\"summary_large_image\" \/>\n<meta name=\"twitter:label1\" content=\"Verfasst von\" \/>\n\t<meta name=\"twitter:data1\" content=\"508\" \/>\n\t<meta name=\"twitter:label2\" content=\"Gesch\u00e4tzte Lesezeit\" \/>\n\t<meta name=\"twitter:data2\" content=\"1\u00a0Minute\" \/>\n<script type=\"application\/ld+json\" class=\"yoast-schema-graph\">{\"@context\":\"https:\/\/schema.org\",\"@graph\":[{\"@type\":\"Article\",\"@id\":\"https:\/\/www.fanprojekt-muenster.de\/wordpress\/save-the-date-jhv-am-05-09-2016\/#article\",\"isPartOf\":{\"@id\":\"https:\/\/www.fanprojekt-muenster.de\/wordpress\/save-the-date-jhv-am-05-09-2016\/\"},\"author\":{\"name\":\"508\",\"@id\":\"https:\/\/www.fanprojekt-muenster.de\/wordpress\/#\/schema\/person\/907994394342a6ba0f1be4c546ed7d09\"},\"headline\":\"&#8222;Save the Date&#8220;: JHV am 05.09.2016\",\"datePublished\":\"2016-07-19T21:49:48+00:00\",\"mainEntityOfPage\":{\"@id\":\"https:\/\/www.fanprojekt-muenster.de\/wordpress\/save-the-date-jhv-am-05-09-2016\/\"},\"wordCount\":250,\"publisher\":{\"@id\":\"https:\/\/www.fanprojekt-muenster.de\/wordpress\/#organization\"},\"image\":{\"@id\":\"https:\/\/www.fanprojekt-muenster.de\/wordpress\/save-the-date-jhv-am-05-09-2016\/#primaryimage\"},\"thumbnailUrl\":\"\",\"articleSection\":{\"0\":\"Aktionen\",\"1\":\"Aktuelles\",\"3\":\"Veranstaltungen\"},\"inLanguage\":\"de\"},{\"@type\":\"WebPage\",\"@id\":\"https:\/\/www.fanprojekt-muenster.de\/wordpress\/save-the-date-jhv-am-05-09-2016\/\",\"url\":\"https:\/\/www.fanprojekt-muenster.de\/wordpress\/save-the-date-jhv-am-05-09-2016\/\",\"name\":\"\\\"Save the Date\\\": JHV am 05.09.2016 - Fangemeinschaft Preu\u00dfen M\u00fcnster e. V.\",\"isPartOf\":{\"@id\":\"https:\/\/www.fanprojekt-muenster.de\/wordpress\/#website\"},\"primaryImageOfPage\":{\"@id\":\"https:\/\/www.fanprojekt-muenster.de\/wordpress\/save-the-date-jhv-am-05-09-2016\/#primaryimage\"},\"image\":{\"@id\":\"https:\/\/www.fanprojekt-muenster.de\/wordpress\/save-the-date-jhv-am-05-09-2016\/#primaryimage\"},\"thumbnailUrl\":\"\",\"datePublished\":\"2016-07-19T21:49:48+00:00\",\"breadcrumb\":{\"@id\":\"https:\/\/www.fanprojekt-muenster.de\/wordpress\/save-the-date-jhv-am-05-09-2016\/#breadcrumb\"},\"inLanguage\":\"de\",\"potentialAction\":[{\"@type\":\"ReadAction\",\"target\":[\"https:\/\/www.fanprojekt-muenster.de\/wordpress\/save-the-date-jhv-am-05-09-2016\/\"]}]},{\"@type\":\"ImageObject\",\"inLanguage\":\"de\",\"@id\":\"https:\/\/www.fanprojekt-muenster.de\/wordpress\/save-the-date-jhv-am-05-09-2016\/#primaryimage\",\"url\":\"\",\"contentUrl\":\"\"},{\"@type\":\"BreadcrumbList\",\"@id\":\"https:\/\/www.fanprojekt-muenster.de\/wordpress\/save-the-date-jhv-am-05-09-2016\/#breadcrumb\",\"itemListElement\":[{\"@type\":\"ListItem\",\"position\":1,\"name\":\"Startseite\",\"item\":\"https:\/\/www.fanprojekt-muenster.de\/wordpress\/\"},{\"@type\":\"ListItem\",\"position\":2,\"name\":\"&#8222;Save the Date&#8220;: JHV am 05.09.2016\"}]},{\"@type\":\"WebSite\",\"@id\":\"https:\/\/www.fanprojekt-muenster.de\/wordpress\/#website\",\"url\":\"https:\/\/www.fanprojekt-muenster.de\/wordpress\/\",\"name\":\"Fangemeinschaft Preu\u00dfen M\u00fcnster e. V.\",\"description\":\"\",\"publisher\":{\"@id\":\"https:\/\/www.fanprojekt-muenster.de\/wordpress\/#organization\"},\"potentialAction\":[{\"@type\":\"SearchAction\",\"target\":{\"@type\":\"EntryPoint\",\"urlTemplate\":\"https:\/\/www.fanprojekt-muenster.de\/wordpress\/?s={search_term_string}\"},\"query-input\":{\"@type\":\"PropertyValueSpecification\",\"valueRequired\":true,\"valueName\":\"search_term_string\"}}],\"inLanguage\":\"de\"},{\"@type\":\"Organization\",\"@id\":\"https:\/\/www.fanprojekt-muenster.de\/wordpress\/#organization\",\"name\":\"Fangemeinschaft Preu\u00dfen M\u00fcnster e. V.\",\"url\":\"https:\/\/www.fanprojekt-muenster.de\/wordpress\/\",\"logo\":{\"@type\":\"ImageObject\",\"inLanguage\":\"de\",\"@id\":\"https:\/\/www.fanprojekt-muenster.de\/wordpress\/#\/schema\/logo\/image\/\",\"url\":\"https:\/\/www.fanprojekt-muenster.de\/wordpress\/wp-content\/uploads\/2019\/07\/cropped-Website_Logo3-9.png\",\"contentUrl\":\"https:\/\/www.fanprojekt-muenster.de\/wordpress\/wp-content\/uploads\/2019\/07\/cropped-Website_Logo3-9.png\",\"width\":224,\"height\":42,\"caption\":\"Fangemeinschaft Preu\u00dfen M\u00fcnster e. V.\"},\"image\":{\"@id\":\"https:\/\/www.fanprojekt-muenster.de\/wordpress\/#\/schema\/logo\/image\/\"}},{\"@type\":\"Person\",\"@id\":\"https:\/\/www.fanprojekt-muenster.de\/wordpress\/#\/schema\/person\/907994394342a6ba0f1be4c546ed7d09\",\"name\":\"508\",\"url\":\"https:\/\/www.fanprojekt-muenster.de\/wordpress\/author\/508\/\"}]}<\/script>\n<!-- \/ Yoast SEO plugin. -->","yoast_head_json":{"title":"\"Save the Date\": JHV am 05.09.2016 - Fangemeinschaft Preu\u00dfen M\u00fcnster e. V.","robots":{"index":"index","follow":"follow","max-snippet":"max-snippet:-1","max-image-preview":"max-image-preview:large","max-video-preview":"max-video-preview:-1"},"canonical":"https:\/\/www.fanprojekt-muenster.de\/wordpress\/save-the-date-jhv-am-05-09-2016\/","og_locale":"de_DE","og_type":"article","og_title":"\"Save the Date\": JHV am 05.09.2016 - Fangemeinschaft Preu\u00dfen M\u00fcnster e. V.","og_description":"Alle Fanprojekt-Mitglieder k\u00f6nnen sich schon einmal den Termin f\u00fcr die diesj\u00e4hrige Jahreshauptversammlung merken: Nach den Sommerferien, am Montag 05.09.2016, werden um 19:06 Uhr im Presseraum der Haupttrib\u00fcne \u00fcber diverse Punkte... Read more &raquo;","og_url":"https:\/\/www.fanprojekt-muenster.de\/wordpress\/save-the-date-jhv-am-05-09-2016\/","og_site_name":"Fangemeinschaft Preu\u00dfen M\u00fcnster e. V.","article_published_time":"2016-07-19T21:49:48+00:00","author":"508","twitter_card":"summary_large_image","twitter_misc":{"Verfasst von":"508","Gesch\u00e4tzte Lesezeit":"1\u00a0Minute"},"schema":{"@context":"https:\/\/schema.org","@graph":[{"@type":"Article","@id":"https:\/\/www.fanprojekt-muenster.de\/wordpress\/save-the-date-jhv-am-05-09-2016\/#article","isPartOf":{"@id":"https:\/\/www.fanprojekt-muenster.de\/wordpress\/save-the-date-jhv-am-05-09-2016\/"},"author":{"name":"508","@id":"https:\/\/www.fanprojekt-muenster.de\/wordpress\/#\/schema\/person\/907994394342a6ba0f1be4c546ed7d09"},"headline":"&#8222;Save the Date&#8220;: JHV am 05.09.2016","datePublished":"2016-07-19T21:49:48+00:00","mainEntityOfPage":{"@id":"https:\/\/www.fanprojekt-muenster.de\/wordpress\/save-the-date-jhv-am-05-09-2016\/"},"wordCount":250,"publisher":{"@id":"https:\/\/www.fanprojekt-muenster.de\/wordpress\/#organization"},"image":{"@id":"https:\/\/www.fanprojekt-muenster.de\/wordpress\/save-the-date-jhv-am-05-09-2016\/#primaryimage"},"thumbnailUrl":"","articleSection":{"0":"Aktionen","1":"Aktuelles","3":"Veranstaltungen"},"inLanguage":"de"},{"@type":"WebPage","@id":"https:\/\/www.fanprojekt-muenster.de\/wordpress\/save-the-date-jhv-am-05-09-2016\/","url":"https:\/\/www.fanprojekt-muenster.de\/wordpress\/save-the-date-jhv-am-05-09-2016\/","name":"\"Save the Date\": JHV am 05.09.2016 - Fangemeinschaft Preu\u00dfen M\u00fcnster e. V.","isPartOf":{"@id":"https:\/\/www.fanprojekt-muenster.de\/wordpress\/#website"},"primaryImageOfPage":{"@id":"https:\/\/www.fanprojekt-muenster.de\/wordpress\/save-the-date-jhv-am-05-09-2016\/#primaryimage"},"image":{"@id":"https:\/\/www.fanprojekt-muenster.de\/wordpress\/save-the-date-jhv-am-05-09-2016\/#primaryimage"},"thumbnailUrl":"","datePublished":"2016-07-19T21:49:48+00:00","breadcrumb":{"@id":"https:\/\/www.fanprojekt-muenster.de\/wordpress\/save-the-date-jhv-am-05-09-2016\/#breadcrumb"},"inLanguage":"de","potentialAction":[{"@type":"ReadAction","target":["https:\/\/www.fanprojekt-muenster.de\/wordpress\/save-the-date-jhv-am-05-09-2016\/"]}]},{"@type":"ImageObject","inLanguage":"de","@id":"https:\/\/www.fanprojekt-muenster.de\/wordpress\/save-the-date-jhv-am-05-09-2016\/#primaryimage","url":"","contentUrl":""},{"@type":"BreadcrumbList","@id":"https:\/\/www.fanprojekt-muenster.de\/wordpress\/save-the-date-jhv-am-05-09-2016\/#breadcrumb","itemListElement":[{"@type":"ListItem","position":1,"name":"Startseite","item":"https:\/\/www.fanprojekt-muenster.de\/wordpress\/"},{"@type":"ListItem","position":2,"name":"&#8222;Save the Date&#8220;: JHV am 05.09.2016"}]},{"@type":"WebSite","@id":"https:\/\/www.fanprojekt-muenster.de\/wordpress\/#website","url":"https:\/\/www.fanprojekt-muenster.de\/wordpress\/","name":"Fangemeinschaft Preu\u00dfen M\u00fcnster e. V.","description":"","publisher":{"@id":"https:\/\/www.fanprojekt-muenster.de\/wordpress\/#organization"},"potentialAction":[{"@type":"SearchAction","target":{"@type":"EntryPoint","urlTemplate":"https:\/\/www.fanprojekt-muenster.de\/wordpress\/?s={search_term_string}"},"query-input":{"@type":"PropertyValueSpecification","valueRequired":true,"valueName":"search_term_string"}}],"inLanguage":"de"},{"@type":"Organization","@id":"https:\/\/www.fanprojekt-muenster.de\/wordpress\/#organization","name":"Fangemeinschaft Preu\u00dfen M\u00fcnster e. V.","url":"https:\/\/www.fanprojekt-muenster.de\/wordpress\/","logo":{"@type":"ImageObject","inLanguage":"de","@id":"https:\/\/www.fanprojekt-muenster.de\/wordpress\/#\/schema\/logo\/image\/","url":"https:\/\/www.fanprojekt-muenster.de\/wordpress\/wp-content\/uploads\/2019\/07\/cropped-Website_Logo3-9.png","contentUrl":"https:\/\/www.fanprojekt-muenster.de\/wordpress\/wp-content\/uploads\/2019\/07\/cropped-Website_Logo3-9.png","width":224,"height":42,"caption":"Fangemeinschaft Preu\u00dfen M\u00fcnster e. V."},"image":{"@id":"https:\/\/www.fanprojekt-muenster.de\/wordpress\/#\/schema\/logo\/image\/"}},{"@type":"Person","@id":"https:\/\/www.fanprojekt-muenster.de\/wordpress\/#\/schema\/person\/907994394342a6ba0f1be4c546ed7d09","name":"508","url":"https:\/\/www.fanprojekt-muenster.de\/wordpress\/author\/508\/"}]}},"author_meta":{"display_name":"508","author_link":"https:\/\/www.fanprojekt-muenster.de\/wordpress\/author\/508\/"},"featured_img":null,"coauthors":[],"tax_additional":{"categories":{"linked":["<a href=\"https:\/\/www.fanprojekt-muenster.de\/wordpress\/category\/aktionen\/\" class=\"advgb-post-tax-term\">Aktionen<\/a>","<a href=\"https:\/\/www.fanprojekt-muenster.de\/wordpress\/category\/aktuelles\/\" class=\"advgb-post-tax-term\">Aktuelles<\/a>","<a href=\"https:\/\/www.fanprojekt-muenster.de\/wordpress\/category\/allgemein\/\" class=\"advgb-post-tax-term\">Allgemein<\/a>","<a href=\"https:\/\/www.fanprojekt-muenster.de\/wordpress\/category\/veranstaltungen\/\" class=\"advgb-post-tax-term\">Veranstaltungen<\/a>"],"unlinked":["<span class=\"advgb-post-tax-term\">Aktionen<\/span>","<span class=\"advgb-post-tax-term\">Aktuelles<\/span>","<span class=\"advgb-post-tax-term\">Allgemein<\/span>","<span class=\"advgb-post-tax-term\">Veranstaltungen<\/span>"]}},"comment_count":"0","relative_dates":{"created":"Posted 10\u00a0Jahren ago","modified":"Updated 10\u00a0Jahren ago"},"absolute_dates":{"created":"Posted on 19. Juli 2016","modified":"Updated on 19. Juli 2016"},"absolute_dates_time":{"created":"Posted on 19. Juli 2016 23:49","modified":"Updated on 19. Juli 2016 23:49"},"featured_img_caption":"","series_order":"","_links":{"self":[{"href":"https:\/\/www.fanprojekt-muenster.de\/wordpress\/wp-json\/wp\/v2\/posts\/5303","targetHints":{"allow":["GET"]}}],"collection":[{"href":"https:\/\/www.fanprojekt-muenster.de\/wordpress\/wp-json\/wp\/v2\/posts"}],"about":[{"href":"https:\/\/www.fanprojekt-muenster.de\/wordpress\/wp-json\/wp\/v2\/types\/post"}],"author":[{"embeddable":true,"href":"https:\/\/www.fanprojekt-muenster.de\/wordpress\/wp-json\/wp\/v2\/users\/6"}],"replies":[{"embeddable":true,"href":"https:\/\/www.fanprojekt-muenster.de\/wordpress\/wp-json\/wp\/v2\/comments?post=5303"}],"version-history":[{"count":0,"href":"https:\/\/www.fanprojekt-muenster.de\/wordpress\/wp-json\/wp\/v2\/posts\/5303\/revisions"}],"wp:featuredmedia":[{"embeddable":true,"href":"https:\/\/www.fanprojekt-muenster.de\/wordpress\/wp-json\/"}],"wp:attachment":[{"href":"https:\/\/www.fanprojekt-muenster.de\/wordpress\/wp-json\/wp\/v2\/media?parent=5303"}],"wp:term":[{"taxonomy":"category","embeddable":true,"href":"https:\/\/www.fanprojekt-muenster.de\/wordpress\/wp-json\/wp\/v2\/categories?post=5303"},{"taxonomy":"post_tag","embeddable":true,"href":"https:\/\/www.fanprojekt-muenster.de\/wordpress\/wp-json\/wp\/v2\/tags?post=5303"}],"curies":[{"name":"wp","href":"https:\/\/api.w.org\/{rel}","templated":true}]}}