{"id":5286,"date":"2016-06-14T16:21:04","date_gmt":"2016-06-14T14:21:04","guid":{"rendered":"http:\/\/www.fanprojekt-muenster.de\/wp\/?p=5286"},"modified":"2016-06-14T16:21:04","modified_gmt":"2016-06-14T14:21:04","slug":"joerg-rueggeberg-scheidet-aus-der-vorstandsarbeit-aus","status":"publish","type":"post","link":"https:\/\/www.fanprojekt-muenster.de\/wordpress\/joerg-rueggeberg-scheidet-aus-der-vorstandsarbeit-aus\/","title":{"rendered":"J\u00f6rg R\u00fcggeberg scheidet aus der Vorstandsarbeit aus"},"content":{"rendered":"<p>Aus dem Vorstand des Fanprojekt Preu\u00dfen M\u00fcnster e.V. scheidet J\u00f6rg R\u00fcggeberg mit sofortiger Wirkung aus. \u201eDa ich aktuell beruflich in der Jugend- und Fl\u00fcchtlingshilfe stark gefordert bin, m\u00f6chte ich in Absprache mit den weiteren Vorstandsmitgliedern drei Monate vor der anstehenden Wahl somit auch ein Zeichen setzen, dass die Vorstandsarbeit allen Mitgliedern offen steht\u201c, erkl\u00e4rt der 33-J\u00e4hrige, der zuletzt f\u00fcr die Gesch\u00e4ftsstelle verantwortlich war.\u00a0Seit 2014 ist er Bestandteil des Fanprojekt-Vorstands und blickt zufrieden zur\u00fcck: \u201eWir haben mit einem engagierten Team viel erreicht und angesto\u00dfen. Ich bin traurig, dass ich aktuell wenig Zeit f\u00fcr den Fu\u00dfball und das Vereinsleben habe. Ich w\u00fcnsche dem engagierten Vorstand weiterhin viel Kraft und Erfolg f\u00fcr die kommende Zeit!\u201c<\/p>\n<p>F\u00fcr den Fanprojekt-Vorsitzenden Benny Sicking ist der Entschluss nachvollziehbar wie auch traurig: \u201eJ\u00f6rg war nun seit fast zwei Jahren ein wichtiger Bestandteil des Fanprojekt-Vorstandes, wo er seine Ideen eingebracht hat und viele Umsetzungen intensiv begleitete. Den freiwilligen R\u00fccktritt von J\u00f6rg bedauern wir alle sehr, weil wir ein engagiertes Vorstandsmitglied verlieren. F\u00fcr seine konsequente Entscheidung haben wir jedoch vollstes Verst\u00e4ndnis und danken J\u00f6rg f\u00fcr all seinen Einsatz, den er f\u00fcr die Fanszene bei Preu\u00dfen M\u00fcnster aufgebracht hat.\u201c Im Bezug auf die anstehenden Vorstandswahlen erhofft auch der FP-Vorsitzende sich, dass von dem Schritt eine Signalwirkung ausgeht: \u201eSicherlich wird J\u00f6rg auch immer wieder f\u00fcr Rat und Tat zur Verf\u00fcgung stehen, jedoch wird dies der Vorstandsarbeit nicht mehr gerecht. Deshalb w\u00fcnschen wir uns bei der kommenden Neuwahl, in der f\u00fcr September geplanten Jahreshauptversammlung, ebenso engagierte Personen f\u00fcr die Arbeit im Vorstand zu gewinnen.\u201c<\/p>\n","protected":false},"excerpt":{"rendered":"<p>Aus dem Vorstand des Fanprojekt Preu\u00dfen M\u00fcnster e.V. scheidet J\u00f6rg R\u00fcggeberg mit sofortiger Wirkung aus. \u201eDa ich aktuell beruflich in der Jugend- und Fl\u00fcchtlingshilfe stark gefordert bin, m\u00f6chte ich in&#8230; <a class=\"read-more-link\" href=\"https:\/\/www.fanprojekt-muenster.de\/wordpress\/joerg-rueggeberg-scheidet-aus-der-vorstandsarbeit-aus\/\">Read more &raquo;<\/a><\/p>\n","protected":false},"author":5,"featured_media":4384,"comment_status":"closed","ping_status":"closed","sticky":false,"template":"","format":"standard","meta":{"advgb_blocks_editor_width":"","advgb_blocks_columns_visual_guide":"","footnotes":""},"categories":[3],"tags":[],"class_list":["post-5286","post","type-post","status-publish","format-standard","has-post-thumbnail","hentry","category-aktuelles"],"featured_image_src":null,"author_info":{"display_name":"Florian","author_link":"https:\/\/www.fanprojekt-muenster.de\/wordpress\/author\/flovoss\/"},"yoast_head":"<!-- This site is optimized with the Yoast SEO plugin v27.2 - https:\/\/yoast.com\/product\/yoast-seo-wordpress\/ -->\n<title>J\u00f6rg R\u00fcggeberg scheidet aus der Vorstandsarbeit aus - Fangemeinschaft Preu\u00dfen M\u00fcnster e. V.<\/title>\n<meta name=\"robots\" content=\"index, follow, max-snippet:-1, max-image-preview:large, max-video-preview:-1\" \/>\n<link rel=\"canonical\" href=\"https:\/\/www.fanprojekt-muenster.de\/wordpress\/joerg-rueggeberg-scheidet-aus-der-vorstandsarbeit-aus\/\" \/>\n<meta property=\"og:locale\" content=\"de_DE\" \/>\n<meta property=\"og:type\" content=\"article\" \/>\n<meta property=\"og:title\" content=\"J\u00f6rg R\u00fcggeberg scheidet aus der Vorstandsarbeit aus - Fangemeinschaft Preu\u00dfen M\u00fcnster e. V.\" \/>\n<meta property=\"og:description\" content=\"Aus dem Vorstand des Fanprojekt Preu\u00dfen M\u00fcnster e.V. scheidet J\u00f6rg R\u00fcggeberg mit sofortiger Wirkung aus. \u201eDa ich aktuell beruflich in der Jugend- und Fl\u00fcchtlingshilfe stark gefordert bin, m\u00f6chte ich in... Read more &raquo;\" \/>\n<meta property=\"og:url\" content=\"https:\/\/www.fanprojekt-muenster.de\/wordpress\/joerg-rueggeberg-scheidet-aus-der-vorstandsarbeit-aus\/\" \/>\n<meta property=\"og:site_name\" content=\"Fangemeinschaft Preu\u00dfen M\u00fcnster e. V.\" \/>\n<meta property=\"article:published_time\" content=\"2016-06-14T14:21:04+00:00\" \/>\n<meta name=\"author\" content=\"Florian\" \/>\n<meta name=\"twitter:card\" content=\"summary_large_image\" \/>\n<meta name=\"twitter:label1\" content=\"Verfasst von\" \/>\n\t<meta name=\"twitter:data1\" content=\"Florian\" \/>\n\t<meta name=\"twitter:label2\" content=\"Gesch\u00e4tzte Lesezeit\" \/>\n\t<meta name=\"twitter:data2\" content=\"1\u00a0Minute\" \/>\n<script type=\"application\/ld+json\" class=\"yoast-schema-graph\">{\"@context\":\"https:\/\/schema.org\",\"@graph\":[{\"@type\":\"Article\",\"@id\":\"https:\/\/www.fanprojekt-muenster.de\/wordpress\/joerg-rueggeberg-scheidet-aus-der-vorstandsarbeit-aus\/#article\",\"isPartOf\":{\"@id\":\"https:\/\/www.fanprojekt-muenster.de\/wordpress\/joerg-rueggeberg-scheidet-aus-der-vorstandsarbeit-aus\/\"},\"author\":{\"name\":\"Florian\",\"@id\":\"https:\/\/www.fanprojekt-muenster.de\/wordpress\/#\/schema\/person\/529d3ee920414da8907f25b585d57a4e\"},\"headline\":\"J\u00f6rg R\u00fcggeberg scheidet aus der Vorstandsarbeit aus\",\"datePublished\":\"2016-06-14T14:21:04+00:00\",\"mainEntityOfPage\":{\"@id\":\"https:\/\/www.fanprojekt-muenster.de\/wordpress\/joerg-rueggeberg-scheidet-aus-der-vorstandsarbeit-aus\/\"},\"wordCount\":294,\"publisher\":{\"@id\":\"https:\/\/www.fanprojekt-muenster.de\/wordpress\/#organization\"},\"image\":{\"@id\":\"https:\/\/www.fanprojekt-muenster.de\/wordpress\/joerg-rueggeberg-scheidet-aus-der-vorstandsarbeit-aus\/#primaryimage\"},\"thumbnailUrl\":\"\",\"articleSection\":[\"Aktuelles\"],\"inLanguage\":\"de\"},{\"@type\":\"WebPage\",\"@id\":\"https:\/\/www.fanprojekt-muenster.de\/wordpress\/joerg-rueggeberg-scheidet-aus-der-vorstandsarbeit-aus\/\",\"url\":\"https:\/\/www.fanprojekt-muenster.de\/wordpress\/joerg-rueggeberg-scheidet-aus-der-vorstandsarbeit-aus\/\",\"name\":\"J\u00f6rg R\u00fcggeberg scheidet aus der Vorstandsarbeit aus - Fangemeinschaft Preu\u00dfen M\u00fcnster e. V.\",\"isPartOf\":{\"@id\":\"https:\/\/www.fanprojekt-muenster.de\/wordpress\/#website\"},\"primaryImageOfPage\":{\"@id\":\"https:\/\/www.fanprojekt-muenster.de\/wordpress\/joerg-rueggeberg-scheidet-aus-der-vorstandsarbeit-aus\/#primaryimage\"},\"image\":{\"@id\":\"https:\/\/www.fanprojekt-muenster.de\/wordpress\/joerg-rueggeberg-scheidet-aus-der-vorstandsarbeit-aus\/#primaryimage\"},\"thumbnailUrl\":\"\",\"datePublished\":\"2016-06-14T14:21:04+00:00\",\"breadcrumb\":{\"@id\":\"https:\/\/www.fanprojekt-muenster.de\/wordpress\/joerg-rueggeberg-scheidet-aus-der-vorstandsarbeit-aus\/#breadcrumb\"},\"inLanguage\":\"de\",\"potentialAction\":[{\"@type\":\"ReadAction\",\"target\":[\"https:\/\/www.fanprojekt-muenster.de\/wordpress\/joerg-rueggeberg-scheidet-aus-der-vorstandsarbeit-aus\/\"]}]},{\"@type\":\"ImageObject\",\"inLanguage\":\"de\",\"@id\":\"https:\/\/www.fanprojekt-muenster.de\/wordpress\/joerg-rueggeberg-scheidet-aus-der-vorstandsarbeit-aus\/#primaryimage\",\"url\":\"\",\"contentUrl\":\"\"},{\"@type\":\"BreadcrumbList\",\"@id\":\"https:\/\/www.fanprojekt-muenster.de\/wordpress\/joerg-rueggeberg-scheidet-aus-der-vorstandsarbeit-aus\/#breadcrumb\",\"itemListElement\":[{\"@type\":\"ListItem\",\"position\":1,\"name\":\"Startseite\",\"item\":\"https:\/\/www.fanprojekt-muenster.de\/wordpress\/\"},{\"@type\":\"ListItem\",\"position\":2,\"name\":\"J\u00f6rg R\u00fcggeberg scheidet aus der Vorstandsarbeit aus\"}]},{\"@type\":\"WebSite\",\"@id\":\"https:\/\/www.fanprojekt-muenster.de\/wordpress\/#website\",\"url\":\"https:\/\/www.fanprojekt-muenster.de\/wordpress\/\",\"name\":\"Fangemeinschaft Preu\u00dfen M\u00fcnster e. V.\",\"description\":\"\",\"publisher\":{\"@id\":\"https:\/\/www.fanprojekt-muenster.de\/wordpress\/#organization\"},\"potentialAction\":[{\"@type\":\"SearchAction\",\"target\":{\"@type\":\"EntryPoint\",\"urlTemplate\":\"https:\/\/www.fanprojekt-muenster.de\/wordpress\/?s={search_term_string}\"},\"query-input\":{\"@type\":\"PropertyValueSpecification\",\"valueRequired\":true,\"valueName\":\"search_term_string\"}}],\"inLanguage\":\"de\"},{\"@type\":\"Organization\",\"@id\":\"https:\/\/www.fanprojekt-muenster.de\/wordpress\/#organization\",\"name\":\"Fangemeinschaft Preu\u00dfen M\u00fcnster e. V.\",\"url\":\"https:\/\/www.fanprojekt-muenster.de\/wordpress\/\",\"logo\":{\"@type\":\"ImageObject\",\"inLanguage\":\"de\",\"@id\":\"https:\/\/www.fanprojekt-muenster.de\/wordpress\/#\/schema\/logo\/image\/\",\"url\":\"https:\/\/www.fanprojekt-muenster.de\/wordpress\/wp-content\/uploads\/2019\/07\/cropped-Website_Logo3-9.png\",\"contentUrl\":\"https:\/\/www.fanprojekt-muenster.de\/wordpress\/wp-content\/uploads\/2019\/07\/cropped-Website_Logo3-9.png\",\"width\":224,\"height\":42,\"caption\":\"Fangemeinschaft Preu\u00dfen M\u00fcnster e. V.\"},\"image\":{\"@id\":\"https:\/\/www.fanprojekt-muenster.de\/wordpress\/#\/schema\/logo\/image\/\"}},{\"@type\":\"Person\",\"@id\":\"https:\/\/www.fanprojekt-muenster.de\/wordpress\/#\/schema\/person\/529d3ee920414da8907f25b585d57a4e\",\"name\":\"Florian\",\"url\":\"https:\/\/www.fanprojekt-muenster.de\/wordpress\/author\/flovoss\/\"}]}<\/script>\n<!-- \/ Yoast SEO plugin. -->","yoast_head_json":{"title":"J\u00f6rg R\u00fcggeberg scheidet aus der Vorstandsarbeit aus - Fangemeinschaft Preu\u00dfen M\u00fcnster e. V.","robots":{"index":"index","follow":"follow","max-snippet":"max-snippet:-1","max-image-preview":"max-image-preview:large","max-video-preview":"max-video-preview:-1"},"canonical":"https:\/\/www.fanprojekt-muenster.de\/wordpress\/joerg-rueggeberg-scheidet-aus-der-vorstandsarbeit-aus\/","og_locale":"de_DE","og_type":"article","og_title":"J\u00f6rg R\u00fcggeberg scheidet aus der Vorstandsarbeit aus - Fangemeinschaft Preu\u00dfen M\u00fcnster e. V.","og_description":"Aus dem Vorstand des Fanprojekt Preu\u00dfen M\u00fcnster e.V. scheidet J\u00f6rg R\u00fcggeberg mit sofortiger Wirkung aus. \u201eDa ich aktuell beruflich in der Jugend- und Fl\u00fcchtlingshilfe stark gefordert bin, m\u00f6chte ich in... Read more &raquo;","og_url":"https:\/\/www.fanprojekt-muenster.de\/wordpress\/joerg-rueggeberg-scheidet-aus-der-vorstandsarbeit-aus\/","og_site_name":"Fangemeinschaft Preu\u00dfen M\u00fcnster e. V.","article_published_time":"2016-06-14T14:21:04+00:00","author":"Florian","twitter_card":"summary_large_image","twitter_misc":{"Verfasst von":"Florian","Gesch\u00e4tzte Lesezeit":"1\u00a0Minute"},"schema":{"@context":"https:\/\/schema.org","@graph":[{"@type":"Article","@id":"https:\/\/www.fanprojekt-muenster.de\/wordpress\/joerg-rueggeberg-scheidet-aus-der-vorstandsarbeit-aus\/#article","isPartOf":{"@id":"https:\/\/www.fanprojekt-muenster.de\/wordpress\/joerg-rueggeberg-scheidet-aus-der-vorstandsarbeit-aus\/"},"author":{"name":"Florian","@id":"https:\/\/www.fanprojekt-muenster.de\/wordpress\/#\/schema\/person\/529d3ee920414da8907f25b585d57a4e"},"headline":"J\u00f6rg R\u00fcggeberg scheidet aus der Vorstandsarbeit aus","datePublished":"2016-06-14T14:21:04+00:00","mainEntityOfPage":{"@id":"https:\/\/www.fanprojekt-muenster.de\/wordpress\/joerg-rueggeberg-scheidet-aus-der-vorstandsarbeit-aus\/"},"wordCount":294,"publisher":{"@id":"https:\/\/www.fanprojekt-muenster.de\/wordpress\/#organization"},"image":{"@id":"https:\/\/www.fanprojekt-muenster.de\/wordpress\/joerg-rueggeberg-scheidet-aus-der-vorstandsarbeit-aus\/#primaryimage"},"thumbnailUrl":"","articleSection":["Aktuelles"],"inLanguage":"de"},{"@type":"WebPage","@id":"https:\/\/www.fanprojekt-muenster.de\/wordpress\/joerg-rueggeberg-scheidet-aus-der-vorstandsarbeit-aus\/","url":"https:\/\/www.fanprojekt-muenster.de\/wordpress\/joerg-rueggeberg-scheidet-aus-der-vorstandsarbeit-aus\/","name":"J\u00f6rg R\u00fcggeberg scheidet aus der Vorstandsarbeit aus - Fangemeinschaft Preu\u00dfen M\u00fcnster e. V.","isPartOf":{"@id":"https:\/\/www.fanprojekt-muenster.de\/wordpress\/#website"},"primaryImageOfPage":{"@id":"https:\/\/www.fanprojekt-muenster.de\/wordpress\/joerg-rueggeberg-scheidet-aus-der-vorstandsarbeit-aus\/#primaryimage"},"image":{"@id":"https:\/\/www.fanprojekt-muenster.de\/wordpress\/joerg-rueggeberg-scheidet-aus-der-vorstandsarbeit-aus\/#primaryimage"},"thumbnailUrl":"","datePublished":"2016-06-14T14:21:04+00:00","breadcrumb":{"@id":"https:\/\/www.fanprojekt-muenster.de\/wordpress\/joerg-rueggeberg-scheidet-aus-der-vorstandsarbeit-aus\/#breadcrumb"},"inLanguage":"de","potentialAction":[{"@type":"ReadAction","target":["https:\/\/www.fanprojekt-muenster.de\/wordpress\/joerg-rueggeberg-scheidet-aus-der-vorstandsarbeit-aus\/"]}]},{"@type":"ImageObject","inLanguage":"de","@id":"https:\/\/www.fanprojekt-muenster.de\/wordpress\/joerg-rueggeberg-scheidet-aus-der-vorstandsarbeit-aus\/#primaryimage","url":"","contentUrl":""},{"@type":"BreadcrumbList","@id":"https:\/\/www.fanprojekt-muenster.de\/wordpress\/joerg-rueggeberg-scheidet-aus-der-vorstandsarbeit-aus\/#breadcrumb","itemListElement":[{"@type":"ListItem","position":1,"name":"Startseite","item":"https:\/\/www.fanprojekt-muenster.de\/wordpress\/"},{"@type":"ListItem","position":2,"name":"J\u00f6rg R\u00fcggeberg scheidet aus der Vorstandsarbeit aus"}]},{"@type":"WebSite","@id":"https:\/\/www.fanprojekt-muenster.de\/wordpress\/#website","url":"https:\/\/www.fanprojekt-muenster.de\/wordpress\/","name":"Fangemeinschaft Preu\u00dfen M\u00fcnster e. V.","description":"","publisher":{"@id":"https:\/\/www.fanprojekt-muenster.de\/wordpress\/#organization"},"potentialAction":[{"@type":"SearchAction","target":{"@type":"EntryPoint","urlTemplate":"https:\/\/www.fanprojekt-muenster.de\/wordpress\/?s={search_term_string}"},"query-input":{"@type":"PropertyValueSpecification","valueRequired":true,"valueName":"search_term_string"}}],"inLanguage":"de"},{"@type":"Organization","@id":"https:\/\/www.fanprojekt-muenster.de\/wordpress\/#organization","name":"Fangemeinschaft Preu\u00dfen M\u00fcnster e. V.","url":"https:\/\/www.fanprojekt-muenster.de\/wordpress\/","logo":{"@type":"ImageObject","inLanguage":"de","@id":"https:\/\/www.fanprojekt-muenster.de\/wordpress\/#\/schema\/logo\/image\/","url":"https:\/\/www.fanprojekt-muenster.de\/wordpress\/wp-content\/uploads\/2019\/07\/cropped-Website_Logo3-9.png","contentUrl":"https:\/\/www.fanprojekt-muenster.de\/wordpress\/wp-content\/uploads\/2019\/07\/cropped-Website_Logo3-9.png","width":224,"height":42,"caption":"Fangemeinschaft Preu\u00dfen M\u00fcnster e. V."},"image":{"@id":"https:\/\/www.fanprojekt-muenster.de\/wordpress\/#\/schema\/logo\/image\/"}},{"@type":"Person","@id":"https:\/\/www.fanprojekt-muenster.de\/wordpress\/#\/schema\/person\/529d3ee920414da8907f25b585d57a4e","name":"Florian","url":"https:\/\/www.fanprojekt-muenster.de\/wordpress\/author\/flovoss\/"}]}},"author_meta":{"display_name":"Florian","author_link":"https:\/\/www.fanprojekt-muenster.de\/wordpress\/author\/flovoss\/"},"featured_img":null,"coauthors":[],"tax_additional":{"categories":{"linked":["<a href=\"https:\/\/www.fanprojekt-muenster.de\/wordpress\/category\/aktuelles\/\" class=\"advgb-post-tax-term\">Aktuelles<\/a>"],"unlinked":["<span class=\"advgb-post-tax-term\">Aktuelles<\/span>"]}},"comment_count":"0","relative_dates":{"created":"Posted 10\u00a0Jahren ago","modified":"Updated 10\u00a0Jahren ago"},"absolute_dates":{"created":"Posted on 14. Juni 2016","modified":"Updated on 14. Juni 2016"},"absolute_dates_time":{"created":"Posted on 14. Juni 2016 16:21","modified":"Updated on 14. Juni 2016 16:21"},"featured_img_caption":"","series_order":"","_links":{"self":[{"href":"https:\/\/www.fanprojekt-muenster.de\/wordpress\/wp-json\/wp\/v2\/posts\/5286","targetHints":{"allow":["GET"]}}],"collection":[{"href":"https:\/\/www.fanprojekt-muenster.de\/wordpress\/wp-json\/wp\/v2\/posts"}],"about":[{"href":"https:\/\/www.fanprojekt-muenster.de\/wordpress\/wp-json\/wp\/v2\/types\/post"}],"author":[{"embeddable":true,"href":"https:\/\/www.fanprojekt-muenster.de\/wordpress\/wp-json\/wp\/v2\/users\/5"}],"replies":[{"embeddable":true,"href":"https:\/\/www.fanprojekt-muenster.de\/wordpress\/wp-json\/wp\/v2\/comments?post=5286"}],"version-history":[{"count":0,"href":"https:\/\/www.fanprojekt-muenster.de\/wordpress\/wp-json\/wp\/v2\/posts\/5286\/revisions"}],"wp:featuredmedia":[{"embeddable":true,"href":"https:\/\/www.fanprojekt-muenster.de\/wordpress\/wp-json\/"}],"wp:attachment":[{"href":"https:\/\/www.fanprojekt-muenster.de\/wordpress\/wp-json\/wp\/v2\/media?parent=5286"}],"wp:term":[{"taxonomy":"category","embeddable":true,"href":"https:\/\/www.fanprojekt-muenster.de\/wordpress\/wp-json\/wp\/v2\/categories?post=5286"},{"taxonomy":"post_tag","embeddable":true,"href":"https:\/\/www.fanprojekt-muenster.de\/wordpress\/wp-json\/wp\/v2\/tags?post=5286"}],"curies":[{"name":"wp","href":"https:\/\/api.w.org\/{rel}","templated":true}]}}