{"id":5265,"date":"2016-04-15T16:46:38","date_gmt":"2016-04-15T14:46:38","guid":{"rendered":"http:\/\/www.fanprojekt-muenster.de\/wp\/?p=5265"},"modified":"2016-04-15T16:46:38","modified_gmt":"2016-04-15T14:46:38","slug":"fanprojekt-fuehrt-konstruktive-gespraeche","status":"publish","type":"post","link":"https:\/\/www.fanprojekt-muenster.de\/wordpress\/fanprojekt-fuehrt-konstruktive-gespraeche\/","title":{"rendered":"Fanprojekt f\u00fchrt konstruktive Gespr\u00e4che"},"content":{"rendered":"<p>Der Vorstand des Fanprojekt Preu\u00dfen M\u00fcnster e.V. hat am vergangenen Donnerstag an einem seit mehreren Wochen vereinbarten Treffen mit dem Vorstand des SC Preu\u00dfen 06 e.V. M\u00fcnster teilgenommen. Die Vorkommnisse beim Heimspiel gegen Cottbus am zur\u00fcckliegenden Samstag haben allerdings kurzfristig gro\u00dfe Teile des Gespr\u00e4chs eingenommen. Um diesem Treffen und anderen Gespr\u00e4chen nicht vorzugreifen hat das Fanprojekt sich bisher nicht ausf\u00fchrlich zu den Vorf\u00e4llen im Bereich der Fiffi-Gerritzen-Kurve ge\u00e4u\u00dfert. Als ehrenamtlich betriebene Organisation, die den Anspruch hat, allen Fans offen zu stehen, wurden zun\u00e4chst viele Gespr\u00e4che auch mit Anh\u00e4ngern gef\u00fchrt.<\/p>\n<p>Das Fanprojekt bedankt sich f\u00fcr die konstruktive Gespr\u00e4chsatmosph\u00e4re bei Pr\u00e4sident Georg Krimphove sowie den Vorstandsmitgliedern Siggi H\u00f6ing und Carsten Gockel. Diese haben angek\u00fcndigt, Ma\u00dfnahmen nach den Vorf\u00e4llen zu ergreifen. \u201eWir sind mit dem Verein absolut auf einer Linie, dass Straftaten nicht geduldet werden\u201c, erkl\u00e4rt Fanprojekt-Vorstandssprecher Florian Vo\u00df. Das Fanprojekt steht weiterhin zu dem Grundsatz, dass Kollektivstrafen keine L\u00f6sung sind. In den vergangenen Tagen wurde an beide Seiten appelliert, den Weg der Kommunikation weiterhin zu verfolgen. Die aktiven Fans und der Verein sollten auch mit Unterst\u00fctzung des Fanprojekts eine Situation vermeiden, unter der alle Fans leiden.<\/p>\n<p>\u201eWir w\u00fcnschen den verletzten Preu\u00dfen-Fans weiterhin eine gute Genesung\u201c, bedauert Vo\u00df f\u00fcr den Fanprojekt-Vorstand, dass Anh\u00e4nger des Vereins im Preu\u00dfenstadion verletzt wurden. Weiterhin stellt er fest: \u201eDurch manche Medienanfrage erhielten wir den Eindruck, dass angenommen wird, wir w\u00fcrden f\u00fcr die Personen sprechen, die die Aktion am Samstag durchgef\u00fchrt haben. Dies ist nicht korrekt.\u201c Das Fanprojekt vertritt zum einen die Interessen von Fans gegen\u00fcber dem Hauptverein, zum anderen hat er sich auf die Fahne geschrieben, den Dialog unter den Fans voranzutreiben. Daf\u00fcr organisiert er auch Sonderz\u00fcge oder Veranstaltungen und unterh\u00e4lt regelm\u00e4\u00dfige Angebote, die sich stets an alle Anh\u00e4nger von Preu\u00dfen M\u00fcnster richten.<\/p>\n","protected":false},"excerpt":{"rendered":"<p>Der Vorstand des Fanprojekt Preu\u00dfen M\u00fcnster e.V. hat am vergangenen Donnerstag an einem seit mehreren Wochen vereinbarten Treffen mit dem Vorstand des SC Preu\u00dfen 06 e.V. M\u00fcnster teilgenommen. Die Vorkommnisse&#8230; <a class=\"read-more-link\" href=\"https:\/\/www.fanprojekt-muenster.de\/wordpress\/fanprojekt-fuehrt-konstruktive-gespraeche\/\">Read more &raquo;<\/a><\/p>\n","protected":false},"author":5,"featured_media":4492,"comment_status":"closed","ping_status":"closed","sticky":false,"template":"","format":"standard","meta":{"advgb_blocks_editor_width":"","advgb_blocks_columns_visual_guide":"","footnotes":""},"categories":[3],"tags":[],"class_list":["post-5265","post","type-post","status-publish","format-standard","has-post-thumbnail","hentry","category-aktuelles"],"featured_image_src":null,"author_info":{"display_name":"Florian","author_link":"https:\/\/www.fanprojekt-muenster.de\/wordpress\/author\/flovoss\/"},"yoast_head":"<!-- This site is optimized with the Yoast SEO plugin v27.2 - https:\/\/yoast.com\/product\/yoast-seo-wordpress\/ -->\n<title>Fanprojekt f\u00fchrt konstruktive Gespr\u00e4che - Fangemeinschaft Preu\u00dfen M\u00fcnster e. V.<\/title>\n<meta name=\"robots\" content=\"index, follow, max-snippet:-1, max-image-preview:large, max-video-preview:-1\" \/>\n<link rel=\"canonical\" href=\"https:\/\/www.fanprojekt-muenster.de\/wordpress\/fanprojekt-fuehrt-konstruktive-gespraeche\/\" \/>\n<meta property=\"og:locale\" content=\"de_DE\" \/>\n<meta property=\"og:type\" content=\"article\" \/>\n<meta property=\"og:title\" content=\"Fanprojekt f\u00fchrt konstruktive Gespr\u00e4che - Fangemeinschaft Preu\u00dfen M\u00fcnster e. V.\" \/>\n<meta property=\"og:description\" content=\"Der Vorstand des Fanprojekt Preu\u00dfen M\u00fcnster e.V. hat am vergangenen Donnerstag an einem seit mehreren Wochen vereinbarten Treffen mit dem Vorstand des SC Preu\u00dfen 06 e.V. M\u00fcnster teilgenommen. Die Vorkommnisse... Read more &raquo;\" \/>\n<meta property=\"og:url\" content=\"https:\/\/www.fanprojekt-muenster.de\/wordpress\/fanprojekt-fuehrt-konstruktive-gespraeche\/\" \/>\n<meta property=\"og:site_name\" content=\"Fangemeinschaft Preu\u00dfen M\u00fcnster e. V.\" \/>\n<meta property=\"article:published_time\" content=\"2016-04-15T14:46:38+00:00\" \/>\n<meta name=\"author\" content=\"Florian\" \/>\n<meta name=\"twitter:card\" content=\"summary_large_image\" \/>\n<meta name=\"twitter:label1\" content=\"Verfasst von\" \/>\n\t<meta name=\"twitter:data1\" content=\"Florian\" \/>\n\t<meta name=\"twitter:label2\" content=\"Gesch\u00e4tzte Lesezeit\" \/>\n\t<meta name=\"twitter:data2\" content=\"2\u00a0Minuten\" \/>\n<script type=\"application\/ld+json\" class=\"yoast-schema-graph\">{\"@context\":\"https:\/\/schema.org\",\"@graph\":[{\"@type\":\"Article\",\"@id\":\"https:\/\/www.fanprojekt-muenster.de\/wordpress\/fanprojekt-fuehrt-konstruktive-gespraeche\/#article\",\"isPartOf\":{\"@id\":\"https:\/\/www.fanprojekt-muenster.de\/wordpress\/fanprojekt-fuehrt-konstruktive-gespraeche\/\"},\"author\":{\"name\":\"Florian\",\"@id\":\"https:\/\/www.fanprojekt-muenster.de\/wordpress\/#\/schema\/person\/529d3ee920414da8907f25b585d57a4e\"},\"headline\":\"Fanprojekt f\u00fchrt konstruktive Gespr\u00e4che\",\"datePublished\":\"2016-04-15T14:46:38+00:00\",\"mainEntityOfPage\":{\"@id\":\"https:\/\/www.fanprojekt-muenster.de\/wordpress\/fanprojekt-fuehrt-konstruktive-gespraeche\/\"},\"wordCount\":335,\"publisher\":{\"@id\":\"https:\/\/www.fanprojekt-muenster.de\/wordpress\/#organization\"},\"image\":{\"@id\":\"https:\/\/www.fanprojekt-muenster.de\/wordpress\/fanprojekt-fuehrt-konstruktive-gespraeche\/#primaryimage\"},\"thumbnailUrl\":\"\",\"articleSection\":[\"Aktuelles\"],\"inLanguage\":\"de\"},{\"@type\":\"WebPage\",\"@id\":\"https:\/\/www.fanprojekt-muenster.de\/wordpress\/fanprojekt-fuehrt-konstruktive-gespraeche\/\",\"url\":\"https:\/\/www.fanprojekt-muenster.de\/wordpress\/fanprojekt-fuehrt-konstruktive-gespraeche\/\",\"name\":\"Fanprojekt f\u00fchrt konstruktive Gespr\u00e4che - Fangemeinschaft Preu\u00dfen M\u00fcnster e. V.\",\"isPartOf\":{\"@id\":\"https:\/\/www.fanprojekt-muenster.de\/wordpress\/#website\"},\"primaryImageOfPage\":{\"@id\":\"https:\/\/www.fanprojekt-muenster.de\/wordpress\/fanprojekt-fuehrt-konstruktive-gespraeche\/#primaryimage\"},\"image\":{\"@id\":\"https:\/\/www.fanprojekt-muenster.de\/wordpress\/fanprojekt-fuehrt-konstruktive-gespraeche\/#primaryimage\"},\"thumbnailUrl\":\"\",\"datePublished\":\"2016-04-15T14:46:38+00:00\",\"breadcrumb\":{\"@id\":\"https:\/\/www.fanprojekt-muenster.de\/wordpress\/fanprojekt-fuehrt-konstruktive-gespraeche\/#breadcrumb\"},\"inLanguage\":\"de\",\"potentialAction\":[{\"@type\":\"ReadAction\",\"target\":[\"https:\/\/www.fanprojekt-muenster.de\/wordpress\/fanprojekt-fuehrt-konstruktive-gespraeche\/\"]}]},{\"@type\":\"ImageObject\",\"inLanguage\":\"de\",\"@id\":\"https:\/\/www.fanprojekt-muenster.de\/wordpress\/fanprojekt-fuehrt-konstruktive-gespraeche\/#primaryimage\",\"url\":\"\",\"contentUrl\":\"\"},{\"@type\":\"BreadcrumbList\",\"@id\":\"https:\/\/www.fanprojekt-muenster.de\/wordpress\/fanprojekt-fuehrt-konstruktive-gespraeche\/#breadcrumb\",\"itemListElement\":[{\"@type\":\"ListItem\",\"position\":1,\"name\":\"Startseite\",\"item\":\"https:\/\/www.fanprojekt-muenster.de\/wordpress\/\"},{\"@type\":\"ListItem\",\"position\":2,\"name\":\"Fanprojekt f\u00fchrt konstruktive Gespr\u00e4che\"}]},{\"@type\":\"WebSite\",\"@id\":\"https:\/\/www.fanprojekt-muenster.de\/wordpress\/#website\",\"url\":\"https:\/\/www.fanprojekt-muenster.de\/wordpress\/\",\"name\":\"Fangemeinschaft Preu\u00dfen M\u00fcnster e. V.\",\"description\":\"\",\"publisher\":{\"@id\":\"https:\/\/www.fanprojekt-muenster.de\/wordpress\/#organization\"},\"potentialAction\":[{\"@type\":\"SearchAction\",\"target\":{\"@type\":\"EntryPoint\",\"urlTemplate\":\"https:\/\/www.fanprojekt-muenster.de\/wordpress\/?s={search_term_string}\"},\"query-input\":{\"@type\":\"PropertyValueSpecification\",\"valueRequired\":true,\"valueName\":\"search_term_string\"}}],\"inLanguage\":\"de\"},{\"@type\":\"Organization\",\"@id\":\"https:\/\/www.fanprojekt-muenster.de\/wordpress\/#organization\",\"name\":\"Fangemeinschaft Preu\u00dfen M\u00fcnster e. V.\",\"url\":\"https:\/\/www.fanprojekt-muenster.de\/wordpress\/\",\"logo\":{\"@type\":\"ImageObject\",\"inLanguage\":\"de\",\"@id\":\"https:\/\/www.fanprojekt-muenster.de\/wordpress\/#\/schema\/logo\/image\/\",\"url\":\"https:\/\/www.fanprojekt-muenster.de\/wordpress\/wp-content\/uploads\/2019\/07\/cropped-Website_Logo3-9.png\",\"contentUrl\":\"https:\/\/www.fanprojekt-muenster.de\/wordpress\/wp-content\/uploads\/2019\/07\/cropped-Website_Logo3-9.png\",\"width\":224,\"height\":42,\"caption\":\"Fangemeinschaft Preu\u00dfen M\u00fcnster e. V.\"},\"image\":{\"@id\":\"https:\/\/www.fanprojekt-muenster.de\/wordpress\/#\/schema\/logo\/image\/\"}},{\"@type\":\"Person\",\"@id\":\"https:\/\/www.fanprojekt-muenster.de\/wordpress\/#\/schema\/person\/529d3ee920414da8907f25b585d57a4e\",\"name\":\"Florian\",\"url\":\"https:\/\/www.fanprojekt-muenster.de\/wordpress\/author\/flovoss\/\"}]}<\/script>\n<!-- \/ Yoast SEO plugin. -->","yoast_head_json":{"title":"Fanprojekt f\u00fchrt konstruktive Gespr\u00e4che - Fangemeinschaft Preu\u00dfen M\u00fcnster e. V.","robots":{"index":"index","follow":"follow","max-snippet":"max-snippet:-1","max-image-preview":"max-image-preview:large","max-video-preview":"max-video-preview:-1"},"canonical":"https:\/\/www.fanprojekt-muenster.de\/wordpress\/fanprojekt-fuehrt-konstruktive-gespraeche\/","og_locale":"de_DE","og_type":"article","og_title":"Fanprojekt f\u00fchrt konstruktive Gespr\u00e4che - Fangemeinschaft Preu\u00dfen M\u00fcnster e. V.","og_description":"Der Vorstand des Fanprojekt Preu\u00dfen M\u00fcnster e.V. hat am vergangenen Donnerstag an einem seit mehreren Wochen vereinbarten Treffen mit dem Vorstand des SC Preu\u00dfen 06 e.V. M\u00fcnster teilgenommen. Die Vorkommnisse... Read more &raquo;","og_url":"https:\/\/www.fanprojekt-muenster.de\/wordpress\/fanprojekt-fuehrt-konstruktive-gespraeche\/","og_site_name":"Fangemeinschaft Preu\u00dfen M\u00fcnster e. V.","article_published_time":"2016-04-15T14:46:38+00:00","author":"Florian","twitter_card":"summary_large_image","twitter_misc":{"Verfasst von":"Florian","Gesch\u00e4tzte Lesezeit":"2\u00a0Minuten"},"schema":{"@context":"https:\/\/schema.org","@graph":[{"@type":"Article","@id":"https:\/\/www.fanprojekt-muenster.de\/wordpress\/fanprojekt-fuehrt-konstruktive-gespraeche\/#article","isPartOf":{"@id":"https:\/\/www.fanprojekt-muenster.de\/wordpress\/fanprojekt-fuehrt-konstruktive-gespraeche\/"},"author":{"name":"Florian","@id":"https:\/\/www.fanprojekt-muenster.de\/wordpress\/#\/schema\/person\/529d3ee920414da8907f25b585d57a4e"},"headline":"Fanprojekt f\u00fchrt konstruktive Gespr\u00e4che","datePublished":"2016-04-15T14:46:38+00:00","mainEntityOfPage":{"@id":"https:\/\/www.fanprojekt-muenster.de\/wordpress\/fanprojekt-fuehrt-konstruktive-gespraeche\/"},"wordCount":335,"publisher":{"@id":"https:\/\/www.fanprojekt-muenster.de\/wordpress\/#organization"},"image":{"@id":"https:\/\/www.fanprojekt-muenster.de\/wordpress\/fanprojekt-fuehrt-konstruktive-gespraeche\/#primaryimage"},"thumbnailUrl":"","articleSection":["Aktuelles"],"inLanguage":"de"},{"@type":"WebPage","@id":"https:\/\/www.fanprojekt-muenster.de\/wordpress\/fanprojekt-fuehrt-konstruktive-gespraeche\/","url":"https:\/\/www.fanprojekt-muenster.de\/wordpress\/fanprojekt-fuehrt-konstruktive-gespraeche\/","name":"Fanprojekt f\u00fchrt konstruktive Gespr\u00e4che - Fangemeinschaft Preu\u00dfen M\u00fcnster e. V.","isPartOf":{"@id":"https:\/\/www.fanprojekt-muenster.de\/wordpress\/#website"},"primaryImageOfPage":{"@id":"https:\/\/www.fanprojekt-muenster.de\/wordpress\/fanprojekt-fuehrt-konstruktive-gespraeche\/#primaryimage"},"image":{"@id":"https:\/\/www.fanprojekt-muenster.de\/wordpress\/fanprojekt-fuehrt-konstruktive-gespraeche\/#primaryimage"},"thumbnailUrl":"","datePublished":"2016-04-15T14:46:38+00:00","breadcrumb":{"@id":"https:\/\/www.fanprojekt-muenster.de\/wordpress\/fanprojekt-fuehrt-konstruktive-gespraeche\/#breadcrumb"},"inLanguage":"de","potentialAction":[{"@type":"ReadAction","target":["https:\/\/www.fanprojekt-muenster.de\/wordpress\/fanprojekt-fuehrt-konstruktive-gespraeche\/"]}]},{"@type":"ImageObject","inLanguage":"de","@id":"https:\/\/www.fanprojekt-muenster.de\/wordpress\/fanprojekt-fuehrt-konstruktive-gespraeche\/#primaryimage","url":"","contentUrl":""},{"@type":"BreadcrumbList","@id":"https:\/\/www.fanprojekt-muenster.de\/wordpress\/fanprojekt-fuehrt-konstruktive-gespraeche\/#breadcrumb","itemListElement":[{"@type":"ListItem","position":1,"name":"Startseite","item":"https:\/\/www.fanprojekt-muenster.de\/wordpress\/"},{"@type":"ListItem","position":2,"name":"Fanprojekt f\u00fchrt konstruktive Gespr\u00e4che"}]},{"@type":"WebSite","@id":"https:\/\/www.fanprojekt-muenster.de\/wordpress\/#website","url":"https:\/\/www.fanprojekt-muenster.de\/wordpress\/","name":"Fangemeinschaft Preu\u00dfen M\u00fcnster e. V.","description":"","publisher":{"@id":"https:\/\/www.fanprojekt-muenster.de\/wordpress\/#organization"},"potentialAction":[{"@type":"SearchAction","target":{"@type":"EntryPoint","urlTemplate":"https:\/\/www.fanprojekt-muenster.de\/wordpress\/?s={search_term_string}"},"query-input":{"@type":"PropertyValueSpecification","valueRequired":true,"valueName":"search_term_string"}}],"inLanguage":"de"},{"@type":"Organization","@id":"https:\/\/www.fanprojekt-muenster.de\/wordpress\/#organization","name":"Fangemeinschaft Preu\u00dfen M\u00fcnster e. V.","url":"https:\/\/www.fanprojekt-muenster.de\/wordpress\/","logo":{"@type":"ImageObject","inLanguage":"de","@id":"https:\/\/www.fanprojekt-muenster.de\/wordpress\/#\/schema\/logo\/image\/","url":"https:\/\/www.fanprojekt-muenster.de\/wordpress\/wp-content\/uploads\/2019\/07\/cropped-Website_Logo3-9.png","contentUrl":"https:\/\/www.fanprojekt-muenster.de\/wordpress\/wp-content\/uploads\/2019\/07\/cropped-Website_Logo3-9.png","width":224,"height":42,"caption":"Fangemeinschaft Preu\u00dfen M\u00fcnster e. V."},"image":{"@id":"https:\/\/www.fanprojekt-muenster.de\/wordpress\/#\/schema\/logo\/image\/"}},{"@type":"Person","@id":"https:\/\/www.fanprojekt-muenster.de\/wordpress\/#\/schema\/person\/529d3ee920414da8907f25b585d57a4e","name":"Florian","url":"https:\/\/www.fanprojekt-muenster.de\/wordpress\/author\/flovoss\/"}]}},"author_meta":{"display_name":"Florian","author_link":"https:\/\/www.fanprojekt-muenster.de\/wordpress\/author\/flovoss\/"},"featured_img":null,"coauthors":[],"tax_additional":{"categories":{"linked":["<a href=\"https:\/\/www.fanprojekt-muenster.de\/wordpress\/category\/aktuelles\/\" class=\"advgb-post-tax-term\">Aktuelles<\/a>"],"unlinked":["<span class=\"advgb-post-tax-term\">Aktuelles<\/span>"]}},"comment_count":"0","relative_dates":{"created":"Posted 10\u00a0Jahren ago","modified":"Updated 10\u00a0Jahren ago"},"absolute_dates":{"created":"Posted on 15. April 2016","modified":"Updated on 15. April 2016"},"absolute_dates_time":{"created":"Posted on 15. April 2016 16:46","modified":"Updated on 15. April 2016 16:46"},"featured_img_caption":"","series_order":"","_links":{"self":[{"href":"https:\/\/www.fanprojekt-muenster.de\/wordpress\/wp-json\/wp\/v2\/posts\/5265","targetHints":{"allow":["GET"]}}],"collection":[{"href":"https:\/\/www.fanprojekt-muenster.de\/wordpress\/wp-json\/wp\/v2\/posts"}],"about":[{"href":"https:\/\/www.fanprojekt-muenster.de\/wordpress\/wp-json\/wp\/v2\/types\/post"}],"author":[{"embeddable":true,"href":"https:\/\/www.fanprojekt-muenster.de\/wordpress\/wp-json\/wp\/v2\/users\/5"}],"replies":[{"embeddable":true,"href":"https:\/\/www.fanprojekt-muenster.de\/wordpress\/wp-json\/wp\/v2\/comments?post=5265"}],"version-history":[{"count":0,"href":"https:\/\/www.fanprojekt-muenster.de\/wordpress\/wp-json\/wp\/v2\/posts\/5265\/revisions"}],"wp:featuredmedia":[{"embeddable":true,"href":"https:\/\/www.fanprojekt-muenster.de\/wordpress\/wp-json\/"}],"wp:attachment":[{"href":"https:\/\/www.fanprojekt-muenster.de\/wordpress\/wp-json\/wp\/v2\/media?parent=5265"}],"wp:term":[{"taxonomy":"category","embeddable":true,"href":"https:\/\/www.fanprojekt-muenster.de\/wordpress\/wp-json\/wp\/v2\/categories?post=5265"},{"taxonomy":"post_tag","embeddable":true,"href":"https:\/\/www.fanprojekt-muenster.de\/wordpress\/wp-json\/wp\/v2\/tags?post=5265"}],"curies":[{"name":"wp","href":"https:\/\/api.w.org\/{rel}","templated":true}]}}