{"id":5255,"date":"2016-04-07T11:53:51","date_gmt":"2016-04-07T09:53:51","guid":{"rendered":"http:\/\/www.fanprojekt-muenster.de\/wp\/?p=5255"},"modified":"2016-04-07T11:53:51","modified_gmt":"2016-04-07T09:53:51","slug":"start-des-ticketverkaufs-fuer-tour-nach-wiesbaden","status":"publish","type":"post","link":"https:\/\/www.fanprojekt-muenster.de\/wordpress\/start-des-ticketverkaufs-fuer-tour-nach-wiesbaden\/","title":{"rendered":"Start des Ticketverkaufs f\u00fcr Tour nach Wiesbaden"},"content":{"rendered":"<p>Am Samstag, 9 April\u00a02016, startet der Ticket-Verkauf\u00a0f\u00fcr die Fanszene-Geburtstagstour mit dem Schiff nach Wiesbaden am 29. April 2016. Um 12:30 Uhr \u00f6ffnen hierf\u00fcr die ersten beiden Tageskassen am Stadionvorplatz. Das Ticket beinhaltet die Busfahrt von M\u00fcnster bis zum Schiffsanleger am Rhein, die Schifffahrt bis nach Wiesbaden, der Bustransfer vom Hafen zur Brita-Arena sowie die R\u00fcckfahrt von der Brita-Arena nach M\u00fcnster.<\/p>\n<p>Die bereits erworbenen Tickets f\u00fcr die urspr\u00fcnglich geplante Geburtstagstour am 30.\u00a0April\u00a02016 haben keine G\u00fcltigkeit mehr! Ticketinhaber, die weiterhin mitfahren m\u00f6chten, m\u00fcssen ihre Karte unbedingt gegen ein neues Ticket eintauschen. Es stehen zudem erneut Karten zum Kauf zur Verf\u00fcgung. Eine R\u00fcckgabe der Fahrtausweise gegen Erstattung des Kaufpreises ist ebenfalls m\u00f6glich.<\/p>\n<p>Nachfolgend einige wichtige Informationen:<br \/>\n<strong>Ich habe ein Ticket im VVK gekauft, kann am Freitag, 29. April, aber nicht mitfahren:<\/strong> Kein Problem, gegen R\u00fcckgabe des Tickets erstatten wir Dir den kompletten Kaufpreis. Hierf\u00fcr werden wir eine eigene R\u00fcckgabekasse einrichten.<br \/>\n<strong>Ich habe ein Ticket im VVK gekauft und werde am Freitag, 29. April, mitfahren:<\/strong> Super, das freut uns. Dein aktuelles Ticket hat keine G\u00fcltigkeit mehr, du musst Dein aktuelles Ticket gegen ein neues Ticket eintauschen. Hierf\u00fcr werden wir eine eigene Umtauschkasse einrichten.<br \/>\n<strong>Ich habe noch kein Ticket im VVK gekauft und m\u00f6chte am Freitag, 29. April, mitfahren:<\/strong> F\u00fcr den Erwerb eines Tickets ben\u00f6tigen wir von dir ein ausgef\u00fclltes <a href=\"http:\/\/www.fanprojekt-muenster.de\/wp\/wp-content\/uploads\/2016\/04\/Bootstour-Wiesbaden-Anmeldeformular-Einzelperson-29.04.2016.pdf\">Anmeldeformular Einzelperson<\/a>. Falls du Fanprojekt-Mitglied bist, so gebe bitte deine Mitgliedsnummer an und zeige beim Erwerb der Karte deinen Ausweis vor, damit du nur den erm\u00e4\u00dfigten Preis zahlen musst.<\/p>\n<p>Dar\u00fcber hinaus besteht auch die M\u00f6glichkeit, dass eine Person die Tickets f\u00fcr alle Mitglieder deines Fanclubs kauft. Dadurch habt Ihr die Garantie, dass Ihr zusammen sitzt. Daf\u00fcr ben\u00f6tigen wir das vollst\u00e4ndig ausgef\u00fcllte<a href=\"http:\/\/www.fanprojekt-muenster.de\/wp\/wp-content\/uploads\/2016\/04\/Bootstour-Wiesbaden-Anmeldeformular-Fanclubs-29.04.2016.pdf\">Anmeldeformular Fanclubs<\/a>.<br \/>\nDamit du in deinem bekannten Preu\u00dfen-Umfeld reisen kannst, bieten wir spezielle Busse f\u00fcr einzelne Fangruppen und deren Umfeld an. Auf der Anmeldung gibst du ganz einfach an, ob du mit Fans aus der Fiffi-Gerritzen-Kurve, den Deviants, dem A-Block, dem Hiltruper Bus, der Gegengerade oder dem Fanbus \u201eLinie 1906\u201c mitfahren m\u00f6chtest. Wir ber\u00fccksichtigen so gut es geht deinen Buswunsch, jedoch kann es im Einzelfall passieren, dass bereits Busse voll sind. Deshalb entscheide dich schnell und kaufe dein Ticket!<\/p>\n<p>Bitte denkt daran, das ausgef\u00fcllte Anmeldeformular beim Kauf des Tickets vorzulegen. Die Bezahlung kann nur in bar erfolgen, eine Kartenzahlung ist nicht m\u00f6glich.<\/p>\n<p><strong>Abfahrt:<\/strong> 8 Uhr, Preu\u00dfenstadion (Parkplatz hinter der Westtrib\u00fcne (P4))<br \/>\n<strong>Ticketpreis:<\/strong> Der Ticketpreis bleibt bei 35 EUR, als Fanprojekt Mitglied zahlst Du 30 EUR.<br \/>\n<strong>VVK Eintrittskarte:<\/strong> Die Eintrittskarten f\u00fcr das Spiel in Wiesbaden werden vom SCP ebenfalls an der Tageskasse verkauft. Eine R\u00fcckgabe von bereits erworbenen Tickets ist auch hier m\u00f6glich.<\/p>\n<p>Das Fanprojekt organisiert die Geburtstagstour auf eigene Faust. Das bedeutet nat\u00fcrlich auch, dass wir f\u00fcr alle Sch\u00e4den in den Bussen und auf dem Schiff haften m\u00fcssen. Wir wissen aus unserer Erfahrung mit dem Sonderzug nach Halle, dass wir uns innerhalb der Fanszene aufeinander verlassen k\u00f6nnen und Sch\u00e4den durch Vandalismus kein Thema sind. Falls dennoch irgendetwas passieren sollte, werden wir etwaige Schadensforderungen des Busunternehmens oder des Reeders an den bzw. die Verursacher weitergeben.<br \/>\nUnsere Bitte geht an alle Preu\u00dfenfans, sich ordentlich und umsichtig zu verhalten und R\u00fccksicht aufeinander und vor fremdem Eigentum zu nehmen. Sollte dies einzelnen Personen nicht gelingen, werden wir von unserem Hausrecht Gebrauch machen und die Person von der weiteren Reise ausschlie\u00dfen.<\/p>\n<p>Falls Ihr noch weitere Fragen haben solltet, schickt uns eine Mail an <a href=\"mailto:ralf@fanprojekt-muenster.de\">ralf@fanprojekt-muenster.de<\/a> oder sprecht uns direkt am Fanprojekt-Stand an.<\/p>\n<p>Schiff Ahoi!<br \/>\nEuer Fanprojekt!<\/p>\n","protected":false},"excerpt":{"rendered":"<p>Am Samstag, 9 April\u00a02016, startet der Ticket-Verkauf\u00a0f\u00fcr die Fanszene-Geburtstagstour mit dem Schiff nach Wiesbaden am 29. April 2016. Um 12:30 Uhr \u00f6ffnen hierf\u00fcr die ersten beiden Tageskassen am Stadionvorplatz. Das&#8230; <a class=\"read-more-link\" href=\"https:\/\/www.fanprojekt-muenster.de\/wordpress\/start-des-ticketverkaufs-fuer-tour-nach-wiesbaden\/\">Read more &raquo;<\/a><\/p>\n","protected":false},"author":5,"featured_media":5235,"comment_status":"closed","ping_status":"closed","sticky":false,"template":"","format":"standard","meta":{"advgb_blocks_editor_width":"","advgb_blocks_columns_visual_guide":"","footnotes":""},"categories":[2,3,1,4,10],"tags":[49,117,131,226,299],"class_list":["post-5255","post","type-post","status-publish","format-standard","has-post-thumbnail","hentry","category-aktionen","category-aktuelles","category-allgemein","category-auswarts","category-schiff-geburtstagstour-nach-wiesbaden","tag-auswaertsfahrt","tag-fanszene","tag-geburtstagstour","tag-schiff-ahoi","tag-wiesbaden"],"featured_image_src":null,"author_info":{"display_name":"Florian","author_link":"https:\/\/www.fanprojekt-muenster.de\/wordpress\/author\/flovoss\/"},"yoast_head":"<!-- This site is optimized with the Yoast SEO plugin v27.2 - https:\/\/yoast.com\/product\/yoast-seo-wordpress\/ -->\n<title>Start des Ticketverkaufs f\u00fcr Tour nach Wiesbaden - Fangemeinschaft Preu\u00dfen M\u00fcnster e. V.<\/title>\n<meta name=\"robots\" content=\"index, follow, max-snippet:-1, max-image-preview:large, max-video-preview:-1\" \/>\n<link rel=\"canonical\" href=\"https:\/\/www.fanprojekt-muenster.de\/wordpress\/start-des-ticketverkaufs-fuer-tour-nach-wiesbaden\/\" \/>\n<meta property=\"og:locale\" content=\"de_DE\" \/>\n<meta property=\"og:type\" content=\"article\" \/>\n<meta property=\"og:title\" content=\"Start des Ticketverkaufs f\u00fcr Tour nach Wiesbaden - Fangemeinschaft Preu\u00dfen M\u00fcnster e. V.\" \/>\n<meta property=\"og:description\" content=\"Am Samstag, 9 April\u00a02016, startet der Ticket-Verkauf\u00a0f\u00fcr die Fanszene-Geburtstagstour mit dem Schiff nach Wiesbaden am 29. April 2016. Um 12:30 Uhr \u00f6ffnen hierf\u00fcr die ersten beiden Tageskassen am Stadionvorplatz. Das... Read more &raquo;\" \/>\n<meta property=\"og:url\" content=\"https:\/\/www.fanprojekt-muenster.de\/wordpress\/start-des-ticketverkaufs-fuer-tour-nach-wiesbaden\/\" \/>\n<meta property=\"og:site_name\" content=\"Fangemeinschaft Preu\u00dfen M\u00fcnster e. V.\" \/>\n<meta property=\"article:published_time\" content=\"2016-04-07T09:53:51+00:00\" \/>\n<meta name=\"author\" content=\"Florian\" \/>\n<meta name=\"twitter:card\" content=\"summary_large_image\" \/>\n<meta name=\"twitter:label1\" content=\"Verfasst von\" \/>\n\t<meta name=\"twitter:data1\" content=\"Florian\" \/>\n\t<meta name=\"twitter:label2\" content=\"Gesch\u00e4tzte Lesezeit\" \/>\n\t<meta name=\"twitter:data2\" content=\"3\u00a0Minuten\" \/>\n<script type=\"application\/ld+json\" class=\"yoast-schema-graph\">{\"@context\":\"https:\/\/schema.org\",\"@graph\":[{\"@type\":\"Article\",\"@id\":\"https:\/\/www.fanprojekt-muenster.de\/wordpress\/start-des-ticketverkaufs-fuer-tour-nach-wiesbaden\/#article\",\"isPartOf\":{\"@id\":\"https:\/\/www.fanprojekt-muenster.de\/wordpress\/start-des-ticketverkaufs-fuer-tour-nach-wiesbaden\/\"},\"author\":{\"name\":\"Florian\",\"@id\":\"https:\/\/www.fanprojekt-muenster.de\/wordpress\/#\/schema\/person\/529d3ee920414da8907f25b585d57a4e\"},\"headline\":\"Start des Ticketverkaufs f\u00fcr Tour nach Wiesbaden\",\"datePublished\":\"2016-04-07T09:53:51+00:00\",\"mainEntityOfPage\":{\"@id\":\"https:\/\/www.fanprojekt-muenster.de\/wordpress\/start-des-ticketverkaufs-fuer-tour-nach-wiesbaden\/\"},\"wordCount\":615,\"publisher\":{\"@id\":\"https:\/\/www.fanprojekt-muenster.de\/wordpress\/#organization\"},\"image\":{\"@id\":\"https:\/\/www.fanprojekt-muenster.de\/wordpress\/start-des-ticketverkaufs-fuer-tour-nach-wiesbaden\/#primaryimage\"},\"thumbnailUrl\":\"\",\"keywords\":[\"Ausw\u00e4rtsfahrt\",\"Fanszene\",\"Geburtstagstour\",\"Schiff Ahoi!\",\"Wiesbaden\"],\"articleSection\":{\"0\":\"Aktionen\",\"1\":\"Aktuelles\",\"3\":\"Ausw\u00e4rts\",\"4\":\"Schiff-Geburtstagstour nach Wiesbaden\"},\"inLanguage\":\"de\"},{\"@type\":\"WebPage\",\"@id\":\"https:\/\/www.fanprojekt-muenster.de\/wordpress\/start-des-ticketverkaufs-fuer-tour-nach-wiesbaden\/\",\"url\":\"https:\/\/www.fanprojekt-muenster.de\/wordpress\/start-des-ticketverkaufs-fuer-tour-nach-wiesbaden\/\",\"name\":\"Start des Ticketverkaufs f\u00fcr Tour nach Wiesbaden - Fangemeinschaft Preu\u00dfen M\u00fcnster e. V.\",\"isPartOf\":{\"@id\":\"https:\/\/www.fanprojekt-muenster.de\/wordpress\/#website\"},\"primaryImageOfPage\":{\"@id\":\"https:\/\/www.fanprojekt-muenster.de\/wordpress\/start-des-ticketverkaufs-fuer-tour-nach-wiesbaden\/#primaryimage\"},\"image\":{\"@id\":\"https:\/\/www.fanprojekt-muenster.de\/wordpress\/start-des-ticketverkaufs-fuer-tour-nach-wiesbaden\/#primaryimage\"},\"thumbnailUrl\":\"\",\"datePublished\":\"2016-04-07T09:53:51+00:00\",\"breadcrumb\":{\"@id\":\"https:\/\/www.fanprojekt-muenster.de\/wordpress\/start-des-ticketverkaufs-fuer-tour-nach-wiesbaden\/#breadcrumb\"},\"inLanguage\":\"de\",\"potentialAction\":[{\"@type\":\"ReadAction\",\"target\":[\"https:\/\/www.fanprojekt-muenster.de\/wordpress\/start-des-ticketverkaufs-fuer-tour-nach-wiesbaden\/\"]}]},{\"@type\":\"ImageObject\",\"inLanguage\":\"de\",\"@id\":\"https:\/\/www.fanprojekt-muenster.de\/wordpress\/start-des-ticketverkaufs-fuer-tour-nach-wiesbaden\/#primaryimage\",\"url\":\"\",\"contentUrl\":\"\"},{\"@type\":\"BreadcrumbList\",\"@id\":\"https:\/\/www.fanprojekt-muenster.de\/wordpress\/start-des-ticketverkaufs-fuer-tour-nach-wiesbaden\/#breadcrumb\",\"itemListElement\":[{\"@type\":\"ListItem\",\"position\":1,\"name\":\"Startseite\",\"item\":\"https:\/\/www.fanprojekt-muenster.de\/wordpress\/\"},{\"@type\":\"ListItem\",\"position\":2,\"name\":\"Start des Ticketverkaufs f\u00fcr Tour nach Wiesbaden\"}]},{\"@type\":\"WebSite\",\"@id\":\"https:\/\/www.fanprojekt-muenster.de\/wordpress\/#website\",\"url\":\"https:\/\/www.fanprojekt-muenster.de\/wordpress\/\",\"name\":\"Fangemeinschaft Preu\u00dfen M\u00fcnster e. V.\",\"description\":\"\",\"publisher\":{\"@id\":\"https:\/\/www.fanprojekt-muenster.de\/wordpress\/#organization\"},\"potentialAction\":[{\"@type\":\"SearchAction\",\"target\":{\"@type\":\"EntryPoint\",\"urlTemplate\":\"https:\/\/www.fanprojekt-muenster.de\/wordpress\/?s={search_term_string}\"},\"query-input\":{\"@type\":\"PropertyValueSpecification\",\"valueRequired\":true,\"valueName\":\"search_term_string\"}}],\"inLanguage\":\"de\"},{\"@type\":\"Organization\",\"@id\":\"https:\/\/www.fanprojekt-muenster.de\/wordpress\/#organization\",\"name\":\"Fangemeinschaft Preu\u00dfen M\u00fcnster e. V.\",\"url\":\"https:\/\/www.fanprojekt-muenster.de\/wordpress\/\",\"logo\":{\"@type\":\"ImageObject\",\"inLanguage\":\"de\",\"@id\":\"https:\/\/www.fanprojekt-muenster.de\/wordpress\/#\/schema\/logo\/image\/\",\"url\":\"https:\/\/www.fanprojekt-muenster.de\/wordpress\/wp-content\/uploads\/2019\/07\/cropped-Website_Logo3-9.png\",\"contentUrl\":\"https:\/\/www.fanprojekt-muenster.de\/wordpress\/wp-content\/uploads\/2019\/07\/cropped-Website_Logo3-9.png\",\"width\":224,\"height\":42,\"caption\":\"Fangemeinschaft Preu\u00dfen M\u00fcnster e. V.\"},\"image\":{\"@id\":\"https:\/\/www.fanprojekt-muenster.de\/wordpress\/#\/schema\/logo\/image\/\"}},{\"@type\":\"Person\",\"@id\":\"https:\/\/www.fanprojekt-muenster.de\/wordpress\/#\/schema\/person\/529d3ee920414da8907f25b585d57a4e\",\"name\":\"Florian\",\"url\":\"https:\/\/www.fanprojekt-muenster.de\/wordpress\/author\/flovoss\/\"}]}<\/script>\n<!-- \/ Yoast SEO plugin. -->","yoast_head_json":{"title":"Start des Ticketverkaufs f\u00fcr Tour nach Wiesbaden - Fangemeinschaft Preu\u00dfen M\u00fcnster e. V.","robots":{"index":"index","follow":"follow","max-snippet":"max-snippet:-1","max-image-preview":"max-image-preview:large","max-video-preview":"max-video-preview:-1"},"canonical":"https:\/\/www.fanprojekt-muenster.de\/wordpress\/start-des-ticketverkaufs-fuer-tour-nach-wiesbaden\/","og_locale":"de_DE","og_type":"article","og_title":"Start des Ticketverkaufs f\u00fcr Tour nach Wiesbaden - Fangemeinschaft Preu\u00dfen M\u00fcnster e. V.","og_description":"Am Samstag, 9 April\u00a02016, startet der Ticket-Verkauf\u00a0f\u00fcr die Fanszene-Geburtstagstour mit dem Schiff nach Wiesbaden am 29. April 2016. Um 12:30 Uhr \u00f6ffnen hierf\u00fcr die ersten beiden Tageskassen am Stadionvorplatz. Das... Read more &raquo;","og_url":"https:\/\/www.fanprojekt-muenster.de\/wordpress\/start-des-ticketverkaufs-fuer-tour-nach-wiesbaden\/","og_site_name":"Fangemeinschaft Preu\u00dfen M\u00fcnster e. V.","article_published_time":"2016-04-07T09:53:51+00:00","author":"Florian","twitter_card":"summary_large_image","twitter_misc":{"Verfasst von":"Florian","Gesch\u00e4tzte Lesezeit":"3\u00a0Minuten"},"schema":{"@context":"https:\/\/schema.org","@graph":[{"@type":"Article","@id":"https:\/\/www.fanprojekt-muenster.de\/wordpress\/start-des-ticketverkaufs-fuer-tour-nach-wiesbaden\/#article","isPartOf":{"@id":"https:\/\/www.fanprojekt-muenster.de\/wordpress\/start-des-ticketverkaufs-fuer-tour-nach-wiesbaden\/"},"author":{"name":"Florian","@id":"https:\/\/www.fanprojekt-muenster.de\/wordpress\/#\/schema\/person\/529d3ee920414da8907f25b585d57a4e"},"headline":"Start des Ticketverkaufs f\u00fcr Tour nach Wiesbaden","datePublished":"2016-04-07T09:53:51+00:00","mainEntityOfPage":{"@id":"https:\/\/www.fanprojekt-muenster.de\/wordpress\/start-des-ticketverkaufs-fuer-tour-nach-wiesbaden\/"},"wordCount":615,"publisher":{"@id":"https:\/\/www.fanprojekt-muenster.de\/wordpress\/#organization"},"image":{"@id":"https:\/\/www.fanprojekt-muenster.de\/wordpress\/start-des-ticketverkaufs-fuer-tour-nach-wiesbaden\/#primaryimage"},"thumbnailUrl":"","keywords":["Ausw\u00e4rtsfahrt","Fanszene","Geburtstagstour","Schiff Ahoi!","Wiesbaden"],"articleSection":{"0":"Aktionen","1":"Aktuelles","3":"Ausw\u00e4rts","4":"Schiff-Geburtstagstour nach Wiesbaden"},"inLanguage":"de"},{"@type":"WebPage","@id":"https:\/\/www.fanprojekt-muenster.de\/wordpress\/start-des-ticketverkaufs-fuer-tour-nach-wiesbaden\/","url":"https:\/\/www.fanprojekt-muenster.de\/wordpress\/start-des-ticketverkaufs-fuer-tour-nach-wiesbaden\/","name":"Start des Ticketverkaufs f\u00fcr Tour nach Wiesbaden - Fangemeinschaft Preu\u00dfen M\u00fcnster e. V.","isPartOf":{"@id":"https:\/\/www.fanprojekt-muenster.de\/wordpress\/#website"},"primaryImageOfPage":{"@id":"https:\/\/www.fanprojekt-muenster.de\/wordpress\/start-des-ticketverkaufs-fuer-tour-nach-wiesbaden\/#primaryimage"},"image":{"@id":"https:\/\/www.fanprojekt-muenster.de\/wordpress\/start-des-ticketverkaufs-fuer-tour-nach-wiesbaden\/#primaryimage"},"thumbnailUrl":"","datePublished":"2016-04-07T09:53:51+00:00","breadcrumb":{"@id":"https:\/\/www.fanprojekt-muenster.de\/wordpress\/start-des-ticketverkaufs-fuer-tour-nach-wiesbaden\/#breadcrumb"},"inLanguage":"de","potentialAction":[{"@type":"ReadAction","target":["https:\/\/www.fanprojekt-muenster.de\/wordpress\/start-des-ticketverkaufs-fuer-tour-nach-wiesbaden\/"]}]},{"@type":"ImageObject","inLanguage":"de","@id":"https:\/\/www.fanprojekt-muenster.de\/wordpress\/start-des-ticketverkaufs-fuer-tour-nach-wiesbaden\/#primaryimage","url":"","contentUrl":""},{"@type":"BreadcrumbList","@id":"https:\/\/www.fanprojekt-muenster.de\/wordpress\/start-des-ticketverkaufs-fuer-tour-nach-wiesbaden\/#breadcrumb","itemListElement":[{"@type":"ListItem","position":1,"name":"Startseite","item":"https:\/\/www.fanprojekt-muenster.de\/wordpress\/"},{"@type":"ListItem","position":2,"name":"Start des Ticketverkaufs f\u00fcr Tour nach Wiesbaden"}]},{"@type":"WebSite","@id":"https:\/\/www.fanprojekt-muenster.de\/wordpress\/#website","url":"https:\/\/www.fanprojekt-muenster.de\/wordpress\/","name":"Fangemeinschaft Preu\u00dfen M\u00fcnster e. V.","description":"","publisher":{"@id":"https:\/\/www.fanprojekt-muenster.de\/wordpress\/#organization"},"potentialAction":[{"@type":"SearchAction","target":{"@type":"EntryPoint","urlTemplate":"https:\/\/www.fanprojekt-muenster.de\/wordpress\/?s={search_term_string}"},"query-input":{"@type":"PropertyValueSpecification","valueRequired":true,"valueName":"search_term_string"}}],"inLanguage":"de"},{"@type":"Organization","@id":"https:\/\/www.fanprojekt-muenster.de\/wordpress\/#organization","name":"Fangemeinschaft Preu\u00dfen M\u00fcnster e. V.","url":"https:\/\/www.fanprojekt-muenster.de\/wordpress\/","logo":{"@type":"ImageObject","inLanguage":"de","@id":"https:\/\/www.fanprojekt-muenster.de\/wordpress\/#\/schema\/logo\/image\/","url":"https:\/\/www.fanprojekt-muenster.de\/wordpress\/wp-content\/uploads\/2019\/07\/cropped-Website_Logo3-9.png","contentUrl":"https:\/\/www.fanprojekt-muenster.de\/wordpress\/wp-content\/uploads\/2019\/07\/cropped-Website_Logo3-9.png","width":224,"height":42,"caption":"Fangemeinschaft Preu\u00dfen M\u00fcnster e. V."},"image":{"@id":"https:\/\/www.fanprojekt-muenster.de\/wordpress\/#\/schema\/logo\/image\/"}},{"@type":"Person","@id":"https:\/\/www.fanprojekt-muenster.de\/wordpress\/#\/schema\/person\/529d3ee920414da8907f25b585d57a4e","name":"Florian","url":"https:\/\/www.fanprojekt-muenster.de\/wordpress\/author\/flovoss\/"}]}},"author_meta":{"display_name":"Florian","author_link":"https:\/\/www.fanprojekt-muenster.de\/wordpress\/author\/flovoss\/"},"featured_img":null,"coauthors":[],"tax_additional":{"categories":{"linked":["<a href=\"https:\/\/www.fanprojekt-muenster.de\/wordpress\/category\/aktionen\/\" class=\"advgb-post-tax-term\">Aktionen<\/a>","<a href=\"https:\/\/www.fanprojekt-muenster.de\/wordpress\/category\/aktuelles\/\" class=\"advgb-post-tax-term\">Aktuelles<\/a>","<a href=\"https:\/\/www.fanprojekt-muenster.de\/wordpress\/category\/allgemein\/\" class=\"advgb-post-tax-term\">Allgemein<\/a>","<a href=\"https:\/\/www.fanprojekt-muenster.de\/wordpress\/category\/auswarts\/\" class=\"advgb-post-tax-term\">Ausw\u00e4rts<\/a>","<a href=\"https:\/\/www.fanprojekt-muenster.de\/wordpress\/category\/auswarts\/schiff-geburtstagstour-nach-wiesbaden\/\" class=\"advgb-post-tax-term\">Schiff-Geburtstagstour nach Wiesbaden<\/a>"],"unlinked":["<span class=\"advgb-post-tax-term\">Aktionen<\/span>","<span class=\"advgb-post-tax-term\">Aktuelles<\/span>","<span class=\"advgb-post-tax-term\">Allgemein<\/span>","<span class=\"advgb-post-tax-term\">Ausw\u00e4rts<\/span>","<span class=\"advgb-post-tax-term\">Schiff-Geburtstagstour nach Wiesbaden<\/span>"]},"tags":{"linked":["<a href=\"https:\/\/www.fanprojekt-muenster.de\/wordpress\/category\/auswarts\/schiff-geburtstagstour-nach-wiesbaden\/\" class=\"advgb-post-tax-term\">Ausw\u00e4rtsfahrt<\/a>","<a href=\"https:\/\/www.fanprojekt-muenster.de\/wordpress\/category\/auswarts\/schiff-geburtstagstour-nach-wiesbaden\/\" class=\"advgb-post-tax-term\">Fanszene<\/a>","<a href=\"https:\/\/www.fanprojekt-muenster.de\/wordpress\/category\/auswarts\/schiff-geburtstagstour-nach-wiesbaden\/\" class=\"advgb-post-tax-term\">Geburtstagstour<\/a>","<a href=\"https:\/\/www.fanprojekt-muenster.de\/wordpress\/category\/auswarts\/schiff-geburtstagstour-nach-wiesbaden\/\" class=\"advgb-post-tax-term\">Schiff Ahoi!<\/a>","<a href=\"https:\/\/www.fanprojekt-muenster.de\/wordpress\/category\/auswarts\/schiff-geburtstagstour-nach-wiesbaden\/\" class=\"advgb-post-tax-term\">Wiesbaden<\/a>"],"unlinked":["<span class=\"advgb-post-tax-term\">Ausw\u00e4rtsfahrt<\/span>","<span class=\"advgb-post-tax-term\">Fanszene<\/span>","<span class=\"advgb-post-tax-term\">Geburtstagstour<\/span>","<span class=\"advgb-post-tax-term\">Schiff Ahoi!<\/span>","<span class=\"advgb-post-tax-term\">Wiesbaden<\/span>"]}},"comment_count":"0","relative_dates":{"created":"Posted 10\u00a0Jahren ago","modified":"Updated 10\u00a0Jahren ago"},"absolute_dates":{"created":"Posted on 7. April 2016","modified":"Updated on 7. April 2016"},"absolute_dates_time":{"created":"Posted on 7. April 2016 11:53","modified":"Updated on 7. April 2016 11:53"},"featured_img_caption":"","series_order":"","_links":{"self":[{"href":"https:\/\/www.fanprojekt-muenster.de\/wordpress\/wp-json\/wp\/v2\/posts\/5255","targetHints":{"allow":["GET"]}}],"collection":[{"href":"https:\/\/www.fanprojekt-muenster.de\/wordpress\/wp-json\/wp\/v2\/posts"}],"about":[{"href":"https:\/\/www.fanprojekt-muenster.de\/wordpress\/wp-json\/wp\/v2\/types\/post"}],"author":[{"embeddable":true,"href":"https:\/\/www.fanprojekt-muenster.de\/wordpress\/wp-json\/wp\/v2\/users\/5"}],"replies":[{"embeddable":true,"href":"https:\/\/www.fanprojekt-muenster.de\/wordpress\/wp-json\/wp\/v2\/comments?post=5255"}],"version-history":[{"count":0,"href":"https:\/\/www.fanprojekt-muenster.de\/wordpress\/wp-json\/wp\/v2\/posts\/5255\/revisions"}],"wp:featuredmedia":[{"embeddable":true,"href":"https:\/\/www.fanprojekt-muenster.de\/wordpress\/wp-json\/"}],"wp:attachment":[{"href":"https:\/\/www.fanprojekt-muenster.de\/wordpress\/wp-json\/wp\/v2\/media?parent=5255"}],"wp:term":[{"taxonomy":"category","embeddable":true,"href":"https:\/\/www.fanprojekt-muenster.de\/wordpress\/wp-json\/wp\/v2\/categories?post=5255"},{"taxonomy":"post_tag","embeddable":true,"href":"https:\/\/www.fanprojekt-muenster.de\/wordpress\/wp-json\/wp\/v2\/tags?post=5255"}],"curies":[{"name":"wp","href":"https:\/\/api.w.org\/{rel}","templated":true}]}}