{"id":5231,"date":"2016-03-24T11:37:36","date_gmt":"2016-03-24T09:37:36","guid":{"rendered":"http:\/\/www.fanprojekt-muenster.de\/wp\/?p=5231"},"modified":"2016-03-24T11:37:36","modified_gmt":"2016-03-24T09:37:36","slug":"fanszene-geburtstagstour-findet-am-29-april-definitiv-statt","status":"publish","type":"post","link":"https:\/\/www.fanprojekt-muenster.de\/wordpress\/fanszene-geburtstagstour-findet-am-29-april-definitiv-statt\/","title":{"rendered":"Fanszene-Geburtstagstour findet am 29. April definitiv statt!"},"content":{"rendered":"<p>Die\u00a0Fanszene-Geburtstagstour mit dem Schiff nach Wiesbaden wird\u00a0nun am 29. April stattfinden. Die Terminierung des Ausw\u00e4rtsspiels durch den DFB auf Freitagabend macht die Verlegung notwendig. Die Abfahrt wird zwischen 9 Uhr und 9:30 Uhr in M\u00fcnster sein. Das bedeutet, dass Ticketinhaber, die weiterhin mitfahren m\u00f6chten ihre Karte <strong>unbedingt umtauschen<\/strong> m\u00fcssen. Es stehen zudem erneut <strong>Karten zum Kauf zur Verf\u00fcgung<\/strong>! Eine <strong>R\u00fcckgabe<\/strong> der Fahrtausweise ist ebenfalls m\u00f6glich.<\/p>\n<p>Konnten wir gestern Mittag noch den Vorverkauf offiziell als beendet erkl\u00e4ren und voller Stolz das Schiff als \u201eausverkauft\u201c vermelden, so wurden wir nur kurze Zeit sp\u00e4ter wieder auf den harten Boden der Tatsachen zur\u00fcckgeholt.\u00a0Pr\u00e4sident Georg informierte uns pers\u00f6nlich, dass das Spiel nicht wie urspr\u00fcnglich geplant am Samstag, sondern bereits am Freitagabend stattfinden wird. Die im Vorfeld offiziell vom Verein beantragte Spielterminierung auf Samstag, 30. April 2016, wurde leider nicht ber\u00fccksichtigt. Auch alle Versuche seitens der Vereinsf\u00fchrung, das Spiel doch noch auf den Samstag zu terminieren, haben nichts genutzt. Unsere gesamte Planung f\u00fcr die Geburtstagstour wurde dank der Spieltagansetzung seitens des DFB \u00fcber den Haufen geworfen.<\/p>\n<p><strong>Das kann doch einen Preu\u00dfen nicht ersch\u00fcttern\u2026<\/strong><\/p>\n<p>Und jetzt? Als Vorstand des\u00a0Fanprojekts haben wir eine einstimmige Entscheidung getroffen. Wir werden die Tour nicht absagen, wir lassen uns unsere Fanszene-Geburtstagstour und den Geburtstag unseres Vereins durch nichts und niemanden vermiesen!<br \/>\nDie Tour\u00a0wird nicht mehr am Samstag, 30. April\u00a02016, stattfinden, sondern nun ebenfalls auf Freitag, 29.\u00a0April\u00a02016 verlegt. Feiern wir halt in den 110. Geburtstag rein.<br \/>\nGewiss stehen jetzt noch einige organisatorisch H\u00fcrden im Weg, diese werden wir allerdings auch noch meistern. Die Tour findet statt, definitiv!<\/p>\n<p><strong>Nachfolgend einige wichtige Informationen:<\/strong><br \/>\n<strong>Abfahrt:<\/strong> Stand heute gehen wir von einer Abfahrt zwischen 9\u00a0Uhr und\u00a09:30 Uhr in\u00a0M\u00fcnster aus.\u00a0Die genauen Abfahrtsorte und -zeiten geben wir noch rechtzeitig bekannt.<br \/>\n<strong>Ticketpreis:<\/strong> Der Ticketpreis bleibt wie gehabt bei 35 EUR, als Fanprojekt Mitglied zahlst Du 30 EUR.<br \/>\n<strong>Ich habe ein Ticket im VVK gekauft, kann am Freitag, 29.\u00a0April, aber nicht mitfahren:<\/strong> Kein Problem, gegen R\u00fcckgabe des Tickets erstatten wir Dir den kompletten Kaufpreis. Hierf\u00fcr werden wir zum kommenden Heimspiel am 9.\u00a0April\u00a0gegen Energie Cottbus eine eigene R\u00fcckgabekasse an den Tageskassen auf dem Stadionvorplatz einrichten.<br \/>\n<strong>Ich habe ein Ticket im VVK gekauft und werde am Freitag, 29. April, mitfahren:<\/strong> Super, das freut uns. Dein aktuelles Ticket hat keine G\u00fcltigkeit mehr, du musst Dein aktuelles Ticket gegen ein neues Ticket eintauschen. Hierf\u00fcr werden wir zum kommenden Heimspiel am 9.\u00a0April\u00a0gegen Energie Cottbus eine eigene Umtauschkasse an den Tageskassen auf dem Stadionvorplatz einrichten.<br \/>\n<strong>Ich habe noch kein Ticket im VVK gekauft und m\u00f6chte am Freitag, 29. April, mitfahren:<\/strong> Du hast Gl\u00fcck, zum kommenden Heimspiel am 9.\u00a0April\u00a0gegen Energie Cottbus werden wir einen VVK anbieten, dieser findet an einem eigenen Schalter an den Tageskassen auf dem Stadionvorplatz statt.<\/p>\n<p>Wir bitten um Euer Verst\u00e4ndnis, dass wir nicht jede Anfrage, die uns nun sicherlich per Mail oder auf anderem Wege erreichen wird, einzeln beantworten k\u00f6nnen. Wir halten Euch aber \u00fcber unsere Homepage auf dem Laufenden. Dar\u00fcber hinaus k\u00f6nnt ihr uns nat\u00fcrlich gerne bei den kommenden Heimspielen am Fanprojekt-Stand ansprechen.<br \/>\nSchiff Ahoi! Jetzt erst Recht!<\/p>\n","protected":false},"excerpt":{"rendered":"<p>Die\u00a0Fanszene-Geburtstagstour mit dem Schiff nach Wiesbaden wird\u00a0nun am 29. April stattfinden. Die Terminierung des Ausw\u00e4rtsspiels durch den DFB auf Freitagabend macht die Verlegung notwendig. Die Abfahrt wird zwischen 9 Uhr&#8230; <a class=\"read-more-link\" href=\"https:\/\/www.fanprojekt-muenster.de\/wordpress\/fanszene-geburtstagstour-findet-am-29-april-definitiv-statt\/\">Read more &raquo;<\/a><\/p>\n","protected":false},"author":5,"featured_media":5235,"comment_status":"closed","ping_status":"closed","sticky":false,"template":"","format":"standard","meta":{"advgb_blocks_editor_width":"","advgb_blocks_columns_visual_guide":"","footnotes":""},"categories":[2,3,1,4,10],"tags":[49,117,131,226,227,299],"class_list":["post-5231","post","type-post","status-publish","format-standard","has-post-thumbnail","hentry","category-aktionen","category-aktuelles","category-allgemein","category-auswarts","category-schiff-geburtstagstour-nach-wiesbaden","tag-auswaertsfahrt","tag-fanszene","tag-geburtstagstour","tag-schiff-ahoi","tag-schiffstour","tag-wiesbaden"],"featured_image_src":null,"author_info":{"display_name":"Florian","author_link":"https:\/\/www.fanprojekt-muenster.de\/wordpress\/author\/flovoss\/"},"yoast_head":"<!-- This site is optimized with the Yoast SEO plugin v27.2 - https:\/\/yoast.com\/product\/yoast-seo-wordpress\/ -->\n<title>Fanszene-Geburtstagstour findet am 29. April definitiv statt! - Fangemeinschaft Preu\u00dfen M\u00fcnster e. V.<\/title>\n<meta name=\"robots\" content=\"index, follow, max-snippet:-1, max-image-preview:large, max-video-preview:-1\" \/>\n<link rel=\"canonical\" href=\"https:\/\/www.fanprojekt-muenster.de\/wordpress\/fanszene-geburtstagstour-findet-am-29-april-definitiv-statt\/\" \/>\n<meta property=\"og:locale\" content=\"de_DE\" \/>\n<meta property=\"og:type\" content=\"article\" \/>\n<meta property=\"og:title\" content=\"Fanszene-Geburtstagstour findet am 29. April definitiv statt! - Fangemeinschaft Preu\u00dfen M\u00fcnster e. V.\" \/>\n<meta property=\"og:description\" content=\"Die\u00a0Fanszene-Geburtstagstour mit dem Schiff nach Wiesbaden wird\u00a0nun am 29. April stattfinden. Die Terminierung des Ausw\u00e4rtsspiels durch den DFB auf Freitagabend macht die Verlegung notwendig. Die Abfahrt wird zwischen 9 Uhr... Read more &raquo;\" \/>\n<meta property=\"og:url\" content=\"https:\/\/www.fanprojekt-muenster.de\/wordpress\/fanszene-geburtstagstour-findet-am-29-april-definitiv-statt\/\" \/>\n<meta property=\"og:site_name\" content=\"Fangemeinschaft Preu\u00dfen M\u00fcnster e. V.\" \/>\n<meta property=\"article:published_time\" content=\"2016-03-24T09:37:36+00:00\" \/>\n<meta name=\"author\" content=\"Florian\" \/>\n<meta name=\"twitter:card\" content=\"summary_large_image\" \/>\n<meta name=\"twitter:label1\" content=\"Verfasst von\" \/>\n\t<meta name=\"twitter:data1\" content=\"Florian\" \/>\n\t<meta name=\"twitter:label2\" content=\"Gesch\u00e4tzte Lesezeit\" \/>\n\t<meta name=\"twitter:data2\" content=\"3\u00a0Minuten\" \/>\n<script type=\"application\/ld+json\" class=\"yoast-schema-graph\">{\"@context\":\"https:\/\/schema.org\",\"@graph\":[{\"@type\":\"Article\",\"@id\":\"https:\/\/www.fanprojekt-muenster.de\/wordpress\/fanszene-geburtstagstour-findet-am-29-april-definitiv-statt\/#article\",\"isPartOf\":{\"@id\":\"https:\/\/www.fanprojekt-muenster.de\/wordpress\/fanszene-geburtstagstour-findet-am-29-april-definitiv-statt\/\"},\"author\":{\"name\":\"Florian\",\"@id\":\"https:\/\/www.fanprojekt-muenster.de\/wordpress\/#\/schema\/person\/529d3ee920414da8907f25b585d57a4e\"},\"headline\":\"Fanszene-Geburtstagstour findet am 29. April definitiv statt!\",\"datePublished\":\"2016-03-24T09:37:36+00:00\",\"mainEntityOfPage\":{\"@id\":\"https:\/\/www.fanprojekt-muenster.de\/wordpress\/fanszene-geburtstagstour-findet-am-29-april-definitiv-statt\/\"},\"wordCount\":532,\"publisher\":{\"@id\":\"https:\/\/www.fanprojekt-muenster.de\/wordpress\/#organization\"},\"image\":{\"@id\":\"https:\/\/www.fanprojekt-muenster.de\/wordpress\/fanszene-geburtstagstour-findet-am-29-april-definitiv-statt\/#primaryimage\"},\"thumbnailUrl\":\"\",\"keywords\":[\"Ausw\u00e4rtsfahrt\",\"Fanszene\",\"Geburtstagstour\",\"Schiff Ahoi!\",\"Schiffstour\",\"Wiesbaden\"],\"articleSection\":{\"0\":\"Aktionen\",\"1\":\"Aktuelles\",\"3\":\"Ausw\u00e4rts\",\"4\":\"Schiff-Geburtstagstour nach Wiesbaden\"},\"inLanguage\":\"de\"},{\"@type\":\"WebPage\",\"@id\":\"https:\/\/www.fanprojekt-muenster.de\/wordpress\/fanszene-geburtstagstour-findet-am-29-april-definitiv-statt\/\",\"url\":\"https:\/\/www.fanprojekt-muenster.de\/wordpress\/fanszene-geburtstagstour-findet-am-29-april-definitiv-statt\/\",\"name\":\"Fanszene-Geburtstagstour findet am 29. April definitiv statt! - Fangemeinschaft Preu\u00dfen M\u00fcnster e. V.\",\"isPartOf\":{\"@id\":\"https:\/\/www.fanprojekt-muenster.de\/wordpress\/#website\"},\"primaryImageOfPage\":{\"@id\":\"https:\/\/www.fanprojekt-muenster.de\/wordpress\/fanszene-geburtstagstour-findet-am-29-april-definitiv-statt\/#primaryimage\"},\"image\":{\"@id\":\"https:\/\/www.fanprojekt-muenster.de\/wordpress\/fanszene-geburtstagstour-findet-am-29-april-definitiv-statt\/#primaryimage\"},\"thumbnailUrl\":\"\",\"datePublished\":\"2016-03-24T09:37:36+00:00\",\"breadcrumb\":{\"@id\":\"https:\/\/www.fanprojekt-muenster.de\/wordpress\/fanszene-geburtstagstour-findet-am-29-april-definitiv-statt\/#breadcrumb\"},\"inLanguage\":\"de\",\"potentialAction\":[{\"@type\":\"ReadAction\",\"target\":[\"https:\/\/www.fanprojekt-muenster.de\/wordpress\/fanszene-geburtstagstour-findet-am-29-april-definitiv-statt\/\"]}]},{\"@type\":\"ImageObject\",\"inLanguage\":\"de\",\"@id\":\"https:\/\/www.fanprojekt-muenster.de\/wordpress\/fanszene-geburtstagstour-findet-am-29-april-definitiv-statt\/#primaryimage\",\"url\":\"\",\"contentUrl\":\"\"},{\"@type\":\"BreadcrumbList\",\"@id\":\"https:\/\/www.fanprojekt-muenster.de\/wordpress\/fanszene-geburtstagstour-findet-am-29-april-definitiv-statt\/#breadcrumb\",\"itemListElement\":[{\"@type\":\"ListItem\",\"position\":1,\"name\":\"Startseite\",\"item\":\"https:\/\/www.fanprojekt-muenster.de\/wordpress\/\"},{\"@type\":\"ListItem\",\"position\":2,\"name\":\"Fanszene-Geburtstagstour findet am 29. April definitiv statt!\"}]},{\"@type\":\"WebSite\",\"@id\":\"https:\/\/www.fanprojekt-muenster.de\/wordpress\/#website\",\"url\":\"https:\/\/www.fanprojekt-muenster.de\/wordpress\/\",\"name\":\"Fangemeinschaft Preu\u00dfen M\u00fcnster e. V.\",\"description\":\"\",\"publisher\":{\"@id\":\"https:\/\/www.fanprojekt-muenster.de\/wordpress\/#organization\"},\"potentialAction\":[{\"@type\":\"SearchAction\",\"target\":{\"@type\":\"EntryPoint\",\"urlTemplate\":\"https:\/\/www.fanprojekt-muenster.de\/wordpress\/?s={search_term_string}\"},\"query-input\":{\"@type\":\"PropertyValueSpecification\",\"valueRequired\":true,\"valueName\":\"search_term_string\"}}],\"inLanguage\":\"de\"},{\"@type\":\"Organization\",\"@id\":\"https:\/\/www.fanprojekt-muenster.de\/wordpress\/#organization\",\"name\":\"Fangemeinschaft Preu\u00dfen M\u00fcnster e. V.\",\"url\":\"https:\/\/www.fanprojekt-muenster.de\/wordpress\/\",\"logo\":{\"@type\":\"ImageObject\",\"inLanguage\":\"de\",\"@id\":\"https:\/\/www.fanprojekt-muenster.de\/wordpress\/#\/schema\/logo\/image\/\",\"url\":\"https:\/\/www.fanprojekt-muenster.de\/wordpress\/wp-content\/uploads\/2019\/07\/cropped-Website_Logo3-9.png\",\"contentUrl\":\"https:\/\/www.fanprojekt-muenster.de\/wordpress\/wp-content\/uploads\/2019\/07\/cropped-Website_Logo3-9.png\",\"width\":224,\"height\":42,\"caption\":\"Fangemeinschaft Preu\u00dfen M\u00fcnster e. V.\"},\"image\":{\"@id\":\"https:\/\/www.fanprojekt-muenster.de\/wordpress\/#\/schema\/logo\/image\/\"}},{\"@type\":\"Person\",\"@id\":\"https:\/\/www.fanprojekt-muenster.de\/wordpress\/#\/schema\/person\/529d3ee920414da8907f25b585d57a4e\",\"name\":\"Florian\",\"url\":\"https:\/\/www.fanprojekt-muenster.de\/wordpress\/author\/flovoss\/\"}]}<\/script>\n<!-- \/ Yoast SEO plugin. -->","yoast_head_json":{"title":"Fanszene-Geburtstagstour findet am 29. April definitiv statt! - Fangemeinschaft Preu\u00dfen M\u00fcnster e. V.","robots":{"index":"index","follow":"follow","max-snippet":"max-snippet:-1","max-image-preview":"max-image-preview:large","max-video-preview":"max-video-preview:-1"},"canonical":"https:\/\/www.fanprojekt-muenster.de\/wordpress\/fanszene-geburtstagstour-findet-am-29-april-definitiv-statt\/","og_locale":"de_DE","og_type":"article","og_title":"Fanszene-Geburtstagstour findet am 29. April definitiv statt! - Fangemeinschaft Preu\u00dfen M\u00fcnster e. V.","og_description":"Die\u00a0Fanszene-Geburtstagstour mit dem Schiff nach Wiesbaden wird\u00a0nun am 29. April stattfinden. Die Terminierung des Ausw\u00e4rtsspiels durch den DFB auf Freitagabend macht die Verlegung notwendig. Die Abfahrt wird zwischen 9 Uhr... Read more &raquo;","og_url":"https:\/\/www.fanprojekt-muenster.de\/wordpress\/fanszene-geburtstagstour-findet-am-29-april-definitiv-statt\/","og_site_name":"Fangemeinschaft Preu\u00dfen M\u00fcnster e. V.","article_published_time":"2016-03-24T09:37:36+00:00","author":"Florian","twitter_card":"summary_large_image","twitter_misc":{"Verfasst von":"Florian","Gesch\u00e4tzte Lesezeit":"3\u00a0Minuten"},"schema":{"@context":"https:\/\/schema.org","@graph":[{"@type":"Article","@id":"https:\/\/www.fanprojekt-muenster.de\/wordpress\/fanszene-geburtstagstour-findet-am-29-april-definitiv-statt\/#article","isPartOf":{"@id":"https:\/\/www.fanprojekt-muenster.de\/wordpress\/fanszene-geburtstagstour-findet-am-29-april-definitiv-statt\/"},"author":{"name":"Florian","@id":"https:\/\/www.fanprojekt-muenster.de\/wordpress\/#\/schema\/person\/529d3ee920414da8907f25b585d57a4e"},"headline":"Fanszene-Geburtstagstour findet am 29. April definitiv statt!","datePublished":"2016-03-24T09:37:36+00:00","mainEntityOfPage":{"@id":"https:\/\/www.fanprojekt-muenster.de\/wordpress\/fanszene-geburtstagstour-findet-am-29-april-definitiv-statt\/"},"wordCount":532,"publisher":{"@id":"https:\/\/www.fanprojekt-muenster.de\/wordpress\/#organization"},"image":{"@id":"https:\/\/www.fanprojekt-muenster.de\/wordpress\/fanszene-geburtstagstour-findet-am-29-april-definitiv-statt\/#primaryimage"},"thumbnailUrl":"","keywords":["Ausw\u00e4rtsfahrt","Fanszene","Geburtstagstour","Schiff Ahoi!","Schiffstour","Wiesbaden"],"articleSection":{"0":"Aktionen","1":"Aktuelles","3":"Ausw\u00e4rts","4":"Schiff-Geburtstagstour nach Wiesbaden"},"inLanguage":"de"},{"@type":"WebPage","@id":"https:\/\/www.fanprojekt-muenster.de\/wordpress\/fanszene-geburtstagstour-findet-am-29-april-definitiv-statt\/","url":"https:\/\/www.fanprojekt-muenster.de\/wordpress\/fanszene-geburtstagstour-findet-am-29-april-definitiv-statt\/","name":"Fanszene-Geburtstagstour findet am 29. April definitiv statt! - Fangemeinschaft Preu\u00dfen M\u00fcnster e. V.","isPartOf":{"@id":"https:\/\/www.fanprojekt-muenster.de\/wordpress\/#website"},"primaryImageOfPage":{"@id":"https:\/\/www.fanprojekt-muenster.de\/wordpress\/fanszene-geburtstagstour-findet-am-29-april-definitiv-statt\/#primaryimage"},"image":{"@id":"https:\/\/www.fanprojekt-muenster.de\/wordpress\/fanszene-geburtstagstour-findet-am-29-april-definitiv-statt\/#primaryimage"},"thumbnailUrl":"","datePublished":"2016-03-24T09:37:36+00:00","breadcrumb":{"@id":"https:\/\/www.fanprojekt-muenster.de\/wordpress\/fanszene-geburtstagstour-findet-am-29-april-definitiv-statt\/#breadcrumb"},"inLanguage":"de","potentialAction":[{"@type":"ReadAction","target":["https:\/\/www.fanprojekt-muenster.de\/wordpress\/fanszene-geburtstagstour-findet-am-29-april-definitiv-statt\/"]}]},{"@type":"ImageObject","inLanguage":"de","@id":"https:\/\/www.fanprojekt-muenster.de\/wordpress\/fanszene-geburtstagstour-findet-am-29-april-definitiv-statt\/#primaryimage","url":"","contentUrl":""},{"@type":"BreadcrumbList","@id":"https:\/\/www.fanprojekt-muenster.de\/wordpress\/fanszene-geburtstagstour-findet-am-29-april-definitiv-statt\/#breadcrumb","itemListElement":[{"@type":"ListItem","position":1,"name":"Startseite","item":"https:\/\/www.fanprojekt-muenster.de\/wordpress\/"},{"@type":"ListItem","position":2,"name":"Fanszene-Geburtstagstour findet am 29. April definitiv statt!"}]},{"@type":"WebSite","@id":"https:\/\/www.fanprojekt-muenster.de\/wordpress\/#website","url":"https:\/\/www.fanprojekt-muenster.de\/wordpress\/","name":"Fangemeinschaft Preu\u00dfen M\u00fcnster e. V.","description":"","publisher":{"@id":"https:\/\/www.fanprojekt-muenster.de\/wordpress\/#organization"},"potentialAction":[{"@type":"SearchAction","target":{"@type":"EntryPoint","urlTemplate":"https:\/\/www.fanprojekt-muenster.de\/wordpress\/?s={search_term_string}"},"query-input":{"@type":"PropertyValueSpecification","valueRequired":true,"valueName":"search_term_string"}}],"inLanguage":"de"},{"@type":"Organization","@id":"https:\/\/www.fanprojekt-muenster.de\/wordpress\/#organization","name":"Fangemeinschaft Preu\u00dfen M\u00fcnster e. V.","url":"https:\/\/www.fanprojekt-muenster.de\/wordpress\/","logo":{"@type":"ImageObject","inLanguage":"de","@id":"https:\/\/www.fanprojekt-muenster.de\/wordpress\/#\/schema\/logo\/image\/","url":"https:\/\/www.fanprojekt-muenster.de\/wordpress\/wp-content\/uploads\/2019\/07\/cropped-Website_Logo3-9.png","contentUrl":"https:\/\/www.fanprojekt-muenster.de\/wordpress\/wp-content\/uploads\/2019\/07\/cropped-Website_Logo3-9.png","width":224,"height":42,"caption":"Fangemeinschaft Preu\u00dfen M\u00fcnster e. V."},"image":{"@id":"https:\/\/www.fanprojekt-muenster.de\/wordpress\/#\/schema\/logo\/image\/"}},{"@type":"Person","@id":"https:\/\/www.fanprojekt-muenster.de\/wordpress\/#\/schema\/person\/529d3ee920414da8907f25b585d57a4e","name":"Florian","url":"https:\/\/www.fanprojekt-muenster.de\/wordpress\/author\/flovoss\/"}]}},"author_meta":{"display_name":"Florian","author_link":"https:\/\/www.fanprojekt-muenster.de\/wordpress\/author\/flovoss\/"},"featured_img":null,"coauthors":[],"tax_additional":{"categories":{"linked":["<a href=\"https:\/\/www.fanprojekt-muenster.de\/wordpress\/category\/aktionen\/\" class=\"advgb-post-tax-term\">Aktionen<\/a>","<a href=\"https:\/\/www.fanprojekt-muenster.de\/wordpress\/category\/aktuelles\/\" class=\"advgb-post-tax-term\">Aktuelles<\/a>","<a href=\"https:\/\/www.fanprojekt-muenster.de\/wordpress\/category\/allgemein\/\" class=\"advgb-post-tax-term\">Allgemein<\/a>","<a href=\"https:\/\/www.fanprojekt-muenster.de\/wordpress\/category\/auswarts\/\" class=\"advgb-post-tax-term\">Ausw\u00e4rts<\/a>","<a href=\"https:\/\/www.fanprojekt-muenster.de\/wordpress\/category\/auswarts\/schiff-geburtstagstour-nach-wiesbaden\/\" class=\"advgb-post-tax-term\">Schiff-Geburtstagstour nach Wiesbaden<\/a>"],"unlinked":["<span class=\"advgb-post-tax-term\">Aktionen<\/span>","<span class=\"advgb-post-tax-term\">Aktuelles<\/span>","<span class=\"advgb-post-tax-term\">Allgemein<\/span>","<span class=\"advgb-post-tax-term\">Ausw\u00e4rts<\/span>","<span class=\"advgb-post-tax-term\">Schiff-Geburtstagstour nach Wiesbaden<\/span>"]},"tags":{"linked":["<a href=\"https:\/\/www.fanprojekt-muenster.de\/wordpress\/category\/auswarts\/schiff-geburtstagstour-nach-wiesbaden\/\" class=\"advgb-post-tax-term\">Ausw\u00e4rtsfahrt<\/a>","<a href=\"https:\/\/www.fanprojekt-muenster.de\/wordpress\/category\/auswarts\/schiff-geburtstagstour-nach-wiesbaden\/\" class=\"advgb-post-tax-term\">Fanszene<\/a>","<a href=\"https:\/\/www.fanprojekt-muenster.de\/wordpress\/category\/auswarts\/schiff-geburtstagstour-nach-wiesbaden\/\" class=\"advgb-post-tax-term\">Geburtstagstour<\/a>","<a href=\"https:\/\/www.fanprojekt-muenster.de\/wordpress\/category\/auswarts\/schiff-geburtstagstour-nach-wiesbaden\/\" class=\"advgb-post-tax-term\">Schiff Ahoi!<\/a>","<a href=\"https:\/\/www.fanprojekt-muenster.de\/wordpress\/category\/auswarts\/schiff-geburtstagstour-nach-wiesbaden\/\" class=\"advgb-post-tax-term\">Schiffstour<\/a>","<a href=\"https:\/\/www.fanprojekt-muenster.de\/wordpress\/category\/auswarts\/schiff-geburtstagstour-nach-wiesbaden\/\" class=\"advgb-post-tax-term\">Wiesbaden<\/a>"],"unlinked":["<span class=\"advgb-post-tax-term\">Ausw\u00e4rtsfahrt<\/span>","<span class=\"advgb-post-tax-term\">Fanszene<\/span>","<span class=\"advgb-post-tax-term\">Geburtstagstour<\/span>","<span class=\"advgb-post-tax-term\">Schiff Ahoi!<\/span>","<span class=\"advgb-post-tax-term\">Schiffstour<\/span>","<span class=\"advgb-post-tax-term\">Wiesbaden<\/span>"]}},"comment_count":"0","relative_dates":{"created":"Posted 10\u00a0Jahren ago","modified":"Updated 10\u00a0Jahren ago"},"absolute_dates":{"created":"Posted on 24. M\u00e4rz 2016","modified":"Updated on 24. M\u00e4rz 2016"},"absolute_dates_time":{"created":"Posted on 24. M\u00e4rz 2016 11:37","modified":"Updated on 24. M\u00e4rz 2016 11:37"},"featured_img_caption":"","series_order":"","_links":{"self":[{"href":"https:\/\/www.fanprojekt-muenster.de\/wordpress\/wp-json\/wp\/v2\/posts\/5231","targetHints":{"allow":["GET"]}}],"collection":[{"href":"https:\/\/www.fanprojekt-muenster.de\/wordpress\/wp-json\/wp\/v2\/posts"}],"about":[{"href":"https:\/\/www.fanprojekt-muenster.de\/wordpress\/wp-json\/wp\/v2\/types\/post"}],"author":[{"embeddable":true,"href":"https:\/\/www.fanprojekt-muenster.de\/wordpress\/wp-json\/wp\/v2\/users\/5"}],"replies":[{"embeddable":true,"href":"https:\/\/www.fanprojekt-muenster.de\/wordpress\/wp-json\/wp\/v2\/comments?post=5231"}],"version-history":[{"count":0,"href":"https:\/\/www.fanprojekt-muenster.de\/wordpress\/wp-json\/wp\/v2\/posts\/5231\/revisions"}],"wp:featuredmedia":[{"embeddable":true,"href":"https:\/\/www.fanprojekt-muenster.de\/wordpress\/wp-json\/"}],"wp:attachment":[{"href":"https:\/\/www.fanprojekt-muenster.de\/wordpress\/wp-json\/wp\/v2\/media?parent=5231"}],"wp:term":[{"taxonomy":"category","embeddable":true,"href":"https:\/\/www.fanprojekt-muenster.de\/wordpress\/wp-json\/wp\/v2\/categories?post=5231"},{"taxonomy":"post_tag","embeddable":true,"href":"https:\/\/www.fanprojekt-muenster.de\/wordpress\/wp-json\/wp\/v2\/tags?post=5231"}],"curies":[{"name":"wp","href":"https:\/\/api.w.org\/{rel}","templated":true}]}}