{"id":5228,"date":"2016-03-23T15:22:38","date_gmt":"2016-03-23T13:22:38","guid":{"rendered":"http:\/\/www.fanprojekt-muenster.de\/wp\/?p=5228"},"modified":"2016-03-23T15:22:38","modified_gmt":"2016-03-23T13:22:38","slug":"fanport-und-fanprojekt-beteiligten-sich-an-aktion-sauberes-muenster","status":"publish","type":"post","link":"https:\/\/www.fanprojekt-muenster.de\/wordpress\/fanport-und-fanprojekt-beteiligten-sich-an-aktion-sauberes-muenster\/","title":{"rendered":"FANport und Fanprojekt beteiligten sich an &#8222;Aktion Sauberes M\u00fcnster&#8220;"},"content":{"rendered":"<p>Rund 20 Preu\u00dfen-Fans waren am vergangenen Freitag im Rahmen der AWM-Aktion \u201eSauberes M\u00fcnster\u201c rund um das Preu\u00dfenstadion aktiv. Von 16 bis 18 Uhr sorgten die flei\u00dfigen Anh\u00e4ngerinnen und Anh\u00e4nger des SCP an der Hammer Stra\u00dfe sowie am Berg Fidel f\u00fcr mehr Sauberkeit.<\/p>\n<p>Das Fanprojekt Preu\u00dfen M\u00fcnster e.V. lud gemeinsam mit dem FANport M\u00fcnster interessierte Fans der Preu\u00dfen hierzu ein. Im Anschluss an die Aktion gab es an der Fan-Anlaufstelle &#8222;FANport&#8220; eine kleine Belohnung in Form eines gem\u00fctlichen Beisammenseins am Grill mit Getr\u00e4nken.<\/p>\n<p>2015 sammelten im Rahmen der \u201eAktion Sauberes M\u00fcnster\u201c \u00fcber 11.000 Freiwillige 34 Tonnen M\u00fcll ein. Die Aktion hat sich in den vergangenen Jahren zu einer festen Gr\u00f6\u00dfe im Jahreskalender entwickelt. Die AWM unterst\u00fctzen das Gro\u00dfreinemachen, indem sie jedes Mal tausende von M\u00fcllzangen, Abfalls\u00e4cken und Handschuhen zur Verf\u00fcgung stellen und die Logistik schultern.<\/p>\n","protected":false},"excerpt":{"rendered":"<p>Rund 20 Preu\u00dfen-Fans waren am vergangenen Freitag im Rahmen der AWM-Aktion \u201eSauberes M\u00fcnster\u201c rund um das Preu\u00dfenstadion aktiv. Von 16 bis 18 Uhr sorgten die flei\u00dfigen Anh\u00e4ngerinnen und Anh\u00e4nger des&#8230; <a class=\"read-more-link\" href=\"https:\/\/www.fanprojekt-muenster.de\/wordpress\/fanport-und-fanprojekt-beteiligten-sich-an-aktion-sauberes-muenster\/\">Read more &raquo;<\/a><\/p>\n","protected":false},"author":5,"featured_media":5229,"comment_status":"closed","ping_status":"closed","sticky":false,"template":"","format":"standard","meta":{"advgb_blocks_editor_width":"","advgb_blocks_columns_visual_guide":"","footnotes":""},"categories":[2,3,1],"tags":[37,115,197,222],"class_list":["post-5228","post","type-post","status-publish","format-standard","has-post-thumbnail","hentry","category-aktionen","category-aktuelles","category-allgemein","tag-aktion","tag-fans","tag-preussenstadion","tag-sauberes-muenster"],"featured_image_src":null,"author_info":{"display_name":"Florian","author_link":"https:\/\/www.fanprojekt-muenster.de\/wordpress\/author\/flovoss\/"},"yoast_head":"<!-- This site is optimized with the Yoast SEO plugin v27.2 - https:\/\/yoast.com\/product\/yoast-seo-wordpress\/ -->\n<title>FANport und Fanprojekt beteiligten sich an &quot;Aktion Sauberes M\u00fcnster&quot; - Fangemeinschaft Preu\u00dfen M\u00fcnster e. V.<\/title>\n<meta name=\"robots\" content=\"index, follow, max-snippet:-1, max-image-preview:large, max-video-preview:-1\" \/>\n<link rel=\"canonical\" href=\"https:\/\/www.fanprojekt-muenster.de\/wordpress\/fanport-und-fanprojekt-beteiligten-sich-an-aktion-sauberes-muenster\/\" \/>\n<meta property=\"og:locale\" content=\"de_DE\" \/>\n<meta property=\"og:type\" content=\"article\" \/>\n<meta property=\"og:title\" content=\"FANport und Fanprojekt beteiligten sich an &quot;Aktion Sauberes M\u00fcnster&quot; - Fangemeinschaft Preu\u00dfen M\u00fcnster e. V.\" \/>\n<meta property=\"og:description\" content=\"Rund 20 Preu\u00dfen-Fans waren am vergangenen Freitag im Rahmen der AWM-Aktion \u201eSauberes M\u00fcnster\u201c rund um das Preu\u00dfenstadion aktiv. Von 16 bis 18 Uhr sorgten die flei\u00dfigen Anh\u00e4ngerinnen und Anh\u00e4nger des... Read more &raquo;\" \/>\n<meta property=\"og:url\" content=\"https:\/\/www.fanprojekt-muenster.de\/wordpress\/fanport-und-fanprojekt-beteiligten-sich-an-aktion-sauberes-muenster\/\" \/>\n<meta property=\"og:site_name\" content=\"Fangemeinschaft Preu\u00dfen M\u00fcnster e. V.\" \/>\n<meta property=\"article:published_time\" content=\"2016-03-23T13:22:38+00:00\" \/>\n<meta name=\"author\" content=\"Florian\" \/>\n<meta name=\"twitter:card\" content=\"summary_large_image\" \/>\n<meta name=\"twitter:label1\" content=\"Verfasst von\" \/>\n\t<meta name=\"twitter:data1\" content=\"Florian\" \/>\n\t<meta name=\"twitter:label2\" content=\"Gesch\u00e4tzte Lesezeit\" \/>\n\t<meta name=\"twitter:data2\" content=\"1\u00a0Minute\" \/>\n<script type=\"application\/ld+json\" class=\"yoast-schema-graph\">{\"@context\":\"https:\/\/schema.org\",\"@graph\":[{\"@type\":\"Article\",\"@id\":\"https:\/\/www.fanprojekt-muenster.de\/wordpress\/fanport-und-fanprojekt-beteiligten-sich-an-aktion-sauberes-muenster\/#article\",\"isPartOf\":{\"@id\":\"https:\/\/www.fanprojekt-muenster.de\/wordpress\/fanport-und-fanprojekt-beteiligten-sich-an-aktion-sauberes-muenster\/\"},\"author\":{\"name\":\"Florian\",\"@id\":\"https:\/\/www.fanprojekt-muenster.de\/wordpress\/#\/schema\/person\/529d3ee920414da8907f25b585d57a4e\"},\"headline\":\"FANport und Fanprojekt beteiligten sich an &#8222;Aktion Sauberes M\u00fcnster&#8220;\",\"datePublished\":\"2016-03-23T13:22:38+00:00\",\"mainEntityOfPage\":{\"@id\":\"https:\/\/www.fanprojekt-muenster.de\/wordpress\/fanport-und-fanprojekt-beteiligten-sich-an-aktion-sauberes-muenster\/\"},\"wordCount\":161,\"publisher\":{\"@id\":\"https:\/\/www.fanprojekt-muenster.de\/wordpress\/#organization\"},\"image\":{\"@id\":\"https:\/\/www.fanprojekt-muenster.de\/wordpress\/fanport-und-fanprojekt-beteiligten-sich-an-aktion-sauberes-muenster\/#primaryimage\"},\"thumbnailUrl\":\"\",\"keywords\":[\"Aktion\",\"Fans\",\"Preu\u00dfenstadion\",\"Sauberes M\u00fcnster\"],\"articleSection\":[\"Aktionen\",\"Aktuelles\"],\"inLanguage\":\"de\"},{\"@type\":\"WebPage\",\"@id\":\"https:\/\/www.fanprojekt-muenster.de\/wordpress\/fanport-und-fanprojekt-beteiligten-sich-an-aktion-sauberes-muenster\/\",\"url\":\"https:\/\/www.fanprojekt-muenster.de\/wordpress\/fanport-und-fanprojekt-beteiligten-sich-an-aktion-sauberes-muenster\/\",\"name\":\"FANport und Fanprojekt beteiligten sich an \\\"Aktion Sauberes M\u00fcnster\\\" - Fangemeinschaft Preu\u00dfen M\u00fcnster e. V.\",\"isPartOf\":{\"@id\":\"https:\/\/www.fanprojekt-muenster.de\/wordpress\/#website\"},\"primaryImageOfPage\":{\"@id\":\"https:\/\/www.fanprojekt-muenster.de\/wordpress\/fanport-und-fanprojekt-beteiligten-sich-an-aktion-sauberes-muenster\/#primaryimage\"},\"image\":{\"@id\":\"https:\/\/www.fanprojekt-muenster.de\/wordpress\/fanport-und-fanprojekt-beteiligten-sich-an-aktion-sauberes-muenster\/#primaryimage\"},\"thumbnailUrl\":\"\",\"datePublished\":\"2016-03-23T13:22:38+00:00\",\"breadcrumb\":{\"@id\":\"https:\/\/www.fanprojekt-muenster.de\/wordpress\/fanport-und-fanprojekt-beteiligten-sich-an-aktion-sauberes-muenster\/#breadcrumb\"},\"inLanguage\":\"de\",\"potentialAction\":[{\"@type\":\"ReadAction\",\"target\":[\"https:\/\/www.fanprojekt-muenster.de\/wordpress\/fanport-und-fanprojekt-beteiligten-sich-an-aktion-sauberes-muenster\/\"]}]},{\"@type\":\"ImageObject\",\"inLanguage\":\"de\",\"@id\":\"https:\/\/www.fanprojekt-muenster.de\/wordpress\/fanport-und-fanprojekt-beteiligten-sich-an-aktion-sauberes-muenster\/#primaryimage\",\"url\":\"\",\"contentUrl\":\"\"},{\"@type\":\"BreadcrumbList\",\"@id\":\"https:\/\/www.fanprojekt-muenster.de\/wordpress\/fanport-und-fanprojekt-beteiligten-sich-an-aktion-sauberes-muenster\/#breadcrumb\",\"itemListElement\":[{\"@type\":\"ListItem\",\"position\":1,\"name\":\"Startseite\",\"item\":\"https:\/\/www.fanprojekt-muenster.de\/wordpress\/\"},{\"@type\":\"ListItem\",\"position\":2,\"name\":\"FANport und Fanprojekt beteiligten sich an &#8222;Aktion Sauberes M\u00fcnster&#8220;\"}]},{\"@type\":\"WebSite\",\"@id\":\"https:\/\/www.fanprojekt-muenster.de\/wordpress\/#website\",\"url\":\"https:\/\/www.fanprojekt-muenster.de\/wordpress\/\",\"name\":\"Fangemeinschaft Preu\u00dfen M\u00fcnster e. V.\",\"description\":\"\",\"publisher\":{\"@id\":\"https:\/\/www.fanprojekt-muenster.de\/wordpress\/#organization\"},\"potentialAction\":[{\"@type\":\"SearchAction\",\"target\":{\"@type\":\"EntryPoint\",\"urlTemplate\":\"https:\/\/www.fanprojekt-muenster.de\/wordpress\/?s={search_term_string}\"},\"query-input\":{\"@type\":\"PropertyValueSpecification\",\"valueRequired\":true,\"valueName\":\"search_term_string\"}}],\"inLanguage\":\"de\"},{\"@type\":\"Organization\",\"@id\":\"https:\/\/www.fanprojekt-muenster.de\/wordpress\/#organization\",\"name\":\"Fangemeinschaft Preu\u00dfen M\u00fcnster e. V.\",\"url\":\"https:\/\/www.fanprojekt-muenster.de\/wordpress\/\",\"logo\":{\"@type\":\"ImageObject\",\"inLanguage\":\"de\",\"@id\":\"https:\/\/www.fanprojekt-muenster.de\/wordpress\/#\/schema\/logo\/image\/\",\"url\":\"https:\/\/www.fanprojekt-muenster.de\/wordpress\/wp-content\/uploads\/2019\/07\/cropped-Website_Logo3-9.png\",\"contentUrl\":\"https:\/\/www.fanprojekt-muenster.de\/wordpress\/wp-content\/uploads\/2019\/07\/cropped-Website_Logo3-9.png\",\"width\":224,\"height\":42,\"caption\":\"Fangemeinschaft Preu\u00dfen M\u00fcnster e. V.\"},\"image\":{\"@id\":\"https:\/\/www.fanprojekt-muenster.de\/wordpress\/#\/schema\/logo\/image\/\"}},{\"@type\":\"Person\",\"@id\":\"https:\/\/www.fanprojekt-muenster.de\/wordpress\/#\/schema\/person\/529d3ee920414da8907f25b585d57a4e\",\"name\":\"Florian\",\"url\":\"https:\/\/www.fanprojekt-muenster.de\/wordpress\/author\/flovoss\/\"}]}<\/script>\n<!-- \/ Yoast SEO plugin. -->","yoast_head_json":{"title":"FANport und Fanprojekt beteiligten sich an \"Aktion Sauberes M\u00fcnster\" - Fangemeinschaft Preu\u00dfen M\u00fcnster e. V.","robots":{"index":"index","follow":"follow","max-snippet":"max-snippet:-1","max-image-preview":"max-image-preview:large","max-video-preview":"max-video-preview:-1"},"canonical":"https:\/\/www.fanprojekt-muenster.de\/wordpress\/fanport-und-fanprojekt-beteiligten-sich-an-aktion-sauberes-muenster\/","og_locale":"de_DE","og_type":"article","og_title":"FANport und Fanprojekt beteiligten sich an \"Aktion Sauberes M\u00fcnster\" - Fangemeinschaft Preu\u00dfen M\u00fcnster e. V.","og_description":"Rund 20 Preu\u00dfen-Fans waren am vergangenen Freitag im Rahmen der AWM-Aktion \u201eSauberes M\u00fcnster\u201c rund um das Preu\u00dfenstadion aktiv. Von 16 bis 18 Uhr sorgten die flei\u00dfigen Anh\u00e4ngerinnen und Anh\u00e4nger des... Read more &raquo;","og_url":"https:\/\/www.fanprojekt-muenster.de\/wordpress\/fanport-und-fanprojekt-beteiligten-sich-an-aktion-sauberes-muenster\/","og_site_name":"Fangemeinschaft Preu\u00dfen M\u00fcnster e. V.","article_published_time":"2016-03-23T13:22:38+00:00","author":"Florian","twitter_card":"summary_large_image","twitter_misc":{"Verfasst von":"Florian","Gesch\u00e4tzte Lesezeit":"1\u00a0Minute"},"schema":{"@context":"https:\/\/schema.org","@graph":[{"@type":"Article","@id":"https:\/\/www.fanprojekt-muenster.de\/wordpress\/fanport-und-fanprojekt-beteiligten-sich-an-aktion-sauberes-muenster\/#article","isPartOf":{"@id":"https:\/\/www.fanprojekt-muenster.de\/wordpress\/fanport-und-fanprojekt-beteiligten-sich-an-aktion-sauberes-muenster\/"},"author":{"name":"Florian","@id":"https:\/\/www.fanprojekt-muenster.de\/wordpress\/#\/schema\/person\/529d3ee920414da8907f25b585d57a4e"},"headline":"FANport und Fanprojekt beteiligten sich an &#8222;Aktion Sauberes M\u00fcnster&#8220;","datePublished":"2016-03-23T13:22:38+00:00","mainEntityOfPage":{"@id":"https:\/\/www.fanprojekt-muenster.de\/wordpress\/fanport-und-fanprojekt-beteiligten-sich-an-aktion-sauberes-muenster\/"},"wordCount":161,"publisher":{"@id":"https:\/\/www.fanprojekt-muenster.de\/wordpress\/#organization"},"image":{"@id":"https:\/\/www.fanprojekt-muenster.de\/wordpress\/fanport-und-fanprojekt-beteiligten-sich-an-aktion-sauberes-muenster\/#primaryimage"},"thumbnailUrl":"","keywords":["Aktion","Fans","Preu\u00dfenstadion","Sauberes M\u00fcnster"],"articleSection":["Aktionen","Aktuelles"],"inLanguage":"de"},{"@type":"WebPage","@id":"https:\/\/www.fanprojekt-muenster.de\/wordpress\/fanport-und-fanprojekt-beteiligten-sich-an-aktion-sauberes-muenster\/","url":"https:\/\/www.fanprojekt-muenster.de\/wordpress\/fanport-und-fanprojekt-beteiligten-sich-an-aktion-sauberes-muenster\/","name":"FANport und Fanprojekt beteiligten sich an \"Aktion Sauberes M\u00fcnster\" - Fangemeinschaft Preu\u00dfen M\u00fcnster e. V.","isPartOf":{"@id":"https:\/\/www.fanprojekt-muenster.de\/wordpress\/#website"},"primaryImageOfPage":{"@id":"https:\/\/www.fanprojekt-muenster.de\/wordpress\/fanport-und-fanprojekt-beteiligten-sich-an-aktion-sauberes-muenster\/#primaryimage"},"image":{"@id":"https:\/\/www.fanprojekt-muenster.de\/wordpress\/fanport-und-fanprojekt-beteiligten-sich-an-aktion-sauberes-muenster\/#primaryimage"},"thumbnailUrl":"","datePublished":"2016-03-23T13:22:38+00:00","breadcrumb":{"@id":"https:\/\/www.fanprojekt-muenster.de\/wordpress\/fanport-und-fanprojekt-beteiligten-sich-an-aktion-sauberes-muenster\/#breadcrumb"},"inLanguage":"de","potentialAction":[{"@type":"ReadAction","target":["https:\/\/www.fanprojekt-muenster.de\/wordpress\/fanport-und-fanprojekt-beteiligten-sich-an-aktion-sauberes-muenster\/"]}]},{"@type":"ImageObject","inLanguage":"de","@id":"https:\/\/www.fanprojekt-muenster.de\/wordpress\/fanport-und-fanprojekt-beteiligten-sich-an-aktion-sauberes-muenster\/#primaryimage","url":"","contentUrl":""},{"@type":"BreadcrumbList","@id":"https:\/\/www.fanprojekt-muenster.de\/wordpress\/fanport-und-fanprojekt-beteiligten-sich-an-aktion-sauberes-muenster\/#breadcrumb","itemListElement":[{"@type":"ListItem","position":1,"name":"Startseite","item":"https:\/\/www.fanprojekt-muenster.de\/wordpress\/"},{"@type":"ListItem","position":2,"name":"FANport und Fanprojekt beteiligten sich an &#8222;Aktion Sauberes M\u00fcnster&#8220;"}]},{"@type":"WebSite","@id":"https:\/\/www.fanprojekt-muenster.de\/wordpress\/#website","url":"https:\/\/www.fanprojekt-muenster.de\/wordpress\/","name":"Fangemeinschaft Preu\u00dfen M\u00fcnster e. V.","description":"","publisher":{"@id":"https:\/\/www.fanprojekt-muenster.de\/wordpress\/#organization"},"potentialAction":[{"@type":"SearchAction","target":{"@type":"EntryPoint","urlTemplate":"https:\/\/www.fanprojekt-muenster.de\/wordpress\/?s={search_term_string}"},"query-input":{"@type":"PropertyValueSpecification","valueRequired":true,"valueName":"search_term_string"}}],"inLanguage":"de"},{"@type":"Organization","@id":"https:\/\/www.fanprojekt-muenster.de\/wordpress\/#organization","name":"Fangemeinschaft Preu\u00dfen M\u00fcnster e. V.","url":"https:\/\/www.fanprojekt-muenster.de\/wordpress\/","logo":{"@type":"ImageObject","inLanguage":"de","@id":"https:\/\/www.fanprojekt-muenster.de\/wordpress\/#\/schema\/logo\/image\/","url":"https:\/\/www.fanprojekt-muenster.de\/wordpress\/wp-content\/uploads\/2019\/07\/cropped-Website_Logo3-9.png","contentUrl":"https:\/\/www.fanprojekt-muenster.de\/wordpress\/wp-content\/uploads\/2019\/07\/cropped-Website_Logo3-9.png","width":224,"height":42,"caption":"Fangemeinschaft Preu\u00dfen M\u00fcnster e. V."},"image":{"@id":"https:\/\/www.fanprojekt-muenster.de\/wordpress\/#\/schema\/logo\/image\/"}},{"@type":"Person","@id":"https:\/\/www.fanprojekt-muenster.de\/wordpress\/#\/schema\/person\/529d3ee920414da8907f25b585d57a4e","name":"Florian","url":"https:\/\/www.fanprojekt-muenster.de\/wordpress\/author\/flovoss\/"}]}},"author_meta":{"display_name":"Florian","author_link":"https:\/\/www.fanprojekt-muenster.de\/wordpress\/author\/flovoss\/"},"featured_img":null,"coauthors":[],"tax_additional":{"categories":{"linked":["<a href=\"https:\/\/www.fanprojekt-muenster.de\/wordpress\/category\/aktionen\/\" class=\"advgb-post-tax-term\">Aktionen<\/a>","<a href=\"https:\/\/www.fanprojekt-muenster.de\/wordpress\/category\/aktuelles\/\" class=\"advgb-post-tax-term\">Aktuelles<\/a>","<a href=\"https:\/\/www.fanprojekt-muenster.de\/wordpress\/category\/allgemein\/\" class=\"advgb-post-tax-term\">Allgemein<\/a>"],"unlinked":["<span class=\"advgb-post-tax-term\">Aktionen<\/span>","<span class=\"advgb-post-tax-term\">Aktuelles<\/span>","<span class=\"advgb-post-tax-term\">Allgemein<\/span>"]},"tags":{"linked":["<a href=\"https:\/\/www.fanprojekt-muenster.de\/wordpress\/category\/allgemein\/\" class=\"advgb-post-tax-term\">Aktion<\/a>","<a href=\"https:\/\/www.fanprojekt-muenster.de\/wordpress\/category\/allgemein\/\" class=\"advgb-post-tax-term\">Fans<\/a>","<a href=\"https:\/\/www.fanprojekt-muenster.de\/wordpress\/category\/allgemein\/\" class=\"advgb-post-tax-term\">Preu\u00dfenstadion<\/a>","<a href=\"https:\/\/www.fanprojekt-muenster.de\/wordpress\/category\/allgemein\/\" class=\"advgb-post-tax-term\">Sauberes M\u00fcnster<\/a>"],"unlinked":["<span class=\"advgb-post-tax-term\">Aktion<\/span>","<span class=\"advgb-post-tax-term\">Fans<\/span>","<span class=\"advgb-post-tax-term\">Preu\u00dfenstadion<\/span>","<span class=\"advgb-post-tax-term\">Sauberes M\u00fcnster<\/span>"]}},"comment_count":"0","relative_dates":{"created":"Posted 10\u00a0Jahren ago","modified":"Updated 10\u00a0Jahren ago"},"absolute_dates":{"created":"Posted on 23. M\u00e4rz 2016","modified":"Updated on 23. M\u00e4rz 2016"},"absolute_dates_time":{"created":"Posted on 23. M\u00e4rz 2016 15:22","modified":"Updated on 23. M\u00e4rz 2016 15:22"},"featured_img_caption":"","series_order":"","_links":{"self":[{"href":"https:\/\/www.fanprojekt-muenster.de\/wordpress\/wp-json\/wp\/v2\/posts\/5228","targetHints":{"allow":["GET"]}}],"collection":[{"href":"https:\/\/www.fanprojekt-muenster.de\/wordpress\/wp-json\/wp\/v2\/posts"}],"about":[{"href":"https:\/\/www.fanprojekt-muenster.de\/wordpress\/wp-json\/wp\/v2\/types\/post"}],"author":[{"embeddable":true,"href":"https:\/\/www.fanprojekt-muenster.de\/wordpress\/wp-json\/wp\/v2\/users\/5"}],"replies":[{"embeddable":true,"href":"https:\/\/www.fanprojekt-muenster.de\/wordpress\/wp-json\/wp\/v2\/comments?post=5228"}],"version-history":[{"count":0,"href":"https:\/\/www.fanprojekt-muenster.de\/wordpress\/wp-json\/wp\/v2\/posts\/5228\/revisions"}],"wp:featuredmedia":[{"embeddable":true,"href":"https:\/\/www.fanprojekt-muenster.de\/wordpress\/wp-json\/"}],"wp:attachment":[{"href":"https:\/\/www.fanprojekt-muenster.de\/wordpress\/wp-json\/wp\/v2\/media?parent=5228"}],"wp:term":[{"taxonomy":"category","embeddable":true,"href":"https:\/\/www.fanprojekt-muenster.de\/wordpress\/wp-json\/wp\/v2\/categories?post=5228"},{"taxonomy":"post_tag","embeddable":true,"href":"https:\/\/www.fanprojekt-muenster.de\/wordpress\/wp-json\/wp\/v2\/tags?post=5228"}],"curies":[{"name":"wp","href":"https:\/\/api.w.org\/{rel}","templated":true}]}}