{"id":5226,"date":"2016-03-23T15:09:23","date_gmt":"2016-03-23T13:09:23","guid":{"rendered":"http:\/\/www.fanprojekt-muenster.de\/wp\/?p=5226"},"modified":"2016-03-23T15:09:23","modified_gmt":"2016-03-23T13:09:23","slug":"schiff-ahoi-tour-ausverkauft","status":"publish","type":"post","link":"https:\/\/www.fanprojekt-muenster.de\/wordpress\/schiff-ahoi-tour-ausverkauft\/","title":{"rendered":"Schiff Ahoi! &#8211; Tour ausverkauft!"},"content":{"rendered":"<p>Liebe Leute, was ist denn hier los? Nach dem ersten Verkaufstag am vergangenen Samstag ist die Fanszene-Geburtstagstour bereits restlos ausverkauft. Die Pl\u00e4tze in den Bussen sind komplett belegt und das Schiff ist pickepacke voll mit Preu\u00dfenfans!<\/p>\n<p>Trotz der gewohnt schlechten fu\u00dfballerischen Leistung in der R\u00fcckrunde und der vielen Nebenkriegsschaupl\u00e4tze rund um unseren geliebten Verein lassen wir uns den 110. Geburtstag nicht verderben. Wir freuen uns auf eine tolle gemeinsame Tour mit allen Preu\u00dfenfans.<\/p>\n<p>Tickets, die bereits bestellt und bezahlt worden sind, k\u00f6nnen beim kommenden Heimspiel an unserem Fanprojekt-Stand im Stadion abgeholt werden. Einen Verkauf\u00a0im Kassenh\u00e4uschen wird es nicht mehr geben.<\/p>\n<p>Alle weiteren organisatorischen Informationen folgen, sobald das Spiel endg\u00fcltig terminiert ist.<\/p>\n","protected":false},"excerpt":{"rendered":"<p>Liebe Leute, was ist denn hier los? Nach dem ersten Verkaufstag am vergangenen Samstag ist die Fanszene-Geburtstagstour bereits restlos ausverkauft. Die Pl\u00e4tze in den Bussen sind komplett belegt und das&#8230; <a class=\"read-more-link\" href=\"https:\/\/www.fanprojekt-muenster.de\/wordpress\/schiff-ahoi-tour-ausverkauft\/\">Read more &raquo;<\/a><\/p>\n","protected":false},"author":5,"featured_media":5191,"comment_status":"closed","ping_status":"closed","sticky":false,"template":"","format":"standard","meta":{"advgb_blocks_editor_width":"","advgb_blocks_columns_visual_guide":"","footnotes":""},"categories":[2,3,1,4,10],"tags":[117,226,227,299],"class_list":["post-5226","post","type-post","status-publish","format-standard","has-post-thumbnail","hentry","category-aktionen","category-aktuelles","category-allgemein","category-auswarts","category-schiff-geburtstagstour-nach-wiesbaden","tag-fanszene","tag-schiff-ahoi","tag-schiffstour","tag-wiesbaden"],"featured_image_src":null,"author_info":{"display_name":"Florian","author_link":"https:\/\/www.fanprojekt-muenster.de\/wordpress\/author\/flovoss\/"},"yoast_head":"<!-- This site is optimized with the Yoast SEO plugin v27.2 - https:\/\/yoast.com\/product\/yoast-seo-wordpress\/ -->\n<title>Schiff Ahoi! - Tour ausverkauft! - Fangemeinschaft Preu\u00dfen M\u00fcnster e. V.<\/title>\n<meta name=\"robots\" content=\"index, follow, max-snippet:-1, max-image-preview:large, max-video-preview:-1\" \/>\n<link rel=\"canonical\" href=\"https:\/\/www.fanprojekt-muenster.de\/wordpress\/schiff-ahoi-tour-ausverkauft\/\" \/>\n<meta property=\"og:locale\" content=\"de_DE\" \/>\n<meta property=\"og:type\" content=\"article\" \/>\n<meta property=\"og:title\" content=\"Schiff Ahoi! - Tour ausverkauft! - Fangemeinschaft Preu\u00dfen M\u00fcnster e. V.\" \/>\n<meta property=\"og:description\" content=\"Liebe Leute, was ist denn hier los? Nach dem ersten Verkaufstag am vergangenen Samstag ist die Fanszene-Geburtstagstour bereits restlos ausverkauft. Die Pl\u00e4tze in den Bussen sind komplett belegt und das... Read more &raquo;\" \/>\n<meta property=\"og:url\" content=\"https:\/\/www.fanprojekt-muenster.de\/wordpress\/schiff-ahoi-tour-ausverkauft\/\" \/>\n<meta property=\"og:site_name\" content=\"Fangemeinschaft Preu\u00dfen M\u00fcnster e. V.\" \/>\n<meta property=\"article:published_time\" content=\"2016-03-23T13:09:23+00:00\" \/>\n<meta name=\"author\" content=\"Florian\" \/>\n<meta name=\"twitter:card\" content=\"summary_large_image\" \/>\n<meta name=\"twitter:label1\" content=\"Verfasst von\" \/>\n\t<meta name=\"twitter:data1\" content=\"Florian\" \/>\n\t<meta name=\"twitter:label2\" content=\"Gesch\u00e4tzte Lesezeit\" \/>\n\t<meta name=\"twitter:data2\" content=\"1\u00a0Minute\" \/>\n<script type=\"application\/ld+json\" class=\"yoast-schema-graph\">{\"@context\":\"https:\/\/schema.org\",\"@graph\":[{\"@type\":\"Article\",\"@id\":\"https:\/\/www.fanprojekt-muenster.de\/wordpress\/schiff-ahoi-tour-ausverkauft\/#article\",\"isPartOf\":{\"@id\":\"https:\/\/www.fanprojekt-muenster.de\/wordpress\/schiff-ahoi-tour-ausverkauft\/\"},\"author\":{\"name\":\"Florian\",\"@id\":\"https:\/\/www.fanprojekt-muenster.de\/wordpress\/#\/schema\/person\/529d3ee920414da8907f25b585d57a4e\"},\"headline\":\"Schiff Ahoi! &#8211; Tour ausverkauft!\",\"datePublished\":\"2016-03-23T13:09:23+00:00\",\"mainEntityOfPage\":{\"@id\":\"https:\/\/www.fanprojekt-muenster.de\/wordpress\/schiff-ahoi-tour-ausverkauft\/\"},\"wordCount\":125,\"publisher\":{\"@id\":\"https:\/\/www.fanprojekt-muenster.de\/wordpress\/#organization\"},\"image\":{\"@id\":\"https:\/\/www.fanprojekt-muenster.de\/wordpress\/schiff-ahoi-tour-ausverkauft\/#primaryimage\"},\"thumbnailUrl\":\"\",\"keywords\":[\"Fanszene\",\"Schiff Ahoi!\",\"Schiffstour\",\"Wiesbaden\"],\"articleSection\":{\"0\":\"Aktionen\",\"1\":\"Aktuelles\",\"3\":\"Ausw\u00e4rts\",\"4\":\"Schiff-Geburtstagstour nach Wiesbaden\"},\"inLanguage\":\"de\"},{\"@type\":\"WebPage\",\"@id\":\"https:\/\/www.fanprojekt-muenster.de\/wordpress\/schiff-ahoi-tour-ausverkauft\/\",\"url\":\"https:\/\/www.fanprojekt-muenster.de\/wordpress\/schiff-ahoi-tour-ausverkauft\/\",\"name\":\"Schiff Ahoi! - Tour ausverkauft! - Fangemeinschaft Preu\u00dfen M\u00fcnster e. V.\",\"isPartOf\":{\"@id\":\"https:\/\/www.fanprojekt-muenster.de\/wordpress\/#website\"},\"primaryImageOfPage\":{\"@id\":\"https:\/\/www.fanprojekt-muenster.de\/wordpress\/schiff-ahoi-tour-ausverkauft\/#primaryimage\"},\"image\":{\"@id\":\"https:\/\/www.fanprojekt-muenster.de\/wordpress\/schiff-ahoi-tour-ausverkauft\/#primaryimage\"},\"thumbnailUrl\":\"\",\"datePublished\":\"2016-03-23T13:09:23+00:00\",\"breadcrumb\":{\"@id\":\"https:\/\/www.fanprojekt-muenster.de\/wordpress\/schiff-ahoi-tour-ausverkauft\/#breadcrumb\"},\"inLanguage\":\"de\",\"potentialAction\":[{\"@type\":\"ReadAction\",\"target\":[\"https:\/\/www.fanprojekt-muenster.de\/wordpress\/schiff-ahoi-tour-ausverkauft\/\"]}]},{\"@type\":\"ImageObject\",\"inLanguage\":\"de\",\"@id\":\"https:\/\/www.fanprojekt-muenster.de\/wordpress\/schiff-ahoi-tour-ausverkauft\/#primaryimage\",\"url\":\"\",\"contentUrl\":\"\"},{\"@type\":\"BreadcrumbList\",\"@id\":\"https:\/\/www.fanprojekt-muenster.de\/wordpress\/schiff-ahoi-tour-ausverkauft\/#breadcrumb\",\"itemListElement\":[{\"@type\":\"ListItem\",\"position\":1,\"name\":\"Startseite\",\"item\":\"https:\/\/www.fanprojekt-muenster.de\/wordpress\/\"},{\"@type\":\"ListItem\",\"position\":2,\"name\":\"Schiff Ahoi! &#8211; Tour ausverkauft!\"}]},{\"@type\":\"WebSite\",\"@id\":\"https:\/\/www.fanprojekt-muenster.de\/wordpress\/#website\",\"url\":\"https:\/\/www.fanprojekt-muenster.de\/wordpress\/\",\"name\":\"Fangemeinschaft Preu\u00dfen M\u00fcnster e. V.\",\"description\":\"\",\"publisher\":{\"@id\":\"https:\/\/www.fanprojekt-muenster.de\/wordpress\/#organization\"},\"potentialAction\":[{\"@type\":\"SearchAction\",\"target\":{\"@type\":\"EntryPoint\",\"urlTemplate\":\"https:\/\/www.fanprojekt-muenster.de\/wordpress\/?s={search_term_string}\"},\"query-input\":{\"@type\":\"PropertyValueSpecification\",\"valueRequired\":true,\"valueName\":\"search_term_string\"}}],\"inLanguage\":\"de\"},{\"@type\":\"Organization\",\"@id\":\"https:\/\/www.fanprojekt-muenster.de\/wordpress\/#organization\",\"name\":\"Fangemeinschaft Preu\u00dfen M\u00fcnster e. V.\",\"url\":\"https:\/\/www.fanprojekt-muenster.de\/wordpress\/\",\"logo\":{\"@type\":\"ImageObject\",\"inLanguage\":\"de\",\"@id\":\"https:\/\/www.fanprojekt-muenster.de\/wordpress\/#\/schema\/logo\/image\/\",\"url\":\"https:\/\/www.fanprojekt-muenster.de\/wordpress\/wp-content\/uploads\/2019\/07\/cropped-Website_Logo3-9.png\",\"contentUrl\":\"https:\/\/www.fanprojekt-muenster.de\/wordpress\/wp-content\/uploads\/2019\/07\/cropped-Website_Logo3-9.png\",\"width\":224,\"height\":42,\"caption\":\"Fangemeinschaft Preu\u00dfen M\u00fcnster e. V.\"},\"image\":{\"@id\":\"https:\/\/www.fanprojekt-muenster.de\/wordpress\/#\/schema\/logo\/image\/\"}},{\"@type\":\"Person\",\"@id\":\"https:\/\/www.fanprojekt-muenster.de\/wordpress\/#\/schema\/person\/529d3ee920414da8907f25b585d57a4e\",\"name\":\"Florian\",\"url\":\"https:\/\/www.fanprojekt-muenster.de\/wordpress\/author\/flovoss\/\"}]}<\/script>\n<!-- \/ Yoast SEO plugin. -->","yoast_head_json":{"title":"Schiff Ahoi! - Tour ausverkauft! - Fangemeinschaft Preu\u00dfen M\u00fcnster e. V.","robots":{"index":"index","follow":"follow","max-snippet":"max-snippet:-1","max-image-preview":"max-image-preview:large","max-video-preview":"max-video-preview:-1"},"canonical":"https:\/\/www.fanprojekt-muenster.de\/wordpress\/schiff-ahoi-tour-ausverkauft\/","og_locale":"de_DE","og_type":"article","og_title":"Schiff Ahoi! - Tour ausverkauft! - Fangemeinschaft Preu\u00dfen M\u00fcnster e. V.","og_description":"Liebe Leute, was ist denn hier los? Nach dem ersten Verkaufstag am vergangenen Samstag ist die Fanszene-Geburtstagstour bereits restlos ausverkauft. Die Pl\u00e4tze in den Bussen sind komplett belegt und das... Read more &raquo;","og_url":"https:\/\/www.fanprojekt-muenster.de\/wordpress\/schiff-ahoi-tour-ausverkauft\/","og_site_name":"Fangemeinschaft Preu\u00dfen M\u00fcnster e. V.","article_published_time":"2016-03-23T13:09:23+00:00","author":"Florian","twitter_card":"summary_large_image","twitter_misc":{"Verfasst von":"Florian","Gesch\u00e4tzte Lesezeit":"1\u00a0Minute"},"schema":{"@context":"https:\/\/schema.org","@graph":[{"@type":"Article","@id":"https:\/\/www.fanprojekt-muenster.de\/wordpress\/schiff-ahoi-tour-ausverkauft\/#article","isPartOf":{"@id":"https:\/\/www.fanprojekt-muenster.de\/wordpress\/schiff-ahoi-tour-ausverkauft\/"},"author":{"name":"Florian","@id":"https:\/\/www.fanprojekt-muenster.de\/wordpress\/#\/schema\/person\/529d3ee920414da8907f25b585d57a4e"},"headline":"Schiff Ahoi! &#8211; Tour ausverkauft!","datePublished":"2016-03-23T13:09:23+00:00","mainEntityOfPage":{"@id":"https:\/\/www.fanprojekt-muenster.de\/wordpress\/schiff-ahoi-tour-ausverkauft\/"},"wordCount":125,"publisher":{"@id":"https:\/\/www.fanprojekt-muenster.de\/wordpress\/#organization"},"image":{"@id":"https:\/\/www.fanprojekt-muenster.de\/wordpress\/schiff-ahoi-tour-ausverkauft\/#primaryimage"},"thumbnailUrl":"","keywords":["Fanszene","Schiff Ahoi!","Schiffstour","Wiesbaden"],"articleSection":{"0":"Aktionen","1":"Aktuelles","3":"Ausw\u00e4rts","4":"Schiff-Geburtstagstour nach Wiesbaden"},"inLanguage":"de"},{"@type":"WebPage","@id":"https:\/\/www.fanprojekt-muenster.de\/wordpress\/schiff-ahoi-tour-ausverkauft\/","url":"https:\/\/www.fanprojekt-muenster.de\/wordpress\/schiff-ahoi-tour-ausverkauft\/","name":"Schiff Ahoi! - Tour ausverkauft! - Fangemeinschaft Preu\u00dfen M\u00fcnster e. V.","isPartOf":{"@id":"https:\/\/www.fanprojekt-muenster.de\/wordpress\/#website"},"primaryImageOfPage":{"@id":"https:\/\/www.fanprojekt-muenster.de\/wordpress\/schiff-ahoi-tour-ausverkauft\/#primaryimage"},"image":{"@id":"https:\/\/www.fanprojekt-muenster.de\/wordpress\/schiff-ahoi-tour-ausverkauft\/#primaryimage"},"thumbnailUrl":"","datePublished":"2016-03-23T13:09:23+00:00","breadcrumb":{"@id":"https:\/\/www.fanprojekt-muenster.de\/wordpress\/schiff-ahoi-tour-ausverkauft\/#breadcrumb"},"inLanguage":"de","potentialAction":[{"@type":"ReadAction","target":["https:\/\/www.fanprojekt-muenster.de\/wordpress\/schiff-ahoi-tour-ausverkauft\/"]}]},{"@type":"ImageObject","inLanguage":"de","@id":"https:\/\/www.fanprojekt-muenster.de\/wordpress\/schiff-ahoi-tour-ausverkauft\/#primaryimage","url":"","contentUrl":""},{"@type":"BreadcrumbList","@id":"https:\/\/www.fanprojekt-muenster.de\/wordpress\/schiff-ahoi-tour-ausverkauft\/#breadcrumb","itemListElement":[{"@type":"ListItem","position":1,"name":"Startseite","item":"https:\/\/www.fanprojekt-muenster.de\/wordpress\/"},{"@type":"ListItem","position":2,"name":"Schiff Ahoi! &#8211; Tour ausverkauft!"}]},{"@type":"WebSite","@id":"https:\/\/www.fanprojekt-muenster.de\/wordpress\/#website","url":"https:\/\/www.fanprojekt-muenster.de\/wordpress\/","name":"Fangemeinschaft Preu\u00dfen M\u00fcnster e. V.","description":"","publisher":{"@id":"https:\/\/www.fanprojekt-muenster.de\/wordpress\/#organization"},"potentialAction":[{"@type":"SearchAction","target":{"@type":"EntryPoint","urlTemplate":"https:\/\/www.fanprojekt-muenster.de\/wordpress\/?s={search_term_string}"},"query-input":{"@type":"PropertyValueSpecification","valueRequired":true,"valueName":"search_term_string"}}],"inLanguage":"de"},{"@type":"Organization","@id":"https:\/\/www.fanprojekt-muenster.de\/wordpress\/#organization","name":"Fangemeinschaft Preu\u00dfen M\u00fcnster e. V.","url":"https:\/\/www.fanprojekt-muenster.de\/wordpress\/","logo":{"@type":"ImageObject","inLanguage":"de","@id":"https:\/\/www.fanprojekt-muenster.de\/wordpress\/#\/schema\/logo\/image\/","url":"https:\/\/www.fanprojekt-muenster.de\/wordpress\/wp-content\/uploads\/2019\/07\/cropped-Website_Logo3-9.png","contentUrl":"https:\/\/www.fanprojekt-muenster.de\/wordpress\/wp-content\/uploads\/2019\/07\/cropped-Website_Logo3-9.png","width":224,"height":42,"caption":"Fangemeinschaft Preu\u00dfen M\u00fcnster e. V."},"image":{"@id":"https:\/\/www.fanprojekt-muenster.de\/wordpress\/#\/schema\/logo\/image\/"}},{"@type":"Person","@id":"https:\/\/www.fanprojekt-muenster.de\/wordpress\/#\/schema\/person\/529d3ee920414da8907f25b585d57a4e","name":"Florian","url":"https:\/\/www.fanprojekt-muenster.de\/wordpress\/author\/flovoss\/"}]}},"author_meta":{"display_name":"Florian","author_link":"https:\/\/www.fanprojekt-muenster.de\/wordpress\/author\/flovoss\/"},"featured_img":null,"coauthors":[],"tax_additional":{"categories":{"linked":["<a href=\"https:\/\/www.fanprojekt-muenster.de\/wordpress\/category\/aktionen\/\" class=\"advgb-post-tax-term\">Aktionen<\/a>","<a href=\"https:\/\/www.fanprojekt-muenster.de\/wordpress\/category\/aktuelles\/\" class=\"advgb-post-tax-term\">Aktuelles<\/a>","<a href=\"https:\/\/www.fanprojekt-muenster.de\/wordpress\/category\/allgemein\/\" class=\"advgb-post-tax-term\">Allgemein<\/a>","<a href=\"https:\/\/www.fanprojekt-muenster.de\/wordpress\/category\/auswarts\/\" class=\"advgb-post-tax-term\">Ausw\u00e4rts<\/a>","<a href=\"https:\/\/www.fanprojekt-muenster.de\/wordpress\/category\/auswarts\/schiff-geburtstagstour-nach-wiesbaden\/\" class=\"advgb-post-tax-term\">Schiff-Geburtstagstour nach Wiesbaden<\/a>"],"unlinked":["<span class=\"advgb-post-tax-term\">Aktionen<\/span>","<span class=\"advgb-post-tax-term\">Aktuelles<\/span>","<span class=\"advgb-post-tax-term\">Allgemein<\/span>","<span class=\"advgb-post-tax-term\">Ausw\u00e4rts<\/span>","<span class=\"advgb-post-tax-term\">Schiff-Geburtstagstour nach Wiesbaden<\/span>"]},"tags":{"linked":["<a href=\"https:\/\/www.fanprojekt-muenster.de\/wordpress\/category\/auswarts\/schiff-geburtstagstour-nach-wiesbaden\/\" class=\"advgb-post-tax-term\">Fanszene<\/a>","<a href=\"https:\/\/www.fanprojekt-muenster.de\/wordpress\/category\/auswarts\/schiff-geburtstagstour-nach-wiesbaden\/\" class=\"advgb-post-tax-term\">Schiff Ahoi!<\/a>","<a href=\"https:\/\/www.fanprojekt-muenster.de\/wordpress\/category\/auswarts\/schiff-geburtstagstour-nach-wiesbaden\/\" class=\"advgb-post-tax-term\">Schiffstour<\/a>","<a href=\"https:\/\/www.fanprojekt-muenster.de\/wordpress\/category\/auswarts\/schiff-geburtstagstour-nach-wiesbaden\/\" class=\"advgb-post-tax-term\">Wiesbaden<\/a>"],"unlinked":["<span class=\"advgb-post-tax-term\">Fanszene<\/span>","<span class=\"advgb-post-tax-term\">Schiff Ahoi!<\/span>","<span class=\"advgb-post-tax-term\">Schiffstour<\/span>","<span class=\"advgb-post-tax-term\">Wiesbaden<\/span>"]}},"comment_count":"0","relative_dates":{"created":"Posted 10\u00a0Jahren ago","modified":"Updated 10\u00a0Jahren ago"},"absolute_dates":{"created":"Posted on 23. M\u00e4rz 2016","modified":"Updated on 23. M\u00e4rz 2016"},"absolute_dates_time":{"created":"Posted on 23. M\u00e4rz 2016 15:09","modified":"Updated on 23. M\u00e4rz 2016 15:09"},"featured_img_caption":"","series_order":"","_links":{"self":[{"href":"https:\/\/www.fanprojekt-muenster.de\/wordpress\/wp-json\/wp\/v2\/posts\/5226","targetHints":{"allow":["GET"]}}],"collection":[{"href":"https:\/\/www.fanprojekt-muenster.de\/wordpress\/wp-json\/wp\/v2\/posts"}],"about":[{"href":"https:\/\/www.fanprojekt-muenster.de\/wordpress\/wp-json\/wp\/v2\/types\/post"}],"author":[{"embeddable":true,"href":"https:\/\/www.fanprojekt-muenster.de\/wordpress\/wp-json\/wp\/v2\/users\/5"}],"replies":[{"embeddable":true,"href":"https:\/\/www.fanprojekt-muenster.de\/wordpress\/wp-json\/wp\/v2\/comments?post=5226"}],"version-history":[{"count":0,"href":"https:\/\/www.fanprojekt-muenster.de\/wordpress\/wp-json\/wp\/v2\/posts\/5226\/revisions"}],"wp:featuredmedia":[{"embeddable":true,"href":"https:\/\/www.fanprojekt-muenster.de\/wordpress\/wp-json\/"}],"wp:attachment":[{"href":"https:\/\/www.fanprojekt-muenster.de\/wordpress\/wp-json\/wp\/v2\/media?parent=5226"}],"wp:term":[{"taxonomy":"category","embeddable":true,"href":"https:\/\/www.fanprojekt-muenster.de\/wordpress\/wp-json\/wp\/v2\/categories?post=5226"},{"taxonomy":"post_tag","embeddable":true,"href":"https:\/\/www.fanprojekt-muenster.de\/wordpress\/wp-json\/wp\/v2\/tags?post=5226"}],"curies":[{"name":"wp","href":"https:\/\/api.w.org\/{rel}","templated":true}]}}