{"id":5211,"date":"2016-03-13T14:44:53","date_gmt":"2016-03-13T12:44:53","guid":{"rendered":"http:\/\/www.fanprojekt-muenster.de\/wp\/?p=5211"},"modified":"2016-03-13T14:44:53","modified_gmt":"2016-03-13T12:44:53","slug":"fans-sorgen-fuer-sauberes-muenster-am-berg-fidel","status":"publish","type":"post","link":"https:\/\/www.fanprojekt-muenster.de\/wordpress\/fans-sorgen-fuer-sauberes-muenster-am-berg-fidel\/","title":{"rendered":"Fans sorgen f\u00fcr &#8222;Sauberes M\u00fcnster&#8220; am Berg Fidel"},"content":{"rendered":"<p>Die Preu\u00dfen-Fans sind am Freitag, den 18. M\u00e4rz, im Rahmen der AWM-Aktion &#8222;Sauberes M\u00fcnster&#8220; rund um das Preu\u00dfenstadion aktiv. Von 16 Uhr an werden zahlreiche flei\u00dfige Anh\u00e4ngerinnen und Anh\u00e4nger des SCP an der Hammer Stra\u00dfe sowie am Berg Fidel f\u00fcr mehr Sauberkeit sorgen.<\/p>\n<p>Das Fanprojekt Preu\u00dfen M\u00fcnster e.V. l\u00e4dt dazu gemeinsam mit dem FANport M\u00fcnster alle Fans der Preu\u00dfen herzlich ein. Im Anschluss an die Aktion gibt es gegen 18 Uhr am FANport eine kleine Belohnung in Form eines gem\u00fctlichen Beisammenseins am Grill mit Getr\u00e4nken.<\/p>\n<p>2015 sammelten bei \u201eSauberes M\u00fcnster\u201c \u00fcber 11.000 Freiwillige 34 Tonnen M\u00fcll ein. Die Aktion hat sich in den vergangenen Jahren zu einer festen Gr\u00f6\u00dfe im Jahreskalender entwickelt. Die AWM unterst\u00fctzen das Gro\u00dfreinemachen, indem sie jedes Mal tausende von M\u00fcllzangen, Abfalls\u00e4cken und Handschuhen zur Verf\u00fcgung stellen und die Logistik schultern.<\/p>\n","protected":false},"excerpt":{"rendered":"<p>Die Preu\u00dfen-Fans sind am Freitag, den 18. M\u00e4rz, im Rahmen der AWM-Aktion &#8222;Sauberes M\u00fcnster&#8220; rund um das Preu\u00dfenstadion aktiv. Von 16 Uhr an werden zahlreiche flei\u00dfige Anh\u00e4ngerinnen und Anh\u00e4nger des&#8230; <a class=\"read-more-link\" href=\"https:\/\/www.fanprojekt-muenster.de\/wordpress\/fans-sorgen-fuer-sauberes-muenster-am-berg-fidel\/\">Read more &raquo;<\/a><\/p>\n","protected":false},"author":5,"featured_media":5212,"comment_status":"closed","ping_status":"closed","sticky":false,"template":"","format":"standard","meta":{"advgb_blocks_editor_width":"","advgb_blocks_columns_visual_guide":"","footnotes":""},"categories":[2,3,1,16],"tags":[58,115,182,222],"class_list":["post-5211","post","type-post","status-publish","format-standard","has-post-thumbnail","hentry","category-aktionen","category-aktuelles","category-allgemein","category-veranstaltungen","tag-berg-fidel","tag-fans","tag-muenster","tag-sauberes-muenster"],"featured_image_src":null,"author_info":{"display_name":"Florian","author_link":"https:\/\/www.fanprojekt-muenster.de\/wordpress\/author\/flovoss\/"},"yoast_head":"<!-- This site is optimized with the Yoast SEO plugin v27.2 - https:\/\/yoast.com\/product\/yoast-seo-wordpress\/ -->\n<title>Fans sorgen f\u00fcr &quot;Sauberes M\u00fcnster&quot; am Berg Fidel - Fangemeinschaft Preu\u00dfen M\u00fcnster e. V.<\/title>\n<meta name=\"robots\" content=\"index, follow, max-snippet:-1, max-image-preview:large, max-video-preview:-1\" \/>\n<link rel=\"canonical\" href=\"https:\/\/www.fanprojekt-muenster.de\/wordpress\/fans-sorgen-fuer-sauberes-muenster-am-berg-fidel\/\" \/>\n<meta property=\"og:locale\" content=\"de_DE\" \/>\n<meta property=\"og:type\" content=\"article\" \/>\n<meta property=\"og:title\" content=\"Fans sorgen f\u00fcr &quot;Sauberes M\u00fcnster&quot; am Berg Fidel - Fangemeinschaft Preu\u00dfen M\u00fcnster e. V.\" \/>\n<meta property=\"og:description\" content=\"Die Preu\u00dfen-Fans sind am Freitag, den 18. M\u00e4rz, im Rahmen der AWM-Aktion &#8222;Sauberes M\u00fcnster&#8220; rund um das Preu\u00dfenstadion aktiv. Von 16 Uhr an werden zahlreiche flei\u00dfige Anh\u00e4ngerinnen und Anh\u00e4nger des... Read more &raquo;\" \/>\n<meta property=\"og:url\" content=\"https:\/\/www.fanprojekt-muenster.de\/wordpress\/fans-sorgen-fuer-sauberes-muenster-am-berg-fidel\/\" \/>\n<meta property=\"og:site_name\" content=\"Fangemeinschaft Preu\u00dfen M\u00fcnster e. V.\" \/>\n<meta property=\"article:published_time\" content=\"2016-03-13T12:44:53+00:00\" \/>\n<meta name=\"author\" content=\"Florian\" \/>\n<meta name=\"twitter:card\" content=\"summary_large_image\" \/>\n<meta name=\"twitter:label1\" content=\"Verfasst von\" \/>\n\t<meta name=\"twitter:data1\" content=\"Florian\" \/>\n\t<meta name=\"twitter:label2\" content=\"Gesch\u00e4tzte Lesezeit\" \/>\n\t<meta name=\"twitter:data2\" content=\"1\u00a0Minute\" \/>\n<script type=\"application\/ld+json\" class=\"yoast-schema-graph\">{\"@context\":\"https:\/\/schema.org\",\"@graph\":[{\"@type\":\"Article\",\"@id\":\"https:\/\/www.fanprojekt-muenster.de\/wordpress\/fans-sorgen-fuer-sauberes-muenster-am-berg-fidel\/#article\",\"isPartOf\":{\"@id\":\"https:\/\/www.fanprojekt-muenster.de\/wordpress\/fans-sorgen-fuer-sauberes-muenster-am-berg-fidel\/\"},\"author\":{\"name\":\"Florian\",\"@id\":\"https:\/\/www.fanprojekt-muenster.de\/wordpress\/#\/schema\/person\/529d3ee920414da8907f25b585d57a4e\"},\"headline\":\"Fans sorgen f\u00fcr &#8222;Sauberes M\u00fcnster&#8220; am Berg Fidel\",\"datePublished\":\"2016-03-13T12:44:53+00:00\",\"mainEntityOfPage\":{\"@id\":\"https:\/\/www.fanprojekt-muenster.de\/wordpress\/fans-sorgen-fuer-sauberes-muenster-am-berg-fidel\/\"},\"wordCount\":163,\"publisher\":{\"@id\":\"https:\/\/www.fanprojekt-muenster.de\/wordpress\/#organization\"},\"image\":{\"@id\":\"https:\/\/www.fanprojekt-muenster.de\/wordpress\/fans-sorgen-fuer-sauberes-muenster-am-berg-fidel\/#primaryimage\"},\"thumbnailUrl\":\"\",\"keywords\":[\"Berg Fidel\",\"Fans\",\"M\u00fcnster\",\"Sauberes M\u00fcnster\"],\"articleSection\":{\"0\":\"Aktionen\",\"1\":\"Aktuelles\",\"3\":\"Veranstaltungen\"},\"inLanguage\":\"de\"},{\"@type\":\"WebPage\",\"@id\":\"https:\/\/www.fanprojekt-muenster.de\/wordpress\/fans-sorgen-fuer-sauberes-muenster-am-berg-fidel\/\",\"url\":\"https:\/\/www.fanprojekt-muenster.de\/wordpress\/fans-sorgen-fuer-sauberes-muenster-am-berg-fidel\/\",\"name\":\"Fans sorgen f\u00fcr \\\"Sauberes M\u00fcnster\\\" am Berg Fidel - Fangemeinschaft Preu\u00dfen M\u00fcnster e. V.\",\"isPartOf\":{\"@id\":\"https:\/\/www.fanprojekt-muenster.de\/wordpress\/#website\"},\"primaryImageOfPage\":{\"@id\":\"https:\/\/www.fanprojekt-muenster.de\/wordpress\/fans-sorgen-fuer-sauberes-muenster-am-berg-fidel\/#primaryimage\"},\"image\":{\"@id\":\"https:\/\/www.fanprojekt-muenster.de\/wordpress\/fans-sorgen-fuer-sauberes-muenster-am-berg-fidel\/#primaryimage\"},\"thumbnailUrl\":\"\",\"datePublished\":\"2016-03-13T12:44:53+00:00\",\"breadcrumb\":{\"@id\":\"https:\/\/www.fanprojekt-muenster.de\/wordpress\/fans-sorgen-fuer-sauberes-muenster-am-berg-fidel\/#breadcrumb\"},\"inLanguage\":\"de\",\"potentialAction\":[{\"@type\":\"ReadAction\",\"target\":[\"https:\/\/www.fanprojekt-muenster.de\/wordpress\/fans-sorgen-fuer-sauberes-muenster-am-berg-fidel\/\"]}]},{\"@type\":\"ImageObject\",\"inLanguage\":\"de\",\"@id\":\"https:\/\/www.fanprojekt-muenster.de\/wordpress\/fans-sorgen-fuer-sauberes-muenster-am-berg-fidel\/#primaryimage\",\"url\":\"\",\"contentUrl\":\"\"},{\"@type\":\"BreadcrumbList\",\"@id\":\"https:\/\/www.fanprojekt-muenster.de\/wordpress\/fans-sorgen-fuer-sauberes-muenster-am-berg-fidel\/#breadcrumb\",\"itemListElement\":[{\"@type\":\"ListItem\",\"position\":1,\"name\":\"Startseite\",\"item\":\"https:\/\/www.fanprojekt-muenster.de\/wordpress\/\"},{\"@type\":\"ListItem\",\"position\":2,\"name\":\"Fans sorgen f\u00fcr &#8222;Sauberes M\u00fcnster&#8220; am Berg Fidel\"}]},{\"@type\":\"WebSite\",\"@id\":\"https:\/\/www.fanprojekt-muenster.de\/wordpress\/#website\",\"url\":\"https:\/\/www.fanprojekt-muenster.de\/wordpress\/\",\"name\":\"Fangemeinschaft Preu\u00dfen M\u00fcnster e. V.\",\"description\":\"\",\"publisher\":{\"@id\":\"https:\/\/www.fanprojekt-muenster.de\/wordpress\/#organization\"},\"potentialAction\":[{\"@type\":\"SearchAction\",\"target\":{\"@type\":\"EntryPoint\",\"urlTemplate\":\"https:\/\/www.fanprojekt-muenster.de\/wordpress\/?s={search_term_string}\"},\"query-input\":{\"@type\":\"PropertyValueSpecification\",\"valueRequired\":true,\"valueName\":\"search_term_string\"}}],\"inLanguage\":\"de\"},{\"@type\":\"Organization\",\"@id\":\"https:\/\/www.fanprojekt-muenster.de\/wordpress\/#organization\",\"name\":\"Fangemeinschaft Preu\u00dfen M\u00fcnster e. V.\",\"url\":\"https:\/\/www.fanprojekt-muenster.de\/wordpress\/\",\"logo\":{\"@type\":\"ImageObject\",\"inLanguage\":\"de\",\"@id\":\"https:\/\/www.fanprojekt-muenster.de\/wordpress\/#\/schema\/logo\/image\/\",\"url\":\"https:\/\/www.fanprojekt-muenster.de\/wordpress\/wp-content\/uploads\/2019\/07\/cropped-Website_Logo3-9.png\",\"contentUrl\":\"https:\/\/www.fanprojekt-muenster.de\/wordpress\/wp-content\/uploads\/2019\/07\/cropped-Website_Logo3-9.png\",\"width\":224,\"height\":42,\"caption\":\"Fangemeinschaft Preu\u00dfen M\u00fcnster e. V.\"},\"image\":{\"@id\":\"https:\/\/www.fanprojekt-muenster.de\/wordpress\/#\/schema\/logo\/image\/\"}},{\"@type\":\"Person\",\"@id\":\"https:\/\/www.fanprojekt-muenster.de\/wordpress\/#\/schema\/person\/529d3ee920414da8907f25b585d57a4e\",\"name\":\"Florian\",\"url\":\"https:\/\/www.fanprojekt-muenster.de\/wordpress\/author\/flovoss\/\"}]}<\/script>\n<!-- \/ Yoast SEO plugin. -->","yoast_head_json":{"title":"Fans sorgen f\u00fcr \"Sauberes M\u00fcnster\" am Berg Fidel - Fangemeinschaft Preu\u00dfen M\u00fcnster e. V.","robots":{"index":"index","follow":"follow","max-snippet":"max-snippet:-1","max-image-preview":"max-image-preview:large","max-video-preview":"max-video-preview:-1"},"canonical":"https:\/\/www.fanprojekt-muenster.de\/wordpress\/fans-sorgen-fuer-sauberes-muenster-am-berg-fidel\/","og_locale":"de_DE","og_type":"article","og_title":"Fans sorgen f\u00fcr \"Sauberes M\u00fcnster\" am Berg Fidel - Fangemeinschaft Preu\u00dfen M\u00fcnster e. V.","og_description":"Die Preu\u00dfen-Fans sind am Freitag, den 18. M\u00e4rz, im Rahmen der AWM-Aktion &#8222;Sauberes M\u00fcnster&#8220; rund um das Preu\u00dfenstadion aktiv. Von 16 Uhr an werden zahlreiche flei\u00dfige Anh\u00e4ngerinnen und Anh\u00e4nger des... Read more &raquo;","og_url":"https:\/\/www.fanprojekt-muenster.de\/wordpress\/fans-sorgen-fuer-sauberes-muenster-am-berg-fidel\/","og_site_name":"Fangemeinschaft Preu\u00dfen M\u00fcnster e. V.","article_published_time":"2016-03-13T12:44:53+00:00","author":"Florian","twitter_card":"summary_large_image","twitter_misc":{"Verfasst von":"Florian","Gesch\u00e4tzte Lesezeit":"1\u00a0Minute"},"schema":{"@context":"https:\/\/schema.org","@graph":[{"@type":"Article","@id":"https:\/\/www.fanprojekt-muenster.de\/wordpress\/fans-sorgen-fuer-sauberes-muenster-am-berg-fidel\/#article","isPartOf":{"@id":"https:\/\/www.fanprojekt-muenster.de\/wordpress\/fans-sorgen-fuer-sauberes-muenster-am-berg-fidel\/"},"author":{"name":"Florian","@id":"https:\/\/www.fanprojekt-muenster.de\/wordpress\/#\/schema\/person\/529d3ee920414da8907f25b585d57a4e"},"headline":"Fans sorgen f\u00fcr &#8222;Sauberes M\u00fcnster&#8220; am Berg Fidel","datePublished":"2016-03-13T12:44:53+00:00","mainEntityOfPage":{"@id":"https:\/\/www.fanprojekt-muenster.de\/wordpress\/fans-sorgen-fuer-sauberes-muenster-am-berg-fidel\/"},"wordCount":163,"publisher":{"@id":"https:\/\/www.fanprojekt-muenster.de\/wordpress\/#organization"},"image":{"@id":"https:\/\/www.fanprojekt-muenster.de\/wordpress\/fans-sorgen-fuer-sauberes-muenster-am-berg-fidel\/#primaryimage"},"thumbnailUrl":"","keywords":["Berg Fidel","Fans","M\u00fcnster","Sauberes M\u00fcnster"],"articleSection":{"0":"Aktionen","1":"Aktuelles","3":"Veranstaltungen"},"inLanguage":"de"},{"@type":"WebPage","@id":"https:\/\/www.fanprojekt-muenster.de\/wordpress\/fans-sorgen-fuer-sauberes-muenster-am-berg-fidel\/","url":"https:\/\/www.fanprojekt-muenster.de\/wordpress\/fans-sorgen-fuer-sauberes-muenster-am-berg-fidel\/","name":"Fans sorgen f\u00fcr \"Sauberes M\u00fcnster\" am Berg Fidel - Fangemeinschaft Preu\u00dfen M\u00fcnster e. V.","isPartOf":{"@id":"https:\/\/www.fanprojekt-muenster.de\/wordpress\/#website"},"primaryImageOfPage":{"@id":"https:\/\/www.fanprojekt-muenster.de\/wordpress\/fans-sorgen-fuer-sauberes-muenster-am-berg-fidel\/#primaryimage"},"image":{"@id":"https:\/\/www.fanprojekt-muenster.de\/wordpress\/fans-sorgen-fuer-sauberes-muenster-am-berg-fidel\/#primaryimage"},"thumbnailUrl":"","datePublished":"2016-03-13T12:44:53+00:00","breadcrumb":{"@id":"https:\/\/www.fanprojekt-muenster.de\/wordpress\/fans-sorgen-fuer-sauberes-muenster-am-berg-fidel\/#breadcrumb"},"inLanguage":"de","potentialAction":[{"@type":"ReadAction","target":["https:\/\/www.fanprojekt-muenster.de\/wordpress\/fans-sorgen-fuer-sauberes-muenster-am-berg-fidel\/"]}]},{"@type":"ImageObject","inLanguage":"de","@id":"https:\/\/www.fanprojekt-muenster.de\/wordpress\/fans-sorgen-fuer-sauberes-muenster-am-berg-fidel\/#primaryimage","url":"","contentUrl":""},{"@type":"BreadcrumbList","@id":"https:\/\/www.fanprojekt-muenster.de\/wordpress\/fans-sorgen-fuer-sauberes-muenster-am-berg-fidel\/#breadcrumb","itemListElement":[{"@type":"ListItem","position":1,"name":"Startseite","item":"https:\/\/www.fanprojekt-muenster.de\/wordpress\/"},{"@type":"ListItem","position":2,"name":"Fans sorgen f\u00fcr &#8222;Sauberes M\u00fcnster&#8220; am Berg Fidel"}]},{"@type":"WebSite","@id":"https:\/\/www.fanprojekt-muenster.de\/wordpress\/#website","url":"https:\/\/www.fanprojekt-muenster.de\/wordpress\/","name":"Fangemeinschaft Preu\u00dfen M\u00fcnster e. V.","description":"","publisher":{"@id":"https:\/\/www.fanprojekt-muenster.de\/wordpress\/#organization"},"potentialAction":[{"@type":"SearchAction","target":{"@type":"EntryPoint","urlTemplate":"https:\/\/www.fanprojekt-muenster.de\/wordpress\/?s={search_term_string}"},"query-input":{"@type":"PropertyValueSpecification","valueRequired":true,"valueName":"search_term_string"}}],"inLanguage":"de"},{"@type":"Organization","@id":"https:\/\/www.fanprojekt-muenster.de\/wordpress\/#organization","name":"Fangemeinschaft Preu\u00dfen M\u00fcnster e. V.","url":"https:\/\/www.fanprojekt-muenster.de\/wordpress\/","logo":{"@type":"ImageObject","inLanguage":"de","@id":"https:\/\/www.fanprojekt-muenster.de\/wordpress\/#\/schema\/logo\/image\/","url":"https:\/\/www.fanprojekt-muenster.de\/wordpress\/wp-content\/uploads\/2019\/07\/cropped-Website_Logo3-9.png","contentUrl":"https:\/\/www.fanprojekt-muenster.de\/wordpress\/wp-content\/uploads\/2019\/07\/cropped-Website_Logo3-9.png","width":224,"height":42,"caption":"Fangemeinschaft Preu\u00dfen M\u00fcnster e. V."},"image":{"@id":"https:\/\/www.fanprojekt-muenster.de\/wordpress\/#\/schema\/logo\/image\/"}},{"@type":"Person","@id":"https:\/\/www.fanprojekt-muenster.de\/wordpress\/#\/schema\/person\/529d3ee920414da8907f25b585d57a4e","name":"Florian","url":"https:\/\/www.fanprojekt-muenster.de\/wordpress\/author\/flovoss\/"}]}},"author_meta":{"display_name":"Florian","author_link":"https:\/\/www.fanprojekt-muenster.de\/wordpress\/author\/flovoss\/"},"featured_img":null,"coauthors":[],"tax_additional":{"categories":{"linked":["<a href=\"https:\/\/www.fanprojekt-muenster.de\/wordpress\/category\/aktionen\/\" class=\"advgb-post-tax-term\">Aktionen<\/a>","<a href=\"https:\/\/www.fanprojekt-muenster.de\/wordpress\/category\/aktuelles\/\" class=\"advgb-post-tax-term\">Aktuelles<\/a>","<a href=\"https:\/\/www.fanprojekt-muenster.de\/wordpress\/category\/allgemein\/\" class=\"advgb-post-tax-term\">Allgemein<\/a>","<a href=\"https:\/\/www.fanprojekt-muenster.de\/wordpress\/category\/veranstaltungen\/\" class=\"advgb-post-tax-term\">Veranstaltungen<\/a>"],"unlinked":["<span class=\"advgb-post-tax-term\">Aktionen<\/span>","<span class=\"advgb-post-tax-term\">Aktuelles<\/span>","<span class=\"advgb-post-tax-term\">Allgemein<\/span>","<span class=\"advgb-post-tax-term\">Veranstaltungen<\/span>"]},"tags":{"linked":["<a href=\"https:\/\/www.fanprojekt-muenster.de\/wordpress\/category\/veranstaltungen\/\" class=\"advgb-post-tax-term\">Berg Fidel<\/a>","<a href=\"https:\/\/www.fanprojekt-muenster.de\/wordpress\/category\/veranstaltungen\/\" class=\"advgb-post-tax-term\">Fans<\/a>","<a href=\"https:\/\/www.fanprojekt-muenster.de\/wordpress\/category\/veranstaltungen\/\" class=\"advgb-post-tax-term\">M\u00fcnster<\/a>","<a href=\"https:\/\/www.fanprojekt-muenster.de\/wordpress\/category\/veranstaltungen\/\" class=\"advgb-post-tax-term\">Sauberes M\u00fcnster<\/a>"],"unlinked":["<span class=\"advgb-post-tax-term\">Berg Fidel<\/span>","<span class=\"advgb-post-tax-term\">Fans<\/span>","<span class=\"advgb-post-tax-term\">M\u00fcnster<\/span>","<span class=\"advgb-post-tax-term\">Sauberes M\u00fcnster<\/span>"]}},"comment_count":"0","relative_dates":{"created":"Posted 10\u00a0Jahren ago","modified":"Updated 10\u00a0Jahren ago"},"absolute_dates":{"created":"Posted on 13. M\u00e4rz 2016","modified":"Updated on 13. M\u00e4rz 2016"},"absolute_dates_time":{"created":"Posted on 13. M\u00e4rz 2016 14:44","modified":"Updated on 13. M\u00e4rz 2016 14:44"},"featured_img_caption":"","series_order":"","_links":{"self":[{"href":"https:\/\/www.fanprojekt-muenster.de\/wordpress\/wp-json\/wp\/v2\/posts\/5211","targetHints":{"allow":["GET"]}}],"collection":[{"href":"https:\/\/www.fanprojekt-muenster.de\/wordpress\/wp-json\/wp\/v2\/posts"}],"about":[{"href":"https:\/\/www.fanprojekt-muenster.de\/wordpress\/wp-json\/wp\/v2\/types\/post"}],"author":[{"embeddable":true,"href":"https:\/\/www.fanprojekt-muenster.de\/wordpress\/wp-json\/wp\/v2\/users\/5"}],"replies":[{"embeddable":true,"href":"https:\/\/www.fanprojekt-muenster.de\/wordpress\/wp-json\/wp\/v2\/comments?post=5211"}],"version-history":[{"count":0,"href":"https:\/\/www.fanprojekt-muenster.de\/wordpress\/wp-json\/wp\/v2\/posts\/5211\/revisions"}],"wp:featuredmedia":[{"embeddable":true,"href":"https:\/\/www.fanprojekt-muenster.de\/wordpress\/wp-json\/"}],"wp:attachment":[{"href":"https:\/\/www.fanprojekt-muenster.de\/wordpress\/wp-json\/wp\/v2\/media?parent=5211"}],"wp:term":[{"taxonomy":"category","embeddable":true,"href":"https:\/\/www.fanprojekt-muenster.de\/wordpress\/wp-json\/wp\/v2\/categories?post=5211"},{"taxonomy":"post_tag","embeddable":true,"href":"https:\/\/www.fanprojekt-muenster.de\/wordpress\/wp-json\/wp\/v2\/tags?post=5211"}],"curies":[{"name":"wp","href":"https:\/\/api.w.org\/{rel}","templated":true}]}}