{"id":5196,"date":"2016-03-02T17:40:25","date_gmt":"2016-03-02T15:40:25","guid":{"rendered":"http:\/\/www.fanprojekt-muenster.de\/wp\/?p=5196"},"modified":"2016-03-02T17:40:25","modified_gmt":"2016-03-02T15:40:25","slug":"fan-demo-beginnt-am-samstag-um-11-uhr-auf-der-stubengasse","status":"publish","type":"post","link":"https:\/\/www.fanprojekt-muenster.de\/wordpress\/fan-demo-beginnt-am-samstag-um-11-uhr-auf-der-stubengasse\/","title":{"rendered":"Fan-Demo beginnt am Samstag um 11 Uhr auf der Stubengasse"},"content":{"rendered":"<p>Mit einem Demonstrationszug werden Anh\u00e4nger des SC Preu\u00dfen am Samstag in der Innenstadt von M\u00fcnster auf die zunehmende Kriminalisierung von Fu\u00dfballfans aufmerksam machen. Unter dem Motto &#8222;H\u00e4nde weg vom Fu\u00dfball! Gegen G\u00e4steverbote &amp; Repressionen!&#8220; hat das Fanprojekt Preu\u00dfen M\u00fcnster e.V. Fans und Interessierte eingeladen, sich um 11 Uhr auf der Stubengasse einzufinden. Von dort f\u00fchrt die Route mit einer Zwischenkundgebung am Stadthaus 2 zum Preu\u00dfenstadion, wo nach der Abschlusskundgebung in Zusammenarbeit mit dem SC Preu\u00dfen 06 e.V. M\u00fcnster das Abschlusstraining vor der Partie gegen den VfL Osnabr\u00fcck besucht werden kann.<\/p>\n<p>Diese Begegnung und der erneute Ausschluss von G\u00e4stefans ist auch der Grund f\u00fcr die Anmeldung der Demonstration. &#8222;Ein Derby wird erst durch gesunde Rivalit\u00e4t und Emotionen zu einem solchen. Die kollektiven Ma\u00dfnahmen gegen Anh\u00e4nger von Fu\u00dfballvereinen haben ein nicht mehr nachvollziehbares Ausma\u00df erreicht und werden auch nicht zu einer sp\u00fcrbaren Beruhigung f\u00fchren k\u00f6nnen&#8220;, erkl\u00e4rt Fanprojekt-Vorstandssprecher Florian Vo\u00df. Im Rahmen der Partie am Sonntag haben auch Anh\u00e4nger aus Osnabr\u00fcck einen Protest angemeldet. &#8222;Wir stehen mit dem Osnabr\u00fccker Fanclub-Verband in Kontakt&#8220;, so Vo\u00df weiter: &#8222;Wir m\u00f6chten durch friedliche Proteste darauf aufmerksam machen, dass wir l\u00f6sungsorientierte Ans\u00e4tze fordern und die radikalen Ma\u00dfnahmen ablehnen. In unseren Augen erreichen wir eine gewaltfreie Atmosph\u00e4re nicht durch Konfrontation.&#8220; Das Fanprojekt vertritt zum einen die Interessen der Fans, zum anderen hat er sich auf die Fahne geschrieben, den Dialog unter den Fans voranzutreiben. Daf\u00fcr organisiert er auch Sonderz\u00fcge oder Veranstaltungen und unterh\u00e4lt regelm\u00e4\u00dfige Angebote, die sich stets an alle Anh\u00e4nger von Preu\u00dfen M\u00fcnster richten.<\/p>\n","protected":false},"excerpt":{"rendered":"<p>Mit einem Demonstrationszug werden Anh\u00e4nger des SC Preu\u00dfen am Samstag in der Innenstadt von M\u00fcnster auf die zunehmende Kriminalisierung von Fu\u00dfballfans aufmerksam machen. Unter dem Motto &#8222;H\u00e4nde weg vom Fu\u00dfball!&#8230; <a class=\"read-more-link\" href=\"https:\/\/www.fanprojekt-muenster.de\/wordpress\/fan-demo-beginnt-am-samstag-um-11-uhr-auf-der-stubengasse\/\">Read more &raquo;<\/a><\/p>\n","protected":false},"author":5,"featured_media":4967,"comment_status":"closed","ping_status":"closed","sticky":false,"template":"","format":"standard","meta":{"advgb_blocks_editor_width":"","advgb_blocks_columns_visual_guide":"","footnotes":""},"categories":[2,3,1],"tags":[],"class_list":["post-5196","post","type-post","status-publish","format-standard","has-post-thumbnail","hentry","category-aktionen","category-aktuelles","category-allgemein"],"featured_image_src":null,"author_info":{"display_name":"Florian","author_link":"https:\/\/www.fanprojekt-muenster.de\/wordpress\/author\/flovoss\/"},"yoast_head":"<!-- This site is optimized with the Yoast SEO plugin v27.2 - https:\/\/yoast.com\/product\/yoast-seo-wordpress\/ -->\n<title>Fan-Demo beginnt am Samstag um 11 Uhr auf der Stubengasse - Fangemeinschaft Preu\u00dfen M\u00fcnster e. V.<\/title>\n<meta name=\"robots\" content=\"index, follow, max-snippet:-1, max-image-preview:large, max-video-preview:-1\" \/>\n<link rel=\"canonical\" href=\"https:\/\/www.fanprojekt-muenster.de\/wordpress\/fan-demo-beginnt-am-samstag-um-11-uhr-auf-der-stubengasse\/\" \/>\n<meta property=\"og:locale\" content=\"de_DE\" \/>\n<meta property=\"og:type\" content=\"article\" \/>\n<meta property=\"og:title\" content=\"Fan-Demo beginnt am Samstag um 11 Uhr auf der Stubengasse - Fangemeinschaft Preu\u00dfen M\u00fcnster e. V.\" \/>\n<meta property=\"og:description\" content=\"Mit einem Demonstrationszug werden Anh\u00e4nger des SC Preu\u00dfen am Samstag in der Innenstadt von M\u00fcnster auf die zunehmende Kriminalisierung von Fu\u00dfballfans aufmerksam machen. Unter dem Motto &#8222;H\u00e4nde weg vom Fu\u00dfball!... Read more &raquo;\" \/>\n<meta property=\"og:url\" content=\"https:\/\/www.fanprojekt-muenster.de\/wordpress\/fan-demo-beginnt-am-samstag-um-11-uhr-auf-der-stubengasse\/\" \/>\n<meta property=\"og:site_name\" content=\"Fangemeinschaft Preu\u00dfen M\u00fcnster e. V.\" \/>\n<meta property=\"article:published_time\" content=\"2016-03-02T15:40:25+00:00\" \/>\n<meta name=\"author\" content=\"Florian\" \/>\n<meta name=\"twitter:card\" content=\"summary_large_image\" \/>\n<meta name=\"twitter:label1\" content=\"Verfasst von\" \/>\n\t<meta name=\"twitter:data1\" content=\"Florian\" \/>\n\t<meta name=\"twitter:label2\" content=\"Gesch\u00e4tzte Lesezeit\" \/>\n\t<meta name=\"twitter:data2\" content=\"1\u00a0Minute\" \/>\n<script type=\"application\/ld+json\" class=\"yoast-schema-graph\">{\"@context\":\"https:\/\/schema.org\",\"@graph\":[{\"@type\":\"Article\",\"@id\":\"https:\/\/www.fanprojekt-muenster.de\/wordpress\/fan-demo-beginnt-am-samstag-um-11-uhr-auf-der-stubengasse\/#article\",\"isPartOf\":{\"@id\":\"https:\/\/www.fanprojekt-muenster.de\/wordpress\/fan-demo-beginnt-am-samstag-um-11-uhr-auf-der-stubengasse\/\"},\"author\":{\"name\":\"Florian\",\"@id\":\"https:\/\/www.fanprojekt-muenster.de\/wordpress\/#\/schema\/person\/529d3ee920414da8907f25b585d57a4e\"},\"headline\":\"Fan-Demo beginnt am Samstag um 11 Uhr auf der Stubengasse\",\"datePublished\":\"2016-03-02T15:40:25+00:00\",\"mainEntityOfPage\":{\"@id\":\"https:\/\/www.fanprojekt-muenster.de\/wordpress\/fan-demo-beginnt-am-samstag-um-11-uhr-auf-der-stubengasse\/\"},\"wordCount\":293,\"publisher\":{\"@id\":\"https:\/\/www.fanprojekt-muenster.de\/wordpress\/#organization\"},\"image\":{\"@id\":\"https:\/\/www.fanprojekt-muenster.de\/wordpress\/fan-demo-beginnt-am-samstag-um-11-uhr-auf-der-stubengasse\/#primaryimage\"},\"thumbnailUrl\":\"\",\"articleSection\":[\"Aktionen\",\"Aktuelles\"],\"inLanguage\":\"de\"},{\"@type\":\"WebPage\",\"@id\":\"https:\/\/www.fanprojekt-muenster.de\/wordpress\/fan-demo-beginnt-am-samstag-um-11-uhr-auf-der-stubengasse\/\",\"url\":\"https:\/\/www.fanprojekt-muenster.de\/wordpress\/fan-demo-beginnt-am-samstag-um-11-uhr-auf-der-stubengasse\/\",\"name\":\"Fan-Demo beginnt am Samstag um 11 Uhr auf der Stubengasse - Fangemeinschaft Preu\u00dfen M\u00fcnster e. V.\",\"isPartOf\":{\"@id\":\"https:\/\/www.fanprojekt-muenster.de\/wordpress\/#website\"},\"primaryImageOfPage\":{\"@id\":\"https:\/\/www.fanprojekt-muenster.de\/wordpress\/fan-demo-beginnt-am-samstag-um-11-uhr-auf-der-stubengasse\/#primaryimage\"},\"image\":{\"@id\":\"https:\/\/www.fanprojekt-muenster.de\/wordpress\/fan-demo-beginnt-am-samstag-um-11-uhr-auf-der-stubengasse\/#primaryimage\"},\"thumbnailUrl\":\"\",\"datePublished\":\"2016-03-02T15:40:25+00:00\",\"breadcrumb\":{\"@id\":\"https:\/\/www.fanprojekt-muenster.de\/wordpress\/fan-demo-beginnt-am-samstag-um-11-uhr-auf-der-stubengasse\/#breadcrumb\"},\"inLanguage\":\"de\",\"potentialAction\":[{\"@type\":\"ReadAction\",\"target\":[\"https:\/\/www.fanprojekt-muenster.de\/wordpress\/fan-demo-beginnt-am-samstag-um-11-uhr-auf-der-stubengasse\/\"]}]},{\"@type\":\"ImageObject\",\"inLanguage\":\"de\",\"@id\":\"https:\/\/www.fanprojekt-muenster.de\/wordpress\/fan-demo-beginnt-am-samstag-um-11-uhr-auf-der-stubengasse\/#primaryimage\",\"url\":\"\",\"contentUrl\":\"\"},{\"@type\":\"BreadcrumbList\",\"@id\":\"https:\/\/www.fanprojekt-muenster.de\/wordpress\/fan-demo-beginnt-am-samstag-um-11-uhr-auf-der-stubengasse\/#breadcrumb\",\"itemListElement\":[{\"@type\":\"ListItem\",\"position\":1,\"name\":\"Startseite\",\"item\":\"https:\/\/www.fanprojekt-muenster.de\/wordpress\/\"},{\"@type\":\"ListItem\",\"position\":2,\"name\":\"Fan-Demo beginnt am Samstag um 11 Uhr auf der Stubengasse\"}]},{\"@type\":\"WebSite\",\"@id\":\"https:\/\/www.fanprojekt-muenster.de\/wordpress\/#website\",\"url\":\"https:\/\/www.fanprojekt-muenster.de\/wordpress\/\",\"name\":\"Fangemeinschaft Preu\u00dfen M\u00fcnster e. V.\",\"description\":\"\",\"publisher\":{\"@id\":\"https:\/\/www.fanprojekt-muenster.de\/wordpress\/#organization\"},\"potentialAction\":[{\"@type\":\"SearchAction\",\"target\":{\"@type\":\"EntryPoint\",\"urlTemplate\":\"https:\/\/www.fanprojekt-muenster.de\/wordpress\/?s={search_term_string}\"},\"query-input\":{\"@type\":\"PropertyValueSpecification\",\"valueRequired\":true,\"valueName\":\"search_term_string\"}}],\"inLanguage\":\"de\"},{\"@type\":\"Organization\",\"@id\":\"https:\/\/www.fanprojekt-muenster.de\/wordpress\/#organization\",\"name\":\"Fangemeinschaft Preu\u00dfen M\u00fcnster e. V.\",\"url\":\"https:\/\/www.fanprojekt-muenster.de\/wordpress\/\",\"logo\":{\"@type\":\"ImageObject\",\"inLanguage\":\"de\",\"@id\":\"https:\/\/www.fanprojekt-muenster.de\/wordpress\/#\/schema\/logo\/image\/\",\"url\":\"https:\/\/www.fanprojekt-muenster.de\/wordpress\/wp-content\/uploads\/2019\/07\/cropped-Website_Logo3-9.png\",\"contentUrl\":\"https:\/\/www.fanprojekt-muenster.de\/wordpress\/wp-content\/uploads\/2019\/07\/cropped-Website_Logo3-9.png\",\"width\":224,\"height\":42,\"caption\":\"Fangemeinschaft Preu\u00dfen M\u00fcnster e. V.\"},\"image\":{\"@id\":\"https:\/\/www.fanprojekt-muenster.de\/wordpress\/#\/schema\/logo\/image\/\"}},{\"@type\":\"Person\",\"@id\":\"https:\/\/www.fanprojekt-muenster.de\/wordpress\/#\/schema\/person\/529d3ee920414da8907f25b585d57a4e\",\"name\":\"Florian\",\"url\":\"https:\/\/www.fanprojekt-muenster.de\/wordpress\/author\/flovoss\/\"}]}<\/script>\n<!-- \/ Yoast SEO plugin. -->","yoast_head_json":{"title":"Fan-Demo beginnt am Samstag um 11 Uhr auf der Stubengasse - Fangemeinschaft Preu\u00dfen M\u00fcnster e. V.","robots":{"index":"index","follow":"follow","max-snippet":"max-snippet:-1","max-image-preview":"max-image-preview:large","max-video-preview":"max-video-preview:-1"},"canonical":"https:\/\/www.fanprojekt-muenster.de\/wordpress\/fan-demo-beginnt-am-samstag-um-11-uhr-auf-der-stubengasse\/","og_locale":"de_DE","og_type":"article","og_title":"Fan-Demo beginnt am Samstag um 11 Uhr auf der Stubengasse - Fangemeinschaft Preu\u00dfen M\u00fcnster e. V.","og_description":"Mit einem Demonstrationszug werden Anh\u00e4nger des SC Preu\u00dfen am Samstag in der Innenstadt von M\u00fcnster auf die zunehmende Kriminalisierung von Fu\u00dfballfans aufmerksam machen. Unter dem Motto &#8222;H\u00e4nde weg vom Fu\u00dfball!... Read more &raquo;","og_url":"https:\/\/www.fanprojekt-muenster.de\/wordpress\/fan-demo-beginnt-am-samstag-um-11-uhr-auf-der-stubengasse\/","og_site_name":"Fangemeinschaft Preu\u00dfen M\u00fcnster e. V.","article_published_time":"2016-03-02T15:40:25+00:00","author":"Florian","twitter_card":"summary_large_image","twitter_misc":{"Verfasst von":"Florian","Gesch\u00e4tzte Lesezeit":"1\u00a0Minute"},"schema":{"@context":"https:\/\/schema.org","@graph":[{"@type":"Article","@id":"https:\/\/www.fanprojekt-muenster.de\/wordpress\/fan-demo-beginnt-am-samstag-um-11-uhr-auf-der-stubengasse\/#article","isPartOf":{"@id":"https:\/\/www.fanprojekt-muenster.de\/wordpress\/fan-demo-beginnt-am-samstag-um-11-uhr-auf-der-stubengasse\/"},"author":{"name":"Florian","@id":"https:\/\/www.fanprojekt-muenster.de\/wordpress\/#\/schema\/person\/529d3ee920414da8907f25b585d57a4e"},"headline":"Fan-Demo beginnt am Samstag um 11 Uhr auf der Stubengasse","datePublished":"2016-03-02T15:40:25+00:00","mainEntityOfPage":{"@id":"https:\/\/www.fanprojekt-muenster.de\/wordpress\/fan-demo-beginnt-am-samstag-um-11-uhr-auf-der-stubengasse\/"},"wordCount":293,"publisher":{"@id":"https:\/\/www.fanprojekt-muenster.de\/wordpress\/#organization"},"image":{"@id":"https:\/\/www.fanprojekt-muenster.de\/wordpress\/fan-demo-beginnt-am-samstag-um-11-uhr-auf-der-stubengasse\/#primaryimage"},"thumbnailUrl":"","articleSection":["Aktionen","Aktuelles"],"inLanguage":"de"},{"@type":"WebPage","@id":"https:\/\/www.fanprojekt-muenster.de\/wordpress\/fan-demo-beginnt-am-samstag-um-11-uhr-auf-der-stubengasse\/","url":"https:\/\/www.fanprojekt-muenster.de\/wordpress\/fan-demo-beginnt-am-samstag-um-11-uhr-auf-der-stubengasse\/","name":"Fan-Demo beginnt am Samstag um 11 Uhr auf der Stubengasse - Fangemeinschaft Preu\u00dfen M\u00fcnster e. V.","isPartOf":{"@id":"https:\/\/www.fanprojekt-muenster.de\/wordpress\/#website"},"primaryImageOfPage":{"@id":"https:\/\/www.fanprojekt-muenster.de\/wordpress\/fan-demo-beginnt-am-samstag-um-11-uhr-auf-der-stubengasse\/#primaryimage"},"image":{"@id":"https:\/\/www.fanprojekt-muenster.de\/wordpress\/fan-demo-beginnt-am-samstag-um-11-uhr-auf-der-stubengasse\/#primaryimage"},"thumbnailUrl":"","datePublished":"2016-03-02T15:40:25+00:00","breadcrumb":{"@id":"https:\/\/www.fanprojekt-muenster.de\/wordpress\/fan-demo-beginnt-am-samstag-um-11-uhr-auf-der-stubengasse\/#breadcrumb"},"inLanguage":"de","potentialAction":[{"@type":"ReadAction","target":["https:\/\/www.fanprojekt-muenster.de\/wordpress\/fan-demo-beginnt-am-samstag-um-11-uhr-auf-der-stubengasse\/"]}]},{"@type":"ImageObject","inLanguage":"de","@id":"https:\/\/www.fanprojekt-muenster.de\/wordpress\/fan-demo-beginnt-am-samstag-um-11-uhr-auf-der-stubengasse\/#primaryimage","url":"","contentUrl":""},{"@type":"BreadcrumbList","@id":"https:\/\/www.fanprojekt-muenster.de\/wordpress\/fan-demo-beginnt-am-samstag-um-11-uhr-auf-der-stubengasse\/#breadcrumb","itemListElement":[{"@type":"ListItem","position":1,"name":"Startseite","item":"https:\/\/www.fanprojekt-muenster.de\/wordpress\/"},{"@type":"ListItem","position":2,"name":"Fan-Demo beginnt am Samstag um 11 Uhr auf der Stubengasse"}]},{"@type":"WebSite","@id":"https:\/\/www.fanprojekt-muenster.de\/wordpress\/#website","url":"https:\/\/www.fanprojekt-muenster.de\/wordpress\/","name":"Fangemeinschaft Preu\u00dfen M\u00fcnster e. V.","description":"","publisher":{"@id":"https:\/\/www.fanprojekt-muenster.de\/wordpress\/#organization"},"potentialAction":[{"@type":"SearchAction","target":{"@type":"EntryPoint","urlTemplate":"https:\/\/www.fanprojekt-muenster.de\/wordpress\/?s={search_term_string}"},"query-input":{"@type":"PropertyValueSpecification","valueRequired":true,"valueName":"search_term_string"}}],"inLanguage":"de"},{"@type":"Organization","@id":"https:\/\/www.fanprojekt-muenster.de\/wordpress\/#organization","name":"Fangemeinschaft Preu\u00dfen M\u00fcnster e. V.","url":"https:\/\/www.fanprojekt-muenster.de\/wordpress\/","logo":{"@type":"ImageObject","inLanguage":"de","@id":"https:\/\/www.fanprojekt-muenster.de\/wordpress\/#\/schema\/logo\/image\/","url":"https:\/\/www.fanprojekt-muenster.de\/wordpress\/wp-content\/uploads\/2019\/07\/cropped-Website_Logo3-9.png","contentUrl":"https:\/\/www.fanprojekt-muenster.de\/wordpress\/wp-content\/uploads\/2019\/07\/cropped-Website_Logo3-9.png","width":224,"height":42,"caption":"Fangemeinschaft Preu\u00dfen M\u00fcnster e. V."},"image":{"@id":"https:\/\/www.fanprojekt-muenster.de\/wordpress\/#\/schema\/logo\/image\/"}},{"@type":"Person","@id":"https:\/\/www.fanprojekt-muenster.de\/wordpress\/#\/schema\/person\/529d3ee920414da8907f25b585d57a4e","name":"Florian","url":"https:\/\/www.fanprojekt-muenster.de\/wordpress\/author\/flovoss\/"}]}},"author_meta":{"display_name":"Florian","author_link":"https:\/\/www.fanprojekt-muenster.de\/wordpress\/author\/flovoss\/"},"featured_img":null,"coauthors":[],"tax_additional":{"categories":{"linked":["<a href=\"https:\/\/www.fanprojekt-muenster.de\/wordpress\/category\/aktionen\/\" class=\"advgb-post-tax-term\">Aktionen<\/a>","<a href=\"https:\/\/www.fanprojekt-muenster.de\/wordpress\/category\/aktuelles\/\" class=\"advgb-post-tax-term\">Aktuelles<\/a>","<a href=\"https:\/\/www.fanprojekt-muenster.de\/wordpress\/category\/allgemein\/\" class=\"advgb-post-tax-term\">Allgemein<\/a>"],"unlinked":["<span class=\"advgb-post-tax-term\">Aktionen<\/span>","<span class=\"advgb-post-tax-term\">Aktuelles<\/span>","<span class=\"advgb-post-tax-term\">Allgemein<\/span>"]}},"comment_count":"0","relative_dates":{"created":"Posted 10\u00a0Jahren ago","modified":"Updated 10\u00a0Jahren ago"},"absolute_dates":{"created":"Posted on 2. M\u00e4rz 2016","modified":"Updated on 2. M\u00e4rz 2016"},"absolute_dates_time":{"created":"Posted on 2. M\u00e4rz 2016 17:40","modified":"Updated on 2. M\u00e4rz 2016 17:40"},"featured_img_caption":"","series_order":"","_links":{"self":[{"href":"https:\/\/www.fanprojekt-muenster.de\/wordpress\/wp-json\/wp\/v2\/posts\/5196","targetHints":{"allow":["GET"]}}],"collection":[{"href":"https:\/\/www.fanprojekt-muenster.de\/wordpress\/wp-json\/wp\/v2\/posts"}],"about":[{"href":"https:\/\/www.fanprojekt-muenster.de\/wordpress\/wp-json\/wp\/v2\/types\/post"}],"author":[{"embeddable":true,"href":"https:\/\/www.fanprojekt-muenster.de\/wordpress\/wp-json\/wp\/v2\/users\/5"}],"replies":[{"embeddable":true,"href":"https:\/\/www.fanprojekt-muenster.de\/wordpress\/wp-json\/wp\/v2\/comments?post=5196"}],"version-history":[{"count":0,"href":"https:\/\/www.fanprojekt-muenster.de\/wordpress\/wp-json\/wp\/v2\/posts\/5196\/revisions"}],"wp:featuredmedia":[{"embeddable":true,"href":"https:\/\/www.fanprojekt-muenster.de\/wordpress\/wp-json\/"}],"wp:attachment":[{"href":"https:\/\/www.fanprojekt-muenster.de\/wordpress\/wp-json\/wp\/v2\/media?parent=5196"}],"wp:term":[{"taxonomy":"category","embeddable":true,"href":"https:\/\/www.fanprojekt-muenster.de\/wordpress\/wp-json\/wp\/v2\/categories?post=5196"},{"taxonomy":"post_tag","embeddable":true,"href":"https:\/\/www.fanprojekt-muenster.de\/wordpress\/wp-json\/wp\/v2\/tags?post=5196"}],"curies":[{"name":"wp","href":"https:\/\/api.w.org\/{rel}","templated":true}]}}