{"id":5192,"date":"2016-02-29T16:46:19","date_gmt":"2016-02-29T14:46:19","guid":{"rendered":"http:\/\/www.fanprojekt-muenster.de\/wp\/?p=5192"},"modified":"2016-02-29T16:46:19","modified_gmt":"2016-02-29T14:46:19","slug":"preussenfans-demonstrieren-gegen-gaesteverbote-und-repressionen","status":"publish","type":"post","link":"https:\/\/www.fanprojekt-muenster.de\/wordpress\/preussenfans-demonstrieren-gegen-gaesteverbote-und-repressionen\/","title":{"rendered":"Preu\u00dfenfans demonstrieren gegen G\u00e4steverbote und Repressionen"},"content":{"rendered":"<p>Den Ausschluss von G\u00e4ste-Fans beim Derby gegen den VfL Osnabr\u00fcck kritisiert das Fanprojekt Preu\u00dfen M\u00fcnster e.V. scharf und wird am Samstag vor dem Spiel gegen das G\u00e4steverbot und kollektive Strafen gegen Fu\u00dfballfans in M\u00fcnster demonstrieren. Zu der Partie am Sonntag, 6. M\u00e4rz, d\u00fcrfen wie schon beim Hinspiel keine Anh\u00e4nger der Gastmannschaft das Stadion betreten. \u201eKollektive Ma\u00dfnahmen gegen alle Fans eines Klubs sind v\u00f6llig \u00fcberzogen und verfehlt\u201c, erkl\u00e4rt FP-Vorsitzender Benny Sicking, dass das Fanprojekt sich solidarisch zeigt und f\u00fcr ein buntes, emotionales Fu\u00dfballspiel ohne Gewalt einsetzt. Das Handeln der Sicherheitsbeh\u00f6rden und der Politik werde nicht zu einer L\u00f6sung f\u00fchren und treffe vielmehr die zahlreichen friedlichen Stadionbesucher beider Vereine.<\/p>\n<p>Das Fanprojekt wird am Samstag vor der Begegnung, dem 5. M\u00e4rz, mit einer Demonstration\u00a0ab 11 Uhr auf ungerechtfertigte Repressionen gegen Fu\u00dfball-Fans aufmerksam machen und l\u00e4dt Anh\u00e4nger des SC Preu\u00dfen und Interessierte dazu ein, sich anzuschlie\u00dfen und sich diesen Termin frei zu halten. Mehr Informationen zu den Planungen f\u00fcr Samstag, den 5. M\u00e4rz, wird das Fanprojekt noch bekannt geben.<\/p>\n<p>Auf einem Flyer hat das Fanprojekt bereits im Rahmen des SCP-Heimspiels gegen Chemnitz am vergangenen\u00a0Samstag in folgendem Wortlaut auf die Demonstration aufmerksam gemacht: &#8222;Erst die Fans auf den Ra\u0308ngen machen ein Fu\u00dfballspiel zu einem Derby und dazu bedarf es beider Fangruppen. Fu\u00dfballfans werden in ihren Rechten immer weiter beschnitten, z.B. durch Ga\u0308steverbote und andere Kollektivstrafen. Das muss ein Ende haben! Wir sind gegen Gewalt, aber auch gegen Kollektivstrafen und die Kriminalisierung von Fu\u00dfballfans. Lasst uns gemeinsam ein friedliches und buntes Zeichen setzen und gegen den kollektiven Ausschluss von Ga\u0308stefans und fu\u0308r den Erhalt der Fankultur demonstrieren!&#8220;<\/p>\n","protected":false},"excerpt":{"rendered":"<p>Den Ausschluss von G\u00e4ste-Fans beim Derby gegen den VfL Osnabr\u00fcck kritisiert das Fanprojekt Preu\u00dfen M\u00fcnster e.V. scharf und wird am Samstag vor dem Spiel gegen das G\u00e4steverbot und kollektive Strafen&#8230; <a class=\"read-more-link\" href=\"https:\/\/www.fanprojekt-muenster.de\/wordpress\/preussenfans-demonstrieren-gegen-gaesteverbote-und-repressionen\/\">Read more &raquo;<\/a><\/p>\n","protected":false},"author":5,"featured_media":5193,"comment_status":"closed","ping_status":"closed","sticky":false,"template":"","format":"standard","meta":{"advgb_blocks_editor_width":"","advgb_blocks_columns_visual_guide":"","footnotes":""},"categories":[2,3],"tags":[73,74,129,182,211],"class_list":["post-5192","post","type-post","status-publish","format-standard","has-post-thumbnail","hentry","category-aktionen","category-aktuelles","tag-demo","tag-demonstration","tag-gaesteverbot","tag-muenster","tag-repressionen"],"featured_image_src":null,"author_info":{"display_name":"Florian","author_link":"https:\/\/www.fanprojekt-muenster.de\/wordpress\/author\/flovoss\/"},"yoast_head":"<!-- This site is optimized with the Yoast SEO plugin v27.2 - https:\/\/yoast.com\/product\/yoast-seo-wordpress\/ -->\n<title>Preu\u00dfenfans demonstrieren gegen G\u00e4steverbote und Repressionen - Fangemeinschaft Preu\u00dfen M\u00fcnster e. V.<\/title>\n<meta name=\"robots\" content=\"index, follow, max-snippet:-1, max-image-preview:large, max-video-preview:-1\" \/>\n<link rel=\"canonical\" href=\"https:\/\/www.fanprojekt-muenster.de\/wordpress\/preussenfans-demonstrieren-gegen-gaesteverbote-und-repressionen\/\" \/>\n<meta property=\"og:locale\" content=\"de_DE\" \/>\n<meta property=\"og:type\" content=\"article\" \/>\n<meta property=\"og:title\" content=\"Preu\u00dfenfans demonstrieren gegen G\u00e4steverbote und Repressionen - Fangemeinschaft Preu\u00dfen M\u00fcnster e. V.\" \/>\n<meta property=\"og:description\" content=\"Den Ausschluss von G\u00e4ste-Fans beim Derby gegen den VfL Osnabr\u00fcck kritisiert das Fanprojekt Preu\u00dfen M\u00fcnster e.V. scharf und wird am Samstag vor dem Spiel gegen das G\u00e4steverbot und kollektive Strafen... Read more &raquo;\" \/>\n<meta property=\"og:url\" content=\"https:\/\/www.fanprojekt-muenster.de\/wordpress\/preussenfans-demonstrieren-gegen-gaesteverbote-und-repressionen\/\" \/>\n<meta property=\"og:site_name\" content=\"Fangemeinschaft Preu\u00dfen M\u00fcnster e. V.\" \/>\n<meta property=\"article:published_time\" content=\"2016-02-29T14:46:19+00:00\" \/>\n<meta name=\"author\" content=\"Florian\" \/>\n<meta name=\"twitter:card\" content=\"summary_large_image\" \/>\n<meta name=\"twitter:label1\" content=\"Verfasst von\" \/>\n\t<meta name=\"twitter:data1\" content=\"Florian\" \/>\n\t<meta name=\"twitter:label2\" content=\"Gesch\u00e4tzte Lesezeit\" \/>\n\t<meta name=\"twitter:data2\" content=\"1\u00a0Minute\" \/>\n<script type=\"application\/ld+json\" class=\"yoast-schema-graph\">{\"@context\":\"https:\/\/schema.org\",\"@graph\":[{\"@type\":\"Article\",\"@id\":\"https:\/\/www.fanprojekt-muenster.de\/wordpress\/preussenfans-demonstrieren-gegen-gaesteverbote-und-repressionen\/#article\",\"isPartOf\":{\"@id\":\"https:\/\/www.fanprojekt-muenster.de\/wordpress\/preussenfans-demonstrieren-gegen-gaesteverbote-und-repressionen\/\"},\"author\":{\"name\":\"Florian\",\"@id\":\"https:\/\/www.fanprojekt-muenster.de\/wordpress\/#\/schema\/person\/529d3ee920414da8907f25b585d57a4e\"},\"headline\":\"Preu\u00dfenfans demonstrieren gegen G\u00e4steverbote und Repressionen\",\"datePublished\":\"2016-02-29T14:46:19+00:00\",\"mainEntityOfPage\":{\"@id\":\"https:\/\/www.fanprojekt-muenster.de\/wordpress\/preussenfans-demonstrieren-gegen-gaesteverbote-und-repressionen\/\"},\"wordCount\":302,\"publisher\":{\"@id\":\"https:\/\/www.fanprojekt-muenster.de\/wordpress\/#organization\"},\"image\":{\"@id\":\"https:\/\/www.fanprojekt-muenster.de\/wordpress\/preussenfans-demonstrieren-gegen-gaesteverbote-und-repressionen\/#primaryimage\"},\"thumbnailUrl\":\"\",\"keywords\":[\"Demo\",\"Demonstration\",\"G\u00e4steverbot\",\"M\u00fcnster\",\"Repressionen\"],\"articleSection\":[\"Aktionen\",\"Aktuelles\"],\"inLanguage\":\"de\"},{\"@type\":\"WebPage\",\"@id\":\"https:\/\/www.fanprojekt-muenster.de\/wordpress\/preussenfans-demonstrieren-gegen-gaesteverbote-und-repressionen\/\",\"url\":\"https:\/\/www.fanprojekt-muenster.de\/wordpress\/preussenfans-demonstrieren-gegen-gaesteverbote-und-repressionen\/\",\"name\":\"Preu\u00dfenfans demonstrieren gegen G\u00e4steverbote und Repressionen - Fangemeinschaft Preu\u00dfen M\u00fcnster e. V.\",\"isPartOf\":{\"@id\":\"https:\/\/www.fanprojekt-muenster.de\/wordpress\/#website\"},\"primaryImageOfPage\":{\"@id\":\"https:\/\/www.fanprojekt-muenster.de\/wordpress\/preussenfans-demonstrieren-gegen-gaesteverbote-und-repressionen\/#primaryimage\"},\"image\":{\"@id\":\"https:\/\/www.fanprojekt-muenster.de\/wordpress\/preussenfans-demonstrieren-gegen-gaesteverbote-und-repressionen\/#primaryimage\"},\"thumbnailUrl\":\"\",\"datePublished\":\"2016-02-29T14:46:19+00:00\",\"breadcrumb\":{\"@id\":\"https:\/\/www.fanprojekt-muenster.de\/wordpress\/preussenfans-demonstrieren-gegen-gaesteverbote-und-repressionen\/#breadcrumb\"},\"inLanguage\":\"de\",\"potentialAction\":[{\"@type\":\"ReadAction\",\"target\":[\"https:\/\/www.fanprojekt-muenster.de\/wordpress\/preussenfans-demonstrieren-gegen-gaesteverbote-und-repressionen\/\"]}]},{\"@type\":\"ImageObject\",\"inLanguage\":\"de\",\"@id\":\"https:\/\/www.fanprojekt-muenster.de\/wordpress\/preussenfans-demonstrieren-gegen-gaesteverbote-und-repressionen\/#primaryimage\",\"url\":\"\",\"contentUrl\":\"\"},{\"@type\":\"BreadcrumbList\",\"@id\":\"https:\/\/www.fanprojekt-muenster.de\/wordpress\/preussenfans-demonstrieren-gegen-gaesteverbote-und-repressionen\/#breadcrumb\",\"itemListElement\":[{\"@type\":\"ListItem\",\"position\":1,\"name\":\"Startseite\",\"item\":\"https:\/\/www.fanprojekt-muenster.de\/wordpress\/\"},{\"@type\":\"ListItem\",\"position\":2,\"name\":\"Preu\u00dfenfans demonstrieren gegen G\u00e4steverbote und Repressionen\"}]},{\"@type\":\"WebSite\",\"@id\":\"https:\/\/www.fanprojekt-muenster.de\/wordpress\/#website\",\"url\":\"https:\/\/www.fanprojekt-muenster.de\/wordpress\/\",\"name\":\"Fangemeinschaft Preu\u00dfen M\u00fcnster e. V.\",\"description\":\"\",\"publisher\":{\"@id\":\"https:\/\/www.fanprojekt-muenster.de\/wordpress\/#organization\"},\"potentialAction\":[{\"@type\":\"SearchAction\",\"target\":{\"@type\":\"EntryPoint\",\"urlTemplate\":\"https:\/\/www.fanprojekt-muenster.de\/wordpress\/?s={search_term_string}\"},\"query-input\":{\"@type\":\"PropertyValueSpecification\",\"valueRequired\":true,\"valueName\":\"search_term_string\"}}],\"inLanguage\":\"de\"},{\"@type\":\"Organization\",\"@id\":\"https:\/\/www.fanprojekt-muenster.de\/wordpress\/#organization\",\"name\":\"Fangemeinschaft Preu\u00dfen M\u00fcnster e. V.\",\"url\":\"https:\/\/www.fanprojekt-muenster.de\/wordpress\/\",\"logo\":{\"@type\":\"ImageObject\",\"inLanguage\":\"de\",\"@id\":\"https:\/\/www.fanprojekt-muenster.de\/wordpress\/#\/schema\/logo\/image\/\",\"url\":\"https:\/\/www.fanprojekt-muenster.de\/wordpress\/wp-content\/uploads\/2019\/07\/cropped-Website_Logo3-9.png\",\"contentUrl\":\"https:\/\/www.fanprojekt-muenster.de\/wordpress\/wp-content\/uploads\/2019\/07\/cropped-Website_Logo3-9.png\",\"width\":224,\"height\":42,\"caption\":\"Fangemeinschaft Preu\u00dfen M\u00fcnster e. V.\"},\"image\":{\"@id\":\"https:\/\/www.fanprojekt-muenster.de\/wordpress\/#\/schema\/logo\/image\/\"}},{\"@type\":\"Person\",\"@id\":\"https:\/\/www.fanprojekt-muenster.de\/wordpress\/#\/schema\/person\/529d3ee920414da8907f25b585d57a4e\",\"name\":\"Florian\",\"url\":\"https:\/\/www.fanprojekt-muenster.de\/wordpress\/author\/flovoss\/\"}]}<\/script>\n<!-- \/ Yoast SEO plugin. -->","yoast_head_json":{"title":"Preu\u00dfenfans demonstrieren gegen G\u00e4steverbote und Repressionen - Fangemeinschaft Preu\u00dfen M\u00fcnster e. V.","robots":{"index":"index","follow":"follow","max-snippet":"max-snippet:-1","max-image-preview":"max-image-preview:large","max-video-preview":"max-video-preview:-1"},"canonical":"https:\/\/www.fanprojekt-muenster.de\/wordpress\/preussenfans-demonstrieren-gegen-gaesteverbote-und-repressionen\/","og_locale":"de_DE","og_type":"article","og_title":"Preu\u00dfenfans demonstrieren gegen G\u00e4steverbote und Repressionen - Fangemeinschaft Preu\u00dfen M\u00fcnster e. V.","og_description":"Den Ausschluss von G\u00e4ste-Fans beim Derby gegen den VfL Osnabr\u00fcck kritisiert das Fanprojekt Preu\u00dfen M\u00fcnster e.V. scharf und wird am Samstag vor dem Spiel gegen das G\u00e4steverbot und kollektive Strafen... Read more &raquo;","og_url":"https:\/\/www.fanprojekt-muenster.de\/wordpress\/preussenfans-demonstrieren-gegen-gaesteverbote-und-repressionen\/","og_site_name":"Fangemeinschaft Preu\u00dfen M\u00fcnster e. V.","article_published_time":"2016-02-29T14:46:19+00:00","author":"Florian","twitter_card":"summary_large_image","twitter_misc":{"Verfasst von":"Florian","Gesch\u00e4tzte Lesezeit":"1\u00a0Minute"},"schema":{"@context":"https:\/\/schema.org","@graph":[{"@type":"Article","@id":"https:\/\/www.fanprojekt-muenster.de\/wordpress\/preussenfans-demonstrieren-gegen-gaesteverbote-und-repressionen\/#article","isPartOf":{"@id":"https:\/\/www.fanprojekt-muenster.de\/wordpress\/preussenfans-demonstrieren-gegen-gaesteverbote-und-repressionen\/"},"author":{"name":"Florian","@id":"https:\/\/www.fanprojekt-muenster.de\/wordpress\/#\/schema\/person\/529d3ee920414da8907f25b585d57a4e"},"headline":"Preu\u00dfenfans demonstrieren gegen G\u00e4steverbote und Repressionen","datePublished":"2016-02-29T14:46:19+00:00","mainEntityOfPage":{"@id":"https:\/\/www.fanprojekt-muenster.de\/wordpress\/preussenfans-demonstrieren-gegen-gaesteverbote-und-repressionen\/"},"wordCount":302,"publisher":{"@id":"https:\/\/www.fanprojekt-muenster.de\/wordpress\/#organization"},"image":{"@id":"https:\/\/www.fanprojekt-muenster.de\/wordpress\/preussenfans-demonstrieren-gegen-gaesteverbote-und-repressionen\/#primaryimage"},"thumbnailUrl":"","keywords":["Demo","Demonstration","G\u00e4steverbot","M\u00fcnster","Repressionen"],"articleSection":["Aktionen","Aktuelles"],"inLanguage":"de"},{"@type":"WebPage","@id":"https:\/\/www.fanprojekt-muenster.de\/wordpress\/preussenfans-demonstrieren-gegen-gaesteverbote-und-repressionen\/","url":"https:\/\/www.fanprojekt-muenster.de\/wordpress\/preussenfans-demonstrieren-gegen-gaesteverbote-und-repressionen\/","name":"Preu\u00dfenfans demonstrieren gegen G\u00e4steverbote und Repressionen - Fangemeinschaft Preu\u00dfen M\u00fcnster e. V.","isPartOf":{"@id":"https:\/\/www.fanprojekt-muenster.de\/wordpress\/#website"},"primaryImageOfPage":{"@id":"https:\/\/www.fanprojekt-muenster.de\/wordpress\/preussenfans-demonstrieren-gegen-gaesteverbote-und-repressionen\/#primaryimage"},"image":{"@id":"https:\/\/www.fanprojekt-muenster.de\/wordpress\/preussenfans-demonstrieren-gegen-gaesteverbote-und-repressionen\/#primaryimage"},"thumbnailUrl":"","datePublished":"2016-02-29T14:46:19+00:00","breadcrumb":{"@id":"https:\/\/www.fanprojekt-muenster.de\/wordpress\/preussenfans-demonstrieren-gegen-gaesteverbote-und-repressionen\/#breadcrumb"},"inLanguage":"de","potentialAction":[{"@type":"ReadAction","target":["https:\/\/www.fanprojekt-muenster.de\/wordpress\/preussenfans-demonstrieren-gegen-gaesteverbote-und-repressionen\/"]}]},{"@type":"ImageObject","inLanguage":"de","@id":"https:\/\/www.fanprojekt-muenster.de\/wordpress\/preussenfans-demonstrieren-gegen-gaesteverbote-und-repressionen\/#primaryimage","url":"","contentUrl":""},{"@type":"BreadcrumbList","@id":"https:\/\/www.fanprojekt-muenster.de\/wordpress\/preussenfans-demonstrieren-gegen-gaesteverbote-und-repressionen\/#breadcrumb","itemListElement":[{"@type":"ListItem","position":1,"name":"Startseite","item":"https:\/\/www.fanprojekt-muenster.de\/wordpress\/"},{"@type":"ListItem","position":2,"name":"Preu\u00dfenfans demonstrieren gegen G\u00e4steverbote und Repressionen"}]},{"@type":"WebSite","@id":"https:\/\/www.fanprojekt-muenster.de\/wordpress\/#website","url":"https:\/\/www.fanprojekt-muenster.de\/wordpress\/","name":"Fangemeinschaft Preu\u00dfen M\u00fcnster e. V.","description":"","publisher":{"@id":"https:\/\/www.fanprojekt-muenster.de\/wordpress\/#organization"},"potentialAction":[{"@type":"SearchAction","target":{"@type":"EntryPoint","urlTemplate":"https:\/\/www.fanprojekt-muenster.de\/wordpress\/?s={search_term_string}"},"query-input":{"@type":"PropertyValueSpecification","valueRequired":true,"valueName":"search_term_string"}}],"inLanguage":"de"},{"@type":"Organization","@id":"https:\/\/www.fanprojekt-muenster.de\/wordpress\/#organization","name":"Fangemeinschaft Preu\u00dfen M\u00fcnster e. V.","url":"https:\/\/www.fanprojekt-muenster.de\/wordpress\/","logo":{"@type":"ImageObject","inLanguage":"de","@id":"https:\/\/www.fanprojekt-muenster.de\/wordpress\/#\/schema\/logo\/image\/","url":"https:\/\/www.fanprojekt-muenster.de\/wordpress\/wp-content\/uploads\/2019\/07\/cropped-Website_Logo3-9.png","contentUrl":"https:\/\/www.fanprojekt-muenster.de\/wordpress\/wp-content\/uploads\/2019\/07\/cropped-Website_Logo3-9.png","width":224,"height":42,"caption":"Fangemeinschaft Preu\u00dfen M\u00fcnster e. V."},"image":{"@id":"https:\/\/www.fanprojekt-muenster.de\/wordpress\/#\/schema\/logo\/image\/"}},{"@type":"Person","@id":"https:\/\/www.fanprojekt-muenster.de\/wordpress\/#\/schema\/person\/529d3ee920414da8907f25b585d57a4e","name":"Florian","url":"https:\/\/www.fanprojekt-muenster.de\/wordpress\/author\/flovoss\/"}]}},"author_meta":{"display_name":"Florian","author_link":"https:\/\/www.fanprojekt-muenster.de\/wordpress\/author\/flovoss\/"},"featured_img":null,"coauthors":[],"tax_additional":{"categories":{"linked":["<a href=\"https:\/\/www.fanprojekt-muenster.de\/wordpress\/category\/aktionen\/\" class=\"advgb-post-tax-term\">Aktionen<\/a>","<a href=\"https:\/\/www.fanprojekt-muenster.de\/wordpress\/category\/aktuelles\/\" class=\"advgb-post-tax-term\">Aktuelles<\/a>"],"unlinked":["<span class=\"advgb-post-tax-term\">Aktionen<\/span>","<span class=\"advgb-post-tax-term\">Aktuelles<\/span>"]},"tags":{"linked":["<a href=\"https:\/\/www.fanprojekt-muenster.de\/wordpress\/category\/aktuelles\/\" class=\"advgb-post-tax-term\">Demo<\/a>","<a href=\"https:\/\/www.fanprojekt-muenster.de\/wordpress\/category\/aktuelles\/\" class=\"advgb-post-tax-term\">Demonstration<\/a>","<a href=\"https:\/\/www.fanprojekt-muenster.de\/wordpress\/category\/aktuelles\/\" class=\"advgb-post-tax-term\">G\u00e4steverbot<\/a>","<a href=\"https:\/\/www.fanprojekt-muenster.de\/wordpress\/category\/aktuelles\/\" class=\"advgb-post-tax-term\">M\u00fcnster<\/a>","<a href=\"https:\/\/www.fanprojekt-muenster.de\/wordpress\/category\/aktuelles\/\" class=\"advgb-post-tax-term\">Repressionen<\/a>"],"unlinked":["<span class=\"advgb-post-tax-term\">Demo<\/span>","<span class=\"advgb-post-tax-term\">Demonstration<\/span>","<span class=\"advgb-post-tax-term\">G\u00e4steverbot<\/span>","<span class=\"advgb-post-tax-term\">M\u00fcnster<\/span>","<span class=\"advgb-post-tax-term\">Repressionen<\/span>"]}},"comment_count":"0","relative_dates":{"created":"Posted 10\u00a0Jahren ago","modified":"Updated 10\u00a0Jahren ago"},"absolute_dates":{"created":"Posted on 29. Februar 2016","modified":"Updated on 29. Februar 2016"},"absolute_dates_time":{"created":"Posted on 29. Februar 2016 16:46","modified":"Updated on 29. Februar 2016 16:46"},"featured_img_caption":"","series_order":"","_links":{"self":[{"href":"https:\/\/www.fanprojekt-muenster.de\/wordpress\/wp-json\/wp\/v2\/posts\/5192","targetHints":{"allow":["GET"]}}],"collection":[{"href":"https:\/\/www.fanprojekt-muenster.de\/wordpress\/wp-json\/wp\/v2\/posts"}],"about":[{"href":"https:\/\/www.fanprojekt-muenster.de\/wordpress\/wp-json\/wp\/v2\/types\/post"}],"author":[{"embeddable":true,"href":"https:\/\/www.fanprojekt-muenster.de\/wordpress\/wp-json\/wp\/v2\/users\/5"}],"replies":[{"embeddable":true,"href":"https:\/\/www.fanprojekt-muenster.de\/wordpress\/wp-json\/wp\/v2\/comments?post=5192"}],"version-history":[{"count":0,"href":"https:\/\/www.fanprojekt-muenster.de\/wordpress\/wp-json\/wp\/v2\/posts\/5192\/revisions"}],"wp:featuredmedia":[{"embeddable":true,"href":"https:\/\/www.fanprojekt-muenster.de\/wordpress\/wp-json\/"}],"wp:attachment":[{"href":"https:\/\/www.fanprojekt-muenster.de\/wordpress\/wp-json\/wp\/v2\/media?parent=5192"}],"wp:term":[{"taxonomy":"category","embeddable":true,"href":"https:\/\/www.fanprojekt-muenster.de\/wordpress\/wp-json\/wp\/v2\/categories?post=5192"},{"taxonomy":"post_tag","embeddable":true,"href":"https:\/\/www.fanprojekt-muenster.de\/wordpress\/wp-json\/wp\/v2\/tags?post=5192"}],"curies":[{"name":"wp","href":"https:\/\/api.w.org\/{rel}","templated":true}]}}