{"id":5189,"date":"2016-02-29T16:14:02","date_gmt":"2016-02-29T14:14:02","guid":{"rendered":"http:\/\/www.fanprojekt-muenster.de\/wp\/?p=5189"},"modified":"2016-02-29T16:14:02","modified_gmt":"2016-02-29T14:14:02","slug":"schiff-ahoi-fanszene-geburtstagstour-nach-wiesbaden","status":"publish","type":"post","link":"https:\/\/www.fanprojekt-muenster.de\/wordpress\/schiff-ahoi-fanszene-geburtstagstour-nach-wiesbaden\/","title":{"rendered":"Schiff Ahoi! Fanszene-Geburtstagstour nach Wiesbaden"},"content":{"rendered":"<p>Am 30. April 2016 wird Preu\u00dfen M\u00fcnster\u00a0flotte 110 Jahre alt und das Fanprojekt Preu\u00dfen M\u00fcnster e.V. wird\u00a0gemeinsam mit allen Preu\u00dfenfans diesen Geburtstag geb\u00fchrend feiern &#8211; auf einem Schiff!\u00a0Angeboten wird eine\u00a0ganz besonderen Fanszene-Geburtstagstour zum Ausw\u00e4rtsspiel nach Wiesbaden.\u00a0Das Datum\u00a0sollte man sich also ganz fett in den Kalender eintragen, denn es wird\u00a0eine noch nie da gewesene Ausw\u00e4rtstour sein.<\/p>\n<p>Mit 600 Preu\u00dfenfans geht es per Buskonvoi an den Mittelrhein, dort wird\u00a0auf einen gecharterten Rheindampfer umgestiegen und ordentlich Geburtstag gefeiert. Mit der \u201eMS Preu\u00dfen\u201c fahren die Fans drei bis vier Stunden rheinaufw\u00e4rts bis nach Wiesbaden, um dort anschlie\u00dfend ihre\u00a0Jungs zum Ausw\u00e4rtssieg zu schreien. Nach dem Spiel geht es per Buskonvoi zur\u00fcck in die\u00a0sch\u00f6ne Heimat!<\/p>\n<p>Genauere Infos zu Abfahrtszeiten sowie Preise\u00a0und\u00a0Infos zum Vorverkauf\u00a0folgen in K\u00fcrze.<\/p>\n<p>Foto:\u00a01970 WIESBADEN, GERMANY by lindsaybridge, flickr.com under a CC-license.<\/p>\n","protected":false},"excerpt":{"rendered":"<p>Am 30. April 2016 wird Preu\u00dfen M\u00fcnster\u00a0flotte 110 Jahre alt und das Fanprojekt Preu\u00dfen M\u00fcnster e.V. wird\u00a0gemeinsam mit allen Preu\u00dfenfans diesen Geburtstag geb\u00fchrend feiern &#8211; auf einem Schiff!\u00a0Angeboten wird eine\u00a0ganz&#8230; <a class=\"read-more-link\" href=\"https:\/\/www.fanprojekt-muenster.de\/wordpress\/schiff-ahoi-fanszene-geburtstagstour-nach-wiesbaden\/\">Read more &raquo;<\/a><\/p>\n","protected":false},"author":5,"featured_media":5191,"comment_status":"closed","ping_status":"closed","sticky":false,"template":"","format":"standard","meta":{"advgb_blocks_editor_width":"","advgb_blocks_columns_visual_guide":"","footnotes":""},"categories":[2,3,1,4,10,16],"tags":[49,225],"class_list":["post-5189","post","type-post","status-publish","format-standard","has-post-thumbnail","hentry","category-aktionen","category-aktuelles","category-allgemein","category-auswarts","category-schiff-geburtstagstour-nach-wiesbaden","category-veranstaltungen","tag-auswaertsfahrt","tag-schiff"],"featured_image_src":null,"author_info":{"display_name":"Florian","author_link":"https:\/\/www.fanprojekt-muenster.de\/wordpress\/author\/flovoss\/"},"yoast_head":"<!-- This site is optimized with the Yoast SEO plugin v27.2 - https:\/\/yoast.com\/product\/yoast-seo-wordpress\/ -->\n<title>Schiff Ahoi! Fanszene-Geburtstagstour nach Wiesbaden - Fangemeinschaft Preu\u00dfen M\u00fcnster e. V.<\/title>\n<meta name=\"robots\" content=\"index, follow, max-snippet:-1, max-image-preview:large, max-video-preview:-1\" \/>\n<link rel=\"canonical\" href=\"https:\/\/www.fanprojekt-muenster.de\/wordpress\/schiff-ahoi-fanszene-geburtstagstour-nach-wiesbaden\/\" \/>\n<meta property=\"og:locale\" content=\"de_DE\" \/>\n<meta property=\"og:type\" content=\"article\" \/>\n<meta property=\"og:title\" content=\"Schiff Ahoi! Fanszene-Geburtstagstour nach Wiesbaden - Fangemeinschaft Preu\u00dfen M\u00fcnster e. V.\" \/>\n<meta property=\"og:description\" content=\"Am 30. April 2016 wird Preu\u00dfen M\u00fcnster\u00a0flotte 110 Jahre alt und das Fanprojekt Preu\u00dfen M\u00fcnster e.V. wird\u00a0gemeinsam mit allen Preu\u00dfenfans diesen Geburtstag geb\u00fchrend feiern &#8211; auf einem Schiff!\u00a0Angeboten wird eine\u00a0ganz... Read more &raquo;\" \/>\n<meta property=\"og:url\" content=\"https:\/\/www.fanprojekt-muenster.de\/wordpress\/schiff-ahoi-fanszene-geburtstagstour-nach-wiesbaden\/\" \/>\n<meta property=\"og:site_name\" content=\"Fangemeinschaft Preu\u00dfen M\u00fcnster e. V.\" \/>\n<meta property=\"article:published_time\" content=\"2016-02-29T14:14:02+00:00\" \/>\n<meta name=\"author\" content=\"Florian\" \/>\n<meta name=\"twitter:card\" content=\"summary_large_image\" \/>\n<meta name=\"twitter:label1\" content=\"Verfasst von\" \/>\n\t<meta name=\"twitter:data1\" content=\"Florian\" \/>\n\t<meta name=\"twitter:label2\" content=\"Gesch\u00e4tzte Lesezeit\" \/>\n\t<meta name=\"twitter:data2\" content=\"1\u00a0Minute\" \/>\n<script type=\"application\/ld+json\" class=\"yoast-schema-graph\">{\"@context\":\"https:\/\/schema.org\",\"@graph\":[{\"@type\":\"Article\",\"@id\":\"https:\/\/www.fanprojekt-muenster.de\/wordpress\/schiff-ahoi-fanszene-geburtstagstour-nach-wiesbaden\/#article\",\"isPartOf\":{\"@id\":\"https:\/\/www.fanprojekt-muenster.de\/wordpress\/schiff-ahoi-fanszene-geburtstagstour-nach-wiesbaden\/\"},\"author\":{\"name\":\"Florian\",\"@id\":\"https:\/\/www.fanprojekt-muenster.de\/wordpress\/#\/schema\/person\/529d3ee920414da8907f25b585d57a4e\"},\"headline\":\"Schiff Ahoi! Fanszene-Geburtstagstour nach Wiesbaden\",\"datePublished\":\"2016-02-29T14:14:02+00:00\",\"mainEntityOfPage\":{\"@id\":\"https:\/\/www.fanprojekt-muenster.de\/wordpress\/schiff-ahoi-fanszene-geburtstagstour-nach-wiesbaden\/\"},\"wordCount\":160,\"publisher\":{\"@id\":\"https:\/\/www.fanprojekt-muenster.de\/wordpress\/#organization\"},\"image\":{\"@id\":\"https:\/\/www.fanprojekt-muenster.de\/wordpress\/schiff-ahoi-fanszene-geburtstagstour-nach-wiesbaden\/#primaryimage\"},\"thumbnailUrl\":\"\",\"keywords\":[\"Ausw\u00e4rtsfahrt\",\"Schiff\"],\"articleSection\":{\"0\":\"Aktionen\",\"1\":\"Aktuelles\",\"3\":\"Ausw\u00e4rts\",\"4\":\"Schiff-Geburtstagstour nach Wiesbaden\",\"5\":\"Veranstaltungen\"},\"inLanguage\":\"de\"},{\"@type\":\"WebPage\",\"@id\":\"https:\/\/www.fanprojekt-muenster.de\/wordpress\/schiff-ahoi-fanszene-geburtstagstour-nach-wiesbaden\/\",\"url\":\"https:\/\/www.fanprojekt-muenster.de\/wordpress\/schiff-ahoi-fanszene-geburtstagstour-nach-wiesbaden\/\",\"name\":\"Schiff Ahoi! Fanszene-Geburtstagstour nach Wiesbaden - Fangemeinschaft Preu\u00dfen M\u00fcnster e. V.\",\"isPartOf\":{\"@id\":\"https:\/\/www.fanprojekt-muenster.de\/wordpress\/#website\"},\"primaryImageOfPage\":{\"@id\":\"https:\/\/www.fanprojekt-muenster.de\/wordpress\/schiff-ahoi-fanszene-geburtstagstour-nach-wiesbaden\/#primaryimage\"},\"image\":{\"@id\":\"https:\/\/www.fanprojekt-muenster.de\/wordpress\/schiff-ahoi-fanszene-geburtstagstour-nach-wiesbaden\/#primaryimage\"},\"thumbnailUrl\":\"\",\"datePublished\":\"2016-02-29T14:14:02+00:00\",\"breadcrumb\":{\"@id\":\"https:\/\/www.fanprojekt-muenster.de\/wordpress\/schiff-ahoi-fanszene-geburtstagstour-nach-wiesbaden\/#breadcrumb\"},\"inLanguage\":\"de\",\"potentialAction\":[{\"@type\":\"ReadAction\",\"target\":[\"https:\/\/www.fanprojekt-muenster.de\/wordpress\/schiff-ahoi-fanszene-geburtstagstour-nach-wiesbaden\/\"]}]},{\"@type\":\"ImageObject\",\"inLanguage\":\"de\",\"@id\":\"https:\/\/www.fanprojekt-muenster.de\/wordpress\/schiff-ahoi-fanszene-geburtstagstour-nach-wiesbaden\/#primaryimage\",\"url\":\"\",\"contentUrl\":\"\"},{\"@type\":\"BreadcrumbList\",\"@id\":\"https:\/\/www.fanprojekt-muenster.de\/wordpress\/schiff-ahoi-fanszene-geburtstagstour-nach-wiesbaden\/#breadcrumb\",\"itemListElement\":[{\"@type\":\"ListItem\",\"position\":1,\"name\":\"Startseite\",\"item\":\"https:\/\/www.fanprojekt-muenster.de\/wordpress\/\"},{\"@type\":\"ListItem\",\"position\":2,\"name\":\"Schiff Ahoi! Fanszene-Geburtstagstour nach Wiesbaden\"}]},{\"@type\":\"WebSite\",\"@id\":\"https:\/\/www.fanprojekt-muenster.de\/wordpress\/#website\",\"url\":\"https:\/\/www.fanprojekt-muenster.de\/wordpress\/\",\"name\":\"Fangemeinschaft Preu\u00dfen M\u00fcnster e. V.\",\"description\":\"\",\"publisher\":{\"@id\":\"https:\/\/www.fanprojekt-muenster.de\/wordpress\/#organization\"},\"potentialAction\":[{\"@type\":\"SearchAction\",\"target\":{\"@type\":\"EntryPoint\",\"urlTemplate\":\"https:\/\/www.fanprojekt-muenster.de\/wordpress\/?s={search_term_string}\"},\"query-input\":{\"@type\":\"PropertyValueSpecification\",\"valueRequired\":true,\"valueName\":\"search_term_string\"}}],\"inLanguage\":\"de\"},{\"@type\":\"Organization\",\"@id\":\"https:\/\/www.fanprojekt-muenster.de\/wordpress\/#organization\",\"name\":\"Fangemeinschaft Preu\u00dfen M\u00fcnster e. V.\",\"url\":\"https:\/\/www.fanprojekt-muenster.de\/wordpress\/\",\"logo\":{\"@type\":\"ImageObject\",\"inLanguage\":\"de\",\"@id\":\"https:\/\/www.fanprojekt-muenster.de\/wordpress\/#\/schema\/logo\/image\/\",\"url\":\"https:\/\/www.fanprojekt-muenster.de\/wordpress\/wp-content\/uploads\/2019\/07\/cropped-Website_Logo3-9.png\",\"contentUrl\":\"https:\/\/www.fanprojekt-muenster.de\/wordpress\/wp-content\/uploads\/2019\/07\/cropped-Website_Logo3-9.png\",\"width\":224,\"height\":42,\"caption\":\"Fangemeinschaft Preu\u00dfen M\u00fcnster e. V.\"},\"image\":{\"@id\":\"https:\/\/www.fanprojekt-muenster.de\/wordpress\/#\/schema\/logo\/image\/\"}},{\"@type\":\"Person\",\"@id\":\"https:\/\/www.fanprojekt-muenster.de\/wordpress\/#\/schema\/person\/529d3ee920414da8907f25b585d57a4e\",\"name\":\"Florian\",\"url\":\"https:\/\/www.fanprojekt-muenster.de\/wordpress\/author\/flovoss\/\"}]}<\/script>\n<!-- \/ Yoast SEO plugin. -->","yoast_head_json":{"title":"Schiff Ahoi! Fanszene-Geburtstagstour nach Wiesbaden - Fangemeinschaft Preu\u00dfen M\u00fcnster e. V.","robots":{"index":"index","follow":"follow","max-snippet":"max-snippet:-1","max-image-preview":"max-image-preview:large","max-video-preview":"max-video-preview:-1"},"canonical":"https:\/\/www.fanprojekt-muenster.de\/wordpress\/schiff-ahoi-fanszene-geburtstagstour-nach-wiesbaden\/","og_locale":"de_DE","og_type":"article","og_title":"Schiff Ahoi! Fanszene-Geburtstagstour nach Wiesbaden - Fangemeinschaft Preu\u00dfen M\u00fcnster e. V.","og_description":"Am 30. April 2016 wird Preu\u00dfen M\u00fcnster\u00a0flotte 110 Jahre alt und das Fanprojekt Preu\u00dfen M\u00fcnster e.V. wird\u00a0gemeinsam mit allen Preu\u00dfenfans diesen Geburtstag geb\u00fchrend feiern &#8211; auf einem Schiff!\u00a0Angeboten wird eine\u00a0ganz... Read more &raquo;","og_url":"https:\/\/www.fanprojekt-muenster.de\/wordpress\/schiff-ahoi-fanszene-geburtstagstour-nach-wiesbaden\/","og_site_name":"Fangemeinschaft Preu\u00dfen M\u00fcnster e. V.","article_published_time":"2016-02-29T14:14:02+00:00","author":"Florian","twitter_card":"summary_large_image","twitter_misc":{"Verfasst von":"Florian","Gesch\u00e4tzte Lesezeit":"1\u00a0Minute"},"schema":{"@context":"https:\/\/schema.org","@graph":[{"@type":"Article","@id":"https:\/\/www.fanprojekt-muenster.de\/wordpress\/schiff-ahoi-fanszene-geburtstagstour-nach-wiesbaden\/#article","isPartOf":{"@id":"https:\/\/www.fanprojekt-muenster.de\/wordpress\/schiff-ahoi-fanszene-geburtstagstour-nach-wiesbaden\/"},"author":{"name":"Florian","@id":"https:\/\/www.fanprojekt-muenster.de\/wordpress\/#\/schema\/person\/529d3ee920414da8907f25b585d57a4e"},"headline":"Schiff Ahoi! Fanszene-Geburtstagstour nach Wiesbaden","datePublished":"2016-02-29T14:14:02+00:00","mainEntityOfPage":{"@id":"https:\/\/www.fanprojekt-muenster.de\/wordpress\/schiff-ahoi-fanszene-geburtstagstour-nach-wiesbaden\/"},"wordCount":160,"publisher":{"@id":"https:\/\/www.fanprojekt-muenster.de\/wordpress\/#organization"},"image":{"@id":"https:\/\/www.fanprojekt-muenster.de\/wordpress\/schiff-ahoi-fanszene-geburtstagstour-nach-wiesbaden\/#primaryimage"},"thumbnailUrl":"","keywords":["Ausw\u00e4rtsfahrt","Schiff"],"articleSection":{"0":"Aktionen","1":"Aktuelles","3":"Ausw\u00e4rts","4":"Schiff-Geburtstagstour nach Wiesbaden","5":"Veranstaltungen"},"inLanguage":"de"},{"@type":"WebPage","@id":"https:\/\/www.fanprojekt-muenster.de\/wordpress\/schiff-ahoi-fanszene-geburtstagstour-nach-wiesbaden\/","url":"https:\/\/www.fanprojekt-muenster.de\/wordpress\/schiff-ahoi-fanszene-geburtstagstour-nach-wiesbaden\/","name":"Schiff Ahoi! Fanszene-Geburtstagstour nach Wiesbaden - Fangemeinschaft Preu\u00dfen M\u00fcnster e. V.","isPartOf":{"@id":"https:\/\/www.fanprojekt-muenster.de\/wordpress\/#website"},"primaryImageOfPage":{"@id":"https:\/\/www.fanprojekt-muenster.de\/wordpress\/schiff-ahoi-fanszene-geburtstagstour-nach-wiesbaden\/#primaryimage"},"image":{"@id":"https:\/\/www.fanprojekt-muenster.de\/wordpress\/schiff-ahoi-fanszene-geburtstagstour-nach-wiesbaden\/#primaryimage"},"thumbnailUrl":"","datePublished":"2016-02-29T14:14:02+00:00","breadcrumb":{"@id":"https:\/\/www.fanprojekt-muenster.de\/wordpress\/schiff-ahoi-fanszene-geburtstagstour-nach-wiesbaden\/#breadcrumb"},"inLanguage":"de","potentialAction":[{"@type":"ReadAction","target":["https:\/\/www.fanprojekt-muenster.de\/wordpress\/schiff-ahoi-fanszene-geburtstagstour-nach-wiesbaden\/"]}]},{"@type":"ImageObject","inLanguage":"de","@id":"https:\/\/www.fanprojekt-muenster.de\/wordpress\/schiff-ahoi-fanszene-geburtstagstour-nach-wiesbaden\/#primaryimage","url":"","contentUrl":""},{"@type":"BreadcrumbList","@id":"https:\/\/www.fanprojekt-muenster.de\/wordpress\/schiff-ahoi-fanszene-geburtstagstour-nach-wiesbaden\/#breadcrumb","itemListElement":[{"@type":"ListItem","position":1,"name":"Startseite","item":"https:\/\/www.fanprojekt-muenster.de\/wordpress\/"},{"@type":"ListItem","position":2,"name":"Schiff Ahoi! Fanszene-Geburtstagstour nach Wiesbaden"}]},{"@type":"WebSite","@id":"https:\/\/www.fanprojekt-muenster.de\/wordpress\/#website","url":"https:\/\/www.fanprojekt-muenster.de\/wordpress\/","name":"Fangemeinschaft Preu\u00dfen M\u00fcnster e. V.","description":"","publisher":{"@id":"https:\/\/www.fanprojekt-muenster.de\/wordpress\/#organization"},"potentialAction":[{"@type":"SearchAction","target":{"@type":"EntryPoint","urlTemplate":"https:\/\/www.fanprojekt-muenster.de\/wordpress\/?s={search_term_string}"},"query-input":{"@type":"PropertyValueSpecification","valueRequired":true,"valueName":"search_term_string"}}],"inLanguage":"de"},{"@type":"Organization","@id":"https:\/\/www.fanprojekt-muenster.de\/wordpress\/#organization","name":"Fangemeinschaft Preu\u00dfen M\u00fcnster e. V.","url":"https:\/\/www.fanprojekt-muenster.de\/wordpress\/","logo":{"@type":"ImageObject","inLanguage":"de","@id":"https:\/\/www.fanprojekt-muenster.de\/wordpress\/#\/schema\/logo\/image\/","url":"https:\/\/www.fanprojekt-muenster.de\/wordpress\/wp-content\/uploads\/2019\/07\/cropped-Website_Logo3-9.png","contentUrl":"https:\/\/www.fanprojekt-muenster.de\/wordpress\/wp-content\/uploads\/2019\/07\/cropped-Website_Logo3-9.png","width":224,"height":42,"caption":"Fangemeinschaft Preu\u00dfen M\u00fcnster e. V."},"image":{"@id":"https:\/\/www.fanprojekt-muenster.de\/wordpress\/#\/schema\/logo\/image\/"}},{"@type":"Person","@id":"https:\/\/www.fanprojekt-muenster.de\/wordpress\/#\/schema\/person\/529d3ee920414da8907f25b585d57a4e","name":"Florian","url":"https:\/\/www.fanprojekt-muenster.de\/wordpress\/author\/flovoss\/"}]}},"author_meta":{"display_name":"Florian","author_link":"https:\/\/www.fanprojekt-muenster.de\/wordpress\/author\/flovoss\/"},"featured_img":null,"coauthors":[],"tax_additional":{"categories":{"linked":["<a href=\"https:\/\/www.fanprojekt-muenster.de\/wordpress\/category\/aktionen\/\" class=\"advgb-post-tax-term\">Aktionen<\/a>","<a href=\"https:\/\/www.fanprojekt-muenster.de\/wordpress\/category\/aktuelles\/\" class=\"advgb-post-tax-term\">Aktuelles<\/a>","<a href=\"https:\/\/www.fanprojekt-muenster.de\/wordpress\/category\/allgemein\/\" class=\"advgb-post-tax-term\">Allgemein<\/a>","<a href=\"https:\/\/www.fanprojekt-muenster.de\/wordpress\/category\/auswarts\/\" class=\"advgb-post-tax-term\">Ausw\u00e4rts<\/a>","<a href=\"https:\/\/www.fanprojekt-muenster.de\/wordpress\/category\/auswarts\/schiff-geburtstagstour-nach-wiesbaden\/\" class=\"advgb-post-tax-term\">Schiff-Geburtstagstour nach Wiesbaden<\/a>","<a href=\"https:\/\/www.fanprojekt-muenster.de\/wordpress\/category\/veranstaltungen\/\" class=\"advgb-post-tax-term\">Veranstaltungen<\/a>"],"unlinked":["<span class=\"advgb-post-tax-term\">Aktionen<\/span>","<span class=\"advgb-post-tax-term\">Aktuelles<\/span>","<span class=\"advgb-post-tax-term\">Allgemein<\/span>","<span class=\"advgb-post-tax-term\">Ausw\u00e4rts<\/span>","<span class=\"advgb-post-tax-term\">Schiff-Geburtstagstour nach Wiesbaden<\/span>","<span class=\"advgb-post-tax-term\">Veranstaltungen<\/span>"]},"tags":{"linked":["<a href=\"https:\/\/www.fanprojekt-muenster.de\/wordpress\/category\/veranstaltungen\/\" class=\"advgb-post-tax-term\">Ausw\u00e4rtsfahrt<\/a>","<a href=\"https:\/\/www.fanprojekt-muenster.de\/wordpress\/category\/veranstaltungen\/\" class=\"advgb-post-tax-term\">Schiff<\/a>"],"unlinked":["<span class=\"advgb-post-tax-term\">Ausw\u00e4rtsfahrt<\/span>","<span class=\"advgb-post-tax-term\">Schiff<\/span>"]}},"comment_count":"0","relative_dates":{"created":"Posted 10\u00a0Jahren ago","modified":"Updated 10\u00a0Jahren ago"},"absolute_dates":{"created":"Posted on 29. Februar 2016","modified":"Updated on 29. Februar 2016"},"absolute_dates_time":{"created":"Posted on 29. Februar 2016 16:14","modified":"Updated on 29. Februar 2016 16:14"},"featured_img_caption":"","series_order":"","_links":{"self":[{"href":"https:\/\/www.fanprojekt-muenster.de\/wordpress\/wp-json\/wp\/v2\/posts\/5189","targetHints":{"allow":["GET"]}}],"collection":[{"href":"https:\/\/www.fanprojekt-muenster.de\/wordpress\/wp-json\/wp\/v2\/posts"}],"about":[{"href":"https:\/\/www.fanprojekt-muenster.de\/wordpress\/wp-json\/wp\/v2\/types\/post"}],"author":[{"embeddable":true,"href":"https:\/\/www.fanprojekt-muenster.de\/wordpress\/wp-json\/wp\/v2\/users\/5"}],"replies":[{"embeddable":true,"href":"https:\/\/www.fanprojekt-muenster.de\/wordpress\/wp-json\/wp\/v2\/comments?post=5189"}],"version-history":[{"count":0,"href":"https:\/\/www.fanprojekt-muenster.de\/wordpress\/wp-json\/wp\/v2\/posts\/5189\/revisions"}],"wp:featuredmedia":[{"embeddable":true,"href":"https:\/\/www.fanprojekt-muenster.de\/wordpress\/wp-json\/"}],"wp:attachment":[{"href":"https:\/\/www.fanprojekt-muenster.de\/wordpress\/wp-json\/wp\/v2\/media?parent=5189"}],"wp:term":[{"taxonomy":"category","embeddable":true,"href":"https:\/\/www.fanprojekt-muenster.de\/wordpress\/wp-json\/wp\/v2\/categories?post=5189"},{"taxonomy":"post_tag","embeddable":true,"href":"https:\/\/www.fanprojekt-muenster.de\/wordpress\/wp-json\/wp\/v2\/tags?post=5189"}],"curies":[{"name":"wp","href":"https:\/\/api.w.org\/{rel}","templated":true}]}}