{"id":5177,"date":"2016-02-06T20:55:16","date_gmt":"2016-02-06T18:55:16","guid":{"rendered":"http:\/\/www.fanprojekt-muenster.de\/wp\/?p=5177"},"modified":"2016-02-06T20:55:16","modified_gmt":"2016-02-06T18:55:16","slug":"profans-fordert-gleichbehandlung-von-fans-und-funktionaeren-unschuldsvermutung-gilt-nicht-nur-fuer-wolfgang-niersbach-theo-zwanziger-und-horst-r-schmidt","status":"publish","type":"post","link":"https:\/\/www.fanprojekt-muenster.de\/wordpress\/profans-fordert-gleichbehandlung-von-fans-und-funktionaeren-unschuldsvermutung-gilt-nicht-nur-fuer-wolfgang-niersbach-theo-zwanziger-und-horst-r-schmidt\/","title":{"rendered":"ProFans fordert Gleichbehandlung von Fans und Funktion\u00e4ren"},"content":{"rendered":"<p>Dies ist eine Pressemitteilung von ProFans.<\/p>\n<p>Seit seiner Gr\u00fcndung kritisiert das Fanb\u00fcndnis ProFans die Anwendung von\u00a0Stadionverboten und fordert die Unschuldsvermutung f\u00fcr Fans wie auch f\u00fcr\u00a0Funktion\u00e4re. Ein besonders schillernder Fall der Ungleichbehandlung durch\u00a0Vereine und Verb\u00e4nde zeigt sich an den Ermittlungsverfahren gegen die\u00a0Herren Niersbach, Zwanziger und Schmidt wegen Steuerhinterziehung in einem\u00a0besonders schweren Fall.<\/p>\n<p>Alle Vereine und die Verb\u00e4nde haben sich in den \u201eRichtlinien zur\u00a0einheitlichen Behandlung von Stadionverboten\u201c auf gemeinsame Grunds\u00e4tze zur\u00a0Vergabe von Stadionverboten geeinigt. Fans kritisieren insbesondere die\u00a0verpflichtende Verh\u00e4ngung von Stadionverboten auf Grund eines aufgenommenen\u00a0Ermittlungsverfahrens. Bei vielen Fans stellt sich im Laufe der\u00a0Ermittlungsverfahren heraus, dass ihnen keine Schuld nachgewiesen werden\u00a0kann oder die Betroffenen sogar unschuldig sind. \u201eDennoch m\u00fcssen die\u00a0meisten Fans in diesem Zeitraum auf Grund des verh\u00e4ngten Stadionverbots mit\u00a0erheblichen Einschr\u00e4nkungen ihrer freien Lebensgestaltung leben\u201c, fasst\u00a0ProFans-Sprecher Jonas Negenborn zusammen.<\/p>\n<p>Immer wieder muss dabei festgestellt werden, dass die Verb\u00e4nde und Vereine\u00a0mit unterschiedlichen Ma\u00df messen. Das aktuelleste Beispiel datiert vom 3.\u00a0November 2015 \u2013 an diesem Tag verk\u00fcndete die Frankfurter Staatsanwaltschaft\u00a0die Aufnahme von Ermittlungsverfahren gegen Wolfgang Niersbach, Theo\u00a0Zwanziger und Horst R. Schmidt auf Grund des Verdachts der\u00a0Steuerhinterziehung in einem besonders schweren Fall.<\/p>\n<p>Die \u201eRichtlinien zur einheitlichen Behandlung von Stadionverboten\u201c sagen\u00a0unter $4(3)15:\u00a0Ein \u00fcber\u00f6rtliches Stadionverbot (\u00a7 1 Abs. 5) soll ausgesprochen werden bei\u00a0eingeleiteten Ermittlungs- oder sonstigen Verfahren, insbesondere in\u00a0folgenden F\u00e4llen (schwerer Fall):\u00a0[\u2026]\u00a015. Sonstige schwere Straftaten im Zusammenhang mit\u00a0Fu\u00dfballveranstaltungen.<\/p>\n<p>Eine Steuerverk\u00fcrzung in einem besonders schweren Fall ist dem Strafma\u00df\u00a0nach als schwere Straftat zu werten. Das Strafma\u00df bei einer\u00a0Steuerhinterziehung in einem besonders schweren Fall bel\u00e4uft sich auf 6\u00a0Monate bis 10 Jahre und ist damit h\u00f6her als bei zahlreichen Tatvorw\u00fcrfen,\u00a0f\u00fcr die Fu\u00dfballfans Stadionverbote erhalten haben. Sollten die Vorw\u00fcrfe\u00a0tats\u00e4chlich zutreffen, steht es f\u00fcr ProFans und die angeschlossenen Gruppen\u00a0au\u00dfer Frage, dass diese Straftat in einem direkten Zusammenhang mit einer\u00a0Fu\u00dfballveranstaltung stattfand.<\/p>\n<p>\u201eGrunds\u00e4tzlich lehnt ProFans Stadionverbote ab und wir begr\u00fc\u00dfen es, dass\u00a0f\u00fcr die beschuldigten Herren auch \u00f6ffentlich die Unschuldsvermutung\u00a0greift\u201c, bewertet ProFans-Sprecher Nicolai M\u00e4urer den Vorgang. \u201eNur m\u00fcssen\u00a0dann die Vereine und Verb\u00e4nde so konsequent sein und dies f\u00fcr alle\u00a0Betroffenen gelten lassen. Was zur Zeit passiert, ist eine schreiende\u00a0Ungerechtigkeit.\u201c<\/p>\n<p>Daher fordert ProFans die Aufhebung aller auf Grund von laufenden\u00a0Ermittlungsverfahren zur Zeit noch g\u00fcltigen Stadionverbote, sowie die\u00a0Aufhebung aller Stadionverbote, die noch in Kraft sind, obwohl das\u00a0Verfahren nach \u00a7 153 StPO eingestellt wurde. Auch in den letzteren F\u00e4llen\u00a0ist die Schuld der Betroffenen nicht erwiesen. \u201eWir fordern daher:\u00a0Stadionverbote und ihre bisherige Vergabepraxis geh\u00f6ren abgeschafft \u2013 f\u00fcr\u00a0alle!\u201c betont ProFans-Sprecherin Ela Mateika.<\/p>\n","protected":false},"excerpt":{"rendered":"<p>Dies ist eine Pressemitteilung von ProFans. Seit seiner Gr\u00fcndung kritisiert das Fanb\u00fcndnis ProFans die Anwendung von\u00a0Stadionverboten und fordert die Unschuldsvermutung f\u00fcr Fans wie auch f\u00fcr\u00a0Funktion\u00e4re. Ein besonders schillernder Fall der&#8230; <a class=\"read-more-link\" href=\"https:\/\/www.fanprojekt-muenster.de\/wordpress\/profans-fordert-gleichbehandlung-von-fans-und-funktionaeren-unschuldsvermutung-gilt-nicht-nur-fuer-wolfgang-niersbach-theo-zwanziger-und-horst-r-schmidt\/\">Read more &raquo;<\/a><\/p>\n","protected":false},"author":5,"featured_media":4524,"comment_status":"closed","ping_status":"closed","sticky":false,"template":"","format":"standard","meta":{"advgb_blocks_editor_width":"","advgb_blocks_columns_visual_guide":"","footnotes":""},"categories":[3,1],"tags":[78,110,202,244],"class_list":["post-5177","post","type-post","status-publish","format-standard","has-post-thumbnail","hentry","category-aktuelles","category-allgemein","tag-dfb","tag-fanpolitik","tag-profans","tag-stadionverbot"],"featured_image_src":null,"author_info":{"display_name":"Florian","author_link":"https:\/\/www.fanprojekt-muenster.de\/wordpress\/author\/flovoss\/"},"yoast_head":"<!-- This site is optimized with the Yoast SEO plugin v27.2 - https:\/\/yoast.com\/product\/yoast-seo-wordpress\/ -->\n<title>ProFans fordert Gleichbehandlung von Fans und Funktion\u00e4ren - Fangemeinschaft Preu\u00dfen M\u00fcnster e. V.<\/title>\n<meta name=\"robots\" content=\"index, follow, max-snippet:-1, max-image-preview:large, max-video-preview:-1\" \/>\n<link rel=\"canonical\" href=\"https:\/\/www.fanprojekt-muenster.de\/wordpress\/profans-fordert-gleichbehandlung-von-fans-und-funktionaeren-unschuldsvermutung-gilt-nicht-nur-fuer-wolfgang-niersbach-theo-zwanziger-und-horst-r-schmidt\/\" \/>\n<meta property=\"og:locale\" content=\"de_DE\" \/>\n<meta property=\"og:type\" content=\"article\" \/>\n<meta property=\"og:title\" content=\"ProFans fordert Gleichbehandlung von Fans und Funktion\u00e4ren - Fangemeinschaft Preu\u00dfen M\u00fcnster e. V.\" \/>\n<meta property=\"og:description\" content=\"Dies ist eine Pressemitteilung von ProFans. Seit seiner Gr\u00fcndung kritisiert das Fanb\u00fcndnis ProFans die Anwendung von\u00a0Stadionverboten und fordert die Unschuldsvermutung f\u00fcr Fans wie auch f\u00fcr\u00a0Funktion\u00e4re. Ein besonders schillernder Fall der... Read more &raquo;\" \/>\n<meta property=\"og:url\" content=\"https:\/\/www.fanprojekt-muenster.de\/wordpress\/profans-fordert-gleichbehandlung-von-fans-und-funktionaeren-unschuldsvermutung-gilt-nicht-nur-fuer-wolfgang-niersbach-theo-zwanziger-und-horst-r-schmidt\/\" \/>\n<meta property=\"og:site_name\" content=\"Fangemeinschaft Preu\u00dfen M\u00fcnster e. V.\" \/>\n<meta property=\"article:published_time\" content=\"2016-02-06T18:55:16+00:00\" \/>\n<meta name=\"author\" content=\"Florian\" \/>\n<meta name=\"twitter:card\" content=\"summary_large_image\" \/>\n<meta name=\"twitter:label1\" content=\"Verfasst von\" \/>\n\t<meta name=\"twitter:data1\" content=\"Florian\" \/>\n\t<meta name=\"twitter:label2\" content=\"Gesch\u00e4tzte Lesezeit\" \/>\n\t<meta name=\"twitter:data2\" content=\"2\u00a0Minuten\" \/>\n<script type=\"application\/ld+json\" class=\"yoast-schema-graph\">{\"@context\":\"https:\/\/schema.org\",\"@graph\":[{\"@type\":\"Article\",\"@id\":\"https:\/\/www.fanprojekt-muenster.de\/wordpress\/profans-fordert-gleichbehandlung-von-fans-und-funktionaeren-unschuldsvermutung-gilt-nicht-nur-fuer-wolfgang-niersbach-theo-zwanziger-und-horst-r-schmidt\/#article\",\"isPartOf\":{\"@id\":\"https:\/\/www.fanprojekt-muenster.de\/wordpress\/profans-fordert-gleichbehandlung-von-fans-und-funktionaeren-unschuldsvermutung-gilt-nicht-nur-fuer-wolfgang-niersbach-theo-zwanziger-und-horst-r-schmidt\/\"},\"author\":{\"name\":\"Florian\",\"@id\":\"https:\/\/www.fanprojekt-muenster.de\/wordpress\/#\/schema\/person\/529d3ee920414da8907f25b585d57a4e\"},\"headline\":\"ProFans fordert Gleichbehandlung von Fans und Funktion\u00e4ren\",\"datePublished\":\"2016-02-06T18:55:16+00:00\",\"mainEntityOfPage\":{\"@id\":\"https:\/\/www.fanprojekt-muenster.de\/wordpress\/profans-fordert-gleichbehandlung-von-fans-und-funktionaeren-unschuldsvermutung-gilt-nicht-nur-fuer-wolfgang-niersbach-theo-zwanziger-und-horst-r-schmidt\/\"},\"wordCount\":457,\"publisher\":{\"@id\":\"https:\/\/www.fanprojekt-muenster.de\/wordpress\/#organization\"},\"image\":{\"@id\":\"https:\/\/www.fanprojekt-muenster.de\/wordpress\/profans-fordert-gleichbehandlung-von-fans-und-funktionaeren-unschuldsvermutung-gilt-nicht-nur-fuer-wolfgang-niersbach-theo-zwanziger-und-horst-r-schmidt\/#primaryimage\"},\"thumbnailUrl\":\"\",\"keywords\":[\"DFB\",\"Fanpolitik\",\"ProFans\",\"Stadionverbot\"],\"articleSection\":[\"Aktuelles\"],\"inLanguage\":\"de\"},{\"@type\":\"WebPage\",\"@id\":\"https:\/\/www.fanprojekt-muenster.de\/wordpress\/profans-fordert-gleichbehandlung-von-fans-und-funktionaeren-unschuldsvermutung-gilt-nicht-nur-fuer-wolfgang-niersbach-theo-zwanziger-und-horst-r-schmidt\/\",\"url\":\"https:\/\/www.fanprojekt-muenster.de\/wordpress\/profans-fordert-gleichbehandlung-von-fans-und-funktionaeren-unschuldsvermutung-gilt-nicht-nur-fuer-wolfgang-niersbach-theo-zwanziger-und-horst-r-schmidt\/\",\"name\":\"ProFans fordert Gleichbehandlung von Fans und Funktion\u00e4ren - Fangemeinschaft Preu\u00dfen M\u00fcnster e. V.\",\"isPartOf\":{\"@id\":\"https:\/\/www.fanprojekt-muenster.de\/wordpress\/#website\"},\"primaryImageOfPage\":{\"@id\":\"https:\/\/www.fanprojekt-muenster.de\/wordpress\/profans-fordert-gleichbehandlung-von-fans-und-funktionaeren-unschuldsvermutung-gilt-nicht-nur-fuer-wolfgang-niersbach-theo-zwanziger-und-horst-r-schmidt\/#primaryimage\"},\"image\":{\"@id\":\"https:\/\/www.fanprojekt-muenster.de\/wordpress\/profans-fordert-gleichbehandlung-von-fans-und-funktionaeren-unschuldsvermutung-gilt-nicht-nur-fuer-wolfgang-niersbach-theo-zwanziger-und-horst-r-schmidt\/#primaryimage\"},\"thumbnailUrl\":\"\",\"datePublished\":\"2016-02-06T18:55:16+00:00\",\"breadcrumb\":{\"@id\":\"https:\/\/www.fanprojekt-muenster.de\/wordpress\/profans-fordert-gleichbehandlung-von-fans-und-funktionaeren-unschuldsvermutung-gilt-nicht-nur-fuer-wolfgang-niersbach-theo-zwanziger-und-horst-r-schmidt\/#breadcrumb\"},\"inLanguage\":\"de\",\"potentialAction\":[{\"@type\":\"ReadAction\",\"target\":[\"https:\/\/www.fanprojekt-muenster.de\/wordpress\/profans-fordert-gleichbehandlung-von-fans-und-funktionaeren-unschuldsvermutung-gilt-nicht-nur-fuer-wolfgang-niersbach-theo-zwanziger-und-horst-r-schmidt\/\"]}]},{\"@type\":\"ImageObject\",\"inLanguage\":\"de\",\"@id\":\"https:\/\/www.fanprojekt-muenster.de\/wordpress\/profans-fordert-gleichbehandlung-von-fans-und-funktionaeren-unschuldsvermutung-gilt-nicht-nur-fuer-wolfgang-niersbach-theo-zwanziger-und-horst-r-schmidt\/#primaryimage\",\"url\":\"\",\"contentUrl\":\"\"},{\"@type\":\"BreadcrumbList\",\"@id\":\"https:\/\/www.fanprojekt-muenster.de\/wordpress\/profans-fordert-gleichbehandlung-von-fans-und-funktionaeren-unschuldsvermutung-gilt-nicht-nur-fuer-wolfgang-niersbach-theo-zwanziger-und-horst-r-schmidt\/#breadcrumb\",\"itemListElement\":[{\"@type\":\"ListItem\",\"position\":1,\"name\":\"Startseite\",\"item\":\"https:\/\/www.fanprojekt-muenster.de\/wordpress\/\"},{\"@type\":\"ListItem\",\"position\":2,\"name\":\"ProFans fordert Gleichbehandlung von Fans und Funktion\u00e4ren\"}]},{\"@type\":\"WebSite\",\"@id\":\"https:\/\/www.fanprojekt-muenster.de\/wordpress\/#website\",\"url\":\"https:\/\/www.fanprojekt-muenster.de\/wordpress\/\",\"name\":\"Fangemeinschaft Preu\u00dfen M\u00fcnster e. V.\",\"description\":\"\",\"publisher\":{\"@id\":\"https:\/\/www.fanprojekt-muenster.de\/wordpress\/#organization\"},\"potentialAction\":[{\"@type\":\"SearchAction\",\"target\":{\"@type\":\"EntryPoint\",\"urlTemplate\":\"https:\/\/www.fanprojekt-muenster.de\/wordpress\/?s={search_term_string}\"},\"query-input\":{\"@type\":\"PropertyValueSpecification\",\"valueRequired\":true,\"valueName\":\"search_term_string\"}}],\"inLanguage\":\"de\"},{\"@type\":\"Organization\",\"@id\":\"https:\/\/www.fanprojekt-muenster.de\/wordpress\/#organization\",\"name\":\"Fangemeinschaft Preu\u00dfen M\u00fcnster e. V.\",\"url\":\"https:\/\/www.fanprojekt-muenster.de\/wordpress\/\",\"logo\":{\"@type\":\"ImageObject\",\"inLanguage\":\"de\",\"@id\":\"https:\/\/www.fanprojekt-muenster.de\/wordpress\/#\/schema\/logo\/image\/\",\"url\":\"https:\/\/www.fanprojekt-muenster.de\/wordpress\/wp-content\/uploads\/2019\/07\/cropped-Website_Logo3-9.png\",\"contentUrl\":\"https:\/\/www.fanprojekt-muenster.de\/wordpress\/wp-content\/uploads\/2019\/07\/cropped-Website_Logo3-9.png\",\"width\":224,\"height\":42,\"caption\":\"Fangemeinschaft Preu\u00dfen M\u00fcnster e. V.\"},\"image\":{\"@id\":\"https:\/\/www.fanprojekt-muenster.de\/wordpress\/#\/schema\/logo\/image\/\"}},{\"@type\":\"Person\",\"@id\":\"https:\/\/www.fanprojekt-muenster.de\/wordpress\/#\/schema\/person\/529d3ee920414da8907f25b585d57a4e\",\"name\":\"Florian\",\"url\":\"https:\/\/www.fanprojekt-muenster.de\/wordpress\/author\/flovoss\/\"}]}<\/script>\n<!-- \/ Yoast SEO plugin. -->","yoast_head_json":{"title":"ProFans fordert Gleichbehandlung von Fans und Funktion\u00e4ren - Fangemeinschaft Preu\u00dfen M\u00fcnster e. V.","robots":{"index":"index","follow":"follow","max-snippet":"max-snippet:-1","max-image-preview":"max-image-preview:large","max-video-preview":"max-video-preview:-1"},"canonical":"https:\/\/www.fanprojekt-muenster.de\/wordpress\/profans-fordert-gleichbehandlung-von-fans-und-funktionaeren-unschuldsvermutung-gilt-nicht-nur-fuer-wolfgang-niersbach-theo-zwanziger-und-horst-r-schmidt\/","og_locale":"de_DE","og_type":"article","og_title":"ProFans fordert Gleichbehandlung von Fans und Funktion\u00e4ren - Fangemeinschaft Preu\u00dfen M\u00fcnster e. V.","og_description":"Dies ist eine Pressemitteilung von ProFans. Seit seiner Gr\u00fcndung kritisiert das Fanb\u00fcndnis ProFans die Anwendung von\u00a0Stadionverboten und fordert die Unschuldsvermutung f\u00fcr Fans wie auch f\u00fcr\u00a0Funktion\u00e4re. Ein besonders schillernder Fall der... Read more &raquo;","og_url":"https:\/\/www.fanprojekt-muenster.de\/wordpress\/profans-fordert-gleichbehandlung-von-fans-und-funktionaeren-unschuldsvermutung-gilt-nicht-nur-fuer-wolfgang-niersbach-theo-zwanziger-und-horst-r-schmidt\/","og_site_name":"Fangemeinschaft Preu\u00dfen M\u00fcnster e. V.","article_published_time":"2016-02-06T18:55:16+00:00","author":"Florian","twitter_card":"summary_large_image","twitter_misc":{"Verfasst von":"Florian","Gesch\u00e4tzte Lesezeit":"2\u00a0Minuten"},"schema":{"@context":"https:\/\/schema.org","@graph":[{"@type":"Article","@id":"https:\/\/www.fanprojekt-muenster.de\/wordpress\/profans-fordert-gleichbehandlung-von-fans-und-funktionaeren-unschuldsvermutung-gilt-nicht-nur-fuer-wolfgang-niersbach-theo-zwanziger-und-horst-r-schmidt\/#article","isPartOf":{"@id":"https:\/\/www.fanprojekt-muenster.de\/wordpress\/profans-fordert-gleichbehandlung-von-fans-und-funktionaeren-unschuldsvermutung-gilt-nicht-nur-fuer-wolfgang-niersbach-theo-zwanziger-und-horst-r-schmidt\/"},"author":{"name":"Florian","@id":"https:\/\/www.fanprojekt-muenster.de\/wordpress\/#\/schema\/person\/529d3ee920414da8907f25b585d57a4e"},"headline":"ProFans fordert Gleichbehandlung von Fans und Funktion\u00e4ren","datePublished":"2016-02-06T18:55:16+00:00","mainEntityOfPage":{"@id":"https:\/\/www.fanprojekt-muenster.de\/wordpress\/profans-fordert-gleichbehandlung-von-fans-und-funktionaeren-unschuldsvermutung-gilt-nicht-nur-fuer-wolfgang-niersbach-theo-zwanziger-und-horst-r-schmidt\/"},"wordCount":457,"publisher":{"@id":"https:\/\/www.fanprojekt-muenster.de\/wordpress\/#organization"},"image":{"@id":"https:\/\/www.fanprojekt-muenster.de\/wordpress\/profans-fordert-gleichbehandlung-von-fans-und-funktionaeren-unschuldsvermutung-gilt-nicht-nur-fuer-wolfgang-niersbach-theo-zwanziger-und-horst-r-schmidt\/#primaryimage"},"thumbnailUrl":"","keywords":["DFB","Fanpolitik","ProFans","Stadionverbot"],"articleSection":["Aktuelles"],"inLanguage":"de"},{"@type":"WebPage","@id":"https:\/\/www.fanprojekt-muenster.de\/wordpress\/profans-fordert-gleichbehandlung-von-fans-und-funktionaeren-unschuldsvermutung-gilt-nicht-nur-fuer-wolfgang-niersbach-theo-zwanziger-und-horst-r-schmidt\/","url":"https:\/\/www.fanprojekt-muenster.de\/wordpress\/profans-fordert-gleichbehandlung-von-fans-und-funktionaeren-unschuldsvermutung-gilt-nicht-nur-fuer-wolfgang-niersbach-theo-zwanziger-und-horst-r-schmidt\/","name":"ProFans fordert Gleichbehandlung von Fans und Funktion\u00e4ren - Fangemeinschaft Preu\u00dfen M\u00fcnster e. V.","isPartOf":{"@id":"https:\/\/www.fanprojekt-muenster.de\/wordpress\/#website"},"primaryImageOfPage":{"@id":"https:\/\/www.fanprojekt-muenster.de\/wordpress\/profans-fordert-gleichbehandlung-von-fans-und-funktionaeren-unschuldsvermutung-gilt-nicht-nur-fuer-wolfgang-niersbach-theo-zwanziger-und-horst-r-schmidt\/#primaryimage"},"image":{"@id":"https:\/\/www.fanprojekt-muenster.de\/wordpress\/profans-fordert-gleichbehandlung-von-fans-und-funktionaeren-unschuldsvermutung-gilt-nicht-nur-fuer-wolfgang-niersbach-theo-zwanziger-und-horst-r-schmidt\/#primaryimage"},"thumbnailUrl":"","datePublished":"2016-02-06T18:55:16+00:00","breadcrumb":{"@id":"https:\/\/www.fanprojekt-muenster.de\/wordpress\/profans-fordert-gleichbehandlung-von-fans-und-funktionaeren-unschuldsvermutung-gilt-nicht-nur-fuer-wolfgang-niersbach-theo-zwanziger-und-horst-r-schmidt\/#breadcrumb"},"inLanguage":"de","potentialAction":[{"@type":"ReadAction","target":["https:\/\/www.fanprojekt-muenster.de\/wordpress\/profans-fordert-gleichbehandlung-von-fans-und-funktionaeren-unschuldsvermutung-gilt-nicht-nur-fuer-wolfgang-niersbach-theo-zwanziger-und-horst-r-schmidt\/"]}]},{"@type":"ImageObject","inLanguage":"de","@id":"https:\/\/www.fanprojekt-muenster.de\/wordpress\/profans-fordert-gleichbehandlung-von-fans-und-funktionaeren-unschuldsvermutung-gilt-nicht-nur-fuer-wolfgang-niersbach-theo-zwanziger-und-horst-r-schmidt\/#primaryimage","url":"","contentUrl":""},{"@type":"BreadcrumbList","@id":"https:\/\/www.fanprojekt-muenster.de\/wordpress\/profans-fordert-gleichbehandlung-von-fans-und-funktionaeren-unschuldsvermutung-gilt-nicht-nur-fuer-wolfgang-niersbach-theo-zwanziger-und-horst-r-schmidt\/#breadcrumb","itemListElement":[{"@type":"ListItem","position":1,"name":"Startseite","item":"https:\/\/www.fanprojekt-muenster.de\/wordpress\/"},{"@type":"ListItem","position":2,"name":"ProFans fordert Gleichbehandlung von Fans und Funktion\u00e4ren"}]},{"@type":"WebSite","@id":"https:\/\/www.fanprojekt-muenster.de\/wordpress\/#website","url":"https:\/\/www.fanprojekt-muenster.de\/wordpress\/","name":"Fangemeinschaft Preu\u00dfen M\u00fcnster e. V.","description":"","publisher":{"@id":"https:\/\/www.fanprojekt-muenster.de\/wordpress\/#organization"},"potentialAction":[{"@type":"SearchAction","target":{"@type":"EntryPoint","urlTemplate":"https:\/\/www.fanprojekt-muenster.de\/wordpress\/?s={search_term_string}"},"query-input":{"@type":"PropertyValueSpecification","valueRequired":true,"valueName":"search_term_string"}}],"inLanguage":"de"},{"@type":"Organization","@id":"https:\/\/www.fanprojekt-muenster.de\/wordpress\/#organization","name":"Fangemeinschaft Preu\u00dfen M\u00fcnster e. V.","url":"https:\/\/www.fanprojekt-muenster.de\/wordpress\/","logo":{"@type":"ImageObject","inLanguage":"de","@id":"https:\/\/www.fanprojekt-muenster.de\/wordpress\/#\/schema\/logo\/image\/","url":"https:\/\/www.fanprojekt-muenster.de\/wordpress\/wp-content\/uploads\/2019\/07\/cropped-Website_Logo3-9.png","contentUrl":"https:\/\/www.fanprojekt-muenster.de\/wordpress\/wp-content\/uploads\/2019\/07\/cropped-Website_Logo3-9.png","width":224,"height":42,"caption":"Fangemeinschaft Preu\u00dfen M\u00fcnster e. V."},"image":{"@id":"https:\/\/www.fanprojekt-muenster.de\/wordpress\/#\/schema\/logo\/image\/"}},{"@type":"Person","@id":"https:\/\/www.fanprojekt-muenster.de\/wordpress\/#\/schema\/person\/529d3ee920414da8907f25b585d57a4e","name":"Florian","url":"https:\/\/www.fanprojekt-muenster.de\/wordpress\/author\/flovoss\/"}]}},"author_meta":{"display_name":"Florian","author_link":"https:\/\/www.fanprojekt-muenster.de\/wordpress\/author\/flovoss\/"},"featured_img":null,"coauthors":[],"tax_additional":{"categories":{"linked":["<a href=\"https:\/\/www.fanprojekt-muenster.de\/wordpress\/category\/aktuelles\/\" class=\"advgb-post-tax-term\">Aktuelles<\/a>","<a href=\"https:\/\/www.fanprojekt-muenster.de\/wordpress\/category\/allgemein\/\" class=\"advgb-post-tax-term\">Allgemein<\/a>"],"unlinked":["<span class=\"advgb-post-tax-term\">Aktuelles<\/span>","<span class=\"advgb-post-tax-term\">Allgemein<\/span>"]},"tags":{"linked":["<a href=\"https:\/\/www.fanprojekt-muenster.de\/wordpress\/category\/allgemein\/\" class=\"advgb-post-tax-term\">DFB<\/a>","<a href=\"https:\/\/www.fanprojekt-muenster.de\/wordpress\/category\/allgemein\/\" class=\"advgb-post-tax-term\">Fanpolitik<\/a>","<a href=\"https:\/\/www.fanprojekt-muenster.de\/wordpress\/category\/allgemein\/\" class=\"advgb-post-tax-term\">ProFans<\/a>","<a href=\"https:\/\/www.fanprojekt-muenster.de\/wordpress\/category\/allgemein\/\" class=\"advgb-post-tax-term\">Stadionverbot<\/a>"],"unlinked":["<span class=\"advgb-post-tax-term\">DFB<\/span>","<span class=\"advgb-post-tax-term\">Fanpolitik<\/span>","<span class=\"advgb-post-tax-term\">ProFans<\/span>","<span class=\"advgb-post-tax-term\">Stadionverbot<\/span>"]}},"comment_count":"0","relative_dates":{"created":"Posted 10\u00a0Jahren ago","modified":"Updated 10\u00a0Jahren ago"},"absolute_dates":{"created":"Posted on 6. Februar 2016","modified":"Updated on 6. Februar 2016"},"absolute_dates_time":{"created":"Posted on 6. Februar 2016 20:55","modified":"Updated on 6. Februar 2016 20:55"},"featured_img_caption":"","series_order":"","_links":{"self":[{"href":"https:\/\/www.fanprojekt-muenster.de\/wordpress\/wp-json\/wp\/v2\/posts\/5177","targetHints":{"allow":["GET"]}}],"collection":[{"href":"https:\/\/www.fanprojekt-muenster.de\/wordpress\/wp-json\/wp\/v2\/posts"}],"about":[{"href":"https:\/\/www.fanprojekt-muenster.de\/wordpress\/wp-json\/wp\/v2\/types\/post"}],"author":[{"embeddable":true,"href":"https:\/\/www.fanprojekt-muenster.de\/wordpress\/wp-json\/wp\/v2\/users\/5"}],"replies":[{"embeddable":true,"href":"https:\/\/www.fanprojekt-muenster.de\/wordpress\/wp-json\/wp\/v2\/comments?post=5177"}],"version-history":[{"count":0,"href":"https:\/\/www.fanprojekt-muenster.de\/wordpress\/wp-json\/wp\/v2\/posts\/5177\/revisions"}],"wp:featuredmedia":[{"embeddable":true,"href":"https:\/\/www.fanprojekt-muenster.de\/wordpress\/wp-json\/"}],"wp:attachment":[{"href":"https:\/\/www.fanprojekt-muenster.de\/wordpress\/wp-json\/wp\/v2\/media?parent=5177"}],"wp:term":[{"taxonomy":"category","embeddable":true,"href":"https:\/\/www.fanprojekt-muenster.de\/wordpress\/wp-json\/wp\/v2\/categories?post=5177"},{"taxonomy":"post_tag","embeddable":true,"href":"https:\/\/www.fanprojekt-muenster.de\/wordpress\/wp-json\/wp\/v2\/tags?post=5177"}],"curies":[{"name":"wp","href":"https:\/\/api.w.org\/{rel}","templated":true}]}}