{"id":5165,"date":"2016-01-12T16:01:07","date_gmt":"2016-01-12T14:01:07","guid":{"rendered":"http:\/\/www.fanprojekt-muenster.de\/wp\/?p=5165"},"modified":"2016-01-12T16:01:07","modified_gmt":"2016-01-12T14:01:07","slug":"fanprojekt-vorsitzender-benny-sicking-erklaert-kurze-auszeit","status":"publish","type":"post","link":"https:\/\/www.fanprojekt-muenster.de\/wordpress\/fanprojekt-vorsitzender-benny-sicking-erklaert-kurze-auszeit\/","title":{"rendered":"Fanprojekt-Vorsitzender Benny Sicking erkl\u00e4rt kurze Auszeit"},"content":{"rendered":"<p><strong>Benny, du hattest beim Neujahrsempfang den Fanprojekt-Mitgliedern und Preu\u00dfenfans mitgeteilt, dass du f\u00fcr mehrere Monate ins Ausland gehen wirst.<br \/>\n<\/strong>Ja, genau. Meine ehemalige Hochschule, die FOM in Essen, hat mir die M\u00f6glichkeit gegeben, f\u00fcr ein Semester als Tutor in China zu arbeiten. Dies hat sich erst in den letzten Wochen manifestiert und f\u00fcr mich ist dies eine tolle Chance, um ganz neue Erfahrungen zu machen. Gerade ostasiatische L\u00e4nder finde ich momentan reizend, weil neben der Sprache auch die Schriftzeichen und die Lebensart komplett unterschiedlich zu unserem westlichen Verst\u00e4ndnis sind.<\/p>\n<p><strong>Wohin gehst genau nach China und was werden deine Aufgaben als Tutor sein?<br \/>\n<\/strong>Ich werde f\u00fcr ungef\u00e4hr vier Monate nach Taiyuan gehen, eine chinesische Industriestadt mit \u00fcber vier Millionen Einwohnern. Es die Hauptstadt der Provinz Shanxi im Norden Chinas und ist eine gute Flugstunde von Peking entfernt. Meine Tage werden sehr ausgef\u00fcllt sein, wenn ich mich tagt\u00e4glich auf dem Campus der \u00a0Shanxi University of Finance and Economics aufhalte.<\/p>\n<p><strong>Das h\u00f6rt sich sehr spannend an und ist sicherlich eine gro\u00dfe Herausforderung f\u00fcr dich. Aber nun Tacheles: Wann bist du genau weg und was bedeutet es f\u00fcr das Fanprojekt?<br \/>\n<\/strong>Mein Flug in die Volksrepublik China ist schon Ende Februar und ich werde Mitte Juni zur\u00fcckkommen. Als Vorsitzender des Fanprojekts kann ich in dieser Zeit leider nicht mehr so agieren, wie bisher. An pers\u00f6nlichen Terminen kann ich nicht mehr teilnehmen und auch Telefonate bei siebenst\u00fcndiger Zeitverschiebung sind schwieriger zu verabreden. Meine Vorstandskollegen unterst\u00fctzen meine Entscheidung und werden solche Aufgaben entsprechend kompensieren. Aber im Hintergrund werde ich mich auch aus der Ferne noch weiterhin engagieren, um unter anderem fanpolitische Themen, die uns Preu\u00dfen besch\u00e4ftigen, weiter voran zu bringen. \u00dcber das Internet bin ich ja weiterhin erreichbar und nicht aus der Welt.<\/p>\n","protected":false},"excerpt":{"rendered":"<p>Benny, du hattest beim Neujahrsempfang den Fanprojekt-Mitgliedern und Preu\u00dfenfans mitgeteilt, dass du f\u00fcr mehrere Monate ins Ausland gehen wirst. Ja, genau. Meine ehemalige Hochschule, die FOM in Essen, hat mir&#8230; <a class=\"read-more-link\" href=\"https:\/\/www.fanprojekt-muenster.de\/wordpress\/fanprojekt-vorsitzender-benny-sicking-erklaert-kurze-auszeit\/\">Read more &raquo;<\/a><\/p>\n","protected":false},"author":5,"featured_media":5159,"comment_status":"closed","ping_status":"closed","sticky":false,"template":"","format":"standard","meta":{"advgb_blocks_editor_width":"","advgb_blocks_columns_visual_guide":"","footnotes":""},"categories":[3],"tags":[],"class_list":["post-5165","post","type-post","status-publish","format-standard","has-post-thumbnail","hentry","category-aktuelles"],"featured_image_src":null,"author_info":{"display_name":"Florian","author_link":"https:\/\/www.fanprojekt-muenster.de\/wordpress\/author\/flovoss\/"},"yoast_head":"<!-- This site is optimized with the Yoast SEO plugin v27.2 - https:\/\/yoast.com\/product\/yoast-seo-wordpress\/ -->\n<title>Fanprojekt-Vorsitzender Benny Sicking erkl\u00e4rt kurze Auszeit - Fangemeinschaft Preu\u00dfen M\u00fcnster e. V.<\/title>\n<meta name=\"robots\" content=\"index, follow, max-snippet:-1, max-image-preview:large, max-video-preview:-1\" \/>\n<link rel=\"canonical\" href=\"https:\/\/www.fanprojekt-muenster.de\/wordpress\/fanprojekt-vorsitzender-benny-sicking-erklaert-kurze-auszeit\/\" \/>\n<meta property=\"og:locale\" content=\"de_DE\" \/>\n<meta property=\"og:type\" content=\"article\" \/>\n<meta property=\"og:title\" content=\"Fanprojekt-Vorsitzender Benny Sicking erkl\u00e4rt kurze Auszeit - Fangemeinschaft Preu\u00dfen M\u00fcnster e. V.\" \/>\n<meta property=\"og:description\" content=\"Benny, du hattest beim Neujahrsempfang den Fanprojekt-Mitgliedern und Preu\u00dfenfans mitgeteilt, dass du f\u00fcr mehrere Monate ins Ausland gehen wirst. Ja, genau. Meine ehemalige Hochschule, die FOM in Essen, hat mir... Read more &raquo;\" \/>\n<meta property=\"og:url\" content=\"https:\/\/www.fanprojekt-muenster.de\/wordpress\/fanprojekt-vorsitzender-benny-sicking-erklaert-kurze-auszeit\/\" \/>\n<meta property=\"og:site_name\" content=\"Fangemeinschaft Preu\u00dfen M\u00fcnster e. V.\" \/>\n<meta property=\"article:published_time\" content=\"2016-01-12T14:01:07+00:00\" \/>\n<meta name=\"author\" content=\"Florian\" \/>\n<meta name=\"twitter:card\" content=\"summary_large_image\" \/>\n<meta name=\"twitter:label1\" content=\"Verfasst von\" \/>\n\t<meta name=\"twitter:data1\" content=\"Florian\" \/>\n\t<meta name=\"twitter:label2\" content=\"Gesch\u00e4tzte Lesezeit\" \/>\n\t<meta name=\"twitter:data2\" content=\"2\u00a0Minuten\" \/>\n<script type=\"application\/ld+json\" class=\"yoast-schema-graph\">{\"@context\":\"https:\/\/schema.org\",\"@graph\":[{\"@type\":\"Article\",\"@id\":\"https:\/\/www.fanprojekt-muenster.de\/wordpress\/fanprojekt-vorsitzender-benny-sicking-erklaert-kurze-auszeit\/#article\",\"isPartOf\":{\"@id\":\"https:\/\/www.fanprojekt-muenster.de\/wordpress\/fanprojekt-vorsitzender-benny-sicking-erklaert-kurze-auszeit\/\"},\"author\":{\"name\":\"Florian\",\"@id\":\"https:\/\/www.fanprojekt-muenster.de\/wordpress\/#\/schema\/person\/529d3ee920414da8907f25b585d57a4e\"},\"headline\":\"Fanprojekt-Vorsitzender Benny Sicking erkl\u00e4rt kurze Auszeit\",\"datePublished\":\"2016-01-12T14:01:07+00:00\",\"mainEntityOfPage\":{\"@id\":\"https:\/\/www.fanprojekt-muenster.de\/wordpress\/fanprojekt-vorsitzender-benny-sicking-erklaert-kurze-auszeit\/\"},\"wordCount\":314,\"publisher\":{\"@id\":\"https:\/\/www.fanprojekt-muenster.de\/wordpress\/#organization\"},\"image\":{\"@id\":\"https:\/\/www.fanprojekt-muenster.de\/wordpress\/fanprojekt-vorsitzender-benny-sicking-erklaert-kurze-auszeit\/#primaryimage\"},\"thumbnailUrl\":\"\",\"articleSection\":[\"Aktuelles\"],\"inLanguage\":\"de\"},{\"@type\":\"WebPage\",\"@id\":\"https:\/\/www.fanprojekt-muenster.de\/wordpress\/fanprojekt-vorsitzender-benny-sicking-erklaert-kurze-auszeit\/\",\"url\":\"https:\/\/www.fanprojekt-muenster.de\/wordpress\/fanprojekt-vorsitzender-benny-sicking-erklaert-kurze-auszeit\/\",\"name\":\"Fanprojekt-Vorsitzender Benny Sicking erkl\u00e4rt kurze Auszeit - Fangemeinschaft Preu\u00dfen M\u00fcnster e. V.\",\"isPartOf\":{\"@id\":\"https:\/\/www.fanprojekt-muenster.de\/wordpress\/#website\"},\"primaryImageOfPage\":{\"@id\":\"https:\/\/www.fanprojekt-muenster.de\/wordpress\/fanprojekt-vorsitzender-benny-sicking-erklaert-kurze-auszeit\/#primaryimage\"},\"image\":{\"@id\":\"https:\/\/www.fanprojekt-muenster.de\/wordpress\/fanprojekt-vorsitzender-benny-sicking-erklaert-kurze-auszeit\/#primaryimage\"},\"thumbnailUrl\":\"\",\"datePublished\":\"2016-01-12T14:01:07+00:00\",\"breadcrumb\":{\"@id\":\"https:\/\/www.fanprojekt-muenster.de\/wordpress\/fanprojekt-vorsitzender-benny-sicking-erklaert-kurze-auszeit\/#breadcrumb\"},\"inLanguage\":\"de\",\"potentialAction\":[{\"@type\":\"ReadAction\",\"target\":[\"https:\/\/www.fanprojekt-muenster.de\/wordpress\/fanprojekt-vorsitzender-benny-sicking-erklaert-kurze-auszeit\/\"]}]},{\"@type\":\"ImageObject\",\"inLanguage\":\"de\",\"@id\":\"https:\/\/www.fanprojekt-muenster.de\/wordpress\/fanprojekt-vorsitzender-benny-sicking-erklaert-kurze-auszeit\/#primaryimage\",\"url\":\"\",\"contentUrl\":\"\"},{\"@type\":\"BreadcrumbList\",\"@id\":\"https:\/\/www.fanprojekt-muenster.de\/wordpress\/fanprojekt-vorsitzender-benny-sicking-erklaert-kurze-auszeit\/#breadcrumb\",\"itemListElement\":[{\"@type\":\"ListItem\",\"position\":1,\"name\":\"Startseite\",\"item\":\"https:\/\/www.fanprojekt-muenster.de\/wordpress\/\"},{\"@type\":\"ListItem\",\"position\":2,\"name\":\"Fanprojekt-Vorsitzender Benny Sicking erkl\u00e4rt kurze Auszeit\"}]},{\"@type\":\"WebSite\",\"@id\":\"https:\/\/www.fanprojekt-muenster.de\/wordpress\/#website\",\"url\":\"https:\/\/www.fanprojekt-muenster.de\/wordpress\/\",\"name\":\"Fangemeinschaft Preu\u00dfen M\u00fcnster e. V.\",\"description\":\"\",\"publisher\":{\"@id\":\"https:\/\/www.fanprojekt-muenster.de\/wordpress\/#organization\"},\"potentialAction\":[{\"@type\":\"SearchAction\",\"target\":{\"@type\":\"EntryPoint\",\"urlTemplate\":\"https:\/\/www.fanprojekt-muenster.de\/wordpress\/?s={search_term_string}\"},\"query-input\":{\"@type\":\"PropertyValueSpecification\",\"valueRequired\":true,\"valueName\":\"search_term_string\"}}],\"inLanguage\":\"de\"},{\"@type\":\"Organization\",\"@id\":\"https:\/\/www.fanprojekt-muenster.de\/wordpress\/#organization\",\"name\":\"Fangemeinschaft Preu\u00dfen M\u00fcnster e. V.\",\"url\":\"https:\/\/www.fanprojekt-muenster.de\/wordpress\/\",\"logo\":{\"@type\":\"ImageObject\",\"inLanguage\":\"de\",\"@id\":\"https:\/\/www.fanprojekt-muenster.de\/wordpress\/#\/schema\/logo\/image\/\",\"url\":\"https:\/\/www.fanprojekt-muenster.de\/wordpress\/wp-content\/uploads\/2019\/07\/cropped-Website_Logo3-9.png\",\"contentUrl\":\"https:\/\/www.fanprojekt-muenster.de\/wordpress\/wp-content\/uploads\/2019\/07\/cropped-Website_Logo3-9.png\",\"width\":224,\"height\":42,\"caption\":\"Fangemeinschaft Preu\u00dfen M\u00fcnster e. V.\"},\"image\":{\"@id\":\"https:\/\/www.fanprojekt-muenster.de\/wordpress\/#\/schema\/logo\/image\/\"}},{\"@type\":\"Person\",\"@id\":\"https:\/\/www.fanprojekt-muenster.de\/wordpress\/#\/schema\/person\/529d3ee920414da8907f25b585d57a4e\",\"name\":\"Florian\",\"url\":\"https:\/\/www.fanprojekt-muenster.de\/wordpress\/author\/flovoss\/\"}]}<\/script>\n<!-- \/ Yoast SEO plugin. -->","yoast_head_json":{"title":"Fanprojekt-Vorsitzender Benny Sicking erkl\u00e4rt kurze Auszeit - Fangemeinschaft Preu\u00dfen M\u00fcnster e. V.","robots":{"index":"index","follow":"follow","max-snippet":"max-snippet:-1","max-image-preview":"max-image-preview:large","max-video-preview":"max-video-preview:-1"},"canonical":"https:\/\/www.fanprojekt-muenster.de\/wordpress\/fanprojekt-vorsitzender-benny-sicking-erklaert-kurze-auszeit\/","og_locale":"de_DE","og_type":"article","og_title":"Fanprojekt-Vorsitzender Benny Sicking erkl\u00e4rt kurze Auszeit - Fangemeinschaft Preu\u00dfen M\u00fcnster e. V.","og_description":"Benny, du hattest beim Neujahrsempfang den Fanprojekt-Mitgliedern und Preu\u00dfenfans mitgeteilt, dass du f\u00fcr mehrere Monate ins Ausland gehen wirst. Ja, genau. Meine ehemalige Hochschule, die FOM in Essen, hat mir... Read more &raquo;","og_url":"https:\/\/www.fanprojekt-muenster.de\/wordpress\/fanprojekt-vorsitzender-benny-sicking-erklaert-kurze-auszeit\/","og_site_name":"Fangemeinschaft Preu\u00dfen M\u00fcnster e. V.","article_published_time":"2016-01-12T14:01:07+00:00","author":"Florian","twitter_card":"summary_large_image","twitter_misc":{"Verfasst von":"Florian","Gesch\u00e4tzte Lesezeit":"2\u00a0Minuten"},"schema":{"@context":"https:\/\/schema.org","@graph":[{"@type":"Article","@id":"https:\/\/www.fanprojekt-muenster.de\/wordpress\/fanprojekt-vorsitzender-benny-sicking-erklaert-kurze-auszeit\/#article","isPartOf":{"@id":"https:\/\/www.fanprojekt-muenster.de\/wordpress\/fanprojekt-vorsitzender-benny-sicking-erklaert-kurze-auszeit\/"},"author":{"name":"Florian","@id":"https:\/\/www.fanprojekt-muenster.de\/wordpress\/#\/schema\/person\/529d3ee920414da8907f25b585d57a4e"},"headline":"Fanprojekt-Vorsitzender Benny Sicking erkl\u00e4rt kurze Auszeit","datePublished":"2016-01-12T14:01:07+00:00","mainEntityOfPage":{"@id":"https:\/\/www.fanprojekt-muenster.de\/wordpress\/fanprojekt-vorsitzender-benny-sicking-erklaert-kurze-auszeit\/"},"wordCount":314,"publisher":{"@id":"https:\/\/www.fanprojekt-muenster.de\/wordpress\/#organization"},"image":{"@id":"https:\/\/www.fanprojekt-muenster.de\/wordpress\/fanprojekt-vorsitzender-benny-sicking-erklaert-kurze-auszeit\/#primaryimage"},"thumbnailUrl":"","articleSection":["Aktuelles"],"inLanguage":"de"},{"@type":"WebPage","@id":"https:\/\/www.fanprojekt-muenster.de\/wordpress\/fanprojekt-vorsitzender-benny-sicking-erklaert-kurze-auszeit\/","url":"https:\/\/www.fanprojekt-muenster.de\/wordpress\/fanprojekt-vorsitzender-benny-sicking-erklaert-kurze-auszeit\/","name":"Fanprojekt-Vorsitzender Benny Sicking erkl\u00e4rt kurze Auszeit - Fangemeinschaft Preu\u00dfen M\u00fcnster e. V.","isPartOf":{"@id":"https:\/\/www.fanprojekt-muenster.de\/wordpress\/#website"},"primaryImageOfPage":{"@id":"https:\/\/www.fanprojekt-muenster.de\/wordpress\/fanprojekt-vorsitzender-benny-sicking-erklaert-kurze-auszeit\/#primaryimage"},"image":{"@id":"https:\/\/www.fanprojekt-muenster.de\/wordpress\/fanprojekt-vorsitzender-benny-sicking-erklaert-kurze-auszeit\/#primaryimage"},"thumbnailUrl":"","datePublished":"2016-01-12T14:01:07+00:00","breadcrumb":{"@id":"https:\/\/www.fanprojekt-muenster.de\/wordpress\/fanprojekt-vorsitzender-benny-sicking-erklaert-kurze-auszeit\/#breadcrumb"},"inLanguage":"de","potentialAction":[{"@type":"ReadAction","target":["https:\/\/www.fanprojekt-muenster.de\/wordpress\/fanprojekt-vorsitzender-benny-sicking-erklaert-kurze-auszeit\/"]}]},{"@type":"ImageObject","inLanguage":"de","@id":"https:\/\/www.fanprojekt-muenster.de\/wordpress\/fanprojekt-vorsitzender-benny-sicking-erklaert-kurze-auszeit\/#primaryimage","url":"","contentUrl":""},{"@type":"BreadcrumbList","@id":"https:\/\/www.fanprojekt-muenster.de\/wordpress\/fanprojekt-vorsitzender-benny-sicking-erklaert-kurze-auszeit\/#breadcrumb","itemListElement":[{"@type":"ListItem","position":1,"name":"Startseite","item":"https:\/\/www.fanprojekt-muenster.de\/wordpress\/"},{"@type":"ListItem","position":2,"name":"Fanprojekt-Vorsitzender Benny Sicking erkl\u00e4rt kurze Auszeit"}]},{"@type":"WebSite","@id":"https:\/\/www.fanprojekt-muenster.de\/wordpress\/#website","url":"https:\/\/www.fanprojekt-muenster.de\/wordpress\/","name":"Fangemeinschaft Preu\u00dfen M\u00fcnster e. V.","description":"","publisher":{"@id":"https:\/\/www.fanprojekt-muenster.de\/wordpress\/#organization"},"potentialAction":[{"@type":"SearchAction","target":{"@type":"EntryPoint","urlTemplate":"https:\/\/www.fanprojekt-muenster.de\/wordpress\/?s={search_term_string}"},"query-input":{"@type":"PropertyValueSpecification","valueRequired":true,"valueName":"search_term_string"}}],"inLanguage":"de"},{"@type":"Organization","@id":"https:\/\/www.fanprojekt-muenster.de\/wordpress\/#organization","name":"Fangemeinschaft Preu\u00dfen M\u00fcnster e. V.","url":"https:\/\/www.fanprojekt-muenster.de\/wordpress\/","logo":{"@type":"ImageObject","inLanguage":"de","@id":"https:\/\/www.fanprojekt-muenster.de\/wordpress\/#\/schema\/logo\/image\/","url":"https:\/\/www.fanprojekt-muenster.de\/wordpress\/wp-content\/uploads\/2019\/07\/cropped-Website_Logo3-9.png","contentUrl":"https:\/\/www.fanprojekt-muenster.de\/wordpress\/wp-content\/uploads\/2019\/07\/cropped-Website_Logo3-9.png","width":224,"height":42,"caption":"Fangemeinschaft Preu\u00dfen M\u00fcnster e. V."},"image":{"@id":"https:\/\/www.fanprojekt-muenster.de\/wordpress\/#\/schema\/logo\/image\/"}},{"@type":"Person","@id":"https:\/\/www.fanprojekt-muenster.de\/wordpress\/#\/schema\/person\/529d3ee920414da8907f25b585d57a4e","name":"Florian","url":"https:\/\/www.fanprojekt-muenster.de\/wordpress\/author\/flovoss\/"}]}},"author_meta":{"display_name":"Florian","author_link":"https:\/\/www.fanprojekt-muenster.de\/wordpress\/author\/flovoss\/"},"featured_img":null,"coauthors":[],"tax_additional":{"categories":{"linked":["<a href=\"https:\/\/www.fanprojekt-muenster.de\/wordpress\/category\/aktuelles\/\" class=\"advgb-post-tax-term\">Aktuelles<\/a>"],"unlinked":["<span class=\"advgb-post-tax-term\">Aktuelles<\/span>"]}},"comment_count":"0","relative_dates":{"created":"Posted 10\u00a0Jahren ago","modified":"Updated 10\u00a0Jahren ago"},"absolute_dates":{"created":"Posted on 12. Januar 2016","modified":"Updated on 12. Januar 2016"},"absolute_dates_time":{"created":"Posted on 12. Januar 2016 16:01","modified":"Updated on 12. Januar 2016 16:01"},"featured_img_caption":"","series_order":"","_links":{"self":[{"href":"https:\/\/www.fanprojekt-muenster.de\/wordpress\/wp-json\/wp\/v2\/posts\/5165","targetHints":{"allow":["GET"]}}],"collection":[{"href":"https:\/\/www.fanprojekt-muenster.de\/wordpress\/wp-json\/wp\/v2\/posts"}],"about":[{"href":"https:\/\/www.fanprojekt-muenster.de\/wordpress\/wp-json\/wp\/v2\/types\/post"}],"author":[{"embeddable":true,"href":"https:\/\/www.fanprojekt-muenster.de\/wordpress\/wp-json\/wp\/v2\/users\/5"}],"replies":[{"embeddable":true,"href":"https:\/\/www.fanprojekt-muenster.de\/wordpress\/wp-json\/wp\/v2\/comments?post=5165"}],"version-history":[{"count":0,"href":"https:\/\/www.fanprojekt-muenster.de\/wordpress\/wp-json\/wp\/v2\/posts\/5165\/revisions"}],"wp:featuredmedia":[{"embeddable":true,"href":"https:\/\/www.fanprojekt-muenster.de\/wordpress\/wp-json\/"}],"wp:attachment":[{"href":"https:\/\/www.fanprojekt-muenster.de\/wordpress\/wp-json\/wp\/v2\/media?parent=5165"}],"wp:term":[{"taxonomy":"category","embeddable":true,"href":"https:\/\/www.fanprojekt-muenster.de\/wordpress\/wp-json\/wp\/v2\/categories?post=5165"},{"taxonomy":"post_tag","embeddable":true,"href":"https:\/\/www.fanprojekt-muenster.de\/wordpress\/wp-json\/wp\/v2\/tags?post=5165"}],"curies":[{"name":"wp","href":"https:\/\/api.w.org\/{rel}","templated":true}]}}