{"id":5164,"date":"2016-01-12T16:02:59","date_gmt":"2016-01-12T14:02:59","guid":{"rendered":"http:\/\/www.fanprojekt-muenster.de\/wp\/?p=5164"},"modified":"2016-01-12T16:02:59","modified_gmt":"2016-01-12T14:02:59","slug":"fans-feiern-gemeinsam-einen-ausgelassenen-neujahrsempfang","status":"publish","type":"post","link":"https:\/\/www.fanprojekt-muenster.de\/wordpress\/fans-feiern-gemeinsam-einen-ausgelassenen-neujahrsempfang\/","title":{"rendered":"Fans feiern gemeinsam einen ausgelassenen Neujahrsempfang"},"content":{"rendered":"<p>Ganz unterschiedliche Typen und Charaktere feiern allj\u00e4hrlich gemeinsam beim Neujahrsempfang des Fanprojekt Preu\u00dfen M\u00fcnster e.V., bei dem in diesem Jahr die Rekordsumme von 2100 Euro f\u00fcr einen guten Zweck gesammelt wurde. Auch am Samstag war in der Haupttrib\u00fcne des Preu\u00dfenstadions von Familie bis Ultra, vom Allesfahrer bis hin zum langj\u00e4hrigen Anh\u00e4nger wieder ein Querschnitt der Fanszene anzutreffen. Und in diesem Jahr kam eine neue Gruppe dazu: acht ehemalige Spieler des Traditionsvereins waren der Einladung gefolgt und trugen ihren Teil zur ausgelassenen Stimmung bei.<\/p>\n<p><strong><a href=\"http:\/\/www.fanprojekt-muenster.de\/wp\/neujahrsempfang-2016\/\">Zur Bildergalerie<\/a><\/strong><\/p>\n<p>Da erz\u00e4hlte Sercan G\u00fcvenisik, dass er seinen Titel \u201eK\u00f6nig G\u00fcve\u201c nun in \u201eK\u00f6nig der L\u00f6wen\u201c \u00e4ndern werde, da er als Fu\u00dfball-Rentner vermutlich zum Musical-Fan geworden ist. Und Martin Przondziono plauderte aus dem N\u00e4hk\u00e4stchen von skurrilen Situationen mit Mitspielern. Benny Siegert \u00fcbernahm in seiner unnachahmlichen Art gleich vor\u00fcbergehend die Moderation des Abends und der eigentliche Moderator Dirk L\u00f6dden hatte sichtbar M\u00fche, den Ex-Preu\u00dfen zu bremsen. Nur Marco K\u00f6nigs hatte anfangs einen schweren Stand, hatte er vor kurzem ja gegen den SCP getroffen. Die Fans verziehen ihm jedoch schnell und suchten intensive Gespr\u00e4che mit den ehemaligen Adlertr\u00e4gern, die allesamt betonten, dass die Einladung der Fans sie sehr geehrt habe. Orhan \u00d6zkara, Lars Remmert und Jens Truckenbrod wurden genauso belagert wie Daniel Masuch.<\/p>\n<p>Neben reichlich Spa\u00df, einer geselligen Stimmung und vielen spontanen Ges\u00e4ngen rundete eine hochwertige Tombola den Abend ab und erm\u00f6glichte Einnahmen von 2000 Euro, die der Primus Schule M\u00fcnster zur Verf\u00fcgung gestellt werden. Eine spontane Versteigerung des zweiten Hauptpreises, von Vitali Klitschko signierte Boxhandschuhe, brachte weitere 100 Euro ein. \u201eEs ist ein sch\u00f6nes Zeichen, dass hier von den Fans in die Nachbarschaft des Preu\u00dfenstadions ausgeht\u201c, ist Fanprojekt-Vorsitzender Benny Sicking stolz auf die ordentliche Spende an die inklusive Schule in Berg Fidel. Er sorgte mit der <a href=\"http:\/\/www.fanprojekt-muenster.de\/wp\/2016\/01\/12\/fanprojekt-vorsitzender-benny-sicking-erklaert-kurze-auszeit\/\">Ank\u00fcndigung einer viermonatigen Abwesenheit<\/a> f\u00fcr einen kurzen Moment der Ernsthaftigkeit. Bis Juni, so verspricht Sicking, werde aber der gesamte Vorstand des Fanprojekts f\u00fcr ihn aushelfen.<\/p>\n","protected":false},"excerpt":{"rendered":"<p>Ganz unterschiedliche Typen und Charaktere feiern allj\u00e4hrlich gemeinsam beim Neujahrsempfang des Fanprojekt Preu\u00dfen M\u00fcnster e.V., bei dem in diesem Jahr die Rekordsumme von 2100 Euro f\u00fcr einen guten Zweck gesammelt&#8230; <a class=\"read-more-link\" href=\"https:\/\/www.fanprojekt-muenster.de\/wordpress\/fans-feiern-gemeinsam-einen-ausgelassenen-neujahrsempfang\/\">Read more &raquo;<\/a><\/p>\n","protected":false},"author":5,"featured_media":5151,"comment_status":"closed","ping_status":"closed","sticky":false,"template":"","format":"standard","meta":{"advgb_blocks_editor_width":"","advgb_blocks_columns_visual_guide":"","footnotes":""},"categories":[3],"tags":[],"class_list":["post-5164","post","type-post","status-publish","format-standard","has-post-thumbnail","hentry","category-aktuelles"],"featured_image_src":null,"author_info":{"display_name":"Florian","author_link":"https:\/\/www.fanprojekt-muenster.de\/wordpress\/author\/flovoss\/"},"yoast_head":"<!-- This site is optimized with the Yoast SEO plugin v27.2 - https:\/\/yoast.com\/product\/yoast-seo-wordpress\/ -->\n<title>Fans feiern gemeinsam einen ausgelassenen Neujahrsempfang - Fangemeinschaft Preu\u00dfen M\u00fcnster e. V.<\/title>\n<meta name=\"robots\" content=\"index, follow, max-snippet:-1, max-image-preview:large, max-video-preview:-1\" \/>\n<link rel=\"canonical\" href=\"https:\/\/www.fanprojekt-muenster.de\/wordpress\/fans-feiern-gemeinsam-einen-ausgelassenen-neujahrsempfang\/\" \/>\n<meta property=\"og:locale\" content=\"de_DE\" \/>\n<meta property=\"og:type\" content=\"article\" \/>\n<meta property=\"og:title\" content=\"Fans feiern gemeinsam einen ausgelassenen Neujahrsempfang - Fangemeinschaft Preu\u00dfen M\u00fcnster e. V.\" \/>\n<meta property=\"og:description\" content=\"Ganz unterschiedliche Typen und Charaktere feiern allj\u00e4hrlich gemeinsam beim Neujahrsempfang des Fanprojekt Preu\u00dfen M\u00fcnster e.V., bei dem in diesem Jahr die Rekordsumme von 2100 Euro f\u00fcr einen guten Zweck gesammelt... Read more &raquo;\" \/>\n<meta property=\"og:url\" content=\"https:\/\/www.fanprojekt-muenster.de\/wordpress\/fans-feiern-gemeinsam-einen-ausgelassenen-neujahrsempfang\/\" \/>\n<meta property=\"og:site_name\" content=\"Fangemeinschaft Preu\u00dfen M\u00fcnster e. V.\" \/>\n<meta property=\"article:published_time\" content=\"2016-01-12T14:02:59+00:00\" \/>\n<meta name=\"author\" content=\"Florian\" \/>\n<meta name=\"twitter:card\" content=\"summary_large_image\" \/>\n<meta name=\"twitter:label1\" content=\"Verfasst von\" \/>\n\t<meta name=\"twitter:data1\" content=\"Florian\" \/>\n\t<meta name=\"twitter:label2\" content=\"Gesch\u00e4tzte Lesezeit\" \/>\n\t<meta name=\"twitter:data2\" content=\"2\u00a0Minuten\" \/>\n<script type=\"application\/ld+json\" class=\"yoast-schema-graph\">{\"@context\":\"https:\/\/schema.org\",\"@graph\":[{\"@type\":\"Article\",\"@id\":\"https:\/\/www.fanprojekt-muenster.de\/wordpress\/fans-feiern-gemeinsam-einen-ausgelassenen-neujahrsempfang\/#article\",\"isPartOf\":{\"@id\":\"https:\/\/www.fanprojekt-muenster.de\/wordpress\/fans-feiern-gemeinsam-einen-ausgelassenen-neujahrsempfang\/\"},\"author\":{\"name\":\"Florian\",\"@id\":\"https:\/\/www.fanprojekt-muenster.de\/wordpress\/#\/schema\/person\/529d3ee920414da8907f25b585d57a4e\"},\"headline\":\"Fans feiern gemeinsam einen ausgelassenen Neujahrsempfang\",\"datePublished\":\"2016-01-12T14:02:59+00:00\",\"mainEntityOfPage\":{\"@id\":\"https:\/\/www.fanprojekt-muenster.de\/wordpress\/fans-feiern-gemeinsam-einen-ausgelassenen-neujahrsempfang\/\"},\"wordCount\":351,\"publisher\":{\"@id\":\"https:\/\/www.fanprojekt-muenster.de\/wordpress\/#organization\"},\"image\":{\"@id\":\"https:\/\/www.fanprojekt-muenster.de\/wordpress\/fans-feiern-gemeinsam-einen-ausgelassenen-neujahrsempfang\/#primaryimage\"},\"thumbnailUrl\":\"\",\"articleSection\":[\"Aktuelles\"],\"inLanguage\":\"de\"},{\"@type\":\"WebPage\",\"@id\":\"https:\/\/www.fanprojekt-muenster.de\/wordpress\/fans-feiern-gemeinsam-einen-ausgelassenen-neujahrsempfang\/\",\"url\":\"https:\/\/www.fanprojekt-muenster.de\/wordpress\/fans-feiern-gemeinsam-einen-ausgelassenen-neujahrsempfang\/\",\"name\":\"Fans feiern gemeinsam einen ausgelassenen Neujahrsempfang - Fangemeinschaft Preu\u00dfen M\u00fcnster e. V.\",\"isPartOf\":{\"@id\":\"https:\/\/www.fanprojekt-muenster.de\/wordpress\/#website\"},\"primaryImageOfPage\":{\"@id\":\"https:\/\/www.fanprojekt-muenster.de\/wordpress\/fans-feiern-gemeinsam-einen-ausgelassenen-neujahrsempfang\/#primaryimage\"},\"image\":{\"@id\":\"https:\/\/www.fanprojekt-muenster.de\/wordpress\/fans-feiern-gemeinsam-einen-ausgelassenen-neujahrsempfang\/#primaryimage\"},\"thumbnailUrl\":\"\",\"datePublished\":\"2016-01-12T14:02:59+00:00\",\"breadcrumb\":{\"@id\":\"https:\/\/www.fanprojekt-muenster.de\/wordpress\/fans-feiern-gemeinsam-einen-ausgelassenen-neujahrsempfang\/#breadcrumb\"},\"inLanguage\":\"de\",\"potentialAction\":[{\"@type\":\"ReadAction\",\"target\":[\"https:\/\/www.fanprojekt-muenster.de\/wordpress\/fans-feiern-gemeinsam-einen-ausgelassenen-neujahrsempfang\/\"]}]},{\"@type\":\"ImageObject\",\"inLanguage\":\"de\",\"@id\":\"https:\/\/www.fanprojekt-muenster.de\/wordpress\/fans-feiern-gemeinsam-einen-ausgelassenen-neujahrsempfang\/#primaryimage\",\"url\":\"\",\"contentUrl\":\"\"},{\"@type\":\"BreadcrumbList\",\"@id\":\"https:\/\/www.fanprojekt-muenster.de\/wordpress\/fans-feiern-gemeinsam-einen-ausgelassenen-neujahrsempfang\/#breadcrumb\",\"itemListElement\":[{\"@type\":\"ListItem\",\"position\":1,\"name\":\"Startseite\",\"item\":\"https:\/\/www.fanprojekt-muenster.de\/wordpress\/\"},{\"@type\":\"ListItem\",\"position\":2,\"name\":\"Fans feiern gemeinsam einen ausgelassenen Neujahrsempfang\"}]},{\"@type\":\"WebSite\",\"@id\":\"https:\/\/www.fanprojekt-muenster.de\/wordpress\/#website\",\"url\":\"https:\/\/www.fanprojekt-muenster.de\/wordpress\/\",\"name\":\"Fangemeinschaft Preu\u00dfen M\u00fcnster e. V.\",\"description\":\"\",\"publisher\":{\"@id\":\"https:\/\/www.fanprojekt-muenster.de\/wordpress\/#organization\"},\"potentialAction\":[{\"@type\":\"SearchAction\",\"target\":{\"@type\":\"EntryPoint\",\"urlTemplate\":\"https:\/\/www.fanprojekt-muenster.de\/wordpress\/?s={search_term_string}\"},\"query-input\":{\"@type\":\"PropertyValueSpecification\",\"valueRequired\":true,\"valueName\":\"search_term_string\"}}],\"inLanguage\":\"de\"},{\"@type\":\"Organization\",\"@id\":\"https:\/\/www.fanprojekt-muenster.de\/wordpress\/#organization\",\"name\":\"Fangemeinschaft Preu\u00dfen M\u00fcnster e. V.\",\"url\":\"https:\/\/www.fanprojekt-muenster.de\/wordpress\/\",\"logo\":{\"@type\":\"ImageObject\",\"inLanguage\":\"de\",\"@id\":\"https:\/\/www.fanprojekt-muenster.de\/wordpress\/#\/schema\/logo\/image\/\",\"url\":\"https:\/\/www.fanprojekt-muenster.de\/wordpress\/wp-content\/uploads\/2019\/07\/cropped-Website_Logo3-9.png\",\"contentUrl\":\"https:\/\/www.fanprojekt-muenster.de\/wordpress\/wp-content\/uploads\/2019\/07\/cropped-Website_Logo3-9.png\",\"width\":224,\"height\":42,\"caption\":\"Fangemeinschaft Preu\u00dfen M\u00fcnster e. V.\"},\"image\":{\"@id\":\"https:\/\/www.fanprojekt-muenster.de\/wordpress\/#\/schema\/logo\/image\/\"}},{\"@type\":\"Person\",\"@id\":\"https:\/\/www.fanprojekt-muenster.de\/wordpress\/#\/schema\/person\/529d3ee920414da8907f25b585d57a4e\",\"name\":\"Florian\",\"url\":\"https:\/\/www.fanprojekt-muenster.de\/wordpress\/author\/flovoss\/\"}]}<\/script>\n<!-- \/ Yoast SEO plugin. -->","yoast_head_json":{"title":"Fans feiern gemeinsam einen ausgelassenen Neujahrsempfang - Fangemeinschaft Preu\u00dfen M\u00fcnster e. V.","robots":{"index":"index","follow":"follow","max-snippet":"max-snippet:-1","max-image-preview":"max-image-preview:large","max-video-preview":"max-video-preview:-1"},"canonical":"https:\/\/www.fanprojekt-muenster.de\/wordpress\/fans-feiern-gemeinsam-einen-ausgelassenen-neujahrsempfang\/","og_locale":"de_DE","og_type":"article","og_title":"Fans feiern gemeinsam einen ausgelassenen Neujahrsempfang - Fangemeinschaft Preu\u00dfen M\u00fcnster e. V.","og_description":"Ganz unterschiedliche Typen und Charaktere feiern allj\u00e4hrlich gemeinsam beim Neujahrsempfang des Fanprojekt Preu\u00dfen M\u00fcnster e.V., bei dem in diesem Jahr die Rekordsumme von 2100 Euro f\u00fcr einen guten Zweck gesammelt... Read more &raquo;","og_url":"https:\/\/www.fanprojekt-muenster.de\/wordpress\/fans-feiern-gemeinsam-einen-ausgelassenen-neujahrsempfang\/","og_site_name":"Fangemeinschaft Preu\u00dfen M\u00fcnster e. V.","article_published_time":"2016-01-12T14:02:59+00:00","author":"Florian","twitter_card":"summary_large_image","twitter_misc":{"Verfasst von":"Florian","Gesch\u00e4tzte Lesezeit":"2\u00a0Minuten"},"schema":{"@context":"https:\/\/schema.org","@graph":[{"@type":"Article","@id":"https:\/\/www.fanprojekt-muenster.de\/wordpress\/fans-feiern-gemeinsam-einen-ausgelassenen-neujahrsempfang\/#article","isPartOf":{"@id":"https:\/\/www.fanprojekt-muenster.de\/wordpress\/fans-feiern-gemeinsam-einen-ausgelassenen-neujahrsempfang\/"},"author":{"name":"Florian","@id":"https:\/\/www.fanprojekt-muenster.de\/wordpress\/#\/schema\/person\/529d3ee920414da8907f25b585d57a4e"},"headline":"Fans feiern gemeinsam einen ausgelassenen Neujahrsempfang","datePublished":"2016-01-12T14:02:59+00:00","mainEntityOfPage":{"@id":"https:\/\/www.fanprojekt-muenster.de\/wordpress\/fans-feiern-gemeinsam-einen-ausgelassenen-neujahrsempfang\/"},"wordCount":351,"publisher":{"@id":"https:\/\/www.fanprojekt-muenster.de\/wordpress\/#organization"},"image":{"@id":"https:\/\/www.fanprojekt-muenster.de\/wordpress\/fans-feiern-gemeinsam-einen-ausgelassenen-neujahrsempfang\/#primaryimage"},"thumbnailUrl":"","articleSection":["Aktuelles"],"inLanguage":"de"},{"@type":"WebPage","@id":"https:\/\/www.fanprojekt-muenster.de\/wordpress\/fans-feiern-gemeinsam-einen-ausgelassenen-neujahrsempfang\/","url":"https:\/\/www.fanprojekt-muenster.de\/wordpress\/fans-feiern-gemeinsam-einen-ausgelassenen-neujahrsempfang\/","name":"Fans feiern gemeinsam einen ausgelassenen Neujahrsempfang - Fangemeinschaft Preu\u00dfen M\u00fcnster e. V.","isPartOf":{"@id":"https:\/\/www.fanprojekt-muenster.de\/wordpress\/#website"},"primaryImageOfPage":{"@id":"https:\/\/www.fanprojekt-muenster.de\/wordpress\/fans-feiern-gemeinsam-einen-ausgelassenen-neujahrsempfang\/#primaryimage"},"image":{"@id":"https:\/\/www.fanprojekt-muenster.de\/wordpress\/fans-feiern-gemeinsam-einen-ausgelassenen-neujahrsempfang\/#primaryimage"},"thumbnailUrl":"","datePublished":"2016-01-12T14:02:59+00:00","breadcrumb":{"@id":"https:\/\/www.fanprojekt-muenster.de\/wordpress\/fans-feiern-gemeinsam-einen-ausgelassenen-neujahrsempfang\/#breadcrumb"},"inLanguage":"de","potentialAction":[{"@type":"ReadAction","target":["https:\/\/www.fanprojekt-muenster.de\/wordpress\/fans-feiern-gemeinsam-einen-ausgelassenen-neujahrsempfang\/"]}]},{"@type":"ImageObject","inLanguage":"de","@id":"https:\/\/www.fanprojekt-muenster.de\/wordpress\/fans-feiern-gemeinsam-einen-ausgelassenen-neujahrsempfang\/#primaryimage","url":"","contentUrl":""},{"@type":"BreadcrumbList","@id":"https:\/\/www.fanprojekt-muenster.de\/wordpress\/fans-feiern-gemeinsam-einen-ausgelassenen-neujahrsempfang\/#breadcrumb","itemListElement":[{"@type":"ListItem","position":1,"name":"Startseite","item":"https:\/\/www.fanprojekt-muenster.de\/wordpress\/"},{"@type":"ListItem","position":2,"name":"Fans feiern gemeinsam einen ausgelassenen Neujahrsempfang"}]},{"@type":"WebSite","@id":"https:\/\/www.fanprojekt-muenster.de\/wordpress\/#website","url":"https:\/\/www.fanprojekt-muenster.de\/wordpress\/","name":"Fangemeinschaft Preu\u00dfen M\u00fcnster e. V.","description":"","publisher":{"@id":"https:\/\/www.fanprojekt-muenster.de\/wordpress\/#organization"},"potentialAction":[{"@type":"SearchAction","target":{"@type":"EntryPoint","urlTemplate":"https:\/\/www.fanprojekt-muenster.de\/wordpress\/?s={search_term_string}"},"query-input":{"@type":"PropertyValueSpecification","valueRequired":true,"valueName":"search_term_string"}}],"inLanguage":"de"},{"@type":"Organization","@id":"https:\/\/www.fanprojekt-muenster.de\/wordpress\/#organization","name":"Fangemeinschaft Preu\u00dfen M\u00fcnster e. V.","url":"https:\/\/www.fanprojekt-muenster.de\/wordpress\/","logo":{"@type":"ImageObject","inLanguage":"de","@id":"https:\/\/www.fanprojekt-muenster.de\/wordpress\/#\/schema\/logo\/image\/","url":"https:\/\/www.fanprojekt-muenster.de\/wordpress\/wp-content\/uploads\/2019\/07\/cropped-Website_Logo3-9.png","contentUrl":"https:\/\/www.fanprojekt-muenster.de\/wordpress\/wp-content\/uploads\/2019\/07\/cropped-Website_Logo3-9.png","width":224,"height":42,"caption":"Fangemeinschaft Preu\u00dfen M\u00fcnster e. V."},"image":{"@id":"https:\/\/www.fanprojekt-muenster.de\/wordpress\/#\/schema\/logo\/image\/"}},{"@type":"Person","@id":"https:\/\/www.fanprojekt-muenster.de\/wordpress\/#\/schema\/person\/529d3ee920414da8907f25b585d57a4e","name":"Florian","url":"https:\/\/www.fanprojekt-muenster.de\/wordpress\/author\/flovoss\/"}]}},"author_meta":{"display_name":"Florian","author_link":"https:\/\/www.fanprojekt-muenster.de\/wordpress\/author\/flovoss\/"},"featured_img":null,"coauthors":[],"tax_additional":{"categories":{"linked":["<a href=\"https:\/\/www.fanprojekt-muenster.de\/wordpress\/category\/aktuelles\/\" class=\"advgb-post-tax-term\">Aktuelles<\/a>"],"unlinked":["<span class=\"advgb-post-tax-term\">Aktuelles<\/span>"]}},"comment_count":"0","relative_dates":{"created":"Posted 10\u00a0Jahren ago","modified":"Updated 10\u00a0Jahren ago"},"absolute_dates":{"created":"Posted on 12. Januar 2016","modified":"Updated on 12. Januar 2016"},"absolute_dates_time":{"created":"Posted on 12. Januar 2016 16:02","modified":"Updated on 12. Januar 2016 16:02"},"featured_img_caption":"","series_order":"","_links":{"self":[{"href":"https:\/\/www.fanprojekt-muenster.de\/wordpress\/wp-json\/wp\/v2\/posts\/5164","targetHints":{"allow":["GET"]}}],"collection":[{"href":"https:\/\/www.fanprojekt-muenster.de\/wordpress\/wp-json\/wp\/v2\/posts"}],"about":[{"href":"https:\/\/www.fanprojekt-muenster.de\/wordpress\/wp-json\/wp\/v2\/types\/post"}],"author":[{"embeddable":true,"href":"https:\/\/www.fanprojekt-muenster.de\/wordpress\/wp-json\/wp\/v2\/users\/5"}],"replies":[{"embeddable":true,"href":"https:\/\/www.fanprojekt-muenster.de\/wordpress\/wp-json\/wp\/v2\/comments?post=5164"}],"version-history":[{"count":0,"href":"https:\/\/www.fanprojekt-muenster.de\/wordpress\/wp-json\/wp\/v2\/posts\/5164\/revisions"}],"wp:featuredmedia":[{"embeddable":true,"href":"https:\/\/www.fanprojekt-muenster.de\/wordpress\/wp-json\/"}],"wp:attachment":[{"href":"https:\/\/www.fanprojekt-muenster.de\/wordpress\/wp-json\/wp\/v2\/media?parent=5164"}],"wp:term":[{"taxonomy":"category","embeddable":true,"href":"https:\/\/www.fanprojekt-muenster.de\/wordpress\/wp-json\/wp\/v2\/categories?post=5164"},{"taxonomy":"post_tag","embeddable":true,"href":"https:\/\/www.fanprojekt-muenster.de\/wordpress\/wp-json\/wp\/v2\/tags?post=5164"}],"curies":[{"name":"wp","href":"https:\/\/api.w.org\/{rel}","templated":true}]}}