{"id":5095,"date":"2015-12-18T16:56:08","date_gmt":"2015-12-18T14:56:08","guid":{"rendered":"http:\/\/www.fanprojekt-muenster.de\/wp\/?p=5095"},"modified":"2015-12-18T16:56:08","modified_gmt":"2015-12-18T14:56:08","slug":"vorverkauf-fuer-neujahrsempfang-am-samstag-fuer-alle-fans","status":"publish","type":"post","link":"https:\/\/www.fanprojekt-muenster.de\/wordpress\/vorverkauf-fuer-neujahrsempfang-am-samstag-fuer-alle-fans\/","title":{"rendered":"Vorverkauf f\u00fcr Neujahrsempfang am Samstag f\u00fcr alle Fans"},"content":{"rendered":"<p>Ab sofort k\u00f6nnen alle Preu\u00dfen-Fans Karten f\u00fcr den Neujahrsempfang in der Haupttrib\u00fcne des Preu\u00dfenstadions am 9. Januar 2016(19:06 Uhr) kaufen. Zu Gast sind auch ehemalige Spieler des Sportclubs. Am Samstag beim Heimspiel gegen Stuttgart II werden\u00a0die Karten im von der Hammer Stra\u00dfe gesehen ersten Kassenh\u00e4uschen zum Preis von 12 Euro (Mitglieder: 10 Euro) verkauft.<\/p>\n<p>Die Preu\u00dfen-Fans nutzen wie in den vergangenen Jahren die spielfreie Zeit zu einem gem\u00fctlichen Beisammensein mit z\u00fcnftigem Gr\u00fcnkohl-Essen, das auch f\u00fcr Vegetarier geeignet ist. Zu Gast sein werden einige ehemalige Preu\u00dfenspieler, die den Fans in den letzten Jahren viel Freude bereitet haben. Es kann also in alten Zeiten geschwelgt und die eine oder andere Anekdote ausgetauscht werden. Die aktuelle Mannschaft ist verhindert.\u00a0Und nat\u00fcrlich darf die seit Jahren beliebte Tombola nicht fehlen, deren Einnahmen an die Primus Schule M\u00fcnster, die inklusive Modellschule in Nachbarschaft des Preu\u00dfenstadions, gespendet werden.<\/p>\n<p>Sollte es eine Abendkasse geben, w\u00fcrden diese Tickets einheitlich 15 Euro kosten. Alle Karten beinhalten den Eintritt sowie das Gr\u00fcnkohlessen.<\/p>\n","protected":false},"excerpt":{"rendered":"<p>Ab sofort k\u00f6nnen alle Preu\u00dfen-Fans Karten f\u00fcr den Neujahrsempfang in der Haupttrib\u00fcne des Preu\u00dfenstadions am 9. Januar 2016(19:06 Uhr) kaufen. Zu Gast sind auch ehemalige Spieler des Sportclubs. Am Samstag&#8230; <a class=\"read-more-link\" href=\"https:\/\/www.fanprojekt-muenster.de\/wordpress\/vorverkauf-fuer-neujahrsempfang-am-samstag-fuer-alle-fans\/\">Read more &raquo;<\/a><\/p>\n","protected":false},"author":5,"featured_media":5083,"comment_status":"closed","ping_status":"closed","sticky":false,"template":"","format":"standard","meta":{"advgb_blocks_editor_width":"","advgb_blocks_columns_visual_guide":"","footnotes":""},"categories":[2,3,16],"tags":[115,187,266],"class_list":["post-5095","post","type-post","status-publish","format-standard","has-post-thumbnail","hentry","category-aktionen","category-aktuelles","category-veranstaltungen","tag-fans","tag-neujahrsempfang","tag-tribuene"],"featured_image_src":null,"author_info":{"display_name":"Florian","author_link":"https:\/\/www.fanprojekt-muenster.de\/wordpress\/author\/flovoss\/"},"yoast_head":"<!-- This site is optimized with the Yoast SEO plugin v27.2 - https:\/\/yoast.com\/product\/yoast-seo-wordpress\/ -->\n<title>Vorverkauf f\u00fcr Neujahrsempfang am Samstag f\u00fcr alle Fans - Fangemeinschaft Preu\u00dfen M\u00fcnster e. V.<\/title>\n<meta name=\"robots\" content=\"index, follow, max-snippet:-1, max-image-preview:large, max-video-preview:-1\" \/>\n<link rel=\"canonical\" href=\"https:\/\/www.fanprojekt-muenster.de\/wordpress\/vorverkauf-fuer-neujahrsempfang-am-samstag-fuer-alle-fans\/\" \/>\n<meta property=\"og:locale\" content=\"de_DE\" \/>\n<meta property=\"og:type\" content=\"article\" \/>\n<meta property=\"og:title\" content=\"Vorverkauf f\u00fcr Neujahrsempfang am Samstag f\u00fcr alle Fans - Fangemeinschaft Preu\u00dfen M\u00fcnster e. V.\" \/>\n<meta property=\"og:description\" content=\"Ab sofort k\u00f6nnen alle Preu\u00dfen-Fans Karten f\u00fcr den Neujahrsempfang in der Haupttrib\u00fcne des Preu\u00dfenstadions am 9. Januar 2016(19:06 Uhr) kaufen. Zu Gast sind auch ehemalige Spieler des Sportclubs. Am Samstag... Read more &raquo;\" \/>\n<meta property=\"og:url\" content=\"https:\/\/www.fanprojekt-muenster.de\/wordpress\/vorverkauf-fuer-neujahrsempfang-am-samstag-fuer-alle-fans\/\" \/>\n<meta property=\"og:site_name\" content=\"Fangemeinschaft Preu\u00dfen M\u00fcnster e. V.\" \/>\n<meta property=\"article:published_time\" content=\"2015-12-18T14:56:08+00:00\" \/>\n<meta name=\"author\" content=\"Florian\" \/>\n<meta name=\"twitter:card\" content=\"summary_large_image\" \/>\n<meta name=\"twitter:label1\" content=\"Verfasst von\" \/>\n\t<meta name=\"twitter:data1\" content=\"Florian\" \/>\n\t<meta name=\"twitter:label2\" content=\"Gesch\u00e4tzte Lesezeit\" \/>\n\t<meta name=\"twitter:data2\" content=\"1\u00a0Minute\" \/>\n<script type=\"application\/ld+json\" class=\"yoast-schema-graph\">{\"@context\":\"https:\/\/schema.org\",\"@graph\":[{\"@type\":\"Article\",\"@id\":\"https:\/\/www.fanprojekt-muenster.de\/wordpress\/vorverkauf-fuer-neujahrsempfang-am-samstag-fuer-alle-fans\/#article\",\"isPartOf\":{\"@id\":\"https:\/\/www.fanprojekt-muenster.de\/wordpress\/vorverkauf-fuer-neujahrsempfang-am-samstag-fuer-alle-fans\/\"},\"author\":{\"name\":\"Florian\",\"@id\":\"https:\/\/www.fanprojekt-muenster.de\/wordpress\/#\/schema\/person\/529d3ee920414da8907f25b585d57a4e\"},\"headline\":\"Vorverkauf f\u00fcr Neujahrsempfang am Samstag f\u00fcr alle Fans\",\"datePublished\":\"2015-12-18T14:56:08+00:00\",\"mainEntityOfPage\":{\"@id\":\"https:\/\/www.fanprojekt-muenster.de\/wordpress\/vorverkauf-fuer-neujahrsempfang-am-samstag-fuer-alle-fans\/\"},\"wordCount\":186,\"publisher\":{\"@id\":\"https:\/\/www.fanprojekt-muenster.de\/wordpress\/#organization\"},\"image\":{\"@id\":\"https:\/\/www.fanprojekt-muenster.de\/wordpress\/vorverkauf-fuer-neujahrsempfang-am-samstag-fuer-alle-fans\/#primaryimage\"},\"thumbnailUrl\":\"\",\"keywords\":[\"Fans\",\"Neujahrsempfang\",\"Trib\u00fcne\"],\"articleSection\":[\"Aktionen\",\"Aktuelles\",\"Veranstaltungen\"],\"inLanguage\":\"de\"},{\"@type\":\"WebPage\",\"@id\":\"https:\/\/www.fanprojekt-muenster.de\/wordpress\/vorverkauf-fuer-neujahrsempfang-am-samstag-fuer-alle-fans\/\",\"url\":\"https:\/\/www.fanprojekt-muenster.de\/wordpress\/vorverkauf-fuer-neujahrsempfang-am-samstag-fuer-alle-fans\/\",\"name\":\"Vorverkauf f\u00fcr Neujahrsempfang am Samstag f\u00fcr alle Fans - Fangemeinschaft Preu\u00dfen M\u00fcnster e. V.\",\"isPartOf\":{\"@id\":\"https:\/\/www.fanprojekt-muenster.de\/wordpress\/#website\"},\"primaryImageOfPage\":{\"@id\":\"https:\/\/www.fanprojekt-muenster.de\/wordpress\/vorverkauf-fuer-neujahrsempfang-am-samstag-fuer-alle-fans\/#primaryimage\"},\"image\":{\"@id\":\"https:\/\/www.fanprojekt-muenster.de\/wordpress\/vorverkauf-fuer-neujahrsempfang-am-samstag-fuer-alle-fans\/#primaryimage\"},\"thumbnailUrl\":\"\",\"datePublished\":\"2015-12-18T14:56:08+00:00\",\"breadcrumb\":{\"@id\":\"https:\/\/www.fanprojekt-muenster.de\/wordpress\/vorverkauf-fuer-neujahrsempfang-am-samstag-fuer-alle-fans\/#breadcrumb\"},\"inLanguage\":\"de\",\"potentialAction\":[{\"@type\":\"ReadAction\",\"target\":[\"https:\/\/www.fanprojekt-muenster.de\/wordpress\/vorverkauf-fuer-neujahrsempfang-am-samstag-fuer-alle-fans\/\"]}]},{\"@type\":\"ImageObject\",\"inLanguage\":\"de\",\"@id\":\"https:\/\/www.fanprojekt-muenster.de\/wordpress\/vorverkauf-fuer-neujahrsempfang-am-samstag-fuer-alle-fans\/#primaryimage\",\"url\":\"\",\"contentUrl\":\"\"},{\"@type\":\"BreadcrumbList\",\"@id\":\"https:\/\/www.fanprojekt-muenster.de\/wordpress\/vorverkauf-fuer-neujahrsempfang-am-samstag-fuer-alle-fans\/#breadcrumb\",\"itemListElement\":[{\"@type\":\"ListItem\",\"position\":1,\"name\":\"Startseite\",\"item\":\"https:\/\/www.fanprojekt-muenster.de\/wordpress\/\"},{\"@type\":\"ListItem\",\"position\":2,\"name\":\"Vorverkauf f\u00fcr Neujahrsempfang am Samstag f\u00fcr alle Fans\"}]},{\"@type\":\"WebSite\",\"@id\":\"https:\/\/www.fanprojekt-muenster.de\/wordpress\/#website\",\"url\":\"https:\/\/www.fanprojekt-muenster.de\/wordpress\/\",\"name\":\"Fangemeinschaft Preu\u00dfen M\u00fcnster e. V.\",\"description\":\"\",\"publisher\":{\"@id\":\"https:\/\/www.fanprojekt-muenster.de\/wordpress\/#organization\"},\"potentialAction\":[{\"@type\":\"SearchAction\",\"target\":{\"@type\":\"EntryPoint\",\"urlTemplate\":\"https:\/\/www.fanprojekt-muenster.de\/wordpress\/?s={search_term_string}\"},\"query-input\":{\"@type\":\"PropertyValueSpecification\",\"valueRequired\":true,\"valueName\":\"search_term_string\"}}],\"inLanguage\":\"de\"},{\"@type\":\"Organization\",\"@id\":\"https:\/\/www.fanprojekt-muenster.de\/wordpress\/#organization\",\"name\":\"Fangemeinschaft Preu\u00dfen M\u00fcnster e. V.\",\"url\":\"https:\/\/www.fanprojekt-muenster.de\/wordpress\/\",\"logo\":{\"@type\":\"ImageObject\",\"inLanguage\":\"de\",\"@id\":\"https:\/\/www.fanprojekt-muenster.de\/wordpress\/#\/schema\/logo\/image\/\",\"url\":\"https:\/\/www.fanprojekt-muenster.de\/wordpress\/wp-content\/uploads\/2019\/07\/cropped-Website_Logo3-9.png\",\"contentUrl\":\"https:\/\/www.fanprojekt-muenster.de\/wordpress\/wp-content\/uploads\/2019\/07\/cropped-Website_Logo3-9.png\",\"width\":224,\"height\":42,\"caption\":\"Fangemeinschaft Preu\u00dfen M\u00fcnster e. V.\"},\"image\":{\"@id\":\"https:\/\/www.fanprojekt-muenster.de\/wordpress\/#\/schema\/logo\/image\/\"}},{\"@type\":\"Person\",\"@id\":\"https:\/\/www.fanprojekt-muenster.de\/wordpress\/#\/schema\/person\/529d3ee920414da8907f25b585d57a4e\",\"name\":\"Florian\",\"url\":\"https:\/\/www.fanprojekt-muenster.de\/wordpress\/author\/flovoss\/\"}]}<\/script>\n<!-- \/ Yoast SEO plugin. -->","yoast_head_json":{"title":"Vorverkauf f\u00fcr Neujahrsempfang am Samstag f\u00fcr alle Fans - Fangemeinschaft Preu\u00dfen M\u00fcnster e. V.","robots":{"index":"index","follow":"follow","max-snippet":"max-snippet:-1","max-image-preview":"max-image-preview:large","max-video-preview":"max-video-preview:-1"},"canonical":"https:\/\/www.fanprojekt-muenster.de\/wordpress\/vorverkauf-fuer-neujahrsempfang-am-samstag-fuer-alle-fans\/","og_locale":"de_DE","og_type":"article","og_title":"Vorverkauf f\u00fcr Neujahrsempfang am Samstag f\u00fcr alle Fans - Fangemeinschaft Preu\u00dfen M\u00fcnster e. V.","og_description":"Ab sofort k\u00f6nnen alle Preu\u00dfen-Fans Karten f\u00fcr den Neujahrsempfang in der Haupttrib\u00fcne des Preu\u00dfenstadions am 9. Januar 2016(19:06 Uhr) kaufen. Zu Gast sind auch ehemalige Spieler des Sportclubs. Am Samstag... Read more &raquo;","og_url":"https:\/\/www.fanprojekt-muenster.de\/wordpress\/vorverkauf-fuer-neujahrsempfang-am-samstag-fuer-alle-fans\/","og_site_name":"Fangemeinschaft Preu\u00dfen M\u00fcnster e. V.","article_published_time":"2015-12-18T14:56:08+00:00","author":"Florian","twitter_card":"summary_large_image","twitter_misc":{"Verfasst von":"Florian","Gesch\u00e4tzte Lesezeit":"1\u00a0Minute"},"schema":{"@context":"https:\/\/schema.org","@graph":[{"@type":"Article","@id":"https:\/\/www.fanprojekt-muenster.de\/wordpress\/vorverkauf-fuer-neujahrsempfang-am-samstag-fuer-alle-fans\/#article","isPartOf":{"@id":"https:\/\/www.fanprojekt-muenster.de\/wordpress\/vorverkauf-fuer-neujahrsempfang-am-samstag-fuer-alle-fans\/"},"author":{"name":"Florian","@id":"https:\/\/www.fanprojekt-muenster.de\/wordpress\/#\/schema\/person\/529d3ee920414da8907f25b585d57a4e"},"headline":"Vorverkauf f\u00fcr Neujahrsempfang am Samstag f\u00fcr alle Fans","datePublished":"2015-12-18T14:56:08+00:00","mainEntityOfPage":{"@id":"https:\/\/www.fanprojekt-muenster.de\/wordpress\/vorverkauf-fuer-neujahrsempfang-am-samstag-fuer-alle-fans\/"},"wordCount":186,"publisher":{"@id":"https:\/\/www.fanprojekt-muenster.de\/wordpress\/#organization"},"image":{"@id":"https:\/\/www.fanprojekt-muenster.de\/wordpress\/vorverkauf-fuer-neujahrsempfang-am-samstag-fuer-alle-fans\/#primaryimage"},"thumbnailUrl":"","keywords":["Fans","Neujahrsempfang","Trib\u00fcne"],"articleSection":["Aktionen","Aktuelles","Veranstaltungen"],"inLanguage":"de"},{"@type":"WebPage","@id":"https:\/\/www.fanprojekt-muenster.de\/wordpress\/vorverkauf-fuer-neujahrsempfang-am-samstag-fuer-alle-fans\/","url":"https:\/\/www.fanprojekt-muenster.de\/wordpress\/vorverkauf-fuer-neujahrsempfang-am-samstag-fuer-alle-fans\/","name":"Vorverkauf f\u00fcr Neujahrsempfang am Samstag f\u00fcr alle Fans - Fangemeinschaft Preu\u00dfen M\u00fcnster e. V.","isPartOf":{"@id":"https:\/\/www.fanprojekt-muenster.de\/wordpress\/#website"},"primaryImageOfPage":{"@id":"https:\/\/www.fanprojekt-muenster.de\/wordpress\/vorverkauf-fuer-neujahrsempfang-am-samstag-fuer-alle-fans\/#primaryimage"},"image":{"@id":"https:\/\/www.fanprojekt-muenster.de\/wordpress\/vorverkauf-fuer-neujahrsempfang-am-samstag-fuer-alle-fans\/#primaryimage"},"thumbnailUrl":"","datePublished":"2015-12-18T14:56:08+00:00","breadcrumb":{"@id":"https:\/\/www.fanprojekt-muenster.de\/wordpress\/vorverkauf-fuer-neujahrsempfang-am-samstag-fuer-alle-fans\/#breadcrumb"},"inLanguage":"de","potentialAction":[{"@type":"ReadAction","target":["https:\/\/www.fanprojekt-muenster.de\/wordpress\/vorverkauf-fuer-neujahrsempfang-am-samstag-fuer-alle-fans\/"]}]},{"@type":"ImageObject","inLanguage":"de","@id":"https:\/\/www.fanprojekt-muenster.de\/wordpress\/vorverkauf-fuer-neujahrsempfang-am-samstag-fuer-alle-fans\/#primaryimage","url":"","contentUrl":""},{"@type":"BreadcrumbList","@id":"https:\/\/www.fanprojekt-muenster.de\/wordpress\/vorverkauf-fuer-neujahrsempfang-am-samstag-fuer-alle-fans\/#breadcrumb","itemListElement":[{"@type":"ListItem","position":1,"name":"Startseite","item":"https:\/\/www.fanprojekt-muenster.de\/wordpress\/"},{"@type":"ListItem","position":2,"name":"Vorverkauf f\u00fcr Neujahrsempfang am Samstag f\u00fcr alle Fans"}]},{"@type":"WebSite","@id":"https:\/\/www.fanprojekt-muenster.de\/wordpress\/#website","url":"https:\/\/www.fanprojekt-muenster.de\/wordpress\/","name":"Fangemeinschaft Preu\u00dfen M\u00fcnster e. V.","description":"","publisher":{"@id":"https:\/\/www.fanprojekt-muenster.de\/wordpress\/#organization"},"potentialAction":[{"@type":"SearchAction","target":{"@type":"EntryPoint","urlTemplate":"https:\/\/www.fanprojekt-muenster.de\/wordpress\/?s={search_term_string}"},"query-input":{"@type":"PropertyValueSpecification","valueRequired":true,"valueName":"search_term_string"}}],"inLanguage":"de"},{"@type":"Organization","@id":"https:\/\/www.fanprojekt-muenster.de\/wordpress\/#organization","name":"Fangemeinschaft Preu\u00dfen M\u00fcnster e. V.","url":"https:\/\/www.fanprojekt-muenster.de\/wordpress\/","logo":{"@type":"ImageObject","inLanguage":"de","@id":"https:\/\/www.fanprojekt-muenster.de\/wordpress\/#\/schema\/logo\/image\/","url":"https:\/\/www.fanprojekt-muenster.de\/wordpress\/wp-content\/uploads\/2019\/07\/cropped-Website_Logo3-9.png","contentUrl":"https:\/\/www.fanprojekt-muenster.de\/wordpress\/wp-content\/uploads\/2019\/07\/cropped-Website_Logo3-9.png","width":224,"height":42,"caption":"Fangemeinschaft Preu\u00dfen M\u00fcnster e. V."},"image":{"@id":"https:\/\/www.fanprojekt-muenster.de\/wordpress\/#\/schema\/logo\/image\/"}},{"@type":"Person","@id":"https:\/\/www.fanprojekt-muenster.de\/wordpress\/#\/schema\/person\/529d3ee920414da8907f25b585d57a4e","name":"Florian","url":"https:\/\/www.fanprojekt-muenster.de\/wordpress\/author\/flovoss\/"}]}},"author_meta":{"display_name":"Florian","author_link":"https:\/\/www.fanprojekt-muenster.de\/wordpress\/author\/flovoss\/"},"featured_img":null,"coauthors":[],"tax_additional":{"categories":{"linked":["<a href=\"https:\/\/www.fanprojekt-muenster.de\/wordpress\/category\/aktionen\/\" class=\"advgb-post-tax-term\">Aktionen<\/a>","<a href=\"https:\/\/www.fanprojekt-muenster.de\/wordpress\/category\/aktuelles\/\" class=\"advgb-post-tax-term\">Aktuelles<\/a>","<a href=\"https:\/\/www.fanprojekt-muenster.de\/wordpress\/category\/veranstaltungen\/\" class=\"advgb-post-tax-term\">Veranstaltungen<\/a>"],"unlinked":["<span class=\"advgb-post-tax-term\">Aktionen<\/span>","<span class=\"advgb-post-tax-term\">Aktuelles<\/span>","<span class=\"advgb-post-tax-term\">Veranstaltungen<\/span>"]},"tags":{"linked":["<a href=\"https:\/\/www.fanprojekt-muenster.de\/wordpress\/category\/veranstaltungen\/\" class=\"advgb-post-tax-term\">Fans<\/a>","<a href=\"https:\/\/www.fanprojekt-muenster.de\/wordpress\/category\/veranstaltungen\/\" class=\"advgb-post-tax-term\">Neujahrsempfang<\/a>","<a href=\"https:\/\/www.fanprojekt-muenster.de\/wordpress\/category\/veranstaltungen\/\" class=\"advgb-post-tax-term\">Trib\u00fcne<\/a>"],"unlinked":["<span class=\"advgb-post-tax-term\">Fans<\/span>","<span class=\"advgb-post-tax-term\">Neujahrsempfang<\/span>","<span class=\"advgb-post-tax-term\">Trib\u00fcne<\/span>"]}},"comment_count":"0","relative_dates":{"created":"Posted 10\u00a0Jahren ago","modified":"Updated 10\u00a0Jahren ago"},"absolute_dates":{"created":"Posted on 18. Dezember 2015","modified":"Updated on 18. Dezember 2015"},"absolute_dates_time":{"created":"Posted on 18. Dezember 2015 16:56","modified":"Updated on 18. Dezember 2015 16:56"},"featured_img_caption":"","series_order":"","_links":{"self":[{"href":"https:\/\/www.fanprojekt-muenster.de\/wordpress\/wp-json\/wp\/v2\/posts\/5095","targetHints":{"allow":["GET"]}}],"collection":[{"href":"https:\/\/www.fanprojekt-muenster.de\/wordpress\/wp-json\/wp\/v2\/posts"}],"about":[{"href":"https:\/\/www.fanprojekt-muenster.de\/wordpress\/wp-json\/wp\/v2\/types\/post"}],"author":[{"embeddable":true,"href":"https:\/\/www.fanprojekt-muenster.de\/wordpress\/wp-json\/wp\/v2\/users\/5"}],"replies":[{"embeddable":true,"href":"https:\/\/www.fanprojekt-muenster.de\/wordpress\/wp-json\/wp\/v2\/comments?post=5095"}],"version-history":[{"count":0,"href":"https:\/\/www.fanprojekt-muenster.de\/wordpress\/wp-json\/wp\/v2\/posts\/5095\/revisions"}],"wp:featuredmedia":[{"embeddable":true,"href":"https:\/\/www.fanprojekt-muenster.de\/wordpress\/wp-json\/"}],"wp:attachment":[{"href":"https:\/\/www.fanprojekt-muenster.de\/wordpress\/wp-json\/wp\/v2\/media?parent=5095"}],"wp:term":[{"taxonomy":"category","embeddable":true,"href":"https:\/\/www.fanprojekt-muenster.de\/wordpress\/wp-json\/wp\/v2\/categories?post=5095"},{"taxonomy":"post_tag","embeddable":true,"href":"https:\/\/www.fanprojekt-muenster.de\/wordpress\/wp-json\/wp\/v2\/tags?post=5095"}],"curies":[{"name":"wp","href":"https:\/\/api.w.org\/{rel}","templated":true}]}}