{"id":5088,"date":"2015-11-24T13:58:20","date_gmt":"2015-11-24T11:58:20","guid":{"rendered":"http:\/\/www.fanprojekt-muenster.de\/wp\/?p=5088"},"modified":"2015-11-24T13:58:20","modified_gmt":"2015-11-24T11:58:20","slug":"unzufriedenheit-herrscht-bei-den-preussen-fans","status":"publish","type":"post","link":"https:\/\/www.fanprojekt-muenster.de\/wordpress\/unzufriedenheit-herrscht-bei-den-preussen-fans\/","title":{"rendered":"Unzufriedenheit herrscht bei den Preu\u00dfen-Fans"},"content":{"rendered":"<p>Zwei Wochen vor der Jahreshauptversammlung des SC Preu\u00dfen 06 e.V. M\u00fcnster weist das Fanprojekt Preu\u00dfen M\u00fcnster e.V. auf die angespannte Situation rund um die Anh\u00e4nger des Traditionsvereins hin. \u201eAus allen Teilen des Stadions wird trotz des sportlich erfolgreichen Saisonverlaufs eine Unzufriedenheit an uns herangetragen\u201c, erkl\u00e4rt Fanprojekt-Vorsitzender Benny Sicking, dass nicht nur die Besucher der aktuell gesperrten Bl\u00f6cke von der Fanarbeit des SCP entt\u00e4uscht sind.<\/p>\n<p>Im Gespr\u00e4ch mit dem Vorstand des Hauptvereins stellte das Fanprojekt daher nun konkrete Fragen dazu, wie sich dieser eine Zukunft der Fankultur im Preu\u00dfenstadion vorstellt. Das Fanprojekt erhofft sich so, dass sich das Pr\u00e4sidium zuk\u00fcnftig klar positioniert. Von Seiten der Polizei und des DFB werden immer gr\u00f6\u00dfere anlasslose und kollektive Repressionen gegen die Fans aufgefahren. So wurde den Anh\u00e4ngern des SCP eine Anreise nach Osnabr\u00fcck nur unter nicht annehmbaren Auflagen gestattet und anschlie\u00dfend grundlos ein Alkoholverbot im Preu\u00dfenstadion durchgesetzt. Der Vereinsvorstand verh\u00e4lt sich nach Ansicht des Fanprojekts in diesen Streitfragen nicht sichtbar loyal zu seinen Anh\u00e4ngern und kritisiert die ungerechtfertigten Drangsalierungen maximal in pers\u00f6nlichen Gespr\u00e4chen. Florian Vo\u00df, Vorstand \u00d6ffentlichkeitsarbeit des Fanprojekts, erl\u00e4utert: \u201eWir w\u00fcnschen uns, dass das SCP-Pr\u00e4sidium sich auch \u00f6ffentlich st\u00e4rker auf die Seite der Fans stellt. Interne Absprachen sind wichtig, aber die Unterst\u00fctzer erwarten in der \u00d6ffentlichkeit mehr Zustimmung zu Fanthemen.\u201c Durch die ausbleibende Darstellung der Sicht der Anh\u00e4nger f\u00fchlen sich viele von ihnen in eine Ecke gedr\u00e4ngt und nicht repr\u00e4sentiert.<\/p>\n<p>Der Fanprojekt-Vorsitzende Sicking f\u00fcgt hinzu: \u201eDFB und Polizei versuchen Fanszenen durch ungerechtfertigte Kollektivstrafen zu spalten und mit seiner starken Zur\u00fcckhaltung f\u00f6rdert der SCP-Vorstand dies.\u201c Unter anderem mit einer vom SC Preu\u00dfen selbst verh\u00e4ngten Blocksperre sorgte dieser zuletzt f\u00fcr gro\u00dfes Unverst\u00e4ndnis bei den Unterst\u00fctzern, weshalb Benny Sicking klar stellt: \u201eKollektive Strafen gegen ganze Stadionbereiche sind grunds\u00e4tzlich abzulehnen und offensichtlich ungerecht. In einem Rechtsstaat darf so eine Form der Bestrafung nie ein Mittel sein. Die Vereinsvertreter selber sollten an unserer Seite gegen solche unfairen Strafen vorgehen, statt sie von sich aus zu verh\u00e4ngen.\u201c Diese engagieren sich im Hintergrund zwar immer wieder auch f\u00fcr Fanbelange, setzen mit solchen Ma\u00dfnahmen aber ein klar gegenteiliges Zeichen und stellen sich zahlreichen Stadionbesuchern entgegen.<\/p>\n<p>Ein Kritikpunkt bei weiten Teilen der Anh\u00e4nger ist die Art und Weise, mit der das Pr\u00e4sidium auf diese zugeht. Bei vielen Fans hat sich der Eindruck gefestigt, dass nur in unruhigen Zeiten versucht wird, Kontakt aufzunehmen, es aber zum Beispiel kein regelm\u00e4\u00dfiges Angebot wie einen Fanstammtisch gibt. So f\u00fchlen sich ausdr\u00fccklich nicht nur Ultras von der Vereinsspitze aktuell nicht mitgenommen. Daher w\u00fcnscht sich Benny Sicking: \u201eWir Fans d\u00fcrfen vom Verein nicht mehr das Gef\u00fchl bekommen, als Problem betrachtet zu werden. Die Fanarbeit des Vereins selber muss kontinuierlicher gestaltet werden und das geht nicht unbedingt umsonst.\u201c Die angespannte Situation h\u00e4tte nach Ansicht des Fanprojekts durch eine besser aufgestellte Fanabteilung des Vereins vermieden werden k\u00f6nnen. Das FP ist die Interessenvertretung der Fans und f\u00f6rdert auch den Dialog unter den Fans, zum Beispiel zwischen aktiven Fangruppen und unorganisierten Anh\u00e4ngern. Die eigentliche Fanarbeit des SC Preu\u00dfen soll zum Beispiel von ehrenamtlichen Fanbeauftragten geleistet werden. Hier w\u00fcnscht sich das Fanprojekt, dass diese im Verein wahrgenommen werden und auch zus\u00e4tzlich finanzielle L\u00f6sungen diskutiert werden.<\/p>\n<p>In pers\u00f6nlichen Gespr\u00e4chen und einem \u00f6ffentlichen Treffen hat das Fanprojekt zuletzt verst\u00e4rkt Eindr\u00fccke und Meinungen gesammelt. Diese wurden vor der Ver\u00f6ffentlichung zuerst dem Vereinspr\u00e4sidium kommuniziert. \u201eWir sprechen in respektvoller Atmosph\u00e4re miteinander und sch\u00e4tzen den zeitlichen Einsatz der Vereinsf\u00fchrung\u201c, betont Vo\u00df. Und Sicking schlie\u00dft sich an: \u201eNur durch eine offene Kommunikation l\u00e4sst sich eine Verbesserung herbeif\u00fchren. Unsere Erwartungen haben wir allerdings klar gestellt.\u201c<\/p>\n","protected":false},"excerpt":{"rendered":"<p>Zwei Wochen vor der Jahreshauptversammlung des SC Preu\u00dfen 06 e.V. M\u00fcnster weist das Fanprojekt Preu\u00dfen M\u00fcnster e.V. auf die angespannte Situation rund um die Anh\u00e4nger des Traditionsvereins hin. \u201eAus allen&#8230; <a class=\"read-more-link\" href=\"https:\/\/www.fanprojekt-muenster.de\/wordpress\/unzufriedenheit-herrscht-bei-den-preussen-fans\/\">Read more &raquo;<\/a><\/p>\n","protected":false},"author":5,"featured_media":4768,"comment_status":"closed","ping_status":"closed","sticky":false,"template":"","format":"standard","meta":{"advgb_blocks_editor_width":"","advgb_blocks_columns_visual_guide":"","footnotes":""},"categories":[3],"tags":[110],"class_list":["post-5088","post","type-post","status-publish","format-standard","has-post-thumbnail","hentry","category-aktuelles","tag-fanpolitik"],"featured_image_src":null,"author_info":{"display_name":"Florian","author_link":"https:\/\/www.fanprojekt-muenster.de\/wordpress\/author\/flovoss\/"},"yoast_head":"<!-- This site is optimized with the Yoast SEO plugin v27.2 - https:\/\/yoast.com\/product\/yoast-seo-wordpress\/ -->\n<title>Unzufriedenheit herrscht bei den Preu\u00dfen-Fans - Fangemeinschaft Preu\u00dfen M\u00fcnster e. V.<\/title>\n<meta name=\"robots\" content=\"index, follow, max-snippet:-1, max-image-preview:large, max-video-preview:-1\" \/>\n<link rel=\"canonical\" href=\"https:\/\/www.fanprojekt-muenster.de\/wordpress\/unzufriedenheit-herrscht-bei-den-preussen-fans\/\" \/>\n<meta property=\"og:locale\" content=\"de_DE\" \/>\n<meta property=\"og:type\" content=\"article\" \/>\n<meta property=\"og:title\" content=\"Unzufriedenheit herrscht bei den Preu\u00dfen-Fans - Fangemeinschaft Preu\u00dfen M\u00fcnster e. V.\" \/>\n<meta property=\"og:description\" content=\"Zwei Wochen vor der Jahreshauptversammlung des SC Preu\u00dfen 06 e.V. M\u00fcnster weist das Fanprojekt Preu\u00dfen M\u00fcnster e.V. auf die angespannte Situation rund um die Anh\u00e4nger des Traditionsvereins hin. \u201eAus allen... Read more &raquo;\" \/>\n<meta property=\"og:url\" content=\"https:\/\/www.fanprojekt-muenster.de\/wordpress\/unzufriedenheit-herrscht-bei-den-preussen-fans\/\" \/>\n<meta property=\"og:site_name\" content=\"Fangemeinschaft Preu\u00dfen M\u00fcnster e. V.\" \/>\n<meta property=\"article:published_time\" content=\"2015-11-24T11:58:20+00:00\" \/>\n<meta name=\"author\" content=\"Florian\" \/>\n<meta name=\"twitter:card\" content=\"summary_large_image\" \/>\n<meta name=\"twitter:label1\" content=\"Verfasst von\" \/>\n\t<meta name=\"twitter:data1\" content=\"Florian\" \/>\n\t<meta name=\"twitter:label2\" content=\"Gesch\u00e4tzte Lesezeit\" \/>\n\t<meta name=\"twitter:data2\" content=\"3\u00a0Minuten\" \/>\n<script type=\"application\/ld+json\" class=\"yoast-schema-graph\">{\"@context\":\"https:\/\/schema.org\",\"@graph\":[{\"@type\":\"Article\",\"@id\":\"https:\/\/www.fanprojekt-muenster.de\/wordpress\/unzufriedenheit-herrscht-bei-den-preussen-fans\/#article\",\"isPartOf\":{\"@id\":\"https:\/\/www.fanprojekt-muenster.de\/wordpress\/unzufriedenheit-herrscht-bei-den-preussen-fans\/\"},\"author\":{\"name\":\"Florian\",\"@id\":\"https:\/\/www.fanprojekt-muenster.de\/wordpress\/#\/schema\/person\/529d3ee920414da8907f25b585d57a4e\"},\"headline\":\"Unzufriedenheit herrscht bei den Preu\u00dfen-Fans\",\"datePublished\":\"2015-11-24T11:58:20+00:00\",\"mainEntityOfPage\":{\"@id\":\"https:\/\/www.fanprojekt-muenster.de\/wordpress\/unzufriedenheit-herrscht-bei-den-preussen-fans\/\"},\"wordCount\":652,\"publisher\":{\"@id\":\"https:\/\/www.fanprojekt-muenster.de\/wordpress\/#organization\"},\"image\":{\"@id\":\"https:\/\/www.fanprojekt-muenster.de\/wordpress\/unzufriedenheit-herrscht-bei-den-preussen-fans\/#primaryimage\"},\"thumbnailUrl\":\"\",\"keywords\":[\"Fanpolitik\"],\"articleSection\":[\"Aktuelles\"],\"inLanguage\":\"de\"},{\"@type\":\"WebPage\",\"@id\":\"https:\/\/www.fanprojekt-muenster.de\/wordpress\/unzufriedenheit-herrscht-bei-den-preussen-fans\/\",\"url\":\"https:\/\/www.fanprojekt-muenster.de\/wordpress\/unzufriedenheit-herrscht-bei-den-preussen-fans\/\",\"name\":\"Unzufriedenheit herrscht bei den Preu\u00dfen-Fans - Fangemeinschaft Preu\u00dfen M\u00fcnster e. V.\",\"isPartOf\":{\"@id\":\"https:\/\/www.fanprojekt-muenster.de\/wordpress\/#website\"},\"primaryImageOfPage\":{\"@id\":\"https:\/\/www.fanprojekt-muenster.de\/wordpress\/unzufriedenheit-herrscht-bei-den-preussen-fans\/#primaryimage\"},\"image\":{\"@id\":\"https:\/\/www.fanprojekt-muenster.de\/wordpress\/unzufriedenheit-herrscht-bei-den-preussen-fans\/#primaryimage\"},\"thumbnailUrl\":\"\",\"datePublished\":\"2015-11-24T11:58:20+00:00\",\"breadcrumb\":{\"@id\":\"https:\/\/www.fanprojekt-muenster.de\/wordpress\/unzufriedenheit-herrscht-bei-den-preussen-fans\/#breadcrumb\"},\"inLanguage\":\"de\",\"potentialAction\":[{\"@type\":\"ReadAction\",\"target\":[\"https:\/\/www.fanprojekt-muenster.de\/wordpress\/unzufriedenheit-herrscht-bei-den-preussen-fans\/\"]}]},{\"@type\":\"ImageObject\",\"inLanguage\":\"de\",\"@id\":\"https:\/\/www.fanprojekt-muenster.de\/wordpress\/unzufriedenheit-herrscht-bei-den-preussen-fans\/#primaryimage\",\"url\":\"\",\"contentUrl\":\"\"},{\"@type\":\"BreadcrumbList\",\"@id\":\"https:\/\/www.fanprojekt-muenster.de\/wordpress\/unzufriedenheit-herrscht-bei-den-preussen-fans\/#breadcrumb\",\"itemListElement\":[{\"@type\":\"ListItem\",\"position\":1,\"name\":\"Startseite\",\"item\":\"https:\/\/www.fanprojekt-muenster.de\/wordpress\/\"},{\"@type\":\"ListItem\",\"position\":2,\"name\":\"Unzufriedenheit herrscht bei den Preu\u00dfen-Fans\"}]},{\"@type\":\"WebSite\",\"@id\":\"https:\/\/www.fanprojekt-muenster.de\/wordpress\/#website\",\"url\":\"https:\/\/www.fanprojekt-muenster.de\/wordpress\/\",\"name\":\"Fangemeinschaft Preu\u00dfen M\u00fcnster e. V.\",\"description\":\"\",\"publisher\":{\"@id\":\"https:\/\/www.fanprojekt-muenster.de\/wordpress\/#organization\"},\"potentialAction\":[{\"@type\":\"SearchAction\",\"target\":{\"@type\":\"EntryPoint\",\"urlTemplate\":\"https:\/\/www.fanprojekt-muenster.de\/wordpress\/?s={search_term_string}\"},\"query-input\":{\"@type\":\"PropertyValueSpecification\",\"valueRequired\":true,\"valueName\":\"search_term_string\"}}],\"inLanguage\":\"de\"},{\"@type\":\"Organization\",\"@id\":\"https:\/\/www.fanprojekt-muenster.de\/wordpress\/#organization\",\"name\":\"Fangemeinschaft Preu\u00dfen M\u00fcnster e. V.\",\"url\":\"https:\/\/www.fanprojekt-muenster.de\/wordpress\/\",\"logo\":{\"@type\":\"ImageObject\",\"inLanguage\":\"de\",\"@id\":\"https:\/\/www.fanprojekt-muenster.de\/wordpress\/#\/schema\/logo\/image\/\",\"url\":\"https:\/\/www.fanprojekt-muenster.de\/wordpress\/wp-content\/uploads\/2019\/07\/cropped-Website_Logo3-9.png\",\"contentUrl\":\"https:\/\/www.fanprojekt-muenster.de\/wordpress\/wp-content\/uploads\/2019\/07\/cropped-Website_Logo3-9.png\",\"width\":224,\"height\":42,\"caption\":\"Fangemeinschaft Preu\u00dfen M\u00fcnster e. V.\"},\"image\":{\"@id\":\"https:\/\/www.fanprojekt-muenster.de\/wordpress\/#\/schema\/logo\/image\/\"}},{\"@type\":\"Person\",\"@id\":\"https:\/\/www.fanprojekt-muenster.de\/wordpress\/#\/schema\/person\/529d3ee920414da8907f25b585d57a4e\",\"name\":\"Florian\",\"url\":\"https:\/\/www.fanprojekt-muenster.de\/wordpress\/author\/flovoss\/\"}]}<\/script>\n<!-- \/ Yoast SEO plugin. -->","yoast_head_json":{"title":"Unzufriedenheit herrscht bei den Preu\u00dfen-Fans - Fangemeinschaft Preu\u00dfen M\u00fcnster e. V.","robots":{"index":"index","follow":"follow","max-snippet":"max-snippet:-1","max-image-preview":"max-image-preview:large","max-video-preview":"max-video-preview:-1"},"canonical":"https:\/\/www.fanprojekt-muenster.de\/wordpress\/unzufriedenheit-herrscht-bei-den-preussen-fans\/","og_locale":"de_DE","og_type":"article","og_title":"Unzufriedenheit herrscht bei den Preu\u00dfen-Fans - Fangemeinschaft Preu\u00dfen M\u00fcnster e. V.","og_description":"Zwei Wochen vor der Jahreshauptversammlung des SC Preu\u00dfen 06 e.V. M\u00fcnster weist das Fanprojekt Preu\u00dfen M\u00fcnster e.V. auf die angespannte Situation rund um die Anh\u00e4nger des Traditionsvereins hin. \u201eAus allen... Read more &raquo;","og_url":"https:\/\/www.fanprojekt-muenster.de\/wordpress\/unzufriedenheit-herrscht-bei-den-preussen-fans\/","og_site_name":"Fangemeinschaft Preu\u00dfen M\u00fcnster e. V.","article_published_time":"2015-11-24T11:58:20+00:00","author":"Florian","twitter_card":"summary_large_image","twitter_misc":{"Verfasst von":"Florian","Gesch\u00e4tzte Lesezeit":"3\u00a0Minuten"},"schema":{"@context":"https:\/\/schema.org","@graph":[{"@type":"Article","@id":"https:\/\/www.fanprojekt-muenster.de\/wordpress\/unzufriedenheit-herrscht-bei-den-preussen-fans\/#article","isPartOf":{"@id":"https:\/\/www.fanprojekt-muenster.de\/wordpress\/unzufriedenheit-herrscht-bei-den-preussen-fans\/"},"author":{"name":"Florian","@id":"https:\/\/www.fanprojekt-muenster.de\/wordpress\/#\/schema\/person\/529d3ee920414da8907f25b585d57a4e"},"headline":"Unzufriedenheit herrscht bei den Preu\u00dfen-Fans","datePublished":"2015-11-24T11:58:20+00:00","mainEntityOfPage":{"@id":"https:\/\/www.fanprojekt-muenster.de\/wordpress\/unzufriedenheit-herrscht-bei-den-preussen-fans\/"},"wordCount":652,"publisher":{"@id":"https:\/\/www.fanprojekt-muenster.de\/wordpress\/#organization"},"image":{"@id":"https:\/\/www.fanprojekt-muenster.de\/wordpress\/unzufriedenheit-herrscht-bei-den-preussen-fans\/#primaryimage"},"thumbnailUrl":"","keywords":["Fanpolitik"],"articleSection":["Aktuelles"],"inLanguage":"de"},{"@type":"WebPage","@id":"https:\/\/www.fanprojekt-muenster.de\/wordpress\/unzufriedenheit-herrscht-bei-den-preussen-fans\/","url":"https:\/\/www.fanprojekt-muenster.de\/wordpress\/unzufriedenheit-herrscht-bei-den-preussen-fans\/","name":"Unzufriedenheit herrscht bei den Preu\u00dfen-Fans - Fangemeinschaft Preu\u00dfen M\u00fcnster e. V.","isPartOf":{"@id":"https:\/\/www.fanprojekt-muenster.de\/wordpress\/#website"},"primaryImageOfPage":{"@id":"https:\/\/www.fanprojekt-muenster.de\/wordpress\/unzufriedenheit-herrscht-bei-den-preussen-fans\/#primaryimage"},"image":{"@id":"https:\/\/www.fanprojekt-muenster.de\/wordpress\/unzufriedenheit-herrscht-bei-den-preussen-fans\/#primaryimage"},"thumbnailUrl":"","datePublished":"2015-11-24T11:58:20+00:00","breadcrumb":{"@id":"https:\/\/www.fanprojekt-muenster.de\/wordpress\/unzufriedenheit-herrscht-bei-den-preussen-fans\/#breadcrumb"},"inLanguage":"de","potentialAction":[{"@type":"ReadAction","target":["https:\/\/www.fanprojekt-muenster.de\/wordpress\/unzufriedenheit-herrscht-bei-den-preussen-fans\/"]}]},{"@type":"ImageObject","inLanguage":"de","@id":"https:\/\/www.fanprojekt-muenster.de\/wordpress\/unzufriedenheit-herrscht-bei-den-preussen-fans\/#primaryimage","url":"","contentUrl":""},{"@type":"BreadcrumbList","@id":"https:\/\/www.fanprojekt-muenster.de\/wordpress\/unzufriedenheit-herrscht-bei-den-preussen-fans\/#breadcrumb","itemListElement":[{"@type":"ListItem","position":1,"name":"Startseite","item":"https:\/\/www.fanprojekt-muenster.de\/wordpress\/"},{"@type":"ListItem","position":2,"name":"Unzufriedenheit herrscht bei den Preu\u00dfen-Fans"}]},{"@type":"WebSite","@id":"https:\/\/www.fanprojekt-muenster.de\/wordpress\/#website","url":"https:\/\/www.fanprojekt-muenster.de\/wordpress\/","name":"Fangemeinschaft Preu\u00dfen M\u00fcnster e. V.","description":"","publisher":{"@id":"https:\/\/www.fanprojekt-muenster.de\/wordpress\/#organization"},"potentialAction":[{"@type":"SearchAction","target":{"@type":"EntryPoint","urlTemplate":"https:\/\/www.fanprojekt-muenster.de\/wordpress\/?s={search_term_string}"},"query-input":{"@type":"PropertyValueSpecification","valueRequired":true,"valueName":"search_term_string"}}],"inLanguage":"de"},{"@type":"Organization","@id":"https:\/\/www.fanprojekt-muenster.de\/wordpress\/#organization","name":"Fangemeinschaft Preu\u00dfen M\u00fcnster e. V.","url":"https:\/\/www.fanprojekt-muenster.de\/wordpress\/","logo":{"@type":"ImageObject","inLanguage":"de","@id":"https:\/\/www.fanprojekt-muenster.de\/wordpress\/#\/schema\/logo\/image\/","url":"https:\/\/www.fanprojekt-muenster.de\/wordpress\/wp-content\/uploads\/2019\/07\/cropped-Website_Logo3-9.png","contentUrl":"https:\/\/www.fanprojekt-muenster.de\/wordpress\/wp-content\/uploads\/2019\/07\/cropped-Website_Logo3-9.png","width":224,"height":42,"caption":"Fangemeinschaft Preu\u00dfen M\u00fcnster e. V."},"image":{"@id":"https:\/\/www.fanprojekt-muenster.de\/wordpress\/#\/schema\/logo\/image\/"}},{"@type":"Person","@id":"https:\/\/www.fanprojekt-muenster.de\/wordpress\/#\/schema\/person\/529d3ee920414da8907f25b585d57a4e","name":"Florian","url":"https:\/\/www.fanprojekt-muenster.de\/wordpress\/author\/flovoss\/"}]}},"author_meta":{"display_name":"Florian","author_link":"https:\/\/www.fanprojekt-muenster.de\/wordpress\/author\/flovoss\/"},"featured_img":null,"coauthors":[],"tax_additional":{"categories":{"linked":["<a href=\"https:\/\/www.fanprojekt-muenster.de\/wordpress\/category\/aktuelles\/\" class=\"advgb-post-tax-term\">Aktuelles<\/a>"],"unlinked":["<span class=\"advgb-post-tax-term\">Aktuelles<\/span>"]},"tags":{"linked":["<a href=\"https:\/\/www.fanprojekt-muenster.de\/wordpress\/category\/aktuelles\/\" class=\"advgb-post-tax-term\">Fanpolitik<\/a>"],"unlinked":["<span class=\"advgb-post-tax-term\">Fanpolitik<\/span>"]}},"comment_count":"0","relative_dates":{"created":"Posted 10\u00a0Jahren ago","modified":"Updated 10\u00a0Jahren ago"},"absolute_dates":{"created":"Posted on 24. November 2015","modified":"Updated on 24. November 2015"},"absolute_dates_time":{"created":"Posted on 24. November 2015 13:58","modified":"Updated on 24. November 2015 13:58"},"featured_img_caption":"","series_order":"","_links":{"self":[{"href":"https:\/\/www.fanprojekt-muenster.de\/wordpress\/wp-json\/wp\/v2\/posts\/5088","targetHints":{"allow":["GET"]}}],"collection":[{"href":"https:\/\/www.fanprojekt-muenster.de\/wordpress\/wp-json\/wp\/v2\/posts"}],"about":[{"href":"https:\/\/www.fanprojekt-muenster.de\/wordpress\/wp-json\/wp\/v2\/types\/post"}],"author":[{"embeddable":true,"href":"https:\/\/www.fanprojekt-muenster.de\/wordpress\/wp-json\/wp\/v2\/users\/5"}],"replies":[{"embeddable":true,"href":"https:\/\/www.fanprojekt-muenster.de\/wordpress\/wp-json\/wp\/v2\/comments?post=5088"}],"version-history":[{"count":0,"href":"https:\/\/www.fanprojekt-muenster.de\/wordpress\/wp-json\/wp\/v2\/posts\/5088\/revisions"}],"wp:featuredmedia":[{"embeddable":true,"href":"https:\/\/www.fanprojekt-muenster.de\/wordpress\/wp-json\/"}],"wp:attachment":[{"href":"https:\/\/www.fanprojekt-muenster.de\/wordpress\/wp-json\/wp\/v2\/media?parent=5088"}],"wp:term":[{"taxonomy":"category","embeddable":true,"href":"https:\/\/www.fanprojekt-muenster.de\/wordpress\/wp-json\/wp\/v2\/categories?post=5088"},{"taxonomy":"post_tag","embeddable":true,"href":"https:\/\/www.fanprojekt-muenster.de\/wordpress\/wp-json\/wp\/v2\/tags?post=5088"}],"curies":[{"name":"wp","href":"https:\/\/api.w.org\/{rel}","templated":true}]}}