{"id":5082,"date":"2015-11-18T15:24:26","date_gmt":"2015-11-18T13:24:26","guid":{"rendered":"http:\/\/www.fanprojekt-muenster.de\/wp\/?p=5082"},"modified":"2015-11-18T15:24:26","modified_gmt":"2015-11-18T13:24:26","slug":"neujahrsempfang-des-fanprojekts-am-9-januar-vorverkauf-ist-gestartet","status":"publish","type":"post","link":"https:\/\/www.fanprojekt-muenster.de\/wordpress\/neujahrsempfang-des-fanprojekts-am-9-januar-vorverkauf-ist-gestartet\/","title":{"rendered":"Neujahrsempfang des Fanprojekts am 9. Januar \u2013 Vorverkauf ist gestartet"},"content":{"rendered":"<p>Das Fanprojekt Preu\u00dfen M\u00fcnster l\u00e4dt am 9. Januar 2016 zum traditionellen Neujahrsempfang zu 19:06 Uhr in die Haupttrib\u00fcne des Preu\u00dfenstadions ein. Zu Gast sind auch ehemalige Spieler des Sportclubs. Der Vorverkauf f\u00fcr den geselligen Abend startet f\u00fcr Mitglieder am 21. November beim Heimspiel gegen Wiesbaden.<\/p>\n<p>Die Preu\u00dfen-Fans nutzen wie in den vergangenen Jahren die spielfreie Zeit zu einem gem\u00fctlichen Beisammensein mit z\u00fcnftigem Gr\u00fcnkohl-Essen, das auch f\u00fcr Vegetarier geeignet ist. Zu Gast sein werden einige ehemalige Preu\u00dfenspieler, die den Fans in den letzten Jahren viel Freude bereitet haben. Es kann also in alten Zeiten geschwelgt und die eine oder andere Anekdote ausgetauscht werden. Die aktuelle Mannschaft ist verhindert.\u00a0Und nat\u00fcrlich darf die seit Jahren beliebte Tombola nicht fehlen, deren Einnahmen an die Primus Schule M\u00fcnster, die inklusive Modellschule in Nachbarschaft des Preu\u00dfenstadions, gespendet werden.<\/p>\n<p>Karten f\u00fcr den Abend erhalten Mitglieder im Vorverkauf f\u00fcr 10 Euro an den Spieltagen gegen Wiesbaden (21.11.) und Aue (5.12.) am Infostand des Fanprojekts im Eingangsbereich des Preu\u00dfenstadions. Nicht-Mitglieder k\u00f6nnen zudem am 19. Dezember beim Heimspiel gegen Stuttgart II eventuell vorhandene Restkarten f\u00fcr 12 Euro an gleicher Stelle erstehen. Sollte es eine Abendkasse geben, w\u00fcrden diese Tickets einheitlich 15 Euro kosten. Alle Karten beinhalten den Eintritt sowie das Gr\u00fcnkohlessen.<\/p>\n","protected":false},"excerpt":{"rendered":"<p>Das Fanprojekt Preu\u00dfen M\u00fcnster l\u00e4dt am 9. Januar 2016 zum traditionellen Neujahrsempfang zu 19:06 Uhr in die Haupttrib\u00fcne des Preu\u00dfenstadions ein. Zu Gast sind auch ehemalige Spieler des Sportclubs. Der&#8230; <a class=\"read-more-link\" href=\"https:\/\/www.fanprojekt-muenster.de\/wordpress\/neujahrsempfang-des-fanprojekts-am-9-januar-vorverkauf-ist-gestartet\/\">Read more &raquo;<\/a><\/p>\n","protected":false},"author":5,"featured_media":5083,"comment_status":"closed","ping_status":"closed","sticky":false,"template":"","format":"standard","meta":{"advgb_blocks_editor_width":"","advgb_blocks_columns_visual_guide":"","footnotes":""},"categories":[3,16],"tags":[187,275],"class_list":["post-5082","post","type-post","status-publish","format-standard","has-post-thumbnail","hentry","category-aktuelles","category-veranstaltungen","tag-neujahrsempfang","tag-veranstaltung"],"featured_image_src":null,"author_info":{"display_name":"Florian","author_link":"https:\/\/www.fanprojekt-muenster.de\/wordpress\/author\/flovoss\/"},"yoast_head":"<!-- This site is optimized with the Yoast SEO plugin v27.2 - https:\/\/yoast.com\/product\/yoast-seo-wordpress\/ -->\n<title>Neujahrsempfang des Fanprojekts am 9. Januar \u2013 Vorverkauf ist gestartet - Fangemeinschaft Preu\u00dfen M\u00fcnster e. V.<\/title>\n<meta name=\"robots\" content=\"index, follow, max-snippet:-1, max-image-preview:large, max-video-preview:-1\" \/>\n<link rel=\"canonical\" href=\"https:\/\/www.fanprojekt-muenster.de\/wordpress\/neujahrsempfang-des-fanprojekts-am-9-januar-vorverkauf-ist-gestartet\/\" \/>\n<meta property=\"og:locale\" content=\"de_DE\" \/>\n<meta property=\"og:type\" content=\"article\" \/>\n<meta property=\"og:title\" content=\"Neujahrsempfang des Fanprojekts am 9. Januar \u2013 Vorverkauf ist gestartet - Fangemeinschaft Preu\u00dfen M\u00fcnster e. V.\" \/>\n<meta property=\"og:description\" content=\"Das Fanprojekt Preu\u00dfen M\u00fcnster l\u00e4dt am 9. Januar 2016 zum traditionellen Neujahrsempfang zu 19:06 Uhr in die Haupttrib\u00fcne des Preu\u00dfenstadions ein. Zu Gast sind auch ehemalige Spieler des Sportclubs. Der... Read more &raquo;\" \/>\n<meta property=\"og:url\" content=\"https:\/\/www.fanprojekt-muenster.de\/wordpress\/neujahrsempfang-des-fanprojekts-am-9-januar-vorverkauf-ist-gestartet\/\" \/>\n<meta property=\"og:site_name\" content=\"Fangemeinschaft Preu\u00dfen M\u00fcnster e. V.\" \/>\n<meta property=\"article:published_time\" content=\"2015-11-18T13:24:26+00:00\" \/>\n<meta name=\"author\" content=\"Florian\" \/>\n<meta name=\"twitter:card\" content=\"summary_large_image\" \/>\n<meta name=\"twitter:label1\" content=\"Verfasst von\" \/>\n\t<meta name=\"twitter:data1\" content=\"Florian\" \/>\n\t<meta name=\"twitter:label2\" content=\"Gesch\u00e4tzte Lesezeit\" \/>\n\t<meta name=\"twitter:data2\" content=\"1\u00a0Minute\" \/>\n<script type=\"application\/ld+json\" class=\"yoast-schema-graph\">{\"@context\":\"https:\/\/schema.org\",\"@graph\":[{\"@type\":\"Article\",\"@id\":\"https:\/\/www.fanprojekt-muenster.de\/wordpress\/neujahrsempfang-des-fanprojekts-am-9-januar-vorverkauf-ist-gestartet\/#article\",\"isPartOf\":{\"@id\":\"https:\/\/www.fanprojekt-muenster.de\/wordpress\/neujahrsempfang-des-fanprojekts-am-9-januar-vorverkauf-ist-gestartet\/\"},\"author\":{\"name\":\"Florian\",\"@id\":\"https:\/\/www.fanprojekt-muenster.de\/wordpress\/#\/schema\/person\/529d3ee920414da8907f25b585d57a4e\"},\"headline\":\"Neujahrsempfang des Fanprojekts am 9. Januar \u2013 Vorverkauf ist gestartet\",\"datePublished\":\"2015-11-18T13:24:26+00:00\",\"mainEntityOfPage\":{\"@id\":\"https:\/\/www.fanprojekt-muenster.de\/wordpress\/neujahrsempfang-des-fanprojekts-am-9-januar-vorverkauf-ist-gestartet\/\"},\"wordCount\":223,\"publisher\":{\"@id\":\"https:\/\/www.fanprojekt-muenster.de\/wordpress\/#organization\"},\"image\":{\"@id\":\"https:\/\/www.fanprojekt-muenster.de\/wordpress\/neujahrsempfang-des-fanprojekts-am-9-januar-vorverkauf-ist-gestartet\/#primaryimage\"},\"thumbnailUrl\":\"\",\"keywords\":[\"Neujahrsempfang\",\"Veranstaltung\"],\"articleSection\":[\"Aktuelles\",\"Veranstaltungen\"],\"inLanguage\":\"de\"},{\"@type\":\"WebPage\",\"@id\":\"https:\/\/www.fanprojekt-muenster.de\/wordpress\/neujahrsempfang-des-fanprojekts-am-9-januar-vorverkauf-ist-gestartet\/\",\"url\":\"https:\/\/www.fanprojekt-muenster.de\/wordpress\/neujahrsempfang-des-fanprojekts-am-9-januar-vorverkauf-ist-gestartet\/\",\"name\":\"Neujahrsempfang des Fanprojekts am 9. Januar \u2013 Vorverkauf ist gestartet - Fangemeinschaft Preu\u00dfen M\u00fcnster e. V.\",\"isPartOf\":{\"@id\":\"https:\/\/www.fanprojekt-muenster.de\/wordpress\/#website\"},\"primaryImageOfPage\":{\"@id\":\"https:\/\/www.fanprojekt-muenster.de\/wordpress\/neujahrsempfang-des-fanprojekts-am-9-januar-vorverkauf-ist-gestartet\/#primaryimage\"},\"image\":{\"@id\":\"https:\/\/www.fanprojekt-muenster.de\/wordpress\/neujahrsempfang-des-fanprojekts-am-9-januar-vorverkauf-ist-gestartet\/#primaryimage\"},\"thumbnailUrl\":\"\",\"datePublished\":\"2015-11-18T13:24:26+00:00\",\"breadcrumb\":{\"@id\":\"https:\/\/www.fanprojekt-muenster.de\/wordpress\/neujahrsempfang-des-fanprojekts-am-9-januar-vorverkauf-ist-gestartet\/#breadcrumb\"},\"inLanguage\":\"de\",\"potentialAction\":[{\"@type\":\"ReadAction\",\"target\":[\"https:\/\/www.fanprojekt-muenster.de\/wordpress\/neujahrsempfang-des-fanprojekts-am-9-januar-vorverkauf-ist-gestartet\/\"]}]},{\"@type\":\"ImageObject\",\"inLanguage\":\"de\",\"@id\":\"https:\/\/www.fanprojekt-muenster.de\/wordpress\/neujahrsempfang-des-fanprojekts-am-9-januar-vorverkauf-ist-gestartet\/#primaryimage\",\"url\":\"\",\"contentUrl\":\"\"},{\"@type\":\"BreadcrumbList\",\"@id\":\"https:\/\/www.fanprojekt-muenster.de\/wordpress\/neujahrsempfang-des-fanprojekts-am-9-januar-vorverkauf-ist-gestartet\/#breadcrumb\",\"itemListElement\":[{\"@type\":\"ListItem\",\"position\":1,\"name\":\"Startseite\",\"item\":\"https:\/\/www.fanprojekt-muenster.de\/wordpress\/\"},{\"@type\":\"ListItem\",\"position\":2,\"name\":\"Neujahrsempfang des Fanprojekts am 9. Januar \u2013 Vorverkauf ist gestartet\"}]},{\"@type\":\"WebSite\",\"@id\":\"https:\/\/www.fanprojekt-muenster.de\/wordpress\/#website\",\"url\":\"https:\/\/www.fanprojekt-muenster.de\/wordpress\/\",\"name\":\"Fangemeinschaft Preu\u00dfen M\u00fcnster e. V.\",\"description\":\"\",\"publisher\":{\"@id\":\"https:\/\/www.fanprojekt-muenster.de\/wordpress\/#organization\"},\"potentialAction\":[{\"@type\":\"SearchAction\",\"target\":{\"@type\":\"EntryPoint\",\"urlTemplate\":\"https:\/\/www.fanprojekt-muenster.de\/wordpress\/?s={search_term_string}\"},\"query-input\":{\"@type\":\"PropertyValueSpecification\",\"valueRequired\":true,\"valueName\":\"search_term_string\"}}],\"inLanguage\":\"de\"},{\"@type\":\"Organization\",\"@id\":\"https:\/\/www.fanprojekt-muenster.de\/wordpress\/#organization\",\"name\":\"Fangemeinschaft Preu\u00dfen M\u00fcnster e. V.\",\"url\":\"https:\/\/www.fanprojekt-muenster.de\/wordpress\/\",\"logo\":{\"@type\":\"ImageObject\",\"inLanguage\":\"de\",\"@id\":\"https:\/\/www.fanprojekt-muenster.de\/wordpress\/#\/schema\/logo\/image\/\",\"url\":\"https:\/\/www.fanprojekt-muenster.de\/wordpress\/wp-content\/uploads\/2019\/07\/cropped-Website_Logo3-9.png\",\"contentUrl\":\"https:\/\/www.fanprojekt-muenster.de\/wordpress\/wp-content\/uploads\/2019\/07\/cropped-Website_Logo3-9.png\",\"width\":224,\"height\":42,\"caption\":\"Fangemeinschaft Preu\u00dfen M\u00fcnster e. V.\"},\"image\":{\"@id\":\"https:\/\/www.fanprojekt-muenster.de\/wordpress\/#\/schema\/logo\/image\/\"}},{\"@type\":\"Person\",\"@id\":\"https:\/\/www.fanprojekt-muenster.de\/wordpress\/#\/schema\/person\/529d3ee920414da8907f25b585d57a4e\",\"name\":\"Florian\",\"url\":\"https:\/\/www.fanprojekt-muenster.de\/wordpress\/author\/flovoss\/\"}]}<\/script>\n<!-- \/ Yoast SEO plugin. -->","yoast_head_json":{"title":"Neujahrsempfang des Fanprojekts am 9. Januar \u2013 Vorverkauf ist gestartet - Fangemeinschaft Preu\u00dfen M\u00fcnster e. V.","robots":{"index":"index","follow":"follow","max-snippet":"max-snippet:-1","max-image-preview":"max-image-preview:large","max-video-preview":"max-video-preview:-1"},"canonical":"https:\/\/www.fanprojekt-muenster.de\/wordpress\/neujahrsempfang-des-fanprojekts-am-9-januar-vorverkauf-ist-gestartet\/","og_locale":"de_DE","og_type":"article","og_title":"Neujahrsempfang des Fanprojekts am 9. Januar \u2013 Vorverkauf ist gestartet - Fangemeinschaft Preu\u00dfen M\u00fcnster e. V.","og_description":"Das Fanprojekt Preu\u00dfen M\u00fcnster l\u00e4dt am 9. Januar 2016 zum traditionellen Neujahrsempfang zu 19:06 Uhr in die Haupttrib\u00fcne des Preu\u00dfenstadions ein. Zu Gast sind auch ehemalige Spieler des Sportclubs. Der... Read more &raquo;","og_url":"https:\/\/www.fanprojekt-muenster.de\/wordpress\/neujahrsempfang-des-fanprojekts-am-9-januar-vorverkauf-ist-gestartet\/","og_site_name":"Fangemeinschaft Preu\u00dfen M\u00fcnster e. V.","article_published_time":"2015-11-18T13:24:26+00:00","author":"Florian","twitter_card":"summary_large_image","twitter_misc":{"Verfasst von":"Florian","Gesch\u00e4tzte Lesezeit":"1\u00a0Minute"},"schema":{"@context":"https:\/\/schema.org","@graph":[{"@type":"Article","@id":"https:\/\/www.fanprojekt-muenster.de\/wordpress\/neujahrsempfang-des-fanprojekts-am-9-januar-vorverkauf-ist-gestartet\/#article","isPartOf":{"@id":"https:\/\/www.fanprojekt-muenster.de\/wordpress\/neujahrsempfang-des-fanprojekts-am-9-januar-vorverkauf-ist-gestartet\/"},"author":{"name":"Florian","@id":"https:\/\/www.fanprojekt-muenster.de\/wordpress\/#\/schema\/person\/529d3ee920414da8907f25b585d57a4e"},"headline":"Neujahrsempfang des Fanprojekts am 9. Januar \u2013 Vorverkauf ist gestartet","datePublished":"2015-11-18T13:24:26+00:00","mainEntityOfPage":{"@id":"https:\/\/www.fanprojekt-muenster.de\/wordpress\/neujahrsempfang-des-fanprojekts-am-9-januar-vorverkauf-ist-gestartet\/"},"wordCount":223,"publisher":{"@id":"https:\/\/www.fanprojekt-muenster.de\/wordpress\/#organization"},"image":{"@id":"https:\/\/www.fanprojekt-muenster.de\/wordpress\/neujahrsempfang-des-fanprojekts-am-9-januar-vorverkauf-ist-gestartet\/#primaryimage"},"thumbnailUrl":"","keywords":["Neujahrsempfang","Veranstaltung"],"articleSection":["Aktuelles","Veranstaltungen"],"inLanguage":"de"},{"@type":"WebPage","@id":"https:\/\/www.fanprojekt-muenster.de\/wordpress\/neujahrsempfang-des-fanprojekts-am-9-januar-vorverkauf-ist-gestartet\/","url":"https:\/\/www.fanprojekt-muenster.de\/wordpress\/neujahrsempfang-des-fanprojekts-am-9-januar-vorverkauf-ist-gestartet\/","name":"Neujahrsempfang des Fanprojekts am 9. Januar \u2013 Vorverkauf ist gestartet - Fangemeinschaft Preu\u00dfen M\u00fcnster e. V.","isPartOf":{"@id":"https:\/\/www.fanprojekt-muenster.de\/wordpress\/#website"},"primaryImageOfPage":{"@id":"https:\/\/www.fanprojekt-muenster.de\/wordpress\/neujahrsempfang-des-fanprojekts-am-9-januar-vorverkauf-ist-gestartet\/#primaryimage"},"image":{"@id":"https:\/\/www.fanprojekt-muenster.de\/wordpress\/neujahrsempfang-des-fanprojekts-am-9-januar-vorverkauf-ist-gestartet\/#primaryimage"},"thumbnailUrl":"","datePublished":"2015-11-18T13:24:26+00:00","breadcrumb":{"@id":"https:\/\/www.fanprojekt-muenster.de\/wordpress\/neujahrsempfang-des-fanprojekts-am-9-januar-vorverkauf-ist-gestartet\/#breadcrumb"},"inLanguage":"de","potentialAction":[{"@type":"ReadAction","target":["https:\/\/www.fanprojekt-muenster.de\/wordpress\/neujahrsempfang-des-fanprojekts-am-9-januar-vorverkauf-ist-gestartet\/"]}]},{"@type":"ImageObject","inLanguage":"de","@id":"https:\/\/www.fanprojekt-muenster.de\/wordpress\/neujahrsempfang-des-fanprojekts-am-9-januar-vorverkauf-ist-gestartet\/#primaryimage","url":"","contentUrl":""},{"@type":"BreadcrumbList","@id":"https:\/\/www.fanprojekt-muenster.de\/wordpress\/neujahrsempfang-des-fanprojekts-am-9-januar-vorverkauf-ist-gestartet\/#breadcrumb","itemListElement":[{"@type":"ListItem","position":1,"name":"Startseite","item":"https:\/\/www.fanprojekt-muenster.de\/wordpress\/"},{"@type":"ListItem","position":2,"name":"Neujahrsempfang des Fanprojekts am 9. Januar \u2013 Vorverkauf ist gestartet"}]},{"@type":"WebSite","@id":"https:\/\/www.fanprojekt-muenster.de\/wordpress\/#website","url":"https:\/\/www.fanprojekt-muenster.de\/wordpress\/","name":"Fangemeinschaft Preu\u00dfen M\u00fcnster e. V.","description":"","publisher":{"@id":"https:\/\/www.fanprojekt-muenster.de\/wordpress\/#organization"},"potentialAction":[{"@type":"SearchAction","target":{"@type":"EntryPoint","urlTemplate":"https:\/\/www.fanprojekt-muenster.de\/wordpress\/?s={search_term_string}"},"query-input":{"@type":"PropertyValueSpecification","valueRequired":true,"valueName":"search_term_string"}}],"inLanguage":"de"},{"@type":"Organization","@id":"https:\/\/www.fanprojekt-muenster.de\/wordpress\/#organization","name":"Fangemeinschaft Preu\u00dfen M\u00fcnster e. V.","url":"https:\/\/www.fanprojekt-muenster.de\/wordpress\/","logo":{"@type":"ImageObject","inLanguage":"de","@id":"https:\/\/www.fanprojekt-muenster.de\/wordpress\/#\/schema\/logo\/image\/","url":"https:\/\/www.fanprojekt-muenster.de\/wordpress\/wp-content\/uploads\/2019\/07\/cropped-Website_Logo3-9.png","contentUrl":"https:\/\/www.fanprojekt-muenster.de\/wordpress\/wp-content\/uploads\/2019\/07\/cropped-Website_Logo3-9.png","width":224,"height":42,"caption":"Fangemeinschaft Preu\u00dfen M\u00fcnster e. V."},"image":{"@id":"https:\/\/www.fanprojekt-muenster.de\/wordpress\/#\/schema\/logo\/image\/"}},{"@type":"Person","@id":"https:\/\/www.fanprojekt-muenster.de\/wordpress\/#\/schema\/person\/529d3ee920414da8907f25b585d57a4e","name":"Florian","url":"https:\/\/www.fanprojekt-muenster.de\/wordpress\/author\/flovoss\/"}]}},"author_meta":{"display_name":"Florian","author_link":"https:\/\/www.fanprojekt-muenster.de\/wordpress\/author\/flovoss\/"},"featured_img":null,"coauthors":[],"tax_additional":{"categories":{"linked":["<a href=\"https:\/\/www.fanprojekt-muenster.de\/wordpress\/category\/aktuelles\/\" class=\"advgb-post-tax-term\">Aktuelles<\/a>","<a href=\"https:\/\/www.fanprojekt-muenster.de\/wordpress\/category\/veranstaltungen\/\" class=\"advgb-post-tax-term\">Veranstaltungen<\/a>"],"unlinked":["<span class=\"advgb-post-tax-term\">Aktuelles<\/span>","<span class=\"advgb-post-tax-term\">Veranstaltungen<\/span>"]},"tags":{"linked":["<a href=\"https:\/\/www.fanprojekt-muenster.de\/wordpress\/category\/veranstaltungen\/\" class=\"advgb-post-tax-term\">Neujahrsempfang<\/a>","<a href=\"https:\/\/www.fanprojekt-muenster.de\/wordpress\/category\/veranstaltungen\/\" class=\"advgb-post-tax-term\">Veranstaltung<\/a>"],"unlinked":["<span class=\"advgb-post-tax-term\">Neujahrsempfang<\/span>","<span class=\"advgb-post-tax-term\">Veranstaltung<\/span>"]}},"comment_count":"0","relative_dates":{"created":"Posted 10\u00a0Jahren ago","modified":"Updated 10\u00a0Jahren ago"},"absolute_dates":{"created":"Posted on 18. November 2015","modified":"Updated on 18. November 2015"},"absolute_dates_time":{"created":"Posted on 18. November 2015 15:24","modified":"Updated on 18. November 2015 15:24"},"featured_img_caption":"","series_order":"","_links":{"self":[{"href":"https:\/\/www.fanprojekt-muenster.de\/wordpress\/wp-json\/wp\/v2\/posts\/5082","targetHints":{"allow":["GET"]}}],"collection":[{"href":"https:\/\/www.fanprojekt-muenster.de\/wordpress\/wp-json\/wp\/v2\/posts"}],"about":[{"href":"https:\/\/www.fanprojekt-muenster.de\/wordpress\/wp-json\/wp\/v2\/types\/post"}],"author":[{"embeddable":true,"href":"https:\/\/www.fanprojekt-muenster.de\/wordpress\/wp-json\/wp\/v2\/users\/5"}],"replies":[{"embeddable":true,"href":"https:\/\/www.fanprojekt-muenster.de\/wordpress\/wp-json\/wp\/v2\/comments?post=5082"}],"version-history":[{"count":0,"href":"https:\/\/www.fanprojekt-muenster.de\/wordpress\/wp-json\/wp\/v2\/posts\/5082\/revisions"}],"wp:featuredmedia":[{"embeddable":true,"href":"https:\/\/www.fanprojekt-muenster.de\/wordpress\/wp-json\/"}],"wp:attachment":[{"href":"https:\/\/www.fanprojekt-muenster.de\/wordpress\/wp-json\/wp\/v2\/media?parent=5082"}],"wp:term":[{"taxonomy":"category","embeddable":true,"href":"https:\/\/www.fanprojekt-muenster.de\/wordpress\/wp-json\/wp\/v2\/categories?post=5082"},{"taxonomy":"post_tag","embeddable":true,"href":"https:\/\/www.fanprojekt-muenster.de\/wordpress\/wp-json\/wp\/v2\/tags?post=5082"}],"curies":[{"name":"wp","href":"https:\/\/api.w.org\/{rel}","templated":true}]}}