{"id":5074,"date":"2015-11-06T12:55:16","date_gmt":"2015-11-06T10:55:16","guid":{"rendered":"http:\/\/www.fanprojekt-muenster.de\/wp\/?p=5074"},"modified":"2015-11-06T12:55:16","modified_gmt":"2015-11-06T10:55:16","slug":"fanprojekt-muenster-lud-preussen-anhaenger-zur-konstruktiven-diskussion","status":"publish","type":"post","link":"https:\/\/www.fanprojekt-muenster.de\/wordpress\/fanprojekt-muenster-lud-preussen-anhaenger-zur-konstruktiven-diskussion\/","title":{"rendered":"Fanprojekt M\u00fcnster lud Preu\u00dfen-Anh\u00e4nger zur konstruktiven Diskussion"},"content":{"rendered":"<p>Das Fanprojekt M\u00fcnster hat am gestrigen Donnerstagabend zu einer offenen Diskussionsrunde im Fanport am Preu\u00dfenstadion geladen. Die Ereignisse der letzten Wochen gaben den Anlass dazu. In einer guten Gespr\u00e4chsatmosph\u00e4re gelang es, gemeinsame Ziele zu entwickeln. Zudem wurde eine Erweiterung des Vorstands bekannt gegeben.<\/p>\n<p>Dieser hatte sich vor zwei Wochen entschieden, \u00f6ffentlich zu einem Treffen einzuladen, um die Meinungen in der vielschichtigen Fanszene diskutieren zu k\u00f6nnen. \u201eEs ist sehr erfreulich, dass \u00fcber 30 Interessierte erschienen sind und konstruktiv miteinander gesprochen wurde\u201c, erkl\u00e4rt der Vorsitzende Benny Sicking, \u201ees herrscht in vielen Bereichen im Stadion aktuell eine Unzufriedenheit vor.\u201c Viele Fans sehen sich von den SCP-Gremien zumeist als Problem angesehen. Eine Sichtweise, die ausdr\u00fccklich nicht nur aus den Kreisen der Ultras formuliert wurde.<\/p>\n<p>Vielfach kam der Wunsch auf, dass das Fanprojekt neben einer weiteren Intensivierung der Kommunikation zur SCP-Vereinsf\u00fchrung auch st\u00e4rker \u00d6ffentlichkeit f\u00fcr die Themen der Anh\u00e4nger herstellt. Mit der ebenfalls gestern bekannt gegebenen Erg\u00e4nzung des Vorstands um Florian Vo\u00df, der sich um den Bereich der \u00d6ffentlichkeitsarbeit k\u00fcmmern wird, sieht sich das Fanprojekt daf\u00fcr gut ger\u00fcstet. F\u00fcr den 26-j\u00e4hrigen Kaufmann f\u00fcr Marketingkommunikation und langj\u00e4hrigen Anh\u00e4nger des SCP war der gestrige Abend bereits ein guter Auftakt: \u201eMan hat gesehen, dass Preu\u00dfen M\u00fcnster eine Menge Menschen bewegt, die sich f\u00fcr eine vielf\u00e4ltige Zukunft einsetzen.\u201c<\/p>\n<p>Das Fanprojekt vertritt zum einen die Interessen der Fans gegen\u00fcber dem Hauptverein, zum anderen hat er sich auf die Fahne geschrieben, den Dialog unter den Fans voranzutreiben. Daf\u00fcr organisiert er auch Sonderz\u00fcge oder Veranstaltungen und unterh\u00e4lt regelm\u00e4\u00dfige Angebote, die sich stets an alle Anh\u00e4nger von Preu\u00dfen M\u00fcnster richten.<\/p>\n","protected":false},"excerpt":{"rendered":"<p>Das Fanprojekt M\u00fcnster hat am gestrigen Donnerstagabend zu einer offenen Diskussionsrunde im Fanport am Preu\u00dfenstadion geladen. Die Ereignisse der letzten Wochen gaben den Anlass dazu. In einer guten Gespr\u00e4chsatmosph\u00e4re gelang&#8230; <a class=\"read-more-link\" href=\"https:\/\/www.fanprojekt-muenster.de\/wordpress\/fanprojekt-muenster-lud-preussen-anhaenger-zur-konstruktiven-diskussion\/\">Read more &raquo;<\/a><\/p>\n","protected":false},"author":5,"featured_media":2054,"comment_status":"closed","ping_status":"closed","sticky":false,"template":"","format":"standard","meta":{"advgb_blocks_editor_width":"","advgb_blocks_columns_visual_guide":"","footnotes":""},"categories":[3,16],"tags":[80,81,111,112,117],"class_list":["post-5074","post","type-post","status-publish","format-standard","has-post-thumbnail","hentry","category-aktuelles","category-veranstaltungen","tag-dialog","tag-diskussion","tag-fanport","tag-fanprojekt","tag-fanszene"],"featured_image_src":null,"author_info":{"display_name":"Florian","author_link":"https:\/\/www.fanprojekt-muenster.de\/wordpress\/author\/flovoss\/"},"yoast_head":"<!-- This site is optimized with the Yoast SEO plugin v27.2 - https:\/\/yoast.com\/product\/yoast-seo-wordpress\/ -->\n<title>Fanprojekt M\u00fcnster lud Preu\u00dfen-Anh\u00e4nger zur konstruktiven Diskussion - Fangemeinschaft Preu\u00dfen M\u00fcnster e. V.<\/title>\n<meta name=\"robots\" content=\"index, follow, max-snippet:-1, max-image-preview:large, max-video-preview:-1\" \/>\n<link rel=\"canonical\" href=\"https:\/\/www.fanprojekt-muenster.de\/wordpress\/fanprojekt-muenster-lud-preussen-anhaenger-zur-konstruktiven-diskussion\/\" \/>\n<meta property=\"og:locale\" content=\"de_DE\" \/>\n<meta property=\"og:type\" content=\"article\" \/>\n<meta property=\"og:title\" content=\"Fanprojekt M\u00fcnster lud Preu\u00dfen-Anh\u00e4nger zur konstruktiven Diskussion - Fangemeinschaft Preu\u00dfen M\u00fcnster e. V.\" \/>\n<meta property=\"og:description\" content=\"Das Fanprojekt M\u00fcnster hat am gestrigen Donnerstagabend zu einer offenen Diskussionsrunde im Fanport am Preu\u00dfenstadion geladen. Die Ereignisse der letzten Wochen gaben den Anlass dazu. In einer guten Gespr\u00e4chsatmosph\u00e4re gelang... Read more &raquo;\" \/>\n<meta property=\"og:url\" content=\"https:\/\/www.fanprojekt-muenster.de\/wordpress\/fanprojekt-muenster-lud-preussen-anhaenger-zur-konstruktiven-diskussion\/\" \/>\n<meta property=\"og:site_name\" content=\"Fangemeinschaft Preu\u00dfen M\u00fcnster e. V.\" \/>\n<meta property=\"article:published_time\" content=\"2015-11-06T10:55:16+00:00\" \/>\n<meta name=\"author\" content=\"Florian\" \/>\n<meta name=\"twitter:card\" content=\"summary_large_image\" \/>\n<meta name=\"twitter:label1\" content=\"Verfasst von\" \/>\n\t<meta name=\"twitter:data1\" content=\"Florian\" \/>\n\t<meta name=\"twitter:label2\" content=\"Gesch\u00e4tzte Lesezeit\" \/>\n\t<meta name=\"twitter:data2\" content=\"1\u00a0Minute\" \/>\n<script type=\"application\/ld+json\" class=\"yoast-schema-graph\">{\"@context\":\"https:\/\/schema.org\",\"@graph\":[{\"@type\":\"Article\",\"@id\":\"https:\/\/www.fanprojekt-muenster.de\/wordpress\/fanprojekt-muenster-lud-preussen-anhaenger-zur-konstruktiven-diskussion\/#article\",\"isPartOf\":{\"@id\":\"https:\/\/www.fanprojekt-muenster.de\/wordpress\/fanprojekt-muenster-lud-preussen-anhaenger-zur-konstruktiven-diskussion\/\"},\"author\":{\"name\":\"Florian\",\"@id\":\"https:\/\/www.fanprojekt-muenster.de\/wordpress\/#\/schema\/person\/529d3ee920414da8907f25b585d57a4e\"},\"headline\":\"Fanprojekt M\u00fcnster lud Preu\u00dfen-Anh\u00e4nger zur konstruktiven Diskussion\",\"datePublished\":\"2015-11-06T10:55:16+00:00\",\"mainEntityOfPage\":{\"@id\":\"https:\/\/www.fanprojekt-muenster.de\/wordpress\/fanprojekt-muenster-lud-preussen-anhaenger-zur-konstruktiven-diskussion\/\"},\"wordCount\":298,\"publisher\":{\"@id\":\"https:\/\/www.fanprojekt-muenster.de\/wordpress\/#organization\"},\"image\":{\"@id\":\"https:\/\/www.fanprojekt-muenster.de\/wordpress\/fanprojekt-muenster-lud-preussen-anhaenger-zur-konstruktiven-diskussion\/#primaryimage\"},\"thumbnailUrl\":\"\",\"keywords\":[\"Dialog\",\"Diskussion\",\"Fanport\",\"Fanprojekt\",\"Fanszene\"],\"articleSection\":[\"Aktuelles\",\"Veranstaltungen\"],\"inLanguage\":\"de\"},{\"@type\":\"WebPage\",\"@id\":\"https:\/\/www.fanprojekt-muenster.de\/wordpress\/fanprojekt-muenster-lud-preussen-anhaenger-zur-konstruktiven-diskussion\/\",\"url\":\"https:\/\/www.fanprojekt-muenster.de\/wordpress\/fanprojekt-muenster-lud-preussen-anhaenger-zur-konstruktiven-diskussion\/\",\"name\":\"Fanprojekt M\u00fcnster lud Preu\u00dfen-Anh\u00e4nger zur konstruktiven Diskussion - Fangemeinschaft Preu\u00dfen M\u00fcnster e. V.\",\"isPartOf\":{\"@id\":\"https:\/\/www.fanprojekt-muenster.de\/wordpress\/#website\"},\"primaryImageOfPage\":{\"@id\":\"https:\/\/www.fanprojekt-muenster.de\/wordpress\/fanprojekt-muenster-lud-preussen-anhaenger-zur-konstruktiven-diskussion\/#primaryimage\"},\"image\":{\"@id\":\"https:\/\/www.fanprojekt-muenster.de\/wordpress\/fanprojekt-muenster-lud-preussen-anhaenger-zur-konstruktiven-diskussion\/#primaryimage\"},\"thumbnailUrl\":\"\",\"datePublished\":\"2015-11-06T10:55:16+00:00\",\"breadcrumb\":{\"@id\":\"https:\/\/www.fanprojekt-muenster.de\/wordpress\/fanprojekt-muenster-lud-preussen-anhaenger-zur-konstruktiven-diskussion\/#breadcrumb\"},\"inLanguage\":\"de\",\"potentialAction\":[{\"@type\":\"ReadAction\",\"target\":[\"https:\/\/www.fanprojekt-muenster.de\/wordpress\/fanprojekt-muenster-lud-preussen-anhaenger-zur-konstruktiven-diskussion\/\"]}]},{\"@type\":\"ImageObject\",\"inLanguage\":\"de\",\"@id\":\"https:\/\/www.fanprojekt-muenster.de\/wordpress\/fanprojekt-muenster-lud-preussen-anhaenger-zur-konstruktiven-diskussion\/#primaryimage\",\"url\":\"\",\"contentUrl\":\"\"},{\"@type\":\"BreadcrumbList\",\"@id\":\"https:\/\/www.fanprojekt-muenster.de\/wordpress\/fanprojekt-muenster-lud-preussen-anhaenger-zur-konstruktiven-diskussion\/#breadcrumb\",\"itemListElement\":[{\"@type\":\"ListItem\",\"position\":1,\"name\":\"Startseite\",\"item\":\"https:\/\/www.fanprojekt-muenster.de\/wordpress\/\"},{\"@type\":\"ListItem\",\"position\":2,\"name\":\"Fanprojekt M\u00fcnster lud Preu\u00dfen-Anh\u00e4nger zur konstruktiven Diskussion\"}]},{\"@type\":\"WebSite\",\"@id\":\"https:\/\/www.fanprojekt-muenster.de\/wordpress\/#website\",\"url\":\"https:\/\/www.fanprojekt-muenster.de\/wordpress\/\",\"name\":\"Fangemeinschaft Preu\u00dfen M\u00fcnster e. V.\",\"description\":\"\",\"publisher\":{\"@id\":\"https:\/\/www.fanprojekt-muenster.de\/wordpress\/#organization\"},\"potentialAction\":[{\"@type\":\"SearchAction\",\"target\":{\"@type\":\"EntryPoint\",\"urlTemplate\":\"https:\/\/www.fanprojekt-muenster.de\/wordpress\/?s={search_term_string}\"},\"query-input\":{\"@type\":\"PropertyValueSpecification\",\"valueRequired\":true,\"valueName\":\"search_term_string\"}}],\"inLanguage\":\"de\"},{\"@type\":\"Organization\",\"@id\":\"https:\/\/www.fanprojekt-muenster.de\/wordpress\/#organization\",\"name\":\"Fangemeinschaft Preu\u00dfen M\u00fcnster e. V.\",\"url\":\"https:\/\/www.fanprojekt-muenster.de\/wordpress\/\",\"logo\":{\"@type\":\"ImageObject\",\"inLanguage\":\"de\",\"@id\":\"https:\/\/www.fanprojekt-muenster.de\/wordpress\/#\/schema\/logo\/image\/\",\"url\":\"https:\/\/www.fanprojekt-muenster.de\/wordpress\/wp-content\/uploads\/2019\/07\/cropped-Website_Logo3-9.png\",\"contentUrl\":\"https:\/\/www.fanprojekt-muenster.de\/wordpress\/wp-content\/uploads\/2019\/07\/cropped-Website_Logo3-9.png\",\"width\":224,\"height\":42,\"caption\":\"Fangemeinschaft Preu\u00dfen M\u00fcnster e. V.\"},\"image\":{\"@id\":\"https:\/\/www.fanprojekt-muenster.de\/wordpress\/#\/schema\/logo\/image\/\"}},{\"@type\":\"Person\",\"@id\":\"https:\/\/www.fanprojekt-muenster.de\/wordpress\/#\/schema\/person\/529d3ee920414da8907f25b585d57a4e\",\"name\":\"Florian\",\"url\":\"https:\/\/www.fanprojekt-muenster.de\/wordpress\/author\/flovoss\/\"}]}<\/script>\n<!-- \/ Yoast SEO plugin. -->","yoast_head_json":{"title":"Fanprojekt M\u00fcnster lud Preu\u00dfen-Anh\u00e4nger zur konstruktiven Diskussion - Fangemeinschaft Preu\u00dfen M\u00fcnster e. V.","robots":{"index":"index","follow":"follow","max-snippet":"max-snippet:-1","max-image-preview":"max-image-preview:large","max-video-preview":"max-video-preview:-1"},"canonical":"https:\/\/www.fanprojekt-muenster.de\/wordpress\/fanprojekt-muenster-lud-preussen-anhaenger-zur-konstruktiven-diskussion\/","og_locale":"de_DE","og_type":"article","og_title":"Fanprojekt M\u00fcnster lud Preu\u00dfen-Anh\u00e4nger zur konstruktiven Diskussion - Fangemeinschaft Preu\u00dfen M\u00fcnster e. V.","og_description":"Das Fanprojekt M\u00fcnster hat am gestrigen Donnerstagabend zu einer offenen Diskussionsrunde im Fanport am Preu\u00dfenstadion geladen. Die Ereignisse der letzten Wochen gaben den Anlass dazu. In einer guten Gespr\u00e4chsatmosph\u00e4re gelang... Read more &raquo;","og_url":"https:\/\/www.fanprojekt-muenster.de\/wordpress\/fanprojekt-muenster-lud-preussen-anhaenger-zur-konstruktiven-diskussion\/","og_site_name":"Fangemeinschaft Preu\u00dfen M\u00fcnster e. V.","article_published_time":"2015-11-06T10:55:16+00:00","author":"Florian","twitter_card":"summary_large_image","twitter_misc":{"Verfasst von":"Florian","Gesch\u00e4tzte Lesezeit":"1\u00a0Minute"},"schema":{"@context":"https:\/\/schema.org","@graph":[{"@type":"Article","@id":"https:\/\/www.fanprojekt-muenster.de\/wordpress\/fanprojekt-muenster-lud-preussen-anhaenger-zur-konstruktiven-diskussion\/#article","isPartOf":{"@id":"https:\/\/www.fanprojekt-muenster.de\/wordpress\/fanprojekt-muenster-lud-preussen-anhaenger-zur-konstruktiven-diskussion\/"},"author":{"name":"Florian","@id":"https:\/\/www.fanprojekt-muenster.de\/wordpress\/#\/schema\/person\/529d3ee920414da8907f25b585d57a4e"},"headline":"Fanprojekt M\u00fcnster lud Preu\u00dfen-Anh\u00e4nger zur konstruktiven Diskussion","datePublished":"2015-11-06T10:55:16+00:00","mainEntityOfPage":{"@id":"https:\/\/www.fanprojekt-muenster.de\/wordpress\/fanprojekt-muenster-lud-preussen-anhaenger-zur-konstruktiven-diskussion\/"},"wordCount":298,"publisher":{"@id":"https:\/\/www.fanprojekt-muenster.de\/wordpress\/#organization"},"image":{"@id":"https:\/\/www.fanprojekt-muenster.de\/wordpress\/fanprojekt-muenster-lud-preussen-anhaenger-zur-konstruktiven-diskussion\/#primaryimage"},"thumbnailUrl":"","keywords":["Dialog","Diskussion","Fanport","Fanprojekt","Fanszene"],"articleSection":["Aktuelles","Veranstaltungen"],"inLanguage":"de"},{"@type":"WebPage","@id":"https:\/\/www.fanprojekt-muenster.de\/wordpress\/fanprojekt-muenster-lud-preussen-anhaenger-zur-konstruktiven-diskussion\/","url":"https:\/\/www.fanprojekt-muenster.de\/wordpress\/fanprojekt-muenster-lud-preussen-anhaenger-zur-konstruktiven-diskussion\/","name":"Fanprojekt M\u00fcnster lud Preu\u00dfen-Anh\u00e4nger zur konstruktiven Diskussion - Fangemeinschaft Preu\u00dfen M\u00fcnster e. V.","isPartOf":{"@id":"https:\/\/www.fanprojekt-muenster.de\/wordpress\/#website"},"primaryImageOfPage":{"@id":"https:\/\/www.fanprojekt-muenster.de\/wordpress\/fanprojekt-muenster-lud-preussen-anhaenger-zur-konstruktiven-diskussion\/#primaryimage"},"image":{"@id":"https:\/\/www.fanprojekt-muenster.de\/wordpress\/fanprojekt-muenster-lud-preussen-anhaenger-zur-konstruktiven-diskussion\/#primaryimage"},"thumbnailUrl":"","datePublished":"2015-11-06T10:55:16+00:00","breadcrumb":{"@id":"https:\/\/www.fanprojekt-muenster.de\/wordpress\/fanprojekt-muenster-lud-preussen-anhaenger-zur-konstruktiven-diskussion\/#breadcrumb"},"inLanguage":"de","potentialAction":[{"@type":"ReadAction","target":["https:\/\/www.fanprojekt-muenster.de\/wordpress\/fanprojekt-muenster-lud-preussen-anhaenger-zur-konstruktiven-diskussion\/"]}]},{"@type":"ImageObject","inLanguage":"de","@id":"https:\/\/www.fanprojekt-muenster.de\/wordpress\/fanprojekt-muenster-lud-preussen-anhaenger-zur-konstruktiven-diskussion\/#primaryimage","url":"","contentUrl":""},{"@type":"BreadcrumbList","@id":"https:\/\/www.fanprojekt-muenster.de\/wordpress\/fanprojekt-muenster-lud-preussen-anhaenger-zur-konstruktiven-diskussion\/#breadcrumb","itemListElement":[{"@type":"ListItem","position":1,"name":"Startseite","item":"https:\/\/www.fanprojekt-muenster.de\/wordpress\/"},{"@type":"ListItem","position":2,"name":"Fanprojekt M\u00fcnster lud Preu\u00dfen-Anh\u00e4nger zur konstruktiven Diskussion"}]},{"@type":"WebSite","@id":"https:\/\/www.fanprojekt-muenster.de\/wordpress\/#website","url":"https:\/\/www.fanprojekt-muenster.de\/wordpress\/","name":"Fangemeinschaft Preu\u00dfen M\u00fcnster e. V.","description":"","publisher":{"@id":"https:\/\/www.fanprojekt-muenster.de\/wordpress\/#organization"},"potentialAction":[{"@type":"SearchAction","target":{"@type":"EntryPoint","urlTemplate":"https:\/\/www.fanprojekt-muenster.de\/wordpress\/?s={search_term_string}"},"query-input":{"@type":"PropertyValueSpecification","valueRequired":true,"valueName":"search_term_string"}}],"inLanguage":"de"},{"@type":"Organization","@id":"https:\/\/www.fanprojekt-muenster.de\/wordpress\/#organization","name":"Fangemeinschaft Preu\u00dfen M\u00fcnster e. V.","url":"https:\/\/www.fanprojekt-muenster.de\/wordpress\/","logo":{"@type":"ImageObject","inLanguage":"de","@id":"https:\/\/www.fanprojekt-muenster.de\/wordpress\/#\/schema\/logo\/image\/","url":"https:\/\/www.fanprojekt-muenster.de\/wordpress\/wp-content\/uploads\/2019\/07\/cropped-Website_Logo3-9.png","contentUrl":"https:\/\/www.fanprojekt-muenster.de\/wordpress\/wp-content\/uploads\/2019\/07\/cropped-Website_Logo3-9.png","width":224,"height":42,"caption":"Fangemeinschaft Preu\u00dfen M\u00fcnster e. V."},"image":{"@id":"https:\/\/www.fanprojekt-muenster.de\/wordpress\/#\/schema\/logo\/image\/"}},{"@type":"Person","@id":"https:\/\/www.fanprojekt-muenster.de\/wordpress\/#\/schema\/person\/529d3ee920414da8907f25b585d57a4e","name":"Florian","url":"https:\/\/www.fanprojekt-muenster.de\/wordpress\/author\/flovoss\/"}]}},"author_meta":{"display_name":"Florian","author_link":"https:\/\/www.fanprojekt-muenster.de\/wordpress\/author\/flovoss\/"},"featured_img":null,"coauthors":[],"tax_additional":{"categories":{"linked":["<a href=\"https:\/\/www.fanprojekt-muenster.de\/wordpress\/category\/aktuelles\/\" class=\"advgb-post-tax-term\">Aktuelles<\/a>","<a href=\"https:\/\/www.fanprojekt-muenster.de\/wordpress\/category\/veranstaltungen\/\" class=\"advgb-post-tax-term\">Veranstaltungen<\/a>"],"unlinked":["<span class=\"advgb-post-tax-term\">Aktuelles<\/span>","<span class=\"advgb-post-tax-term\">Veranstaltungen<\/span>"]},"tags":{"linked":["<a href=\"https:\/\/www.fanprojekt-muenster.de\/wordpress\/category\/veranstaltungen\/\" class=\"advgb-post-tax-term\">Dialog<\/a>","<a href=\"https:\/\/www.fanprojekt-muenster.de\/wordpress\/category\/veranstaltungen\/\" class=\"advgb-post-tax-term\">Diskussion<\/a>","<a href=\"https:\/\/www.fanprojekt-muenster.de\/wordpress\/category\/veranstaltungen\/\" class=\"advgb-post-tax-term\">Fanport<\/a>","<a href=\"https:\/\/www.fanprojekt-muenster.de\/wordpress\/category\/veranstaltungen\/\" class=\"advgb-post-tax-term\">Fanprojekt<\/a>","<a href=\"https:\/\/www.fanprojekt-muenster.de\/wordpress\/category\/veranstaltungen\/\" class=\"advgb-post-tax-term\">Fanszene<\/a>"],"unlinked":["<span class=\"advgb-post-tax-term\">Dialog<\/span>","<span class=\"advgb-post-tax-term\">Diskussion<\/span>","<span class=\"advgb-post-tax-term\">Fanport<\/span>","<span class=\"advgb-post-tax-term\">Fanprojekt<\/span>","<span class=\"advgb-post-tax-term\">Fanszene<\/span>"]}},"comment_count":"0","relative_dates":{"created":"Posted 10\u00a0Jahren ago","modified":"Updated 10\u00a0Jahren ago"},"absolute_dates":{"created":"Posted on 6. November 2015","modified":"Updated on 6. November 2015"},"absolute_dates_time":{"created":"Posted on 6. November 2015 12:55","modified":"Updated on 6. November 2015 12:55"},"featured_img_caption":"","series_order":"","_links":{"self":[{"href":"https:\/\/www.fanprojekt-muenster.de\/wordpress\/wp-json\/wp\/v2\/posts\/5074","targetHints":{"allow":["GET"]}}],"collection":[{"href":"https:\/\/www.fanprojekt-muenster.de\/wordpress\/wp-json\/wp\/v2\/posts"}],"about":[{"href":"https:\/\/www.fanprojekt-muenster.de\/wordpress\/wp-json\/wp\/v2\/types\/post"}],"author":[{"embeddable":true,"href":"https:\/\/www.fanprojekt-muenster.de\/wordpress\/wp-json\/wp\/v2\/users\/5"}],"replies":[{"embeddable":true,"href":"https:\/\/www.fanprojekt-muenster.de\/wordpress\/wp-json\/wp\/v2\/comments?post=5074"}],"version-history":[{"count":0,"href":"https:\/\/www.fanprojekt-muenster.de\/wordpress\/wp-json\/wp\/v2\/posts\/5074\/revisions"}],"wp:featuredmedia":[{"embeddable":true,"href":"https:\/\/www.fanprojekt-muenster.de\/wordpress\/wp-json\/"}],"wp:attachment":[{"href":"https:\/\/www.fanprojekt-muenster.de\/wordpress\/wp-json\/wp\/v2\/media?parent=5074"}],"wp:term":[{"taxonomy":"category","embeddable":true,"href":"https:\/\/www.fanprojekt-muenster.de\/wordpress\/wp-json\/wp\/v2\/categories?post=5074"},{"taxonomy":"post_tag","embeddable":true,"href":"https:\/\/www.fanprojekt-muenster.de\/wordpress\/wp-json\/wp\/v2\/tags?post=5074"}],"curies":[{"name":"wp","href":"https:\/\/api.w.org\/{rel}","templated":true}]}}