{"id":5065,"date":"2015-10-30T19:31:41","date_gmt":"2015-10-30T17:31:41","guid":{"rendered":"http:\/\/www.fanprojekt-muenster.de\/wp\/?p=5065"},"modified":"2015-10-30T19:31:41","modified_gmt":"2015-10-30T17:31:41","slug":"werner-hansch-kommentiert-zum-jubilaeum-bei-radio-mottekstrehle","status":"publish","type":"post","link":"https:\/\/www.fanprojekt-muenster.de\/wordpress\/werner-hansch-kommentiert-zum-jubilaeum-bei-radio-mottekstrehle\/","title":{"rendered":"Werner Hansch kommentiert zum Jubil\u00e4um bei \u201eRadio Mottekstrehle\u201c"},"content":{"rendered":"<p>Fast auf den Tag genau vor 90 Jahren sendete der Vorg\u00e4nger des WDR aus dem Preu\u00dfenstadion Deutschlands erste Fu\u00dfballreportage \u201elive\u201c. Am 1. November 1925 wurde Geschichte geschrieben an der Hammer Stra\u00dfe. Eine Legende dieser Form der Berichterstattung wurde Werner Hansch, dessen Stimme wohl jedem Fu\u00dfballfan bekannt ist. Er kommentiert am Samstag bei \u201eRadio Mottekstrehle\u201c, das gleichzeitig auch Jubil\u00e4um feiert: seit 3 Jahren gibt es die Spielberichte \u201evon Fans f\u00fcr Fans\u201c unter dem Dach des Fanprojekt M\u00fcnster.<\/p>\n<p>F\u00fcr jeden Fan, der das Heimspiel der Preu\u00dfen gegen Holstein Kiel nicht im Stadion erleben kann, ist das Fanradio also diesmal mehr als eine gute Alternative. Es ist au\u00dferdem zu erwarten, dass einige Fu\u00dfball-Romantiker die Gelegenheit nutzen, um in der Vergangenheit zu schwelgen. Das Kurz-Comeback von Kult-Kommentator Hansch st\u00f6\u00dft auf \u00fcberregionales Interesse.<\/p>\n<p>Von 1978 bis 1992 arbeitete Hansch f\u00fcr den WDR- und ARD-H\u00f6rfunk. Als Bundesliga- und UEFA Champions League-Kommentator ging der geb\u00fcrtige Recklinghauser in den Jahren von 1992 bis 2006 f\u00fcr Sat.1 auf Sendung. Hansch fand ebenso in der Rundfunk-Branche durch unz\u00e4hlige Auszeichnungen sender\u00fcbergreifende Anerkennung.<\/p>\n<p>Nun geht die Sportreporter-Legende mit dem offiziellen Fanradio des SC Preu\u00dfen 06 e.V. M\u00fcnster on air. Am 30. Oktober 2012, beim DFB-Pokalheimspiel gegen den FC Augsburg,\u00a0 ging das Fanradio \u201eMottekstrehle\u201c unter dem Motto \u201eVon Fans f\u00fcr Fans\u201c mit 500 Zuh\u00f6rern zum ersten Mal auf Sendung. Fast auf den Tag genau, drei Jahre sp\u00e4ter, darf das Radio-Team des Fanprojekts einen ganz besonderen Gast-Kommentator zum dreij\u00e4hrigen Jubil\u00e4um auf der Pressetrib\u00fcne des Preu\u00dfenstadions begr\u00fc\u00dfen.<\/p>\n<p><span style=\"color: #999999;\"><em>\u201eWerner Hansch\u201c von blu-news.org &#8211; Werner Hansch. Lizenziert unter CC BY-SA 2.0 \u00fcber Wikimedia Commons &#8211; https:\/\/commons.wikimedia.org\/wiki\/File:Werner_Hansch.jpg#\/media\/File:Werner_Hansch.jpg<\/em><\/span><\/p>\n","protected":false},"excerpt":{"rendered":"<p>Fast auf den Tag genau vor 90 Jahren sendete der Vorg\u00e4nger des WDR aus dem Preu\u00dfenstadion Deutschlands erste Fu\u00dfballreportage \u201elive\u201c. Am 1. November 1925 wurde Geschichte geschrieben an der Hammer&#8230; <a class=\"read-more-link\" href=\"https:\/\/www.fanprojekt-muenster.de\/wordpress\/werner-hansch-kommentiert-zum-jubilaeum-bei-radio-mottekstrehle\/\">Read more &raquo;<\/a><\/p>\n","protected":false},"author":5,"featured_media":5070,"comment_status":"closed","ping_status":"closed","sticky":false,"template":"","format":"standard","meta":{"advgb_blocks_editor_width":"","advgb_blocks_columns_visual_guide":"","footnotes":""},"categories":[3,8],"tags":[],"class_list":["post-5065","post","type-post","status-publish","format-standard","has-post-thumbnail","hentry","category-aktuelles","category-radio-mottekstrehle"],"featured_image_src":null,"author_info":{"display_name":"Florian","author_link":"https:\/\/www.fanprojekt-muenster.de\/wordpress\/author\/flovoss\/"},"yoast_head":"<!-- This site is optimized with the Yoast SEO plugin v27.2 - https:\/\/yoast.com\/product\/yoast-seo-wordpress\/ -->\n<title>Werner Hansch kommentiert zum Jubil\u00e4um bei \u201eRadio Mottekstrehle\u201c - Fangemeinschaft Preu\u00dfen M\u00fcnster e. V.<\/title>\n<meta name=\"robots\" content=\"index, follow, max-snippet:-1, max-image-preview:large, max-video-preview:-1\" \/>\n<link rel=\"canonical\" href=\"https:\/\/www.fanprojekt-muenster.de\/wordpress\/werner-hansch-kommentiert-zum-jubilaeum-bei-radio-mottekstrehle\/\" \/>\n<meta property=\"og:locale\" content=\"de_DE\" \/>\n<meta property=\"og:type\" content=\"article\" \/>\n<meta property=\"og:title\" content=\"Werner Hansch kommentiert zum Jubil\u00e4um bei \u201eRadio Mottekstrehle\u201c - Fangemeinschaft Preu\u00dfen M\u00fcnster e. V.\" \/>\n<meta property=\"og:description\" content=\"Fast auf den Tag genau vor 90 Jahren sendete der Vorg\u00e4nger des WDR aus dem Preu\u00dfenstadion Deutschlands erste Fu\u00dfballreportage \u201elive\u201c. Am 1. November 1925 wurde Geschichte geschrieben an der Hammer... Read more &raquo;\" \/>\n<meta property=\"og:url\" content=\"https:\/\/www.fanprojekt-muenster.de\/wordpress\/werner-hansch-kommentiert-zum-jubilaeum-bei-radio-mottekstrehle\/\" \/>\n<meta property=\"og:site_name\" content=\"Fangemeinschaft Preu\u00dfen M\u00fcnster e. V.\" \/>\n<meta property=\"article:published_time\" content=\"2015-10-30T17:31:41+00:00\" \/>\n<meta name=\"author\" content=\"Florian\" \/>\n<meta name=\"twitter:card\" content=\"summary_large_image\" \/>\n<meta name=\"twitter:label1\" content=\"Verfasst von\" \/>\n\t<meta name=\"twitter:data1\" content=\"Florian\" \/>\n\t<meta name=\"twitter:label2\" content=\"Gesch\u00e4tzte Lesezeit\" \/>\n\t<meta name=\"twitter:data2\" content=\"1\u00a0Minute\" \/>\n<script type=\"application\/ld+json\" class=\"yoast-schema-graph\">{\"@context\":\"https:\/\/schema.org\",\"@graph\":[{\"@type\":\"Article\",\"@id\":\"https:\/\/www.fanprojekt-muenster.de\/wordpress\/werner-hansch-kommentiert-zum-jubilaeum-bei-radio-mottekstrehle\/#article\",\"isPartOf\":{\"@id\":\"https:\/\/www.fanprojekt-muenster.de\/wordpress\/werner-hansch-kommentiert-zum-jubilaeum-bei-radio-mottekstrehle\/\"},\"author\":{\"name\":\"Florian\",\"@id\":\"https:\/\/www.fanprojekt-muenster.de\/wordpress\/#\/schema\/person\/529d3ee920414da8907f25b585d57a4e\"},\"headline\":\"Werner Hansch kommentiert zum Jubil\u00e4um bei \u201eRadio Mottekstrehle\u201c\",\"datePublished\":\"2015-10-30T17:31:41+00:00\",\"mainEntityOfPage\":{\"@id\":\"https:\/\/www.fanprojekt-muenster.de\/wordpress\/werner-hansch-kommentiert-zum-jubilaeum-bei-radio-mottekstrehle\/\"},\"wordCount\":299,\"publisher\":{\"@id\":\"https:\/\/www.fanprojekt-muenster.de\/wordpress\/#organization\"},\"image\":{\"@id\":\"https:\/\/www.fanprojekt-muenster.de\/wordpress\/werner-hansch-kommentiert-zum-jubilaeum-bei-radio-mottekstrehle\/#primaryimage\"},\"thumbnailUrl\":\"\",\"articleSection\":[\"Aktuelles\",\"Radio Mottekstrehle\"],\"inLanguage\":\"de\"},{\"@type\":\"WebPage\",\"@id\":\"https:\/\/www.fanprojekt-muenster.de\/wordpress\/werner-hansch-kommentiert-zum-jubilaeum-bei-radio-mottekstrehle\/\",\"url\":\"https:\/\/www.fanprojekt-muenster.de\/wordpress\/werner-hansch-kommentiert-zum-jubilaeum-bei-radio-mottekstrehle\/\",\"name\":\"Werner Hansch kommentiert zum Jubil\u00e4um bei \u201eRadio Mottekstrehle\u201c - Fangemeinschaft Preu\u00dfen M\u00fcnster e. V.\",\"isPartOf\":{\"@id\":\"https:\/\/www.fanprojekt-muenster.de\/wordpress\/#website\"},\"primaryImageOfPage\":{\"@id\":\"https:\/\/www.fanprojekt-muenster.de\/wordpress\/werner-hansch-kommentiert-zum-jubilaeum-bei-radio-mottekstrehle\/#primaryimage\"},\"image\":{\"@id\":\"https:\/\/www.fanprojekt-muenster.de\/wordpress\/werner-hansch-kommentiert-zum-jubilaeum-bei-radio-mottekstrehle\/#primaryimage\"},\"thumbnailUrl\":\"\",\"datePublished\":\"2015-10-30T17:31:41+00:00\",\"breadcrumb\":{\"@id\":\"https:\/\/www.fanprojekt-muenster.de\/wordpress\/werner-hansch-kommentiert-zum-jubilaeum-bei-radio-mottekstrehle\/#breadcrumb\"},\"inLanguage\":\"de\",\"potentialAction\":[{\"@type\":\"ReadAction\",\"target\":[\"https:\/\/www.fanprojekt-muenster.de\/wordpress\/werner-hansch-kommentiert-zum-jubilaeum-bei-radio-mottekstrehle\/\"]}]},{\"@type\":\"ImageObject\",\"inLanguage\":\"de\",\"@id\":\"https:\/\/www.fanprojekt-muenster.de\/wordpress\/werner-hansch-kommentiert-zum-jubilaeum-bei-radio-mottekstrehle\/#primaryimage\",\"url\":\"\",\"contentUrl\":\"\"},{\"@type\":\"BreadcrumbList\",\"@id\":\"https:\/\/www.fanprojekt-muenster.de\/wordpress\/werner-hansch-kommentiert-zum-jubilaeum-bei-radio-mottekstrehle\/#breadcrumb\",\"itemListElement\":[{\"@type\":\"ListItem\",\"position\":1,\"name\":\"Startseite\",\"item\":\"https:\/\/www.fanprojekt-muenster.de\/wordpress\/\"},{\"@type\":\"ListItem\",\"position\":2,\"name\":\"Werner Hansch kommentiert zum Jubil\u00e4um bei \u201eRadio Mottekstrehle\u201c\"}]},{\"@type\":\"WebSite\",\"@id\":\"https:\/\/www.fanprojekt-muenster.de\/wordpress\/#website\",\"url\":\"https:\/\/www.fanprojekt-muenster.de\/wordpress\/\",\"name\":\"Fangemeinschaft Preu\u00dfen M\u00fcnster e. V.\",\"description\":\"\",\"publisher\":{\"@id\":\"https:\/\/www.fanprojekt-muenster.de\/wordpress\/#organization\"},\"potentialAction\":[{\"@type\":\"SearchAction\",\"target\":{\"@type\":\"EntryPoint\",\"urlTemplate\":\"https:\/\/www.fanprojekt-muenster.de\/wordpress\/?s={search_term_string}\"},\"query-input\":{\"@type\":\"PropertyValueSpecification\",\"valueRequired\":true,\"valueName\":\"search_term_string\"}}],\"inLanguage\":\"de\"},{\"@type\":\"Organization\",\"@id\":\"https:\/\/www.fanprojekt-muenster.de\/wordpress\/#organization\",\"name\":\"Fangemeinschaft Preu\u00dfen M\u00fcnster e. V.\",\"url\":\"https:\/\/www.fanprojekt-muenster.de\/wordpress\/\",\"logo\":{\"@type\":\"ImageObject\",\"inLanguage\":\"de\",\"@id\":\"https:\/\/www.fanprojekt-muenster.de\/wordpress\/#\/schema\/logo\/image\/\",\"url\":\"https:\/\/www.fanprojekt-muenster.de\/wordpress\/wp-content\/uploads\/2019\/07\/cropped-Website_Logo3-9.png\",\"contentUrl\":\"https:\/\/www.fanprojekt-muenster.de\/wordpress\/wp-content\/uploads\/2019\/07\/cropped-Website_Logo3-9.png\",\"width\":224,\"height\":42,\"caption\":\"Fangemeinschaft Preu\u00dfen M\u00fcnster e. V.\"},\"image\":{\"@id\":\"https:\/\/www.fanprojekt-muenster.de\/wordpress\/#\/schema\/logo\/image\/\"}},{\"@type\":\"Person\",\"@id\":\"https:\/\/www.fanprojekt-muenster.de\/wordpress\/#\/schema\/person\/529d3ee920414da8907f25b585d57a4e\",\"name\":\"Florian\",\"url\":\"https:\/\/www.fanprojekt-muenster.de\/wordpress\/author\/flovoss\/\"}]}<\/script>\n<!-- \/ Yoast SEO plugin. -->","yoast_head_json":{"title":"Werner Hansch kommentiert zum Jubil\u00e4um bei \u201eRadio Mottekstrehle\u201c - Fangemeinschaft Preu\u00dfen M\u00fcnster e. V.","robots":{"index":"index","follow":"follow","max-snippet":"max-snippet:-1","max-image-preview":"max-image-preview:large","max-video-preview":"max-video-preview:-1"},"canonical":"https:\/\/www.fanprojekt-muenster.de\/wordpress\/werner-hansch-kommentiert-zum-jubilaeum-bei-radio-mottekstrehle\/","og_locale":"de_DE","og_type":"article","og_title":"Werner Hansch kommentiert zum Jubil\u00e4um bei \u201eRadio Mottekstrehle\u201c - Fangemeinschaft Preu\u00dfen M\u00fcnster e. V.","og_description":"Fast auf den Tag genau vor 90 Jahren sendete der Vorg\u00e4nger des WDR aus dem Preu\u00dfenstadion Deutschlands erste Fu\u00dfballreportage \u201elive\u201c. Am 1. November 1925 wurde Geschichte geschrieben an der Hammer... Read more &raquo;","og_url":"https:\/\/www.fanprojekt-muenster.de\/wordpress\/werner-hansch-kommentiert-zum-jubilaeum-bei-radio-mottekstrehle\/","og_site_name":"Fangemeinschaft Preu\u00dfen M\u00fcnster e. V.","article_published_time":"2015-10-30T17:31:41+00:00","author":"Florian","twitter_card":"summary_large_image","twitter_misc":{"Verfasst von":"Florian","Gesch\u00e4tzte Lesezeit":"1\u00a0Minute"},"schema":{"@context":"https:\/\/schema.org","@graph":[{"@type":"Article","@id":"https:\/\/www.fanprojekt-muenster.de\/wordpress\/werner-hansch-kommentiert-zum-jubilaeum-bei-radio-mottekstrehle\/#article","isPartOf":{"@id":"https:\/\/www.fanprojekt-muenster.de\/wordpress\/werner-hansch-kommentiert-zum-jubilaeum-bei-radio-mottekstrehle\/"},"author":{"name":"Florian","@id":"https:\/\/www.fanprojekt-muenster.de\/wordpress\/#\/schema\/person\/529d3ee920414da8907f25b585d57a4e"},"headline":"Werner Hansch kommentiert zum Jubil\u00e4um bei \u201eRadio Mottekstrehle\u201c","datePublished":"2015-10-30T17:31:41+00:00","mainEntityOfPage":{"@id":"https:\/\/www.fanprojekt-muenster.de\/wordpress\/werner-hansch-kommentiert-zum-jubilaeum-bei-radio-mottekstrehle\/"},"wordCount":299,"publisher":{"@id":"https:\/\/www.fanprojekt-muenster.de\/wordpress\/#organization"},"image":{"@id":"https:\/\/www.fanprojekt-muenster.de\/wordpress\/werner-hansch-kommentiert-zum-jubilaeum-bei-radio-mottekstrehle\/#primaryimage"},"thumbnailUrl":"","articleSection":["Aktuelles","Radio Mottekstrehle"],"inLanguage":"de"},{"@type":"WebPage","@id":"https:\/\/www.fanprojekt-muenster.de\/wordpress\/werner-hansch-kommentiert-zum-jubilaeum-bei-radio-mottekstrehle\/","url":"https:\/\/www.fanprojekt-muenster.de\/wordpress\/werner-hansch-kommentiert-zum-jubilaeum-bei-radio-mottekstrehle\/","name":"Werner Hansch kommentiert zum Jubil\u00e4um bei \u201eRadio Mottekstrehle\u201c - Fangemeinschaft Preu\u00dfen M\u00fcnster e. V.","isPartOf":{"@id":"https:\/\/www.fanprojekt-muenster.de\/wordpress\/#website"},"primaryImageOfPage":{"@id":"https:\/\/www.fanprojekt-muenster.de\/wordpress\/werner-hansch-kommentiert-zum-jubilaeum-bei-radio-mottekstrehle\/#primaryimage"},"image":{"@id":"https:\/\/www.fanprojekt-muenster.de\/wordpress\/werner-hansch-kommentiert-zum-jubilaeum-bei-radio-mottekstrehle\/#primaryimage"},"thumbnailUrl":"","datePublished":"2015-10-30T17:31:41+00:00","breadcrumb":{"@id":"https:\/\/www.fanprojekt-muenster.de\/wordpress\/werner-hansch-kommentiert-zum-jubilaeum-bei-radio-mottekstrehle\/#breadcrumb"},"inLanguage":"de","potentialAction":[{"@type":"ReadAction","target":["https:\/\/www.fanprojekt-muenster.de\/wordpress\/werner-hansch-kommentiert-zum-jubilaeum-bei-radio-mottekstrehle\/"]}]},{"@type":"ImageObject","inLanguage":"de","@id":"https:\/\/www.fanprojekt-muenster.de\/wordpress\/werner-hansch-kommentiert-zum-jubilaeum-bei-radio-mottekstrehle\/#primaryimage","url":"","contentUrl":""},{"@type":"BreadcrumbList","@id":"https:\/\/www.fanprojekt-muenster.de\/wordpress\/werner-hansch-kommentiert-zum-jubilaeum-bei-radio-mottekstrehle\/#breadcrumb","itemListElement":[{"@type":"ListItem","position":1,"name":"Startseite","item":"https:\/\/www.fanprojekt-muenster.de\/wordpress\/"},{"@type":"ListItem","position":2,"name":"Werner Hansch kommentiert zum Jubil\u00e4um bei \u201eRadio Mottekstrehle\u201c"}]},{"@type":"WebSite","@id":"https:\/\/www.fanprojekt-muenster.de\/wordpress\/#website","url":"https:\/\/www.fanprojekt-muenster.de\/wordpress\/","name":"Fangemeinschaft Preu\u00dfen M\u00fcnster e. V.","description":"","publisher":{"@id":"https:\/\/www.fanprojekt-muenster.de\/wordpress\/#organization"},"potentialAction":[{"@type":"SearchAction","target":{"@type":"EntryPoint","urlTemplate":"https:\/\/www.fanprojekt-muenster.de\/wordpress\/?s={search_term_string}"},"query-input":{"@type":"PropertyValueSpecification","valueRequired":true,"valueName":"search_term_string"}}],"inLanguage":"de"},{"@type":"Organization","@id":"https:\/\/www.fanprojekt-muenster.de\/wordpress\/#organization","name":"Fangemeinschaft Preu\u00dfen M\u00fcnster e. V.","url":"https:\/\/www.fanprojekt-muenster.de\/wordpress\/","logo":{"@type":"ImageObject","inLanguage":"de","@id":"https:\/\/www.fanprojekt-muenster.de\/wordpress\/#\/schema\/logo\/image\/","url":"https:\/\/www.fanprojekt-muenster.de\/wordpress\/wp-content\/uploads\/2019\/07\/cropped-Website_Logo3-9.png","contentUrl":"https:\/\/www.fanprojekt-muenster.de\/wordpress\/wp-content\/uploads\/2019\/07\/cropped-Website_Logo3-9.png","width":224,"height":42,"caption":"Fangemeinschaft Preu\u00dfen M\u00fcnster e. V."},"image":{"@id":"https:\/\/www.fanprojekt-muenster.de\/wordpress\/#\/schema\/logo\/image\/"}},{"@type":"Person","@id":"https:\/\/www.fanprojekt-muenster.de\/wordpress\/#\/schema\/person\/529d3ee920414da8907f25b585d57a4e","name":"Florian","url":"https:\/\/www.fanprojekt-muenster.de\/wordpress\/author\/flovoss\/"}]}},"author_meta":{"display_name":"Florian","author_link":"https:\/\/www.fanprojekt-muenster.de\/wordpress\/author\/flovoss\/"},"featured_img":null,"coauthors":[],"tax_additional":{"categories":{"linked":["<a href=\"https:\/\/www.fanprojekt-muenster.de\/wordpress\/category\/aktuelles\/\" class=\"advgb-post-tax-term\">Aktuelles<\/a>","<a href=\"https:\/\/www.fanprojekt-muenster.de\/wordpress\/category\/radio-mottekstrehle\/\" class=\"advgb-post-tax-term\">Radio Mottekstrehle<\/a>"],"unlinked":["<span class=\"advgb-post-tax-term\">Aktuelles<\/span>","<span class=\"advgb-post-tax-term\">Radio Mottekstrehle<\/span>"]}},"comment_count":"0","relative_dates":{"created":"Posted 11\u00a0Jahren ago","modified":"Updated 11\u00a0Jahren ago"},"absolute_dates":{"created":"Posted on 30. Oktober 2015","modified":"Updated on 30. Oktober 2015"},"absolute_dates_time":{"created":"Posted on 30. Oktober 2015 19:31","modified":"Updated on 30. Oktober 2015 19:31"},"featured_img_caption":"","series_order":"","_links":{"self":[{"href":"https:\/\/www.fanprojekt-muenster.de\/wordpress\/wp-json\/wp\/v2\/posts\/5065","targetHints":{"allow":["GET"]}}],"collection":[{"href":"https:\/\/www.fanprojekt-muenster.de\/wordpress\/wp-json\/wp\/v2\/posts"}],"about":[{"href":"https:\/\/www.fanprojekt-muenster.de\/wordpress\/wp-json\/wp\/v2\/types\/post"}],"author":[{"embeddable":true,"href":"https:\/\/www.fanprojekt-muenster.de\/wordpress\/wp-json\/wp\/v2\/users\/5"}],"replies":[{"embeddable":true,"href":"https:\/\/www.fanprojekt-muenster.de\/wordpress\/wp-json\/wp\/v2\/comments?post=5065"}],"version-history":[{"count":0,"href":"https:\/\/www.fanprojekt-muenster.de\/wordpress\/wp-json\/wp\/v2\/posts\/5065\/revisions"}],"wp:featuredmedia":[{"embeddable":true,"href":"https:\/\/www.fanprojekt-muenster.de\/wordpress\/wp-json\/"}],"wp:attachment":[{"href":"https:\/\/www.fanprojekt-muenster.de\/wordpress\/wp-json\/wp\/v2\/media?parent=5065"}],"wp:term":[{"taxonomy":"category","embeddable":true,"href":"https:\/\/www.fanprojekt-muenster.de\/wordpress\/wp-json\/wp\/v2\/categories?post=5065"},{"taxonomy":"post_tag","embeddable":true,"href":"https:\/\/www.fanprojekt-muenster.de\/wordpress\/wp-json\/wp\/v2\/tags?post=5065"}],"curies":[{"name":"wp","href":"https:\/\/api.w.org\/{rel}","templated":true}]}}