{"id":5059,"date":"2015-10-19T17:37:04","date_gmt":"2015-10-19T15:37:04","guid":{"rendered":"http:\/\/www.fanprojekt-muenster.de\/wp\/?p=5059"},"modified":"2015-10-19T17:37:04","modified_gmt":"2015-10-19T15:37:04","slug":"offener-diskussionsabend-am-05-11-2015","status":"publish","type":"post","link":"https:\/\/www.fanprojekt-muenster.de\/wordpress\/offener-diskussionsabend-am-05-11-2015\/","title":{"rendered":"Offener Diskussionsabend am 05.11.2015"},"content":{"rendered":"<p style=\"text-align: justify;\">Viele verschiedene Interessengruppen und einzelne Personen rund um den SC Preu\u00dfen M\u00fcnster erwarten von uns eine Stellungnahme zu den Vorkommnissen w\u00e4hrend des Heimspiels gegen Hansa Rostock.<\/p>\n<p style=\"text-align: justify;\">Wir werden diese Vorf\u00e4lle ganz bewusst nicht \u00f6ffentlich kommentieren, weder die Pyroaktionen, noch die Kommunikation des Vereins oder auch das Alkoholverbot. Wir sind ein Fan- Dachverband von und f\u00fcr Preu\u00dfenfans. Unsere Fanprojektmitglieder kommen aus <span style=\"text-decoration: underline;\">allen Bereichen<\/span> des Stadions und jeder hat seine eigene Ansicht und Meinung rund um diese Thematik. Das Fanprojekt ist weder eine Interessensvertretung der Ultras, noch sind wir eine Interessenvertretung der Gegengerade oder der Trib\u00fcne. Als Vorstand des Fanprojekts ist es unser Anliegen, ALLEN Mitgliedern gerecht zu werden. Somit liegt es in der Natur der Sache, dass wir oftmals zwischen allen St\u00fchlen sitzen.<\/p>\n<p style=\"text-align: justify;\">Das ist gewollt und ist in unseren Augen auch richtig so.<\/p>\n<p style=\"text-align: justify;\">Interne Kommunikation mit ALLEN Fangruppen und mit dem Verein SC Preu\u00dfen M\u00fcnster ist uns wichtiger als \u00f6ffentliche Stellungnahmen. Wir setzen auf Dialog und wollen die verschiedenen Str\u00f6mungen &#8211; auch in schwierigen Zeiten &#8211; zusammenbringen. Miteinander reden ist produktiver als \u00fcbereinander reden.<\/p>\n<p style=\"text-align: justify;\">Daher laden wir ALLE interessierten Preu\u00dfenfans zu einem Diskussionsabend ein.<\/p>\n<p style=\"text-align: justify;\">Am Donnerstag, dem 05.11.2015 bieten wir ab 20 Uhr im FanPort die M\u00f6glichkeit \u00fcber die aktuelle Situation der Fanszene Preu\u00dfen M\u00fcnster zu diskutieren. Ganz bewusst werden wir an diesem Abend kein Programm oder Themenagenda vorbereiten.<\/p>\n<p style=\"text-align: justify;\">Wir k\u00f6nnen uns gemeinsam \u00fcber den Verein, \u00fcber die interne Kommunikation unter den Fans, \u00fcber die Ultraszene aus M\u00fcnster, \u00fcber Polizeima\u00dfnahmen, den DFB und auch \u00fcber Pyrotechnik austauschen. Jeder ist willkommen, um in einem respektvollen Rahmen miteinander zu diskutieren, sich kennenzulernen und im Idealfalle vielleicht neue Sichtweisen mit nach Hause zu nehmen.<\/p>\n<p style=\"text-align: justify;\">Wir freuen uns auf anregende und fruchtbare Diskussionen.<\/p>\n<p style=\"text-align: justify;\">[message_box title=&#8220;Offener Diskussionsabend&#8220; color=&#8220;green&#8220;]<br \/>\n<strong>Wann:<\/strong> Donnerstag &#8211; 05.11.2015<br \/>\n<strong>Wo:<\/strong> FANport M\u00fcnster [<a href=\"http:\/\/www.fanport-muenster.de\/kontakt.html\" target=\"_blank\" rel=\"noopener noreferrer\">Anfahrt<\/a>]<br \/>\n<strong>Was:<\/strong> offener Themenabend[\/message_box]<\/p>\n<p style=\"text-align: justify;\">Fanprojekt Preu\u00dfen M\u00fcnster e.V.<\/p>\n","protected":false},"excerpt":{"rendered":"<p>Viele verschiedene Interessengruppen und einzelne Personen rund um den SC Preu\u00dfen M\u00fcnster erwarten von uns eine Stellungnahme zu den Vorkommnissen w\u00e4hrend des Heimspiels gegen Hansa Rostock. Wir werden diese Vorf\u00e4lle&#8230; <a class=\"read-more-link\" href=\"https:\/\/www.fanprojekt-muenster.de\/wordpress\/offener-diskussionsabend-am-05-11-2015\/\">Read more &raquo;<\/a><\/p>\n","protected":false},"author":2,"featured_media":2054,"comment_status":"closed","ping_status":"closed","sticky":false,"template":"","format":"standard","meta":{"advgb_blocks_editor_width":"","advgb_blocks_columns_visual_guide":"","footnotes":""},"categories":[3],"tags":[],"class_list":["post-5059","post","type-post","status-publish","format-standard","has-post-thumbnail","hentry","category-aktuelles"],"featured_image_src":null,"author_info":{"display_name":"fp_superadmin","author_link":"https:\/\/www.fanprojekt-muenster.de\/wordpress\/author\/fp_superadmin\/"},"yoast_head":"<!-- This site is optimized with the Yoast SEO plugin v27.2 - https:\/\/yoast.com\/product\/yoast-seo-wordpress\/ -->\n<title>Offener Diskussionsabend am 05.11.2015 - Fangemeinschaft Preu\u00dfen M\u00fcnster e. V.<\/title>\n<meta name=\"robots\" content=\"index, follow, max-snippet:-1, max-image-preview:large, max-video-preview:-1\" \/>\n<link rel=\"canonical\" href=\"https:\/\/www.fanprojekt-muenster.de\/wordpress\/offener-diskussionsabend-am-05-11-2015\/\" \/>\n<meta property=\"og:locale\" content=\"de_DE\" \/>\n<meta property=\"og:type\" content=\"article\" \/>\n<meta property=\"og:title\" content=\"Offener Diskussionsabend am 05.11.2015 - Fangemeinschaft Preu\u00dfen M\u00fcnster e. V.\" \/>\n<meta property=\"og:description\" content=\"Viele verschiedene Interessengruppen und einzelne Personen rund um den SC Preu\u00dfen M\u00fcnster erwarten von uns eine Stellungnahme zu den Vorkommnissen w\u00e4hrend des Heimspiels gegen Hansa Rostock. Wir werden diese Vorf\u00e4lle... Read more &raquo;\" \/>\n<meta property=\"og:url\" content=\"https:\/\/www.fanprojekt-muenster.de\/wordpress\/offener-diskussionsabend-am-05-11-2015\/\" \/>\n<meta property=\"og:site_name\" content=\"Fangemeinschaft Preu\u00dfen M\u00fcnster e. V.\" \/>\n<meta property=\"article:published_time\" content=\"2015-10-19T15:37:04+00:00\" \/>\n<meta name=\"author\" content=\"fp_superadmin\" \/>\n<meta name=\"twitter:card\" content=\"summary_large_image\" \/>\n<meta name=\"twitter:label1\" content=\"Verfasst von\" \/>\n\t<meta name=\"twitter:data1\" content=\"fp_superadmin\" \/>\n\t<meta name=\"twitter:label2\" content=\"Gesch\u00e4tzte Lesezeit\" \/>\n\t<meta name=\"twitter:data2\" content=\"2\u00a0Minuten\" \/>\n<script type=\"application\/ld+json\" class=\"yoast-schema-graph\">{\"@context\":\"https:\/\/schema.org\",\"@graph\":[{\"@type\":\"Article\",\"@id\":\"https:\/\/www.fanprojekt-muenster.de\/wordpress\/offener-diskussionsabend-am-05-11-2015\/#article\",\"isPartOf\":{\"@id\":\"https:\/\/www.fanprojekt-muenster.de\/wordpress\/offener-diskussionsabend-am-05-11-2015\/\"},\"author\":{\"name\":\"fp_superadmin\",\"@id\":\"https:\/\/www.fanprojekt-muenster.de\/wordpress\/#\/schema\/person\/9126cc4d73d0d07c75b487075111186c\"},\"headline\":\"Offener Diskussionsabend am 05.11.2015\",\"datePublished\":\"2015-10-19T15:37:04+00:00\",\"mainEntityOfPage\":{\"@id\":\"https:\/\/www.fanprojekt-muenster.de\/wordpress\/offener-diskussionsabend-am-05-11-2015\/\"},\"wordCount\":325,\"publisher\":{\"@id\":\"https:\/\/www.fanprojekt-muenster.de\/wordpress\/#organization\"},\"image\":{\"@id\":\"https:\/\/www.fanprojekt-muenster.de\/wordpress\/offener-diskussionsabend-am-05-11-2015\/#primaryimage\"},\"thumbnailUrl\":\"\",\"articleSection\":[\"Aktuelles\"],\"inLanguage\":\"de\"},{\"@type\":\"WebPage\",\"@id\":\"https:\/\/www.fanprojekt-muenster.de\/wordpress\/offener-diskussionsabend-am-05-11-2015\/\",\"url\":\"https:\/\/www.fanprojekt-muenster.de\/wordpress\/offener-diskussionsabend-am-05-11-2015\/\",\"name\":\"Offener Diskussionsabend am 05.11.2015 - Fangemeinschaft Preu\u00dfen M\u00fcnster e. V.\",\"isPartOf\":{\"@id\":\"https:\/\/www.fanprojekt-muenster.de\/wordpress\/#website\"},\"primaryImageOfPage\":{\"@id\":\"https:\/\/www.fanprojekt-muenster.de\/wordpress\/offener-diskussionsabend-am-05-11-2015\/#primaryimage\"},\"image\":{\"@id\":\"https:\/\/www.fanprojekt-muenster.de\/wordpress\/offener-diskussionsabend-am-05-11-2015\/#primaryimage\"},\"thumbnailUrl\":\"\",\"datePublished\":\"2015-10-19T15:37:04+00:00\",\"breadcrumb\":{\"@id\":\"https:\/\/www.fanprojekt-muenster.de\/wordpress\/offener-diskussionsabend-am-05-11-2015\/#breadcrumb\"},\"inLanguage\":\"de\",\"potentialAction\":[{\"@type\":\"ReadAction\",\"target\":[\"https:\/\/www.fanprojekt-muenster.de\/wordpress\/offener-diskussionsabend-am-05-11-2015\/\"]}]},{\"@type\":\"ImageObject\",\"inLanguage\":\"de\",\"@id\":\"https:\/\/www.fanprojekt-muenster.de\/wordpress\/offener-diskussionsabend-am-05-11-2015\/#primaryimage\",\"url\":\"\",\"contentUrl\":\"\"},{\"@type\":\"BreadcrumbList\",\"@id\":\"https:\/\/www.fanprojekt-muenster.de\/wordpress\/offener-diskussionsabend-am-05-11-2015\/#breadcrumb\",\"itemListElement\":[{\"@type\":\"ListItem\",\"position\":1,\"name\":\"Startseite\",\"item\":\"https:\/\/www.fanprojekt-muenster.de\/wordpress\/\"},{\"@type\":\"ListItem\",\"position\":2,\"name\":\"Offener Diskussionsabend am 05.11.2015\"}]},{\"@type\":\"WebSite\",\"@id\":\"https:\/\/www.fanprojekt-muenster.de\/wordpress\/#website\",\"url\":\"https:\/\/www.fanprojekt-muenster.de\/wordpress\/\",\"name\":\"Fangemeinschaft Preu\u00dfen M\u00fcnster e. V.\",\"description\":\"\",\"publisher\":{\"@id\":\"https:\/\/www.fanprojekt-muenster.de\/wordpress\/#organization\"},\"potentialAction\":[{\"@type\":\"SearchAction\",\"target\":{\"@type\":\"EntryPoint\",\"urlTemplate\":\"https:\/\/www.fanprojekt-muenster.de\/wordpress\/?s={search_term_string}\"},\"query-input\":{\"@type\":\"PropertyValueSpecification\",\"valueRequired\":true,\"valueName\":\"search_term_string\"}}],\"inLanguage\":\"de\"},{\"@type\":\"Organization\",\"@id\":\"https:\/\/www.fanprojekt-muenster.de\/wordpress\/#organization\",\"name\":\"Fangemeinschaft Preu\u00dfen M\u00fcnster e. V.\",\"url\":\"https:\/\/www.fanprojekt-muenster.de\/wordpress\/\",\"logo\":{\"@type\":\"ImageObject\",\"inLanguage\":\"de\",\"@id\":\"https:\/\/www.fanprojekt-muenster.de\/wordpress\/#\/schema\/logo\/image\/\",\"url\":\"https:\/\/www.fanprojekt-muenster.de\/wordpress\/wp-content\/uploads\/2019\/07\/cropped-Website_Logo3-9.png\",\"contentUrl\":\"https:\/\/www.fanprojekt-muenster.de\/wordpress\/wp-content\/uploads\/2019\/07\/cropped-Website_Logo3-9.png\",\"width\":224,\"height\":42,\"caption\":\"Fangemeinschaft Preu\u00dfen M\u00fcnster e. V.\"},\"image\":{\"@id\":\"https:\/\/www.fanprojekt-muenster.de\/wordpress\/#\/schema\/logo\/image\/\"}},{\"@type\":\"Person\",\"@id\":\"https:\/\/www.fanprojekt-muenster.de\/wordpress\/#\/schema\/person\/9126cc4d73d0d07c75b487075111186c\",\"name\":\"fp_superadmin\",\"url\":\"https:\/\/www.fanprojekt-muenster.de\/wordpress\/author\/fp_superadmin\/\"}]}<\/script>\n<!-- \/ Yoast SEO plugin. -->","yoast_head_json":{"title":"Offener Diskussionsabend am 05.11.2015 - Fangemeinschaft Preu\u00dfen M\u00fcnster e. V.","robots":{"index":"index","follow":"follow","max-snippet":"max-snippet:-1","max-image-preview":"max-image-preview:large","max-video-preview":"max-video-preview:-1"},"canonical":"https:\/\/www.fanprojekt-muenster.de\/wordpress\/offener-diskussionsabend-am-05-11-2015\/","og_locale":"de_DE","og_type":"article","og_title":"Offener Diskussionsabend am 05.11.2015 - Fangemeinschaft Preu\u00dfen M\u00fcnster e. V.","og_description":"Viele verschiedene Interessengruppen und einzelne Personen rund um den SC Preu\u00dfen M\u00fcnster erwarten von uns eine Stellungnahme zu den Vorkommnissen w\u00e4hrend des Heimspiels gegen Hansa Rostock. Wir werden diese Vorf\u00e4lle... Read more &raquo;","og_url":"https:\/\/www.fanprojekt-muenster.de\/wordpress\/offener-diskussionsabend-am-05-11-2015\/","og_site_name":"Fangemeinschaft Preu\u00dfen M\u00fcnster e. V.","article_published_time":"2015-10-19T15:37:04+00:00","author":"fp_superadmin","twitter_card":"summary_large_image","twitter_misc":{"Verfasst von":"fp_superadmin","Gesch\u00e4tzte Lesezeit":"2\u00a0Minuten"},"schema":{"@context":"https:\/\/schema.org","@graph":[{"@type":"Article","@id":"https:\/\/www.fanprojekt-muenster.de\/wordpress\/offener-diskussionsabend-am-05-11-2015\/#article","isPartOf":{"@id":"https:\/\/www.fanprojekt-muenster.de\/wordpress\/offener-diskussionsabend-am-05-11-2015\/"},"author":{"name":"fp_superadmin","@id":"https:\/\/www.fanprojekt-muenster.de\/wordpress\/#\/schema\/person\/9126cc4d73d0d07c75b487075111186c"},"headline":"Offener Diskussionsabend am 05.11.2015","datePublished":"2015-10-19T15:37:04+00:00","mainEntityOfPage":{"@id":"https:\/\/www.fanprojekt-muenster.de\/wordpress\/offener-diskussionsabend-am-05-11-2015\/"},"wordCount":325,"publisher":{"@id":"https:\/\/www.fanprojekt-muenster.de\/wordpress\/#organization"},"image":{"@id":"https:\/\/www.fanprojekt-muenster.de\/wordpress\/offener-diskussionsabend-am-05-11-2015\/#primaryimage"},"thumbnailUrl":"","articleSection":["Aktuelles"],"inLanguage":"de"},{"@type":"WebPage","@id":"https:\/\/www.fanprojekt-muenster.de\/wordpress\/offener-diskussionsabend-am-05-11-2015\/","url":"https:\/\/www.fanprojekt-muenster.de\/wordpress\/offener-diskussionsabend-am-05-11-2015\/","name":"Offener Diskussionsabend am 05.11.2015 - Fangemeinschaft Preu\u00dfen M\u00fcnster e. V.","isPartOf":{"@id":"https:\/\/www.fanprojekt-muenster.de\/wordpress\/#website"},"primaryImageOfPage":{"@id":"https:\/\/www.fanprojekt-muenster.de\/wordpress\/offener-diskussionsabend-am-05-11-2015\/#primaryimage"},"image":{"@id":"https:\/\/www.fanprojekt-muenster.de\/wordpress\/offener-diskussionsabend-am-05-11-2015\/#primaryimage"},"thumbnailUrl":"","datePublished":"2015-10-19T15:37:04+00:00","breadcrumb":{"@id":"https:\/\/www.fanprojekt-muenster.de\/wordpress\/offener-diskussionsabend-am-05-11-2015\/#breadcrumb"},"inLanguage":"de","potentialAction":[{"@type":"ReadAction","target":["https:\/\/www.fanprojekt-muenster.de\/wordpress\/offener-diskussionsabend-am-05-11-2015\/"]}]},{"@type":"ImageObject","inLanguage":"de","@id":"https:\/\/www.fanprojekt-muenster.de\/wordpress\/offener-diskussionsabend-am-05-11-2015\/#primaryimage","url":"","contentUrl":""},{"@type":"BreadcrumbList","@id":"https:\/\/www.fanprojekt-muenster.de\/wordpress\/offener-diskussionsabend-am-05-11-2015\/#breadcrumb","itemListElement":[{"@type":"ListItem","position":1,"name":"Startseite","item":"https:\/\/www.fanprojekt-muenster.de\/wordpress\/"},{"@type":"ListItem","position":2,"name":"Offener Diskussionsabend am 05.11.2015"}]},{"@type":"WebSite","@id":"https:\/\/www.fanprojekt-muenster.de\/wordpress\/#website","url":"https:\/\/www.fanprojekt-muenster.de\/wordpress\/","name":"Fangemeinschaft Preu\u00dfen M\u00fcnster e. V.","description":"","publisher":{"@id":"https:\/\/www.fanprojekt-muenster.de\/wordpress\/#organization"},"potentialAction":[{"@type":"SearchAction","target":{"@type":"EntryPoint","urlTemplate":"https:\/\/www.fanprojekt-muenster.de\/wordpress\/?s={search_term_string}"},"query-input":{"@type":"PropertyValueSpecification","valueRequired":true,"valueName":"search_term_string"}}],"inLanguage":"de"},{"@type":"Organization","@id":"https:\/\/www.fanprojekt-muenster.de\/wordpress\/#organization","name":"Fangemeinschaft Preu\u00dfen M\u00fcnster e. V.","url":"https:\/\/www.fanprojekt-muenster.de\/wordpress\/","logo":{"@type":"ImageObject","inLanguage":"de","@id":"https:\/\/www.fanprojekt-muenster.de\/wordpress\/#\/schema\/logo\/image\/","url":"https:\/\/www.fanprojekt-muenster.de\/wordpress\/wp-content\/uploads\/2019\/07\/cropped-Website_Logo3-9.png","contentUrl":"https:\/\/www.fanprojekt-muenster.de\/wordpress\/wp-content\/uploads\/2019\/07\/cropped-Website_Logo3-9.png","width":224,"height":42,"caption":"Fangemeinschaft Preu\u00dfen M\u00fcnster e. V."},"image":{"@id":"https:\/\/www.fanprojekt-muenster.de\/wordpress\/#\/schema\/logo\/image\/"}},{"@type":"Person","@id":"https:\/\/www.fanprojekt-muenster.de\/wordpress\/#\/schema\/person\/9126cc4d73d0d07c75b487075111186c","name":"fp_superadmin","url":"https:\/\/www.fanprojekt-muenster.de\/wordpress\/author\/fp_superadmin\/"}]}},"author_meta":{"display_name":"fp_superadmin","author_link":"https:\/\/www.fanprojekt-muenster.de\/wordpress\/author\/fp_superadmin\/"},"featured_img":null,"coauthors":[],"tax_additional":{"categories":{"linked":["<a href=\"https:\/\/www.fanprojekt-muenster.de\/wordpress\/category\/aktuelles\/\" class=\"advgb-post-tax-term\">Aktuelles<\/a>"],"unlinked":["<span class=\"advgb-post-tax-term\">Aktuelles<\/span>"]}},"comment_count":"0","relative_dates":{"created":"Posted 11\u00a0Jahren ago","modified":"Updated 11\u00a0Jahren ago"},"absolute_dates":{"created":"Posted on 19. Oktober 2015","modified":"Updated on 19. Oktober 2015"},"absolute_dates_time":{"created":"Posted on 19. Oktober 2015 17:37","modified":"Updated on 19. Oktober 2015 17:37"},"featured_img_caption":"","series_order":"","_links":{"self":[{"href":"https:\/\/www.fanprojekt-muenster.de\/wordpress\/wp-json\/wp\/v2\/posts\/5059","targetHints":{"allow":["GET"]}}],"collection":[{"href":"https:\/\/www.fanprojekt-muenster.de\/wordpress\/wp-json\/wp\/v2\/posts"}],"about":[{"href":"https:\/\/www.fanprojekt-muenster.de\/wordpress\/wp-json\/wp\/v2\/types\/post"}],"author":[{"embeddable":true,"href":"https:\/\/www.fanprojekt-muenster.de\/wordpress\/wp-json\/wp\/v2\/users\/2"}],"replies":[{"embeddable":true,"href":"https:\/\/www.fanprojekt-muenster.de\/wordpress\/wp-json\/wp\/v2\/comments?post=5059"}],"version-history":[{"count":0,"href":"https:\/\/www.fanprojekt-muenster.de\/wordpress\/wp-json\/wp\/v2\/posts\/5059\/revisions"}],"wp:featuredmedia":[{"embeddable":true,"href":"https:\/\/www.fanprojekt-muenster.de\/wordpress\/wp-json\/"}],"wp:attachment":[{"href":"https:\/\/www.fanprojekt-muenster.de\/wordpress\/wp-json\/wp\/v2\/media?parent=5059"}],"wp:term":[{"taxonomy":"category","embeddable":true,"href":"https:\/\/www.fanprojekt-muenster.de\/wordpress\/wp-json\/wp\/v2\/categories?post=5059"},{"taxonomy":"post_tag","embeddable":true,"href":"https:\/\/www.fanprojekt-muenster.de\/wordpress\/wp-json\/wp\/v2\/tags?post=5059"}],"curies":[{"name":"wp","href":"https:\/\/api.w.org\/{rel}","templated":true}]}}