{"id":5043,"date":"2015-09-25T08:28:11","date_gmt":"2015-09-25T06:28:11","guid":{"rendered":"http:\/\/www.fanprojekt-muenster.de\/wp\/?p=5043"},"modified":"2015-09-25T08:28:11","modified_gmt":"2015-09-25T06:28:11","slug":"eine-achterbahnfahrt-nach-osnabrueck-ein-rueckblick","status":"publish","type":"post","link":"https:\/\/www.fanprojekt-muenster.de\/wordpress\/eine-achterbahnfahrt-nach-osnabrueck-ein-rueckblick\/","title":{"rendered":"Eine Achterbahnfahrt nach Osnabr\u00fcck &#8211; Ein R\u00fcckblick"},"content":{"rendered":"<p style=\"text-align: justify;\">Eine Achterbahnfahrt der Gef\u00fchle erlebten wir, das Fanprojekt Preu\u00dfen M\u00fcnster e.V., als Veranstalter der Demonstration<strong> \u201eH\u00e4nde weg vom Fu\u00dfball! Gegen G\u00e4steverbote und Repressionen!\u201c <\/strong>in Osnabr\u00fcck. Aber der Reihe nach:<\/p>\n<p style=\"text-align: justify;\">Kurz nach Anmeldung der Demonstration trafen wir in Begleitung unseres Rechtsbeistandes am 10. September 2015 im Rahmen eines sog. Kooperationsgespr\u00e4ches auf die Vertreter der Stadt Osnabr\u00fcck und der dortigen Polizei.\u00a0Es wurde deutlich, dass sich unsere Einsch\u00e4tzung der Sicherheitslage und die der Beh\u00f6rden massiv unterscheiden und dass es schwierig werden w\u00fcrde, einen Demonstrationszug durch Osnabr\u00fcck genehmigt zu bekommen. Die einzige uns angebotene M\u00f6glichkeit war eine station\u00e4re Kundgebung vor dem Osnabr\u00fccker Hauptbahnhof von 18 bis 19 Uhr. Dies war uns allerdings viel zu wenig!<\/p>\n<p style=\"text-align: justify;\">Nach vielen Gespr\u00e4chen mit verschiedenen Fangruppen aus M\u00fcnster, einem regen E-Mail-Austausch mit dem Fanclub-Verband e.V. Osnabr\u00fcck und einigem b\u00fcrokratischem Hin und Her reichte unser Rechtsbeistand Einspruch bzw. eine Klage beim Verwaltungsgericht Osnabr\u00fcck ein.\u00a0Im Hintergrund wurden flei\u00dfig Aufgaben verteilt. Wer bereitet Wortbeitr\u00e4ge vor? Wer liest diese vor? Wer stellt sich als Ordner zur Verf\u00fcgung? Wer leiht einen Bulli? Wer die Soundanlage? Wer malt Transparente? Die komplette aktive Fanszene arbeitete sehr konstruktiv und schnell zusammen &#8211; trotz der Ungewissheit, ob es \u00fcberhaupt zu einem Demonstrationszug kommen wird.<\/p>\n<p style=\"text-align: justify;\">Optimismus und Pessimismus wechselten sich w\u00e4hrend dieser Zeit und auch in den folgen den Tagen st\u00e4ndig ab:<\/p>\n<h4 style=\"text-align: justify;\"><strong>Montags 21.09:<\/strong><\/h4>\n<p style=\"text-align: justify;\">Kein Ergebnis seitens des Verwaltungsgerichtes. Wir glaubten nicht mehr an eine Demo. Die Stimmung war im Keller.<\/p>\n<h4 style=\"text-align: justify;\"><strong>Dienstag, 22.09:<\/strong><\/h4>\n<p style=\"text-align: justify;\">Nicht einmal 24 Stunden vor dem eigentlichen Termin kam dann das vorl\u00e4ufige Ergebnis: wir d\u00fcrfen laufen! Wir konnten es nicht fassen und waren stolz darauf, dass die Fanszene von Preu\u00dfen M\u00fcnster wohlm\u00f6glich einen juristischen Pr\u00e4zedenzfall f\u00fcr andere deutsche Fanszenen geschaffen hat. Die Vorfreude auf eine laute, bunte und friedliche Demonstration war allen anzumerken. Wir hatten diese Veranstaltung eingeklagt, um stellvertretend f\u00fcr alle K\u00f6lner, Gladbacher, Hannoveraner, Braunschweiger und auch Osnabr\u00fccker bzw. f\u00fcr alle deutschen Fanszenen auf die Stra\u00dfe zu gehen.<\/p>\n<p style=\"text-align: justify;\">Wir wollten den Beh\u00f6rden und der Politik zeigen, was wir von G\u00e4stefanverboten halten: GAR NICHTS!<\/p>\n<h4 style=\"text-align: justify;\"><strong>Mittwoch, 23.09:<\/strong><\/h4>\n<p style=\"text-align: justify;\">Um ca. <strong>13:00 Uhr<\/strong> erfuhren wir, dass die Stadt Osnabr\u00fcck ihrerseits das Urteil des Verwaltungsgerichts angefochten und eine Klage beim Oberverwaltungsgericht L\u00fcneburg eingereicht hat. Schock! Was nun? Abwarten. Laut unseres Rechtsbeistandes bestand aber noch kein Grund zur Sorge.<\/p>\n<p style=\"text-align: justify;\"><strong>16:03 Uhr:<\/strong> der erste von zwei angek\u00fcndigten Z\u00fcgen machte sich mit ungef\u00e4hr 250 Teilnehmern auf den Weg nach Osnabr\u00fcck.<\/p>\n<p style=\"text-align: justify;\"><strong>16:20 Uhr<\/strong> der Anruf unseres Rechtsbeistandes (schlechte Netzverbindung im Zug, undeutlicher Empfang): das Oberverwaltungsgericht hat der Klage der Stadt Osnabr\u00fcck stattgegeben. Der Tiefpunkt dieser mehrt\u00e4gigen Achterbahnfahrt war erreicht! Wir wussten nun, wir d\u00fcrfen nicht laufen. Die Stimmung war v\u00f6llig im Keller.<\/p>\n<p style=\"text-align: justify;\">Die Achterbahnfahrt ging weiter. Der Zug rollte in Osnabr\u00fcck ein. Was nun? Schnelle R\u00fccksprache mit allen Verantwortlichen vom Fanprojekt: Was wollen wir? Was wollen die Demoteilnehmer? Was die Polizei? Kurze Kontaktaufnahme mit der Einsatzleitung der Polizei. Schnelle Entscheidungen mussten her. Bald war klar, dass eine kurze Kundgebung stattfinden muss!<\/p>\n<p style=\"text-align: justify;\">Raus aus dem Karussell der Gef\u00fchle und rein in den Alptraum eines jeden Steuerzahlers. Rein in den Polizeikessel: ein Aufgebot wie bei Stuttgart 21 oder der ANTI EZB Demo in Frankfurt. Wof\u00fcr ben\u00f6tigte man Wasserwerfer? Die H\u00e4lfte der Beamten w\u00e4ren schon zu viele gewesen.<\/p>\n<p style=\"text-align: justify;\">Wir warteten noch auf die Preu\u00dfenfans aus dem zweiten Zug, welcher M\u00fcnster um 16:34 Uhr verlassen hatte, sowie einige Autobesatzungen und 9er-Bullis.<\/p>\n<p style=\"text-align: justify;\">Ca. 400 Preu\u00dfenfans beteiligten sich im Endeffekt an der Demonstration <strong>\u201eH\u00e4nde weg vom Fu\u00dfball! Gegen G\u00e4steverbote und Repressionen!\u201c <\/strong>Alle M\u00fcnsteraner verhielten sich sehr korrekt, diszipliniert und standen entspannt in der Abendsonne. Aber verst\u00e4ndlicherweise waren alle entt\u00e4uscht und fassungslos. Die Stimmung war dementsprechend am Boden. Dazu eine v\u00f6llig \u00fcbertriebene Horrorszenerie. Allen Augenzeugen wurde durch diesen Polizeieinsatz best\u00e4tigt, wie v\u00f6llig realit\u00e4tsfremd Polizeieins\u00e4tze bei Fu\u00dfballspielen und eben Veranstaltungen wie dieser Demonstration sind. Auch einige Polizisten teilten in Gespr\u00e4chen unsere Auffassung.<\/p>\n<p style=\"text-align: justify;\">Um<strong> 17:30 Uhr<\/strong> begannen wir mit der Kundgebung: es folgten drei Redebeitr\u00e4ge und wir entschieden uns, diese traurige Veranstaltung nicht k\u00fcnstlich in die L\u00e4nge zu ziehen.<\/p>\n<p style=\"text-align: justify;\">Um <strong>18:19 Uhr<\/strong> verschwanden die M\u00fcnsteraner \u201eTerroristen, Extremisten und Verbrecher\u201c wieder genauso friedlich aus Osnabr\u00fcck wie sie gekommen waren. Fu\u00dfballfans, die einen Querschnitt der Gesellschaft abbilden, sind eben doch keine Bedrohung f\u00fcr die \u00f6ffentliche Sicherheit!<\/p>\n<p style=\"text-align: justify;\">Notfalls werden wir im n\u00e4chsten Jahr wieder kommen, um ggf. nochmals gegen diesen politischen Wahnsinn zu demonstrieren. Au\u00dferdem werden wir uns gegen die zunehmende Eventisierung des Fussballs unter einem vorgeschobenen Sicherheitsaspekt wehren!\u00a0Fu\u00dfballfans haben in der Vergangenheit eine einzigartige, faszinierende und verbindende Kultur entwickelt, die es zu bewahren gilt. Die zunehmenden Repressionen und Ma\u00dfnahmen zur Zerst\u00f6rung dieser Kultur werden wir nicht kampflos hinnehmen. Kein Fan macht den Fu\u00dfball so kaputt wie ihr es tut!<\/p>\n<p style=\"text-align: justify;\">Wir haben in Osnabr\u00fcck ein erstes friedliches, demokratisches Zeichen gesetzt und werden auf diesem Weg weiter machen. Dazu laden wir alle Preu\u00dfenfans ein, sich an unserem Kampf f\u00fcr die Fu\u00dfballfankultur, f\u00fcr laute und bunte Fankurven und f\u00fcr unsere Grundrechte zu beteiligen. Nur zusammen haben wir eine Chance! F\u00fcr den Erhalt der Fankultur! Alle!<\/p>\n<p style=\"text-align: justify;\">Bedanken m\u00f6chten wir uns bei allen Helfern und Unterst\u00fctzern, die mit geplant und angepackt, sich als Ordner zur Verf\u00fcgung gestellt oder anderweitig zum Gelingen der Aktion beigetragen haben! Aber nat\u00fcrlich auch bei allen, die vor Ort waren:<strong> D A N K E !!!<\/strong><\/p>\n<p style=\"text-align: justify;\">Wir werden weiter machen,<\/p>\n<p style=\"text-align: justify;\">euer Fanprojekt Preu\u00dfen M\u00fcnster e.V.<\/p>\n<p style=\"text-align: justify;\"><span style=\"color: #ffffff;\">&#8211;<\/span><\/p>\n<p style=\"text-align: justify;\"><strong>Weiterf\u00fchrende Links:<\/strong><\/p>\n<ul>\n<li style=\"text-align: justify;\"><strong><a href=\"http:\/\/www.fanprojekt-muenster.de\/wp\/galerien\/demonstration-haende-weg-vom-fussball-gegen-gaesteverbote-und-repressionen\/\">Unsere Bildergalerie zur Demonstration<\/a><\/strong><\/li>\n<li style=\"text-align: justify;\"><a href=\"http:\/\/www.fanport-muenster.de\/presse\/artikel\/pm-gaestefanausschluss-friedlicher-protest-von-preussenfans-in-osnabrueck.html\" target=\"_blank\" rel=\"noopener noreferrer\">Pressemitteilung zur Demonstration vom FANport<\/a><\/li>\n<li style=\"text-align: justify;\"><a href=\"http:\/\/www.preussen-forum.de\/2015\/09\/24\/der-etwas-andere-derby-tag\/\" target=\"_blank\" rel=\"noopener noreferrer\">Bericht \u00fcber die Demonstration vom Preu\u00dfenforum<\/a><\/li>\n<li style=\"text-align: justify;\"><a href=\"http:\/\/www.faszination-fankurve.de\/index.php?head=Kundgebung-Stimmungsboykott-Platzsturm-von-Spieler&amp;folder=sites&amp;site=news_detail&amp;news_id=10927\" target=\"_blank\" rel=\"noopener noreferrer\">Faszination Fankurve &#8211; Kundgebung, Stimmungsboykott, Platzsturm von Spieler<\/a><\/li>\n<\/ul>\n","protected":false},"excerpt":{"rendered":"<p>Eine Achterbahnfahrt der Gef\u00fchle erlebten wir, das Fanprojekt Preu\u00dfen M\u00fcnster e.V., als Veranstalter der Demonstration \u201eH\u00e4nde weg vom Fu\u00dfball! Gegen G\u00e4steverbote und Repressionen!\u201c in Osnabr\u00fcck. Aber der Reihe nach: Kurz&#8230; <a class=\"read-more-link\" href=\"https:\/\/www.fanprojekt-muenster.de\/wordpress\/eine-achterbahnfahrt-nach-osnabrueck-ein-rueckblick\/\">Read more &raquo;<\/a><\/p>\n","protected":false},"author":2,"featured_media":5045,"comment_status":"closed","ping_status":"closed","sticky":false,"template":"","format":"standard","meta":{"advgb_blocks_editor_width":"","advgb_blocks_columns_visual_guide":"","footnotes":""},"categories":[2,3],"tags":[74,130,191,211],"class_list":["post-5043","post","type-post","status-publish","format-standard","has-post-thumbnail","hentry","category-aktionen","category-aktuelles","tag-demonstration","tag-gaesteverbote","tag-osnabrueck","tag-repressionen"],"featured_image_src":null,"author_info":{"display_name":"fp_superadmin","author_link":"https:\/\/www.fanprojekt-muenster.de\/wordpress\/author\/fp_superadmin\/"},"yoast_head":"<!-- This site is optimized with the Yoast SEO plugin v27.2 - https:\/\/yoast.com\/product\/yoast-seo-wordpress\/ -->\n<title>Eine Achterbahnfahrt nach Osnabr\u00fcck - Ein R\u00fcckblick - Fangemeinschaft Preu\u00dfen M\u00fcnster e. V.<\/title>\n<meta name=\"robots\" content=\"index, follow, max-snippet:-1, max-image-preview:large, max-video-preview:-1\" \/>\n<link rel=\"canonical\" href=\"https:\/\/www.fanprojekt-muenster.de\/wordpress\/eine-achterbahnfahrt-nach-osnabrueck-ein-rueckblick\/\" \/>\n<meta property=\"og:locale\" content=\"de_DE\" \/>\n<meta property=\"og:type\" content=\"article\" \/>\n<meta property=\"og:title\" content=\"Eine Achterbahnfahrt nach Osnabr\u00fcck - Ein R\u00fcckblick - Fangemeinschaft Preu\u00dfen M\u00fcnster e. V.\" \/>\n<meta property=\"og:description\" content=\"Eine Achterbahnfahrt der Gef\u00fchle erlebten wir, das Fanprojekt Preu\u00dfen M\u00fcnster e.V., als Veranstalter der Demonstration \u201eH\u00e4nde weg vom Fu\u00dfball! Gegen G\u00e4steverbote und Repressionen!\u201c in Osnabr\u00fcck. Aber der Reihe nach: Kurz... Read more &raquo;\" \/>\n<meta property=\"og:url\" content=\"https:\/\/www.fanprojekt-muenster.de\/wordpress\/eine-achterbahnfahrt-nach-osnabrueck-ein-rueckblick\/\" \/>\n<meta property=\"og:site_name\" content=\"Fangemeinschaft Preu\u00dfen M\u00fcnster e. V.\" \/>\n<meta property=\"article:published_time\" content=\"2015-09-25T06:28:11+00:00\" \/>\n<meta name=\"author\" content=\"fp_superadmin\" \/>\n<meta name=\"twitter:card\" content=\"summary_large_image\" \/>\n<meta name=\"twitter:label1\" content=\"Verfasst von\" \/>\n\t<meta name=\"twitter:data1\" content=\"fp_superadmin\" \/>\n\t<meta name=\"twitter:label2\" content=\"Gesch\u00e4tzte Lesezeit\" \/>\n\t<meta name=\"twitter:data2\" content=\"5\u00a0Minuten\" \/>\n<script type=\"application\/ld+json\" class=\"yoast-schema-graph\">{\"@context\":\"https:\/\/schema.org\",\"@graph\":[{\"@type\":\"Article\",\"@id\":\"https:\/\/www.fanprojekt-muenster.de\/wordpress\/eine-achterbahnfahrt-nach-osnabrueck-ein-rueckblick\/#article\",\"isPartOf\":{\"@id\":\"https:\/\/www.fanprojekt-muenster.de\/wordpress\/eine-achterbahnfahrt-nach-osnabrueck-ein-rueckblick\/\"},\"author\":{\"name\":\"fp_superadmin\",\"@id\":\"https:\/\/www.fanprojekt-muenster.de\/wordpress\/#\/schema\/person\/9126cc4d73d0d07c75b487075111186c\"},\"headline\":\"Eine Achterbahnfahrt nach Osnabr\u00fcck &#8211; Ein R\u00fcckblick\",\"datePublished\":\"2015-09-25T06:28:11+00:00\",\"mainEntityOfPage\":{\"@id\":\"https:\/\/www.fanprojekt-muenster.de\/wordpress\/eine-achterbahnfahrt-nach-osnabrueck-ein-rueckblick\/\"},\"wordCount\":983,\"publisher\":{\"@id\":\"https:\/\/www.fanprojekt-muenster.de\/wordpress\/#organization\"},\"image\":{\"@id\":\"https:\/\/www.fanprojekt-muenster.de\/wordpress\/eine-achterbahnfahrt-nach-osnabrueck-ein-rueckblick\/#primaryimage\"},\"thumbnailUrl\":\"\",\"keywords\":[\"Demonstration\",\"G\u00e4steverbote\",\"Osnabr\u00fcck\",\"Repressionen\"],\"articleSection\":[\"Aktionen\",\"Aktuelles\"],\"inLanguage\":\"de\"},{\"@type\":\"WebPage\",\"@id\":\"https:\/\/www.fanprojekt-muenster.de\/wordpress\/eine-achterbahnfahrt-nach-osnabrueck-ein-rueckblick\/\",\"url\":\"https:\/\/www.fanprojekt-muenster.de\/wordpress\/eine-achterbahnfahrt-nach-osnabrueck-ein-rueckblick\/\",\"name\":\"Eine Achterbahnfahrt nach Osnabr\u00fcck - Ein R\u00fcckblick - Fangemeinschaft Preu\u00dfen M\u00fcnster e. V.\",\"isPartOf\":{\"@id\":\"https:\/\/www.fanprojekt-muenster.de\/wordpress\/#website\"},\"primaryImageOfPage\":{\"@id\":\"https:\/\/www.fanprojekt-muenster.de\/wordpress\/eine-achterbahnfahrt-nach-osnabrueck-ein-rueckblick\/#primaryimage\"},\"image\":{\"@id\":\"https:\/\/www.fanprojekt-muenster.de\/wordpress\/eine-achterbahnfahrt-nach-osnabrueck-ein-rueckblick\/#primaryimage\"},\"thumbnailUrl\":\"\",\"datePublished\":\"2015-09-25T06:28:11+00:00\",\"breadcrumb\":{\"@id\":\"https:\/\/www.fanprojekt-muenster.de\/wordpress\/eine-achterbahnfahrt-nach-osnabrueck-ein-rueckblick\/#breadcrumb\"},\"inLanguage\":\"de\",\"potentialAction\":[{\"@type\":\"ReadAction\",\"target\":[\"https:\/\/www.fanprojekt-muenster.de\/wordpress\/eine-achterbahnfahrt-nach-osnabrueck-ein-rueckblick\/\"]}]},{\"@type\":\"ImageObject\",\"inLanguage\":\"de\",\"@id\":\"https:\/\/www.fanprojekt-muenster.de\/wordpress\/eine-achterbahnfahrt-nach-osnabrueck-ein-rueckblick\/#primaryimage\",\"url\":\"\",\"contentUrl\":\"\"},{\"@type\":\"BreadcrumbList\",\"@id\":\"https:\/\/www.fanprojekt-muenster.de\/wordpress\/eine-achterbahnfahrt-nach-osnabrueck-ein-rueckblick\/#breadcrumb\",\"itemListElement\":[{\"@type\":\"ListItem\",\"position\":1,\"name\":\"Startseite\",\"item\":\"https:\/\/www.fanprojekt-muenster.de\/wordpress\/\"},{\"@type\":\"ListItem\",\"position\":2,\"name\":\"Eine Achterbahnfahrt nach Osnabr\u00fcck &#8211; Ein R\u00fcckblick\"}]},{\"@type\":\"WebSite\",\"@id\":\"https:\/\/www.fanprojekt-muenster.de\/wordpress\/#website\",\"url\":\"https:\/\/www.fanprojekt-muenster.de\/wordpress\/\",\"name\":\"Fangemeinschaft Preu\u00dfen M\u00fcnster e. V.\",\"description\":\"\",\"publisher\":{\"@id\":\"https:\/\/www.fanprojekt-muenster.de\/wordpress\/#organization\"},\"potentialAction\":[{\"@type\":\"SearchAction\",\"target\":{\"@type\":\"EntryPoint\",\"urlTemplate\":\"https:\/\/www.fanprojekt-muenster.de\/wordpress\/?s={search_term_string}\"},\"query-input\":{\"@type\":\"PropertyValueSpecification\",\"valueRequired\":true,\"valueName\":\"search_term_string\"}}],\"inLanguage\":\"de\"},{\"@type\":\"Organization\",\"@id\":\"https:\/\/www.fanprojekt-muenster.de\/wordpress\/#organization\",\"name\":\"Fangemeinschaft Preu\u00dfen M\u00fcnster e. V.\",\"url\":\"https:\/\/www.fanprojekt-muenster.de\/wordpress\/\",\"logo\":{\"@type\":\"ImageObject\",\"inLanguage\":\"de\",\"@id\":\"https:\/\/www.fanprojekt-muenster.de\/wordpress\/#\/schema\/logo\/image\/\",\"url\":\"https:\/\/www.fanprojekt-muenster.de\/wordpress\/wp-content\/uploads\/2019\/07\/cropped-Website_Logo3-9.png\",\"contentUrl\":\"https:\/\/www.fanprojekt-muenster.de\/wordpress\/wp-content\/uploads\/2019\/07\/cropped-Website_Logo3-9.png\",\"width\":224,\"height\":42,\"caption\":\"Fangemeinschaft Preu\u00dfen M\u00fcnster e. V.\"},\"image\":{\"@id\":\"https:\/\/www.fanprojekt-muenster.de\/wordpress\/#\/schema\/logo\/image\/\"}},{\"@type\":\"Person\",\"@id\":\"https:\/\/www.fanprojekt-muenster.de\/wordpress\/#\/schema\/person\/9126cc4d73d0d07c75b487075111186c\",\"name\":\"fp_superadmin\",\"url\":\"https:\/\/www.fanprojekt-muenster.de\/wordpress\/author\/fp_superadmin\/\"}]}<\/script>\n<!-- \/ Yoast SEO plugin. -->","yoast_head_json":{"title":"Eine Achterbahnfahrt nach Osnabr\u00fcck - Ein R\u00fcckblick - Fangemeinschaft Preu\u00dfen M\u00fcnster e. V.","robots":{"index":"index","follow":"follow","max-snippet":"max-snippet:-1","max-image-preview":"max-image-preview:large","max-video-preview":"max-video-preview:-1"},"canonical":"https:\/\/www.fanprojekt-muenster.de\/wordpress\/eine-achterbahnfahrt-nach-osnabrueck-ein-rueckblick\/","og_locale":"de_DE","og_type":"article","og_title":"Eine Achterbahnfahrt nach Osnabr\u00fcck - Ein R\u00fcckblick - Fangemeinschaft Preu\u00dfen M\u00fcnster e. V.","og_description":"Eine Achterbahnfahrt der Gef\u00fchle erlebten wir, das Fanprojekt Preu\u00dfen M\u00fcnster e.V., als Veranstalter der Demonstration \u201eH\u00e4nde weg vom Fu\u00dfball! Gegen G\u00e4steverbote und Repressionen!\u201c in Osnabr\u00fcck. Aber der Reihe nach: Kurz... Read more &raquo;","og_url":"https:\/\/www.fanprojekt-muenster.de\/wordpress\/eine-achterbahnfahrt-nach-osnabrueck-ein-rueckblick\/","og_site_name":"Fangemeinschaft Preu\u00dfen M\u00fcnster e. V.","article_published_time":"2015-09-25T06:28:11+00:00","author":"fp_superadmin","twitter_card":"summary_large_image","twitter_misc":{"Verfasst von":"fp_superadmin","Gesch\u00e4tzte Lesezeit":"5\u00a0Minuten"},"schema":{"@context":"https:\/\/schema.org","@graph":[{"@type":"Article","@id":"https:\/\/www.fanprojekt-muenster.de\/wordpress\/eine-achterbahnfahrt-nach-osnabrueck-ein-rueckblick\/#article","isPartOf":{"@id":"https:\/\/www.fanprojekt-muenster.de\/wordpress\/eine-achterbahnfahrt-nach-osnabrueck-ein-rueckblick\/"},"author":{"name":"fp_superadmin","@id":"https:\/\/www.fanprojekt-muenster.de\/wordpress\/#\/schema\/person\/9126cc4d73d0d07c75b487075111186c"},"headline":"Eine Achterbahnfahrt nach Osnabr\u00fcck &#8211; Ein R\u00fcckblick","datePublished":"2015-09-25T06:28:11+00:00","mainEntityOfPage":{"@id":"https:\/\/www.fanprojekt-muenster.de\/wordpress\/eine-achterbahnfahrt-nach-osnabrueck-ein-rueckblick\/"},"wordCount":983,"publisher":{"@id":"https:\/\/www.fanprojekt-muenster.de\/wordpress\/#organization"},"image":{"@id":"https:\/\/www.fanprojekt-muenster.de\/wordpress\/eine-achterbahnfahrt-nach-osnabrueck-ein-rueckblick\/#primaryimage"},"thumbnailUrl":"","keywords":["Demonstration","G\u00e4steverbote","Osnabr\u00fcck","Repressionen"],"articleSection":["Aktionen","Aktuelles"],"inLanguage":"de"},{"@type":"WebPage","@id":"https:\/\/www.fanprojekt-muenster.de\/wordpress\/eine-achterbahnfahrt-nach-osnabrueck-ein-rueckblick\/","url":"https:\/\/www.fanprojekt-muenster.de\/wordpress\/eine-achterbahnfahrt-nach-osnabrueck-ein-rueckblick\/","name":"Eine Achterbahnfahrt nach Osnabr\u00fcck - Ein R\u00fcckblick - Fangemeinschaft Preu\u00dfen M\u00fcnster e. V.","isPartOf":{"@id":"https:\/\/www.fanprojekt-muenster.de\/wordpress\/#website"},"primaryImageOfPage":{"@id":"https:\/\/www.fanprojekt-muenster.de\/wordpress\/eine-achterbahnfahrt-nach-osnabrueck-ein-rueckblick\/#primaryimage"},"image":{"@id":"https:\/\/www.fanprojekt-muenster.de\/wordpress\/eine-achterbahnfahrt-nach-osnabrueck-ein-rueckblick\/#primaryimage"},"thumbnailUrl":"","datePublished":"2015-09-25T06:28:11+00:00","breadcrumb":{"@id":"https:\/\/www.fanprojekt-muenster.de\/wordpress\/eine-achterbahnfahrt-nach-osnabrueck-ein-rueckblick\/#breadcrumb"},"inLanguage":"de","potentialAction":[{"@type":"ReadAction","target":["https:\/\/www.fanprojekt-muenster.de\/wordpress\/eine-achterbahnfahrt-nach-osnabrueck-ein-rueckblick\/"]}]},{"@type":"ImageObject","inLanguage":"de","@id":"https:\/\/www.fanprojekt-muenster.de\/wordpress\/eine-achterbahnfahrt-nach-osnabrueck-ein-rueckblick\/#primaryimage","url":"","contentUrl":""},{"@type":"BreadcrumbList","@id":"https:\/\/www.fanprojekt-muenster.de\/wordpress\/eine-achterbahnfahrt-nach-osnabrueck-ein-rueckblick\/#breadcrumb","itemListElement":[{"@type":"ListItem","position":1,"name":"Startseite","item":"https:\/\/www.fanprojekt-muenster.de\/wordpress\/"},{"@type":"ListItem","position":2,"name":"Eine Achterbahnfahrt nach Osnabr\u00fcck &#8211; Ein R\u00fcckblick"}]},{"@type":"WebSite","@id":"https:\/\/www.fanprojekt-muenster.de\/wordpress\/#website","url":"https:\/\/www.fanprojekt-muenster.de\/wordpress\/","name":"Fangemeinschaft Preu\u00dfen M\u00fcnster e. V.","description":"","publisher":{"@id":"https:\/\/www.fanprojekt-muenster.de\/wordpress\/#organization"},"potentialAction":[{"@type":"SearchAction","target":{"@type":"EntryPoint","urlTemplate":"https:\/\/www.fanprojekt-muenster.de\/wordpress\/?s={search_term_string}"},"query-input":{"@type":"PropertyValueSpecification","valueRequired":true,"valueName":"search_term_string"}}],"inLanguage":"de"},{"@type":"Organization","@id":"https:\/\/www.fanprojekt-muenster.de\/wordpress\/#organization","name":"Fangemeinschaft Preu\u00dfen M\u00fcnster e. V.","url":"https:\/\/www.fanprojekt-muenster.de\/wordpress\/","logo":{"@type":"ImageObject","inLanguage":"de","@id":"https:\/\/www.fanprojekt-muenster.de\/wordpress\/#\/schema\/logo\/image\/","url":"https:\/\/www.fanprojekt-muenster.de\/wordpress\/wp-content\/uploads\/2019\/07\/cropped-Website_Logo3-9.png","contentUrl":"https:\/\/www.fanprojekt-muenster.de\/wordpress\/wp-content\/uploads\/2019\/07\/cropped-Website_Logo3-9.png","width":224,"height":42,"caption":"Fangemeinschaft Preu\u00dfen M\u00fcnster e. V."},"image":{"@id":"https:\/\/www.fanprojekt-muenster.de\/wordpress\/#\/schema\/logo\/image\/"}},{"@type":"Person","@id":"https:\/\/www.fanprojekt-muenster.de\/wordpress\/#\/schema\/person\/9126cc4d73d0d07c75b487075111186c","name":"fp_superadmin","url":"https:\/\/www.fanprojekt-muenster.de\/wordpress\/author\/fp_superadmin\/"}]}},"author_meta":{"display_name":"fp_superadmin","author_link":"https:\/\/www.fanprojekt-muenster.de\/wordpress\/author\/fp_superadmin\/"},"featured_img":null,"coauthors":[],"tax_additional":{"categories":{"linked":["<a href=\"https:\/\/www.fanprojekt-muenster.de\/wordpress\/category\/aktionen\/\" class=\"advgb-post-tax-term\">Aktionen<\/a>","<a href=\"https:\/\/www.fanprojekt-muenster.de\/wordpress\/category\/aktuelles\/\" class=\"advgb-post-tax-term\">Aktuelles<\/a>"],"unlinked":["<span class=\"advgb-post-tax-term\">Aktionen<\/span>","<span class=\"advgb-post-tax-term\">Aktuelles<\/span>"]},"tags":{"linked":["<a href=\"https:\/\/www.fanprojekt-muenster.de\/wordpress\/category\/aktuelles\/\" class=\"advgb-post-tax-term\">Demonstration<\/a>","<a href=\"https:\/\/www.fanprojekt-muenster.de\/wordpress\/category\/aktuelles\/\" class=\"advgb-post-tax-term\">G\u00e4steverbote<\/a>","<a href=\"https:\/\/www.fanprojekt-muenster.de\/wordpress\/category\/aktuelles\/\" class=\"advgb-post-tax-term\">Osnabr\u00fcck<\/a>","<a href=\"https:\/\/www.fanprojekt-muenster.de\/wordpress\/category\/aktuelles\/\" class=\"advgb-post-tax-term\">Repressionen<\/a>"],"unlinked":["<span class=\"advgb-post-tax-term\">Demonstration<\/span>","<span class=\"advgb-post-tax-term\">G\u00e4steverbote<\/span>","<span class=\"advgb-post-tax-term\">Osnabr\u00fcck<\/span>","<span class=\"advgb-post-tax-term\">Repressionen<\/span>"]}},"comment_count":"0","relative_dates":{"created":"Posted 11\u00a0Jahren ago","modified":"Updated 11\u00a0Jahren ago"},"absolute_dates":{"created":"Posted on 25. September 2015","modified":"Updated on 25. September 2015"},"absolute_dates_time":{"created":"Posted on 25. September 2015 8:28","modified":"Updated on 25. September 2015 8:28"},"featured_img_caption":"","series_order":"","_links":{"self":[{"href":"https:\/\/www.fanprojekt-muenster.de\/wordpress\/wp-json\/wp\/v2\/posts\/5043","targetHints":{"allow":["GET"]}}],"collection":[{"href":"https:\/\/www.fanprojekt-muenster.de\/wordpress\/wp-json\/wp\/v2\/posts"}],"about":[{"href":"https:\/\/www.fanprojekt-muenster.de\/wordpress\/wp-json\/wp\/v2\/types\/post"}],"author":[{"embeddable":true,"href":"https:\/\/www.fanprojekt-muenster.de\/wordpress\/wp-json\/wp\/v2\/users\/2"}],"replies":[{"embeddable":true,"href":"https:\/\/www.fanprojekt-muenster.de\/wordpress\/wp-json\/wp\/v2\/comments?post=5043"}],"version-history":[{"count":0,"href":"https:\/\/www.fanprojekt-muenster.de\/wordpress\/wp-json\/wp\/v2\/posts\/5043\/revisions"}],"wp:featuredmedia":[{"embeddable":true,"href":"https:\/\/www.fanprojekt-muenster.de\/wordpress\/wp-json\/"}],"wp:attachment":[{"href":"https:\/\/www.fanprojekt-muenster.de\/wordpress\/wp-json\/wp\/v2\/media?parent=5043"}],"wp:term":[{"taxonomy":"category","embeddable":true,"href":"https:\/\/www.fanprojekt-muenster.de\/wordpress\/wp-json\/wp\/v2\/categories?post=5043"},{"taxonomy":"post_tag","embeddable":true,"href":"https:\/\/www.fanprojekt-muenster.de\/wordpress\/wp-json\/wp\/v2\/tags?post=5043"}],"curies":[{"name":"wp","href":"https:\/\/api.w.org\/{rel}","templated":true}]}}