{"id":5010,"date":"2015-09-22T19:18:05","date_gmt":"2015-09-22T17:18:05","guid":{"rendered":"http:\/\/www.fanprojekt-muenster.de\/wp\/?p=5010"},"modified":"2015-09-22T19:18:05","modified_gmt":"2015-09-22T17:18:05","slug":"demonstration-in-osnabrueck-genehmigt","status":"publish","type":"post","link":"https:\/\/www.fanprojekt-muenster.de\/wordpress\/demonstration-in-osnabrueck-genehmigt\/","title":{"rendered":"Demonstration in Osnabr\u00fcck genehmigt!"},"content":{"rendered":"<p>Gerade erreichte uns diese positive Entscheidung des Eilverfahrens vor dem Verwaltungsgericht Osnabr\u00fcck! Also findet unser aller Demonstrationszug fast wie geplant statt:<\/p>\n<p><strong><em>am\u00a0<\/em><\/strong>Mittwoch, den 23. September 2015<strong><br \/>\n<\/strong><strong><em>von\u00a0<\/em><\/strong>17:00 Uhr Hauptbahnhof Osnabr\u00fcck<strong><br \/>\n<\/strong><strong><em>durch\u00a0<\/em><\/strong>Stadt\u00a0Osnabr\u00fcck\u00a0<strong><br \/>\n<\/strong><strong><em>bis\u00a0<\/em><\/strong>20:30 Uhr Hauptbahnhof Osnabr\u00fcck<\/p>\n<p>Details zur Routenf\u00fchrung stehen noch aus. Weitere Informationen dazu findet ihr in der Urteilsbegr\u00fcndung:<br \/>\n<a href=\"http:\/\/www.verwaltungsgericht-osnabrueck.niedersachsen.de\/portal\/live.php?navigation_id=19717&amp;article_id=137046&amp;_psmand=129\" target=\"_blank\" rel=\"noopener noreferrer\">http:\/\/www.verwaltungsgericht-osnabrueck.niedersachsen.de\/portal\/live.php?navigation_id=19717&amp;article_id=137046&amp;_psmand=129<\/a><\/p>\n<p><strong>Es gibt folgende Punkte zu beachten:<\/strong><\/p>\n<ol>\n<li>Das Mitf\u00fchren und der Konsum von alkoholischen Getr\u00e4nken oder anderen berauschenden Mitteln werden f\u00fcr die Dauer der Demonstration untersagt. Alkoholisierte Veranstaltungsteilnehmer oder jene, die erkennbar unter dem Einfluss berauschender Mittel stehen, werden\u00a0ausgeschlossen.<\/li>\n<li>Die Verwendung von Seilen und mehr als 2,50m langen Transparenten ist untersagt. Sofern Transparente l\u00e4ngs an den Seiten gezeigt werden, d\u00fcrfen diese eine H\u00f6he von 1 ,50m nicht \u00fcberschreiten. Zwischen den einzelnen Seitentransparenten ist ein Mindestabstand von 2m einzuhalten. Die Transparente d\u00fcrfen nicht miteinander verbunden sein.<\/li>\n<li>F\u00fcr Transparente, Plakate und Fahnen usw. d\u00fcrfen nur Tragstangen aus Weichholz oder vergleichbaren Materialien verwendet werden. Die maximale Stockl\u00e4nge darf eine L\u00e4nge von max. 1,50m nicht \u00fcbersteigen. Die Anzahl der Fahnen und Plakate wird auf 1 pro 50 Teilnehmer beschr\u00e4nkt.<\/li>\n<li>Das Mitf\u00fchren und die Verwendung pyrotechnischen Gegenst\u00e4nden aller Art, sowie Rauchbomben ist untersagt.<\/li>\n<li>Das Mitf\u00fchren von Glasflaschen, Dosen oder Stockschirmen wird untersagt.<\/li>\n<li>Bei der Versammlung ist das Mitf\u00fchren von Tieren jeglicher Art verboten. Hiervon ausgenommen sind Blindenhunde, die zur Begleitung von sehbehinderten Personen mitgef\u00fchrt werden.<\/li>\n<\/ol>\n<p><span style=\"color: #ffffff;\">&#8211;<br \/>\n<\/span>Diese Punkte werden von den entsprechenden Ordnungskr\u00e4ften aus unseren Reihen \u2013 erkennbar an\u00a0 wei\u00dfen Armbinden mit der schwarzen Aufschrift \u201eOrdner\u201c \u2013 durchgesetzt und widerspr\u00fcchlich handelnde Personen ggf. von der Versammlung ausgeschlossen werden.\u00a0Des Weiteren appellieren wir an Euch, ruhig zu bleiben, falls es zu Provokationen kommt, gleich aus welcher Ecke sie kommen m\u00f6gen!\u00a0Jegliche Aggressivit\u00e4t kann zum sofortigen Abbruch der Demonstration durch den Veranstalter \u2013 sprich durch uns, dem Fanprojekt Preu\u00dfen M\u00fcnster \u2013 f\u00fchren!<\/p>\n<p>Aus organisatorischen Gr\u00fcnden empfehlen wir auch weiterhin die Anreise per Zug mit folgenden Verbindungen:<\/p>\n<p><strong>Hinweg: \u00a0\u00a0<\/strong><br \/>\n16:03 Uhr ab MS (Gl.8) \u2013 16:39 Uhr Ankunft OS<br \/>\n16:34 Uhr ab MS (Gl.9) \u2013 17:09 Uhr Ankunft OS<\/p>\n<p><strong>R\u00fcckweg:<\/strong><br \/>\n21:19 Uhr ab OS (Gl.1) \u2013 21:55 Uhr Ankunft MS<\/p>\n<p>Auch die Polizei Osnabr\u00fcck hat schon vorab Faninformationen f\u00fcr eine m\u00f6gliche Demonstration ver\u00f6ffentlicht, die weitere Hinweise beinhaltet. Diese findet ihr hier:<br \/>\n<a href=\"http:\/\/www.pi-os.polizei-nds.de\/download\/72331\/Informationen_fuer_Fussballfans_und_Demonstrationsteilnehmer_aus_Muenster.pdf\" target=\"_blank\" rel=\"noopener noreferrer\">http:\/\/www.pi-os.polizei-nds.de\/download\/72331\/Informationen_fuer_Fussballfans_und_Demonstrationsteilnehmer_aus_Muenster.pdf<\/a><\/p>\n<p>Lasst uns gemeinsam ein friedliches und politisches Zeichen aller Preu\u00dfenfans f\u00fcr den Erhalt der Fankultur in Deutschland und gegen pr\u00e4ventive Kollektivbestrafungen ganzer Fanszenen setzen!!!<\/p>\n<p style=\"text-align: center;\"><strong>F\u00fcr bunte, laute und friedliche Fankurven und f\u00fcr eine bunte, laute und friedliche Demonstration!<\/strong><\/p>\n<p>&nbsp;<\/p>\n<p>Euer Fanprojekt<\/p>\n","protected":false},"excerpt":{"rendered":"<p>Gerade erreichte uns diese positive Entscheidung des Eilverfahrens vor dem Verwaltungsgericht Osnabr\u00fcck! Also findet unser aller Demonstrationszug fast wie geplant statt: am\u00a0Mittwoch, den 23. September 2015 von\u00a017:00 Uhr Hauptbahnhof Osnabr\u00fcck&#8230; <a class=\"read-more-link\" href=\"https:\/\/www.fanprojekt-muenster.de\/wordpress\/demonstration-in-osnabrueck-genehmigt\/\">Read more &raquo;<\/a><\/p>\n","protected":false},"author":2,"featured_media":5011,"comment_status":"closed","ping_status":"closed","sticky":false,"template":"","format":"standard","meta":{"advgb_blocks_editor_width":"","advgb_blocks_columns_visual_guide":"","footnotes":""},"categories":[2,3],"tags":[74,130,191,211],"class_list":["post-5010","post","type-post","status-publish","format-standard","has-post-thumbnail","hentry","category-aktionen","category-aktuelles","tag-demonstration","tag-gaesteverbote","tag-osnabrueck","tag-repressionen"],"featured_image_src":null,"author_info":{"display_name":"fp_superadmin","author_link":"https:\/\/www.fanprojekt-muenster.de\/wordpress\/author\/fp_superadmin\/"},"yoast_head":"<!-- This site is optimized with the Yoast SEO plugin v27.2 - https:\/\/yoast.com\/product\/yoast-seo-wordpress\/ -->\n<title>Demonstration in Osnabr\u00fcck genehmigt! - Fangemeinschaft Preu\u00dfen M\u00fcnster e. V.<\/title>\n<meta name=\"robots\" content=\"index, follow, max-snippet:-1, max-image-preview:large, max-video-preview:-1\" \/>\n<link rel=\"canonical\" href=\"https:\/\/www.fanprojekt-muenster.de\/wordpress\/demonstration-in-osnabrueck-genehmigt\/\" \/>\n<meta property=\"og:locale\" content=\"de_DE\" \/>\n<meta property=\"og:type\" content=\"article\" \/>\n<meta property=\"og:title\" content=\"Demonstration in Osnabr\u00fcck genehmigt! - Fangemeinschaft Preu\u00dfen M\u00fcnster e. V.\" \/>\n<meta property=\"og:description\" content=\"Gerade erreichte uns diese positive Entscheidung des Eilverfahrens vor dem Verwaltungsgericht Osnabr\u00fcck! Also findet unser aller Demonstrationszug fast wie geplant statt: am\u00a0Mittwoch, den 23. September 2015 von\u00a017:00 Uhr Hauptbahnhof Osnabr\u00fcck... Read more &raquo;\" \/>\n<meta property=\"og:url\" content=\"https:\/\/www.fanprojekt-muenster.de\/wordpress\/demonstration-in-osnabrueck-genehmigt\/\" \/>\n<meta property=\"og:site_name\" content=\"Fangemeinschaft Preu\u00dfen M\u00fcnster e. V.\" \/>\n<meta property=\"article:published_time\" content=\"2015-09-22T17:18:05+00:00\" \/>\n<meta name=\"author\" content=\"fp_superadmin\" \/>\n<meta name=\"twitter:card\" content=\"summary_large_image\" \/>\n<meta name=\"twitter:label1\" content=\"Verfasst von\" \/>\n\t<meta name=\"twitter:data1\" content=\"fp_superadmin\" \/>\n\t<meta name=\"twitter:label2\" content=\"Gesch\u00e4tzte Lesezeit\" \/>\n\t<meta name=\"twitter:data2\" content=\"2\u00a0Minuten\" \/>\n<script type=\"application\/ld+json\" class=\"yoast-schema-graph\">{\"@context\":\"https:\/\/schema.org\",\"@graph\":[{\"@type\":\"Article\",\"@id\":\"https:\/\/www.fanprojekt-muenster.de\/wordpress\/demonstration-in-osnabrueck-genehmigt\/#article\",\"isPartOf\":{\"@id\":\"https:\/\/www.fanprojekt-muenster.de\/wordpress\/demonstration-in-osnabrueck-genehmigt\/\"},\"author\":{\"name\":\"fp_superadmin\",\"@id\":\"https:\/\/www.fanprojekt-muenster.de\/wordpress\/#\/schema\/person\/9126cc4d73d0d07c75b487075111186c\"},\"headline\":\"Demonstration in Osnabr\u00fcck genehmigt!\",\"datePublished\":\"2015-09-22T17:18:05+00:00\",\"mainEntityOfPage\":{\"@id\":\"https:\/\/www.fanprojekt-muenster.de\/wordpress\/demonstration-in-osnabrueck-genehmigt\/\"},\"wordCount\":463,\"publisher\":{\"@id\":\"https:\/\/www.fanprojekt-muenster.de\/wordpress\/#organization\"},\"image\":{\"@id\":\"https:\/\/www.fanprojekt-muenster.de\/wordpress\/demonstration-in-osnabrueck-genehmigt\/#primaryimage\"},\"thumbnailUrl\":\"\",\"keywords\":[\"Demonstration\",\"G\u00e4steverbote\",\"Osnabr\u00fcck\",\"Repressionen\"],\"articleSection\":[\"Aktionen\",\"Aktuelles\"],\"inLanguage\":\"de\"},{\"@type\":\"WebPage\",\"@id\":\"https:\/\/www.fanprojekt-muenster.de\/wordpress\/demonstration-in-osnabrueck-genehmigt\/\",\"url\":\"https:\/\/www.fanprojekt-muenster.de\/wordpress\/demonstration-in-osnabrueck-genehmigt\/\",\"name\":\"Demonstration in Osnabr\u00fcck genehmigt! - Fangemeinschaft Preu\u00dfen M\u00fcnster e. V.\",\"isPartOf\":{\"@id\":\"https:\/\/www.fanprojekt-muenster.de\/wordpress\/#website\"},\"primaryImageOfPage\":{\"@id\":\"https:\/\/www.fanprojekt-muenster.de\/wordpress\/demonstration-in-osnabrueck-genehmigt\/#primaryimage\"},\"image\":{\"@id\":\"https:\/\/www.fanprojekt-muenster.de\/wordpress\/demonstration-in-osnabrueck-genehmigt\/#primaryimage\"},\"thumbnailUrl\":\"\",\"datePublished\":\"2015-09-22T17:18:05+00:00\",\"breadcrumb\":{\"@id\":\"https:\/\/www.fanprojekt-muenster.de\/wordpress\/demonstration-in-osnabrueck-genehmigt\/#breadcrumb\"},\"inLanguage\":\"de\",\"potentialAction\":[{\"@type\":\"ReadAction\",\"target\":[\"https:\/\/www.fanprojekt-muenster.de\/wordpress\/demonstration-in-osnabrueck-genehmigt\/\"]}]},{\"@type\":\"ImageObject\",\"inLanguage\":\"de\",\"@id\":\"https:\/\/www.fanprojekt-muenster.de\/wordpress\/demonstration-in-osnabrueck-genehmigt\/#primaryimage\",\"url\":\"\",\"contentUrl\":\"\"},{\"@type\":\"BreadcrumbList\",\"@id\":\"https:\/\/www.fanprojekt-muenster.de\/wordpress\/demonstration-in-osnabrueck-genehmigt\/#breadcrumb\",\"itemListElement\":[{\"@type\":\"ListItem\",\"position\":1,\"name\":\"Startseite\",\"item\":\"https:\/\/www.fanprojekt-muenster.de\/wordpress\/\"},{\"@type\":\"ListItem\",\"position\":2,\"name\":\"Demonstration in Osnabr\u00fcck genehmigt!\"}]},{\"@type\":\"WebSite\",\"@id\":\"https:\/\/www.fanprojekt-muenster.de\/wordpress\/#website\",\"url\":\"https:\/\/www.fanprojekt-muenster.de\/wordpress\/\",\"name\":\"Fangemeinschaft Preu\u00dfen M\u00fcnster e. V.\",\"description\":\"\",\"publisher\":{\"@id\":\"https:\/\/www.fanprojekt-muenster.de\/wordpress\/#organization\"},\"potentialAction\":[{\"@type\":\"SearchAction\",\"target\":{\"@type\":\"EntryPoint\",\"urlTemplate\":\"https:\/\/www.fanprojekt-muenster.de\/wordpress\/?s={search_term_string}\"},\"query-input\":{\"@type\":\"PropertyValueSpecification\",\"valueRequired\":true,\"valueName\":\"search_term_string\"}}],\"inLanguage\":\"de\"},{\"@type\":\"Organization\",\"@id\":\"https:\/\/www.fanprojekt-muenster.de\/wordpress\/#organization\",\"name\":\"Fangemeinschaft Preu\u00dfen M\u00fcnster e. V.\",\"url\":\"https:\/\/www.fanprojekt-muenster.de\/wordpress\/\",\"logo\":{\"@type\":\"ImageObject\",\"inLanguage\":\"de\",\"@id\":\"https:\/\/www.fanprojekt-muenster.de\/wordpress\/#\/schema\/logo\/image\/\",\"url\":\"https:\/\/www.fanprojekt-muenster.de\/wordpress\/wp-content\/uploads\/2019\/07\/cropped-Website_Logo3-9.png\",\"contentUrl\":\"https:\/\/www.fanprojekt-muenster.de\/wordpress\/wp-content\/uploads\/2019\/07\/cropped-Website_Logo3-9.png\",\"width\":224,\"height\":42,\"caption\":\"Fangemeinschaft Preu\u00dfen M\u00fcnster e. V.\"},\"image\":{\"@id\":\"https:\/\/www.fanprojekt-muenster.de\/wordpress\/#\/schema\/logo\/image\/\"}},{\"@type\":\"Person\",\"@id\":\"https:\/\/www.fanprojekt-muenster.de\/wordpress\/#\/schema\/person\/9126cc4d73d0d07c75b487075111186c\",\"name\":\"fp_superadmin\",\"url\":\"https:\/\/www.fanprojekt-muenster.de\/wordpress\/author\/fp_superadmin\/\"}]}<\/script>\n<!-- \/ Yoast SEO plugin. -->","yoast_head_json":{"title":"Demonstration in Osnabr\u00fcck genehmigt! - Fangemeinschaft Preu\u00dfen M\u00fcnster e. V.","robots":{"index":"index","follow":"follow","max-snippet":"max-snippet:-1","max-image-preview":"max-image-preview:large","max-video-preview":"max-video-preview:-1"},"canonical":"https:\/\/www.fanprojekt-muenster.de\/wordpress\/demonstration-in-osnabrueck-genehmigt\/","og_locale":"de_DE","og_type":"article","og_title":"Demonstration in Osnabr\u00fcck genehmigt! - Fangemeinschaft Preu\u00dfen M\u00fcnster e. V.","og_description":"Gerade erreichte uns diese positive Entscheidung des Eilverfahrens vor dem Verwaltungsgericht Osnabr\u00fcck! Also findet unser aller Demonstrationszug fast wie geplant statt: am\u00a0Mittwoch, den 23. September 2015 von\u00a017:00 Uhr Hauptbahnhof Osnabr\u00fcck... Read more &raquo;","og_url":"https:\/\/www.fanprojekt-muenster.de\/wordpress\/demonstration-in-osnabrueck-genehmigt\/","og_site_name":"Fangemeinschaft Preu\u00dfen M\u00fcnster e. V.","article_published_time":"2015-09-22T17:18:05+00:00","author":"fp_superadmin","twitter_card":"summary_large_image","twitter_misc":{"Verfasst von":"fp_superadmin","Gesch\u00e4tzte Lesezeit":"2\u00a0Minuten"},"schema":{"@context":"https:\/\/schema.org","@graph":[{"@type":"Article","@id":"https:\/\/www.fanprojekt-muenster.de\/wordpress\/demonstration-in-osnabrueck-genehmigt\/#article","isPartOf":{"@id":"https:\/\/www.fanprojekt-muenster.de\/wordpress\/demonstration-in-osnabrueck-genehmigt\/"},"author":{"name":"fp_superadmin","@id":"https:\/\/www.fanprojekt-muenster.de\/wordpress\/#\/schema\/person\/9126cc4d73d0d07c75b487075111186c"},"headline":"Demonstration in Osnabr\u00fcck genehmigt!","datePublished":"2015-09-22T17:18:05+00:00","mainEntityOfPage":{"@id":"https:\/\/www.fanprojekt-muenster.de\/wordpress\/demonstration-in-osnabrueck-genehmigt\/"},"wordCount":463,"publisher":{"@id":"https:\/\/www.fanprojekt-muenster.de\/wordpress\/#organization"},"image":{"@id":"https:\/\/www.fanprojekt-muenster.de\/wordpress\/demonstration-in-osnabrueck-genehmigt\/#primaryimage"},"thumbnailUrl":"","keywords":["Demonstration","G\u00e4steverbote","Osnabr\u00fcck","Repressionen"],"articleSection":["Aktionen","Aktuelles"],"inLanguage":"de"},{"@type":"WebPage","@id":"https:\/\/www.fanprojekt-muenster.de\/wordpress\/demonstration-in-osnabrueck-genehmigt\/","url":"https:\/\/www.fanprojekt-muenster.de\/wordpress\/demonstration-in-osnabrueck-genehmigt\/","name":"Demonstration in Osnabr\u00fcck genehmigt! - Fangemeinschaft Preu\u00dfen M\u00fcnster e. V.","isPartOf":{"@id":"https:\/\/www.fanprojekt-muenster.de\/wordpress\/#website"},"primaryImageOfPage":{"@id":"https:\/\/www.fanprojekt-muenster.de\/wordpress\/demonstration-in-osnabrueck-genehmigt\/#primaryimage"},"image":{"@id":"https:\/\/www.fanprojekt-muenster.de\/wordpress\/demonstration-in-osnabrueck-genehmigt\/#primaryimage"},"thumbnailUrl":"","datePublished":"2015-09-22T17:18:05+00:00","breadcrumb":{"@id":"https:\/\/www.fanprojekt-muenster.de\/wordpress\/demonstration-in-osnabrueck-genehmigt\/#breadcrumb"},"inLanguage":"de","potentialAction":[{"@type":"ReadAction","target":["https:\/\/www.fanprojekt-muenster.de\/wordpress\/demonstration-in-osnabrueck-genehmigt\/"]}]},{"@type":"ImageObject","inLanguage":"de","@id":"https:\/\/www.fanprojekt-muenster.de\/wordpress\/demonstration-in-osnabrueck-genehmigt\/#primaryimage","url":"","contentUrl":""},{"@type":"BreadcrumbList","@id":"https:\/\/www.fanprojekt-muenster.de\/wordpress\/demonstration-in-osnabrueck-genehmigt\/#breadcrumb","itemListElement":[{"@type":"ListItem","position":1,"name":"Startseite","item":"https:\/\/www.fanprojekt-muenster.de\/wordpress\/"},{"@type":"ListItem","position":2,"name":"Demonstration in Osnabr\u00fcck genehmigt!"}]},{"@type":"WebSite","@id":"https:\/\/www.fanprojekt-muenster.de\/wordpress\/#website","url":"https:\/\/www.fanprojekt-muenster.de\/wordpress\/","name":"Fangemeinschaft Preu\u00dfen M\u00fcnster e. V.","description":"","publisher":{"@id":"https:\/\/www.fanprojekt-muenster.de\/wordpress\/#organization"},"potentialAction":[{"@type":"SearchAction","target":{"@type":"EntryPoint","urlTemplate":"https:\/\/www.fanprojekt-muenster.de\/wordpress\/?s={search_term_string}"},"query-input":{"@type":"PropertyValueSpecification","valueRequired":true,"valueName":"search_term_string"}}],"inLanguage":"de"},{"@type":"Organization","@id":"https:\/\/www.fanprojekt-muenster.de\/wordpress\/#organization","name":"Fangemeinschaft Preu\u00dfen M\u00fcnster e. V.","url":"https:\/\/www.fanprojekt-muenster.de\/wordpress\/","logo":{"@type":"ImageObject","inLanguage":"de","@id":"https:\/\/www.fanprojekt-muenster.de\/wordpress\/#\/schema\/logo\/image\/","url":"https:\/\/www.fanprojekt-muenster.de\/wordpress\/wp-content\/uploads\/2019\/07\/cropped-Website_Logo3-9.png","contentUrl":"https:\/\/www.fanprojekt-muenster.de\/wordpress\/wp-content\/uploads\/2019\/07\/cropped-Website_Logo3-9.png","width":224,"height":42,"caption":"Fangemeinschaft Preu\u00dfen M\u00fcnster e. V."},"image":{"@id":"https:\/\/www.fanprojekt-muenster.de\/wordpress\/#\/schema\/logo\/image\/"}},{"@type":"Person","@id":"https:\/\/www.fanprojekt-muenster.de\/wordpress\/#\/schema\/person\/9126cc4d73d0d07c75b487075111186c","name":"fp_superadmin","url":"https:\/\/www.fanprojekt-muenster.de\/wordpress\/author\/fp_superadmin\/"}]}},"author_meta":{"display_name":"fp_superadmin","author_link":"https:\/\/www.fanprojekt-muenster.de\/wordpress\/author\/fp_superadmin\/"},"featured_img":null,"coauthors":[],"tax_additional":{"categories":{"linked":["<a href=\"https:\/\/www.fanprojekt-muenster.de\/wordpress\/category\/aktionen\/\" class=\"advgb-post-tax-term\">Aktionen<\/a>","<a href=\"https:\/\/www.fanprojekt-muenster.de\/wordpress\/category\/aktuelles\/\" class=\"advgb-post-tax-term\">Aktuelles<\/a>"],"unlinked":["<span class=\"advgb-post-tax-term\">Aktionen<\/span>","<span class=\"advgb-post-tax-term\">Aktuelles<\/span>"]},"tags":{"linked":["<a href=\"https:\/\/www.fanprojekt-muenster.de\/wordpress\/category\/aktuelles\/\" class=\"advgb-post-tax-term\">Demonstration<\/a>","<a href=\"https:\/\/www.fanprojekt-muenster.de\/wordpress\/category\/aktuelles\/\" class=\"advgb-post-tax-term\">G\u00e4steverbote<\/a>","<a href=\"https:\/\/www.fanprojekt-muenster.de\/wordpress\/category\/aktuelles\/\" class=\"advgb-post-tax-term\">Osnabr\u00fcck<\/a>","<a href=\"https:\/\/www.fanprojekt-muenster.de\/wordpress\/category\/aktuelles\/\" class=\"advgb-post-tax-term\">Repressionen<\/a>"],"unlinked":["<span class=\"advgb-post-tax-term\">Demonstration<\/span>","<span class=\"advgb-post-tax-term\">G\u00e4steverbote<\/span>","<span class=\"advgb-post-tax-term\">Osnabr\u00fcck<\/span>","<span class=\"advgb-post-tax-term\">Repressionen<\/span>"]}},"comment_count":"0","relative_dates":{"created":"Posted 11\u00a0Jahren ago","modified":"Updated 11\u00a0Jahren ago"},"absolute_dates":{"created":"Posted on 22. September 2015","modified":"Updated on 22. September 2015"},"absolute_dates_time":{"created":"Posted on 22. September 2015 19:18","modified":"Updated on 22. September 2015 19:18"},"featured_img_caption":"","series_order":"","_links":{"self":[{"href":"https:\/\/www.fanprojekt-muenster.de\/wordpress\/wp-json\/wp\/v2\/posts\/5010","targetHints":{"allow":["GET"]}}],"collection":[{"href":"https:\/\/www.fanprojekt-muenster.de\/wordpress\/wp-json\/wp\/v2\/posts"}],"about":[{"href":"https:\/\/www.fanprojekt-muenster.de\/wordpress\/wp-json\/wp\/v2\/types\/post"}],"author":[{"embeddable":true,"href":"https:\/\/www.fanprojekt-muenster.de\/wordpress\/wp-json\/wp\/v2\/users\/2"}],"replies":[{"embeddable":true,"href":"https:\/\/www.fanprojekt-muenster.de\/wordpress\/wp-json\/wp\/v2\/comments?post=5010"}],"version-history":[{"count":0,"href":"https:\/\/www.fanprojekt-muenster.de\/wordpress\/wp-json\/wp\/v2\/posts\/5010\/revisions"}],"wp:featuredmedia":[{"embeddable":true,"href":"https:\/\/www.fanprojekt-muenster.de\/wordpress\/wp-json\/"}],"wp:attachment":[{"href":"https:\/\/www.fanprojekt-muenster.de\/wordpress\/wp-json\/wp\/v2\/media?parent=5010"}],"wp:term":[{"taxonomy":"category","embeddable":true,"href":"https:\/\/www.fanprojekt-muenster.de\/wordpress\/wp-json\/wp\/v2\/categories?post=5010"},{"taxonomy":"post_tag","embeddable":true,"href":"https:\/\/www.fanprojekt-muenster.de\/wordpress\/wp-json\/wp\/v2\/tags?post=5010"}],"curies":[{"name":"wp","href":"https:\/\/api.w.org\/{rel}","templated":true}]}}