{"id":5007,"date":"2015-09-21T18:45:59","date_gmt":"2015-09-21T16:45:59","guid":{"rendered":"http:\/\/www.fanprojekt-muenster.de\/wp\/?p=5007"},"modified":"2015-09-21T18:45:59","modified_gmt":"2015-09-21T16:45:59","slug":"aktuelle-nachrichten-zur-demo","status":"publish","type":"post","link":"https:\/\/www.fanprojekt-muenster.de\/wordpress\/aktuelle-nachrichten-zur-demo\/","title":{"rendered":"Aktuelle Nachrichten zur Demo"},"content":{"rendered":"<p style=\"text-align: justify;\">Wie bereits berichtet, haben die Sicherheitsbeh\u00f6rden unsere beantragte Demonstration nicht genehmigt. Gegen diese Entscheidung klagen wir momentan im Eilverfahren vor dem Verwaltungsgericht Osnabr\u00fcck. Sp\u00e4testens morgen erwarten wir hierzu den Richterspruch.\u00a0Bis dahin gehen wir nat\u00fcrlich alle davon aus, dass wir unseren Unmut \u00fcber den Ausschluss von G\u00e4stefans beim Derby entschlossen, aber friedlich, auf der Stra\u00dfe zeigen d\u00fcrfen.<\/p>\n<p style=\"text-align: justify;\">Die von den Beh\u00f6rden genehmigte station\u00e4re Kundgebung in einem von der Polizei hermetisch abgeriegelten Bereich am Bahnhof hat f\u00fcr uns nicht einmal im Ansatz etwas mit Demonstrations-FREIHEIT zu tun und ist f\u00fcr uns nicht akzeptabel!<\/p>\n<p style=\"text-align: justify;\">Sollte dennoch in erster Instanz unsere Klage abgewiesen werden, so m\u00fcssen wir das leider hinnehmen. Sobald uns der Richterspruch vorliegt, werden wir Euch umgehend informieren. Bis dahin gilt:<\/p>\n<p style=\"text-align: justify;\">&#8211;<\/p>\n<h3 style=\"text-align: justify;\"><strong>ALLE ZUR DEMO NACH OSNA!!!<\/strong><\/h3>\n<p style=\"text-align: justify;\"><strong>Start:<\/strong><br \/>\n23.09.2015, 17:00 Uhr, Hauptbahnhof Osnabr\u00fcck<\/p>\n<p style=\"text-align: justify;\"><strong>Route:<\/strong><br \/>\nHauptbahnhof Osnabr\u00fcck \u2013 Stadion \u2013 Hauptbahnhof Osnabr\u00fcck<\/p>\n<p style=\"text-align: justify;\"><strong>Ende:<\/strong><br \/>\nca. 19:45Uhr Abschlusskundgebung am Hauptbahnhof<br \/>\nca.: 20:15Uhr Ende der Veranstaltung<\/p>\n<p style=\"text-align: justify;\">Aus organisatorischen Gr\u00fcnden empfehlen wir die Anreise per Zug mit folgenden Zugverbindungen:<\/p>\n<p style=\"text-align: justify;\"><strong>Hinweg:<br \/>\n<\/strong>16:03Uhr ab MS \u2013 16:39Uhr Ankunft OS<br \/>\n16:34Uhr ab MS \u2013 17:09Uhr Ankunft OS<\/p>\n<p style=\"text-align: justify;\"><strong>R\u00fcckweg:<br \/>\n<\/strong>20:19Uhr ab OS \u2013 20:55Uhr Ankunft MS<\/p>\n<p style=\"text-align: justify;\">Die angemeldete Demo ist ein friedliches und politisches Zeichen aller Preu\u00dfenfans.<\/p>\n<p style=\"text-align: justify;\">Was wir nicht wollen und was auf der Demonstration verboten sein wird, sind Pyrotechnik, Alkohol, Drogen, vermummte Personen und jegliche Aggressivit\u00e4t, egal von wem sie ausgehen mag!<\/p>\n<p style=\"text-align: justify;\">Unser eigener Ordnungsdienst wird gegebenenfalls diese Personen von der Demo ausschlie\u00dfen bzw. kann jegliche Aggressivit\u00e4t zum sofortigen Abbruch der Demonstration durch den Veranstalter \u2013 sprich durch uns, dem Fanprojekt Preu\u00dfen M\u00fcnster \u2013 f\u00fchren!<\/p>\n<p style=\"text-align: justify;\">Des Weiteren appellieren wir an Euch, ruhig zu bleiben, falls es zu Provokationen kommt, gleich aus welcher Ecke sie kommen k\u00f6nnen!<\/p>\n<p style=\"text-align: justify;\">Es geht um den Erhalt der Fankultur in Deutschland und darum, dass pr\u00e4ventive Kollektivstrafen ganzer Fanszenen in Deutschland nicht zur Regel werden!<\/p>\n<p style=\"text-align: justify;\">F\u00fcr bunte, laute und friedliche Fankurven und f\u00fcr eine bunte, laute und friedliche Demonstration!<\/p>\n<h3 style=\"text-align: justify;\"><strong><u>H\u00e4nde weg vom Fu\u00dfball. Gegen G\u00e4steverbote und Repressionen!<\/u><\/strong><\/h3>\n<p style=\"text-align: justify;\">Euer Fanprojekt<\/p>\n","protected":false},"excerpt":{"rendered":"<p>Wie bereits berichtet, haben die Sicherheitsbeh\u00f6rden unsere beantragte Demonstration nicht genehmigt. Gegen diese Entscheidung klagen wir momentan im Eilverfahren vor dem Verwaltungsgericht Osnabr\u00fcck. Sp\u00e4testens morgen erwarten wir hierzu den Richterspruch.\u00a0Bis&#8230; <a class=\"read-more-link\" href=\"https:\/\/www.fanprojekt-muenster.de\/wordpress\/aktuelle-nachrichten-zur-demo\/\">Read more &raquo;<\/a><\/p>\n","protected":false},"author":2,"featured_media":4991,"comment_status":"closed","ping_status":"closed","sticky":false,"template":"","format":"standard","meta":{"advgb_blocks_editor_width":"","advgb_blocks_columns_visual_guide":"","footnotes":""},"categories":[2,3],"tags":[],"class_list":["post-5007","post","type-post","status-publish","format-standard","has-post-thumbnail","hentry","category-aktionen","category-aktuelles"],"featured_image_src":null,"author_info":{"display_name":"fp_superadmin","author_link":"https:\/\/www.fanprojekt-muenster.de\/wordpress\/author\/fp_superadmin\/"},"yoast_head":"<!-- This site is optimized with the Yoast SEO plugin v27.2 - https:\/\/yoast.com\/product\/yoast-seo-wordpress\/ -->\n<title>Aktuelle Nachrichten zur Demo - Fangemeinschaft Preu\u00dfen M\u00fcnster e. V.<\/title>\n<meta name=\"robots\" content=\"index, follow, max-snippet:-1, max-image-preview:large, max-video-preview:-1\" \/>\n<link rel=\"canonical\" href=\"https:\/\/www.fanprojekt-muenster.de\/wordpress\/aktuelle-nachrichten-zur-demo\/\" \/>\n<meta property=\"og:locale\" content=\"de_DE\" \/>\n<meta property=\"og:type\" content=\"article\" \/>\n<meta property=\"og:title\" content=\"Aktuelle Nachrichten zur Demo - Fangemeinschaft Preu\u00dfen M\u00fcnster e. V.\" \/>\n<meta property=\"og:description\" content=\"Wie bereits berichtet, haben die Sicherheitsbeh\u00f6rden unsere beantragte Demonstration nicht genehmigt. Gegen diese Entscheidung klagen wir momentan im Eilverfahren vor dem Verwaltungsgericht Osnabr\u00fcck. Sp\u00e4testens morgen erwarten wir hierzu den Richterspruch.\u00a0Bis... Read more &raquo;\" \/>\n<meta property=\"og:url\" content=\"https:\/\/www.fanprojekt-muenster.de\/wordpress\/aktuelle-nachrichten-zur-demo\/\" \/>\n<meta property=\"og:site_name\" content=\"Fangemeinschaft Preu\u00dfen M\u00fcnster e. V.\" \/>\n<meta property=\"article:published_time\" content=\"2015-09-21T16:45:59+00:00\" \/>\n<meta name=\"author\" content=\"fp_superadmin\" \/>\n<meta name=\"twitter:card\" content=\"summary_large_image\" \/>\n<meta name=\"twitter:label1\" content=\"Verfasst von\" \/>\n\t<meta name=\"twitter:data1\" content=\"fp_superadmin\" \/>\n\t<meta name=\"twitter:label2\" content=\"Gesch\u00e4tzte Lesezeit\" \/>\n\t<meta name=\"twitter:data2\" content=\"2\u00a0Minuten\" \/>\n<script type=\"application\/ld+json\" class=\"yoast-schema-graph\">{\"@context\":\"https:\/\/schema.org\",\"@graph\":[{\"@type\":\"Article\",\"@id\":\"https:\/\/www.fanprojekt-muenster.de\/wordpress\/aktuelle-nachrichten-zur-demo\/#article\",\"isPartOf\":{\"@id\":\"https:\/\/www.fanprojekt-muenster.de\/wordpress\/aktuelle-nachrichten-zur-demo\/\"},\"author\":{\"name\":\"fp_superadmin\",\"@id\":\"https:\/\/www.fanprojekt-muenster.de\/wordpress\/#\/schema\/person\/9126cc4d73d0d07c75b487075111186c\"},\"headline\":\"Aktuelle Nachrichten zur Demo\",\"datePublished\":\"2015-09-21T16:45:59+00:00\",\"mainEntityOfPage\":{\"@id\":\"https:\/\/www.fanprojekt-muenster.de\/wordpress\/aktuelle-nachrichten-zur-demo\/\"},\"wordCount\":350,\"publisher\":{\"@id\":\"https:\/\/www.fanprojekt-muenster.de\/wordpress\/#organization\"},\"image\":{\"@id\":\"https:\/\/www.fanprojekt-muenster.de\/wordpress\/aktuelle-nachrichten-zur-demo\/#primaryimage\"},\"thumbnailUrl\":\"\",\"articleSection\":[\"Aktionen\",\"Aktuelles\"],\"inLanguage\":\"de\"},{\"@type\":\"WebPage\",\"@id\":\"https:\/\/www.fanprojekt-muenster.de\/wordpress\/aktuelle-nachrichten-zur-demo\/\",\"url\":\"https:\/\/www.fanprojekt-muenster.de\/wordpress\/aktuelle-nachrichten-zur-demo\/\",\"name\":\"Aktuelle Nachrichten zur Demo - Fangemeinschaft Preu\u00dfen M\u00fcnster e. V.\",\"isPartOf\":{\"@id\":\"https:\/\/www.fanprojekt-muenster.de\/wordpress\/#website\"},\"primaryImageOfPage\":{\"@id\":\"https:\/\/www.fanprojekt-muenster.de\/wordpress\/aktuelle-nachrichten-zur-demo\/#primaryimage\"},\"image\":{\"@id\":\"https:\/\/www.fanprojekt-muenster.de\/wordpress\/aktuelle-nachrichten-zur-demo\/#primaryimage\"},\"thumbnailUrl\":\"\",\"datePublished\":\"2015-09-21T16:45:59+00:00\",\"breadcrumb\":{\"@id\":\"https:\/\/www.fanprojekt-muenster.de\/wordpress\/aktuelle-nachrichten-zur-demo\/#breadcrumb\"},\"inLanguage\":\"de\",\"potentialAction\":[{\"@type\":\"ReadAction\",\"target\":[\"https:\/\/www.fanprojekt-muenster.de\/wordpress\/aktuelle-nachrichten-zur-demo\/\"]}]},{\"@type\":\"ImageObject\",\"inLanguage\":\"de\",\"@id\":\"https:\/\/www.fanprojekt-muenster.de\/wordpress\/aktuelle-nachrichten-zur-demo\/#primaryimage\",\"url\":\"\",\"contentUrl\":\"\"},{\"@type\":\"BreadcrumbList\",\"@id\":\"https:\/\/www.fanprojekt-muenster.de\/wordpress\/aktuelle-nachrichten-zur-demo\/#breadcrumb\",\"itemListElement\":[{\"@type\":\"ListItem\",\"position\":1,\"name\":\"Startseite\",\"item\":\"https:\/\/www.fanprojekt-muenster.de\/wordpress\/\"},{\"@type\":\"ListItem\",\"position\":2,\"name\":\"Aktuelle Nachrichten zur Demo\"}]},{\"@type\":\"WebSite\",\"@id\":\"https:\/\/www.fanprojekt-muenster.de\/wordpress\/#website\",\"url\":\"https:\/\/www.fanprojekt-muenster.de\/wordpress\/\",\"name\":\"Fangemeinschaft Preu\u00dfen M\u00fcnster e. V.\",\"description\":\"\",\"publisher\":{\"@id\":\"https:\/\/www.fanprojekt-muenster.de\/wordpress\/#organization\"},\"potentialAction\":[{\"@type\":\"SearchAction\",\"target\":{\"@type\":\"EntryPoint\",\"urlTemplate\":\"https:\/\/www.fanprojekt-muenster.de\/wordpress\/?s={search_term_string}\"},\"query-input\":{\"@type\":\"PropertyValueSpecification\",\"valueRequired\":true,\"valueName\":\"search_term_string\"}}],\"inLanguage\":\"de\"},{\"@type\":\"Organization\",\"@id\":\"https:\/\/www.fanprojekt-muenster.de\/wordpress\/#organization\",\"name\":\"Fangemeinschaft Preu\u00dfen M\u00fcnster e. V.\",\"url\":\"https:\/\/www.fanprojekt-muenster.de\/wordpress\/\",\"logo\":{\"@type\":\"ImageObject\",\"inLanguage\":\"de\",\"@id\":\"https:\/\/www.fanprojekt-muenster.de\/wordpress\/#\/schema\/logo\/image\/\",\"url\":\"https:\/\/www.fanprojekt-muenster.de\/wordpress\/wp-content\/uploads\/2019\/07\/cropped-Website_Logo3-9.png\",\"contentUrl\":\"https:\/\/www.fanprojekt-muenster.de\/wordpress\/wp-content\/uploads\/2019\/07\/cropped-Website_Logo3-9.png\",\"width\":224,\"height\":42,\"caption\":\"Fangemeinschaft Preu\u00dfen M\u00fcnster e. V.\"},\"image\":{\"@id\":\"https:\/\/www.fanprojekt-muenster.de\/wordpress\/#\/schema\/logo\/image\/\"}},{\"@type\":\"Person\",\"@id\":\"https:\/\/www.fanprojekt-muenster.de\/wordpress\/#\/schema\/person\/9126cc4d73d0d07c75b487075111186c\",\"name\":\"fp_superadmin\",\"url\":\"https:\/\/www.fanprojekt-muenster.de\/wordpress\/author\/fp_superadmin\/\"}]}<\/script>\n<!-- \/ Yoast SEO plugin. -->","yoast_head_json":{"title":"Aktuelle Nachrichten zur Demo - Fangemeinschaft Preu\u00dfen M\u00fcnster e. V.","robots":{"index":"index","follow":"follow","max-snippet":"max-snippet:-1","max-image-preview":"max-image-preview:large","max-video-preview":"max-video-preview:-1"},"canonical":"https:\/\/www.fanprojekt-muenster.de\/wordpress\/aktuelle-nachrichten-zur-demo\/","og_locale":"de_DE","og_type":"article","og_title":"Aktuelle Nachrichten zur Demo - Fangemeinschaft Preu\u00dfen M\u00fcnster e. V.","og_description":"Wie bereits berichtet, haben die Sicherheitsbeh\u00f6rden unsere beantragte Demonstration nicht genehmigt. Gegen diese Entscheidung klagen wir momentan im Eilverfahren vor dem Verwaltungsgericht Osnabr\u00fcck. Sp\u00e4testens morgen erwarten wir hierzu den Richterspruch.\u00a0Bis... Read more &raquo;","og_url":"https:\/\/www.fanprojekt-muenster.de\/wordpress\/aktuelle-nachrichten-zur-demo\/","og_site_name":"Fangemeinschaft Preu\u00dfen M\u00fcnster e. V.","article_published_time":"2015-09-21T16:45:59+00:00","author":"fp_superadmin","twitter_card":"summary_large_image","twitter_misc":{"Verfasst von":"fp_superadmin","Gesch\u00e4tzte Lesezeit":"2\u00a0Minuten"},"schema":{"@context":"https:\/\/schema.org","@graph":[{"@type":"Article","@id":"https:\/\/www.fanprojekt-muenster.de\/wordpress\/aktuelle-nachrichten-zur-demo\/#article","isPartOf":{"@id":"https:\/\/www.fanprojekt-muenster.de\/wordpress\/aktuelle-nachrichten-zur-demo\/"},"author":{"name":"fp_superadmin","@id":"https:\/\/www.fanprojekt-muenster.de\/wordpress\/#\/schema\/person\/9126cc4d73d0d07c75b487075111186c"},"headline":"Aktuelle Nachrichten zur Demo","datePublished":"2015-09-21T16:45:59+00:00","mainEntityOfPage":{"@id":"https:\/\/www.fanprojekt-muenster.de\/wordpress\/aktuelle-nachrichten-zur-demo\/"},"wordCount":350,"publisher":{"@id":"https:\/\/www.fanprojekt-muenster.de\/wordpress\/#organization"},"image":{"@id":"https:\/\/www.fanprojekt-muenster.de\/wordpress\/aktuelle-nachrichten-zur-demo\/#primaryimage"},"thumbnailUrl":"","articleSection":["Aktionen","Aktuelles"],"inLanguage":"de"},{"@type":"WebPage","@id":"https:\/\/www.fanprojekt-muenster.de\/wordpress\/aktuelle-nachrichten-zur-demo\/","url":"https:\/\/www.fanprojekt-muenster.de\/wordpress\/aktuelle-nachrichten-zur-demo\/","name":"Aktuelle Nachrichten zur Demo - Fangemeinschaft Preu\u00dfen M\u00fcnster e. V.","isPartOf":{"@id":"https:\/\/www.fanprojekt-muenster.de\/wordpress\/#website"},"primaryImageOfPage":{"@id":"https:\/\/www.fanprojekt-muenster.de\/wordpress\/aktuelle-nachrichten-zur-demo\/#primaryimage"},"image":{"@id":"https:\/\/www.fanprojekt-muenster.de\/wordpress\/aktuelle-nachrichten-zur-demo\/#primaryimage"},"thumbnailUrl":"","datePublished":"2015-09-21T16:45:59+00:00","breadcrumb":{"@id":"https:\/\/www.fanprojekt-muenster.de\/wordpress\/aktuelle-nachrichten-zur-demo\/#breadcrumb"},"inLanguage":"de","potentialAction":[{"@type":"ReadAction","target":["https:\/\/www.fanprojekt-muenster.de\/wordpress\/aktuelle-nachrichten-zur-demo\/"]}]},{"@type":"ImageObject","inLanguage":"de","@id":"https:\/\/www.fanprojekt-muenster.de\/wordpress\/aktuelle-nachrichten-zur-demo\/#primaryimage","url":"","contentUrl":""},{"@type":"BreadcrumbList","@id":"https:\/\/www.fanprojekt-muenster.de\/wordpress\/aktuelle-nachrichten-zur-demo\/#breadcrumb","itemListElement":[{"@type":"ListItem","position":1,"name":"Startseite","item":"https:\/\/www.fanprojekt-muenster.de\/wordpress\/"},{"@type":"ListItem","position":2,"name":"Aktuelle Nachrichten zur Demo"}]},{"@type":"WebSite","@id":"https:\/\/www.fanprojekt-muenster.de\/wordpress\/#website","url":"https:\/\/www.fanprojekt-muenster.de\/wordpress\/","name":"Fangemeinschaft Preu\u00dfen M\u00fcnster e. V.","description":"","publisher":{"@id":"https:\/\/www.fanprojekt-muenster.de\/wordpress\/#organization"},"potentialAction":[{"@type":"SearchAction","target":{"@type":"EntryPoint","urlTemplate":"https:\/\/www.fanprojekt-muenster.de\/wordpress\/?s={search_term_string}"},"query-input":{"@type":"PropertyValueSpecification","valueRequired":true,"valueName":"search_term_string"}}],"inLanguage":"de"},{"@type":"Organization","@id":"https:\/\/www.fanprojekt-muenster.de\/wordpress\/#organization","name":"Fangemeinschaft Preu\u00dfen M\u00fcnster e. V.","url":"https:\/\/www.fanprojekt-muenster.de\/wordpress\/","logo":{"@type":"ImageObject","inLanguage":"de","@id":"https:\/\/www.fanprojekt-muenster.de\/wordpress\/#\/schema\/logo\/image\/","url":"https:\/\/www.fanprojekt-muenster.de\/wordpress\/wp-content\/uploads\/2019\/07\/cropped-Website_Logo3-9.png","contentUrl":"https:\/\/www.fanprojekt-muenster.de\/wordpress\/wp-content\/uploads\/2019\/07\/cropped-Website_Logo3-9.png","width":224,"height":42,"caption":"Fangemeinschaft Preu\u00dfen M\u00fcnster e. V."},"image":{"@id":"https:\/\/www.fanprojekt-muenster.de\/wordpress\/#\/schema\/logo\/image\/"}},{"@type":"Person","@id":"https:\/\/www.fanprojekt-muenster.de\/wordpress\/#\/schema\/person\/9126cc4d73d0d07c75b487075111186c","name":"fp_superadmin","url":"https:\/\/www.fanprojekt-muenster.de\/wordpress\/author\/fp_superadmin\/"}]}},"author_meta":{"display_name":"fp_superadmin","author_link":"https:\/\/www.fanprojekt-muenster.de\/wordpress\/author\/fp_superadmin\/"},"featured_img":null,"coauthors":[],"tax_additional":{"categories":{"linked":["<a href=\"https:\/\/www.fanprojekt-muenster.de\/wordpress\/category\/aktionen\/\" class=\"advgb-post-tax-term\">Aktionen<\/a>","<a href=\"https:\/\/www.fanprojekt-muenster.de\/wordpress\/category\/aktuelles\/\" class=\"advgb-post-tax-term\">Aktuelles<\/a>"],"unlinked":["<span class=\"advgb-post-tax-term\">Aktionen<\/span>","<span class=\"advgb-post-tax-term\">Aktuelles<\/span>"]}},"comment_count":"0","relative_dates":{"created":"Posted 11\u00a0Jahren ago","modified":"Updated 11\u00a0Jahren ago"},"absolute_dates":{"created":"Posted on 21. September 2015","modified":"Updated on 21. September 2015"},"absolute_dates_time":{"created":"Posted on 21. September 2015 18:45","modified":"Updated on 21. September 2015 18:45"},"featured_img_caption":"","series_order":"","_links":{"self":[{"href":"https:\/\/www.fanprojekt-muenster.de\/wordpress\/wp-json\/wp\/v2\/posts\/5007","targetHints":{"allow":["GET"]}}],"collection":[{"href":"https:\/\/www.fanprojekt-muenster.de\/wordpress\/wp-json\/wp\/v2\/posts"}],"about":[{"href":"https:\/\/www.fanprojekt-muenster.de\/wordpress\/wp-json\/wp\/v2\/types\/post"}],"author":[{"embeddable":true,"href":"https:\/\/www.fanprojekt-muenster.de\/wordpress\/wp-json\/wp\/v2\/users\/2"}],"replies":[{"embeddable":true,"href":"https:\/\/www.fanprojekt-muenster.de\/wordpress\/wp-json\/wp\/v2\/comments?post=5007"}],"version-history":[{"count":0,"href":"https:\/\/www.fanprojekt-muenster.de\/wordpress\/wp-json\/wp\/v2\/posts\/5007\/revisions"}],"wp:featuredmedia":[{"embeddable":true,"href":"https:\/\/www.fanprojekt-muenster.de\/wordpress\/wp-json\/"}],"wp:attachment":[{"href":"https:\/\/www.fanprojekt-muenster.de\/wordpress\/wp-json\/wp\/v2\/media?parent=5007"}],"wp:term":[{"taxonomy":"category","embeddable":true,"href":"https:\/\/www.fanprojekt-muenster.de\/wordpress\/wp-json\/wp\/v2\/categories?post=5007"},{"taxonomy":"post_tag","embeddable":true,"href":"https:\/\/www.fanprojekt-muenster.de\/wordpress\/wp-json\/wp\/v2\/tags?post=5007"}],"curies":[{"name":"wp","href":"https:\/\/api.w.org\/{rel}","templated":true}]}}