{"id":5000,"date":"2015-09-18T18:55:54","date_gmt":"2015-09-18T16:55:54","guid":{"rendered":"http:\/\/www.fanprojekt-muenster.de\/wp\/?p=5000"},"modified":"2015-09-18T18:55:54","modified_gmt":"2015-09-18T16:55:54","slug":"aktueller-stand-zur-demo-in-osnabrueck","status":"publish","type":"post","link":"https:\/\/www.fanprojekt-muenster.de\/wordpress\/aktueller-stand-zur-demo-in-osnabrueck\/","title":{"rendered":"Aktueller Stand zur Demo in Osnabr\u00fcck"},"content":{"rendered":"<div id=\"attachment_4991\" style=\"width: 460px\" class=\"wp-caption alignright\"><a href=\"http:\/\/www.fanprojekt-muenster.de\/wp\/2015\/09\/04\/demonstration-haende-weg-vom-fussball\/demo-2\/\" rel=\"attachment wp-att-4991\"><img loading=\"lazy\" decoding=\"async\" aria-describedby=\"caption-attachment-4991\" class=\"wp-image-4991\" src=\"http:\/\/www.fanprojekt-muenster.de\/wp\/wp-content\/uploads\/2015\/09\/demo1.png\" alt=\"Demonstration: H\u00e4nde weg vom Fu\u00dfball! Gegen G\u00e4steverbote und Repressionen!\" width=\"450\" height=\"300\" \/><\/a><p id=\"caption-attachment-4991\" class=\"wp-caption-text\">Demonstration: H\u00e4nde weg vom Fu\u00dfball! Gegen G\u00e4steverbote und Repressionen!<\/p><\/div>\n<p style=\"text-align: justify;\">Wie durch Medienberichte der letzten Tage bekannt, hat sich das Fanprojekt Preu\u00dfen M\u00fcnster e. V. dazu entschlossen, auf gerichtlichem Wege die M\u00f6glichkeit zu erstreiten, den angemeldeten Demonstrationszug durch Osnabr\u00fcck wie geplant durchf\u00fchren zu k\u00f6nnen.<\/p>\n<p>Ein Richter wird nun dar\u00fcber entscheiden, ob es zu dieser geplanten Demonstration kommen darf, oder ob am 23. September 2015 zwischen 18 und 19 Uhr nur eine station\u00e4re Kundgebung am Osnabr\u00fccker Hauptbahnhof durchf\u00fchrbar ist.<\/p>\n<p>Leider k\u00f6nnen wir Euch noch keine weiteren Details nennen, da es sich um ein schwebendes Verfahren handelt und die gerichtliche Entscheidung noch aussteht.<\/p>\n<p>Viele Preu\u00dfenfans haben sich im Vorfeld f\u00fcr diesen Derbytag wahrscheinlich gr\u00f6\u00dftenteils Urlaub genommen oder sich anderweitig den Tag freigehalten. Wir m\u00f6chten Euch daher bitten, Euch weiterhin den Mittwoch Sp\u00e4tnachmittag bzw. Abend f\u00fcr diese Demonstration freizuhalten!<\/p>\n<p>Wir bedauern, dass wir Euch erst sehr kurzfristig am Beginn der kommenden Woche \u00fcber weitere Details zur Demo informieren k\u00f6nnen, doch so ist nun einmal die Sachlage.<\/p>\n<p>Weitere Informationen und Details zur Demo wie Inhalte, genaue Wegstrecke, Anreise etc. folgen sobald wie m\u00f6glich \u00fcber unsere Informationskan\u00e4le!<\/p>\n<p><strong>Es geht uns um ein friedliches, politisches Zeichen aller Preu\u00dfenfans! <\/strong><\/p>\n<p>Was wir nicht wollen und was auf der Demonstration verboten sein wird, sind Pyrotechnik, Alkohol, Drogen, vermummte Personen und jegliche Aggressivit\u00e4t, egal von wem sie ausgehen mag! Unser eigener Ordnungsdienst wird diese Menschen von der Demo ausschlie\u00dfen bzw. kann jegliche Aggressivit\u00e4t zum sofortigen Abbruch der Demonstration durch den Veranstalter \u2013 sprich durch uns, dem Fanprojekt Preu\u00dfen M\u00fcnster \u2013 f\u00fchren!\u00a0Des Weiteren appellieren wir an Euch, ruhig zu bleiben, falls es zu Provokationen kommt, gleich aus welcher Ecke sie kommen k\u00f6nnen!<\/p>\n<p>Es geht um den Erhalt der Fankultur in Deutschland und darum das pr\u00e4ventive Kollektivstrafen ganzer Fanszenen in Deutschland nicht zur Regel werden!<\/p>\n<p><strong>F\u00fcr bunte, laute und friedliche Fankurven und f\u00fcr eine bunte, laute und friedliche Demonstration! H\u00e4nde weg vom Fu\u00dfball. Gegen G\u00e4steverbote und Repressionen!<\/strong><\/p>\n<p>Euer Fanprojekt.<\/p>\n","protected":false},"excerpt":{"rendered":"<p>Wie durch Medienberichte der letzten Tage bekannt, hat sich das Fanprojekt Preu\u00dfen M\u00fcnster e. V. dazu entschlossen, auf gerichtlichem Wege die M\u00f6glichkeit zu erstreiten, den angemeldeten Demonstrationszug durch Osnabr\u00fcck wie&#8230; <a class=\"read-more-link\" href=\"https:\/\/www.fanprojekt-muenster.de\/wordpress\/aktueller-stand-zur-demo-in-osnabrueck\/\">Read more &raquo;<\/a><\/p>\n","protected":false},"author":2,"featured_media":4991,"comment_status":"closed","ping_status":"closed","sticky":false,"template":"","format":"standard","meta":{"advgb_blocks_editor_width":"","advgb_blocks_columns_visual_guide":"","footnotes":""},"categories":[2,3],"tags":[],"class_list":["post-5000","post","type-post","status-publish","format-standard","has-post-thumbnail","hentry","category-aktionen","category-aktuelles"],"featured_image_src":null,"author_info":{"display_name":"fp_superadmin","author_link":"https:\/\/www.fanprojekt-muenster.de\/wordpress\/author\/fp_superadmin\/"},"yoast_head":"<!-- This site is optimized with the Yoast SEO plugin v27.2 - https:\/\/yoast.com\/product\/yoast-seo-wordpress\/ -->\n<title>Aktueller Stand zur Demo in Osnabr\u00fcck - Fangemeinschaft Preu\u00dfen M\u00fcnster e. V.<\/title>\n<meta name=\"robots\" content=\"index, follow, max-snippet:-1, max-image-preview:large, max-video-preview:-1\" \/>\n<link rel=\"canonical\" href=\"https:\/\/www.fanprojekt-muenster.de\/wordpress\/aktueller-stand-zur-demo-in-osnabrueck\/\" \/>\n<meta property=\"og:locale\" content=\"de_DE\" \/>\n<meta property=\"og:type\" content=\"article\" \/>\n<meta property=\"og:title\" content=\"Aktueller Stand zur Demo in Osnabr\u00fcck - Fangemeinschaft Preu\u00dfen M\u00fcnster e. V.\" \/>\n<meta property=\"og:description\" content=\"Wie durch Medienberichte der letzten Tage bekannt, hat sich das Fanprojekt Preu\u00dfen M\u00fcnster e. V. dazu entschlossen, auf gerichtlichem Wege die M\u00f6glichkeit zu erstreiten, den angemeldeten Demonstrationszug durch Osnabr\u00fcck wie... Read more &raquo;\" \/>\n<meta property=\"og:url\" content=\"https:\/\/www.fanprojekt-muenster.de\/wordpress\/aktueller-stand-zur-demo-in-osnabrueck\/\" \/>\n<meta property=\"og:site_name\" content=\"Fangemeinschaft Preu\u00dfen M\u00fcnster e. V.\" \/>\n<meta property=\"article:published_time\" content=\"2015-09-18T16:55:54+00:00\" \/>\n<meta name=\"author\" content=\"fp_superadmin\" \/>\n<meta name=\"twitter:card\" content=\"summary_large_image\" \/>\n<meta name=\"twitter:label1\" content=\"Verfasst von\" \/>\n\t<meta name=\"twitter:data1\" content=\"fp_superadmin\" \/>\n\t<meta name=\"twitter:label2\" content=\"Gesch\u00e4tzte Lesezeit\" \/>\n\t<meta name=\"twitter:data2\" content=\"2\u00a0Minuten\" \/>\n<script type=\"application\/ld+json\" class=\"yoast-schema-graph\">{\"@context\":\"https:\/\/schema.org\",\"@graph\":[{\"@type\":\"Article\",\"@id\":\"https:\/\/www.fanprojekt-muenster.de\/wordpress\/aktueller-stand-zur-demo-in-osnabrueck\/#article\",\"isPartOf\":{\"@id\":\"https:\/\/www.fanprojekt-muenster.de\/wordpress\/aktueller-stand-zur-demo-in-osnabrueck\/\"},\"author\":{\"name\":\"fp_superadmin\",\"@id\":\"https:\/\/www.fanprojekt-muenster.de\/wordpress\/#\/schema\/person\/9126cc4d73d0d07c75b487075111186c\"},\"headline\":\"Aktueller Stand zur Demo in Osnabr\u00fcck\",\"datePublished\":\"2015-09-18T16:55:54+00:00\",\"mainEntityOfPage\":{\"@id\":\"https:\/\/www.fanprojekt-muenster.de\/wordpress\/aktueller-stand-zur-demo-in-osnabrueck\/\"},\"wordCount\":362,\"publisher\":{\"@id\":\"https:\/\/www.fanprojekt-muenster.de\/wordpress\/#organization\"},\"image\":{\"@id\":\"https:\/\/www.fanprojekt-muenster.de\/wordpress\/aktueller-stand-zur-demo-in-osnabrueck\/#primaryimage\"},\"thumbnailUrl\":\"\",\"articleSection\":[\"Aktionen\",\"Aktuelles\"],\"inLanguage\":\"de\"},{\"@type\":\"WebPage\",\"@id\":\"https:\/\/www.fanprojekt-muenster.de\/wordpress\/aktueller-stand-zur-demo-in-osnabrueck\/\",\"url\":\"https:\/\/www.fanprojekt-muenster.de\/wordpress\/aktueller-stand-zur-demo-in-osnabrueck\/\",\"name\":\"Aktueller Stand zur Demo in Osnabr\u00fcck - Fangemeinschaft Preu\u00dfen M\u00fcnster e. V.\",\"isPartOf\":{\"@id\":\"https:\/\/www.fanprojekt-muenster.de\/wordpress\/#website\"},\"primaryImageOfPage\":{\"@id\":\"https:\/\/www.fanprojekt-muenster.de\/wordpress\/aktueller-stand-zur-demo-in-osnabrueck\/#primaryimage\"},\"image\":{\"@id\":\"https:\/\/www.fanprojekt-muenster.de\/wordpress\/aktueller-stand-zur-demo-in-osnabrueck\/#primaryimage\"},\"thumbnailUrl\":\"\",\"datePublished\":\"2015-09-18T16:55:54+00:00\",\"breadcrumb\":{\"@id\":\"https:\/\/www.fanprojekt-muenster.de\/wordpress\/aktueller-stand-zur-demo-in-osnabrueck\/#breadcrumb\"},\"inLanguage\":\"de\",\"potentialAction\":[{\"@type\":\"ReadAction\",\"target\":[\"https:\/\/www.fanprojekt-muenster.de\/wordpress\/aktueller-stand-zur-demo-in-osnabrueck\/\"]}]},{\"@type\":\"ImageObject\",\"inLanguage\":\"de\",\"@id\":\"https:\/\/www.fanprojekt-muenster.de\/wordpress\/aktueller-stand-zur-demo-in-osnabrueck\/#primaryimage\",\"url\":\"\",\"contentUrl\":\"\"},{\"@type\":\"BreadcrumbList\",\"@id\":\"https:\/\/www.fanprojekt-muenster.de\/wordpress\/aktueller-stand-zur-demo-in-osnabrueck\/#breadcrumb\",\"itemListElement\":[{\"@type\":\"ListItem\",\"position\":1,\"name\":\"Startseite\",\"item\":\"https:\/\/www.fanprojekt-muenster.de\/wordpress\/\"},{\"@type\":\"ListItem\",\"position\":2,\"name\":\"Aktueller Stand zur Demo in Osnabr\u00fcck\"}]},{\"@type\":\"WebSite\",\"@id\":\"https:\/\/www.fanprojekt-muenster.de\/wordpress\/#website\",\"url\":\"https:\/\/www.fanprojekt-muenster.de\/wordpress\/\",\"name\":\"Fangemeinschaft Preu\u00dfen M\u00fcnster e. V.\",\"description\":\"\",\"publisher\":{\"@id\":\"https:\/\/www.fanprojekt-muenster.de\/wordpress\/#organization\"},\"potentialAction\":[{\"@type\":\"SearchAction\",\"target\":{\"@type\":\"EntryPoint\",\"urlTemplate\":\"https:\/\/www.fanprojekt-muenster.de\/wordpress\/?s={search_term_string}\"},\"query-input\":{\"@type\":\"PropertyValueSpecification\",\"valueRequired\":true,\"valueName\":\"search_term_string\"}}],\"inLanguage\":\"de\"},{\"@type\":\"Organization\",\"@id\":\"https:\/\/www.fanprojekt-muenster.de\/wordpress\/#organization\",\"name\":\"Fangemeinschaft Preu\u00dfen M\u00fcnster e. V.\",\"url\":\"https:\/\/www.fanprojekt-muenster.de\/wordpress\/\",\"logo\":{\"@type\":\"ImageObject\",\"inLanguage\":\"de\",\"@id\":\"https:\/\/www.fanprojekt-muenster.de\/wordpress\/#\/schema\/logo\/image\/\",\"url\":\"https:\/\/www.fanprojekt-muenster.de\/wordpress\/wp-content\/uploads\/2019\/07\/cropped-Website_Logo3-9.png\",\"contentUrl\":\"https:\/\/www.fanprojekt-muenster.de\/wordpress\/wp-content\/uploads\/2019\/07\/cropped-Website_Logo3-9.png\",\"width\":224,\"height\":42,\"caption\":\"Fangemeinschaft Preu\u00dfen M\u00fcnster e. V.\"},\"image\":{\"@id\":\"https:\/\/www.fanprojekt-muenster.de\/wordpress\/#\/schema\/logo\/image\/\"}},{\"@type\":\"Person\",\"@id\":\"https:\/\/www.fanprojekt-muenster.de\/wordpress\/#\/schema\/person\/9126cc4d73d0d07c75b487075111186c\",\"name\":\"fp_superadmin\",\"url\":\"https:\/\/www.fanprojekt-muenster.de\/wordpress\/author\/fp_superadmin\/\"}]}<\/script>\n<!-- \/ Yoast SEO plugin. -->","yoast_head_json":{"title":"Aktueller Stand zur Demo in Osnabr\u00fcck - Fangemeinschaft Preu\u00dfen M\u00fcnster e. V.","robots":{"index":"index","follow":"follow","max-snippet":"max-snippet:-1","max-image-preview":"max-image-preview:large","max-video-preview":"max-video-preview:-1"},"canonical":"https:\/\/www.fanprojekt-muenster.de\/wordpress\/aktueller-stand-zur-demo-in-osnabrueck\/","og_locale":"de_DE","og_type":"article","og_title":"Aktueller Stand zur Demo in Osnabr\u00fcck - Fangemeinschaft Preu\u00dfen M\u00fcnster e. V.","og_description":"Wie durch Medienberichte der letzten Tage bekannt, hat sich das Fanprojekt Preu\u00dfen M\u00fcnster e. V. dazu entschlossen, auf gerichtlichem Wege die M\u00f6glichkeit zu erstreiten, den angemeldeten Demonstrationszug durch Osnabr\u00fcck wie... Read more &raquo;","og_url":"https:\/\/www.fanprojekt-muenster.de\/wordpress\/aktueller-stand-zur-demo-in-osnabrueck\/","og_site_name":"Fangemeinschaft Preu\u00dfen M\u00fcnster e. V.","article_published_time":"2015-09-18T16:55:54+00:00","author":"fp_superadmin","twitter_card":"summary_large_image","twitter_misc":{"Verfasst von":"fp_superadmin","Gesch\u00e4tzte Lesezeit":"2\u00a0Minuten"},"schema":{"@context":"https:\/\/schema.org","@graph":[{"@type":"Article","@id":"https:\/\/www.fanprojekt-muenster.de\/wordpress\/aktueller-stand-zur-demo-in-osnabrueck\/#article","isPartOf":{"@id":"https:\/\/www.fanprojekt-muenster.de\/wordpress\/aktueller-stand-zur-demo-in-osnabrueck\/"},"author":{"name":"fp_superadmin","@id":"https:\/\/www.fanprojekt-muenster.de\/wordpress\/#\/schema\/person\/9126cc4d73d0d07c75b487075111186c"},"headline":"Aktueller Stand zur Demo in Osnabr\u00fcck","datePublished":"2015-09-18T16:55:54+00:00","mainEntityOfPage":{"@id":"https:\/\/www.fanprojekt-muenster.de\/wordpress\/aktueller-stand-zur-demo-in-osnabrueck\/"},"wordCount":362,"publisher":{"@id":"https:\/\/www.fanprojekt-muenster.de\/wordpress\/#organization"},"image":{"@id":"https:\/\/www.fanprojekt-muenster.de\/wordpress\/aktueller-stand-zur-demo-in-osnabrueck\/#primaryimage"},"thumbnailUrl":"","articleSection":["Aktionen","Aktuelles"],"inLanguage":"de"},{"@type":"WebPage","@id":"https:\/\/www.fanprojekt-muenster.de\/wordpress\/aktueller-stand-zur-demo-in-osnabrueck\/","url":"https:\/\/www.fanprojekt-muenster.de\/wordpress\/aktueller-stand-zur-demo-in-osnabrueck\/","name":"Aktueller Stand zur Demo in Osnabr\u00fcck - Fangemeinschaft Preu\u00dfen M\u00fcnster e. V.","isPartOf":{"@id":"https:\/\/www.fanprojekt-muenster.de\/wordpress\/#website"},"primaryImageOfPage":{"@id":"https:\/\/www.fanprojekt-muenster.de\/wordpress\/aktueller-stand-zur-demo-in-osnabrueck\/#primaryimage"},"image":{"@id":"https:\/\/www.fanprojekt-muenster.de\/wordpress\/aktueller-stand-zur-demo-in-osnabrueck\/#primaryimage"},"thumbnailUrl":"","datePublished":"2015-09-18T16:55:54+00:00","breadcrumb":{"@id":"https:\/\/www.fanprojekt-muenster.de\/wordpress\/aktueller-stand-zur-demo-in-osnabrueck\/#breadcrumb"},"inLanguage":"de","potentialAction":[{"@type":"ReadAction","target":["https:\/\/www.fanprojekt-muenster.de\/wordpress\/aktueller-stand-zur-demo-in-osnabrueck\/"]}]},{"@type":"ImageObject","inLanguage":"de","@id":"https:\/\/www.fanprojekt-muenster.de\/wordpress\/aktueller-stand-zur-demo-in-osnabrueck\/#primaryimage","url":"","contentUrl":""},{"@type":"BreadcrumbList","@id":"https:\/\/www.fanprojekt-muenster.de\/wordpress\/aktueller-stand-zur-demo-in-osnabrueck\/#breadcrumb","itemListElement":[{"@type":"ListItem","position":1,"name":"Startseite","item":"https:\/\/www.fanprojekt-muenster.de\/wordpress\/"},{"@type":"ListItem","position":2,"name":"Aktueller Stand zur Demo in Osnabr\u00fcck"}]},{"@type":"WebSite","@id":"https:\/\/www.fanprojekt-muenster.de\/wordpress\/#website","url":"https:\/\/www.fanprojekt-muenster.de\/wordpress\/","name":"Fangemeinschaft Preu\u00dfen M\u00fcnster e. V.","description":"","publisher":{"@id":"https:\/\/www.fanprojekt-muenster.de\/wordpress\/#organization"},"potentialAction":[{"@type":"SearchAction","target":{"@type":"EntryPoint","urlTemplate":"https:\/\/www.fanprojekt-muenster.de\/wordpress\/?s={search_term_string}"},"query-input":{"@type":"PropertyValueSpecification","valueRequired":true,"valueName":"search_term_string"}}],"inLanguage":"de"},{"@type":"Organization","@id":"https:\/\/www.fanprojekt-muenster.de\/wordpress\/#organization","name":"Fangemeinschaft Preu\u00dfen M\u00fcnster e. V.","url":"https:\/\/www.fanprojekt-muenster.de\/wordpress\/","logo":{"@type":"ImageObject","inLanguage":"de","@id":"https:\/\/www.fanprojekt-muenster.de\/wordpress\/#\/schema\/logo\/image\/","url":"https:\/\/www.fanprojekt-muenster.de\/wordpress\/wp-content\/uploads\/2019\/07\/cropped-Website_Logo3-9.png","contentUrl":"https:\/\/www.fanprojekt-muenster.de\/wordpress\/wp-content\/uploads\/2019\/07\/cropped-Website_Logo3-9.png","width":224,"height":42,"caption":"Fangemeinschaft Preu\u00dfen M\u00fcnster e. V."},"image":{"@id":"https:\/\/www.fanprojekt-muenster.de\/wordpress\/#\/schema\/logo\/image\/"}},{"@type":"Person","@id":"https:\/\/www.fanprojekt-muenster.de\/wordpress\/#\/schema\/person\/9126cc4d73d0d07c75b487075111186c","name":"fp_superadmin","url":"https:\/\/www.fanprojekt-muenster.de\/wordpress\/author\/fp_superadmin\/"}]}},"author_meta":{"display_name":"fp_superadmin","author_link":"https:\/\/www.fanprojekt-muenster.de\/wordpress\/author\/fp_superadmin\/"},"featured_img":null,"coauthors":[],"tax_additional":{"categories":{"linked":["<a href=\"https:\/\/www.fanprojekt-muenster.de\/wordpress\/category\/aktionen\/\" class=\"advgb-post-tax-term\">Aktionen<\/a>","<a href=\"https:\/\/www.fanprojekt-muenster.de\/wordpress\/category\/aktuelles\/\" class=\"advgb-post-tax-term\">Aktuelles<\/a>"],"unlinked":["<span class=\"advgb-post-tax-term\">Aktionen<\/span>","<span class=\"advgb-post-tax-term\">Aktuelles<\/span>"]}},"comment_count":"0","relative_dates":{"created":"Posted 11\u00a0Jahren ago","modified":"Updated 11\u00a0Jahren ago"},"absolute_dates":{"created":"Posted on 18. September 2015","modified":"Updated on 18. September 2015"},"absolute_dates_time":{"created":"Posted on 18. September 2015 18:55","modified":"Updated on 18. September 2015 18:55"},"featured_img_caption":"","series_order":"","_links":{"self":[{"href":"https:\/\/www.fanprojekt-muenster.de\/wordpress\/wp-json\/wp\/v2\/posts\/5000","targetHints":{"allow":["GET"]}}],"collection":[{"href":"https:\/\/www.fanprojekt-muenster.de\/wordpress\/wp-json\/wp\/v2\/posts"}],"about":[{"href":"https:\/\/www.fanprojekt-muenster.de\/wordpress\/wp-json\/wp\/v2\/types\/post"}],"author":[{"embeddable":true,"href":"https:\/\/www.fanprojekt-muenster.de\/wordpress\/wp-json\/wp\/v2\/users\/2"}],"replies":[{"embeddable":true,"href":"https:\/\/www.fanprojekt-muenster.de\/wordpress\/wp-json\/wp\/v2\/comments?post=5000"}],"version-history":[{"count":0,"href":"https:\/\/www.fanprojekt-muenster.de\/wordpress\/wp-json\/wp\/v2\/posts\/5000\/revisions"}],"wp:featuredmedia":[{"embeddable":true,"href":"https:\/\/www.fanprojekt-muenster.de\/wordpress\/wp-json\/"}],"wp:attachment":[{"href":"https:\/\/www.fanprojekt-muenster.de\/wordpress\/wp-json\/wp\/v2\/media?parent=5000"}],"wp:term":[{"taxonomy":"category","embeddable":true,"href":"https:\/\/www.fanprojekt-muenster.de\/wordpress\/wp-json\/wp\/v2\/categories?post=5000"},{"taxonomy":"post_tag","embeddable":true,"href":"https:\/\/www.fanprojekt-muenster.de\/wordpress\/wp-json\/wp\/v2\/tags?post=5000"}],"curies":[{"name":"wp","href":"https:\/\/api.w.org\/{rel}","templated":true}]}}