{"id":4979,"date":"2015-09-04T16:40:49","date_gmt":"2015-09-04T14:40:49","guid":{"rendered":"http:\/\/www.fanprojekt-muenster.de\/wp\/?p=4979"},"modified":"2015-09-04T16:40:49","modified_gmt":"2015-09-04T14:40:49","slug":"demonstration-haende-weg-vom-fussball","status":"publish","type":"post","link":"https:\/\/www.fanprojekt-muenster.de\/wordpress\/demonstration-haende-weg-vom-fussball\/","title":{"rendered":"Demonstration: H\u00e4nde weg vom Fu\u00dfball!"},"content":{"rendered":"<div id=\"attachment_4991\" style=\"width: 460px\" class=\"wp-caption alignright\"><a href=\"http:\/\/www.fanprojekt-muenster.de\/wp\/wp-content\/uploads\/2015\/09\/demo1.png\"><img loading=\"lazy\" decoding=\"async\" aria-describedby=\"caption-attachment-4991\" class=\"wp-image-4991\" src=\"http:\/\/www.fanprojekt-muenster.de\/wp\/wp-content\/uploads\/2015\/09\/demo1.png\" alt=\"Demonstration: H\u00e4nde weg vom Fu\u00dfball! Gegen G\u00e4steverbote und Repressionen!\" width=\"450\" height=\"300\" \/><\/a><p id=\"caption-attachment-4991\" class=\"wp-caption-text\">Demonstration: H\u00e4nde weg vom Fu\u00dfball! Gegen G\u00e4steverbote und Repressionen!<\/p><\/div>\n<h2 style=\"text-align: justify;\"><strong>H\u00e4nde weg vom Fu\u00dfball!<br \/>\nGegen G\u00e4steverbote und Repressionen!<\/strong><\/h2>\n<p style=\"text-align: justify;\">In dieser Saison werden bei den Derbies Preu\u00dfen M\u00fcnster gegen\u00a0VfL Osnabr\u00fcck sowohl im Hin- als auch im R\u00fcckspiel keine G\u00e4stefans zugelassen.<\/p>\n<p style=\"text-align: justify;\">Wie wir bereits \u00f6ffentlich machten, k\u00f6nnen und werden wir einen Ausschluss von G\u00e4stefans nicht akzeptieren! Daher wollen wir am Derbytag \u00a0mit allen Preu\u00dfenfans ein entschlossenes Zeichen setzen!<\/p>\n<h4 style=\"text-align: justify;\"><strong>Daher rufen wir jeden Preu\u00dfenfan dazu auf, mit uns zusammen auf die Stra\u00dfe zu gehen, um ein deutliches Zeichen f\u00fcr den Erhalt der Fu\u00dfballfankultur zu setzen. <\/strong><\/h4>\n<p style=\"text-align: justify;\">Wir wollen unsere demokratischen M\u00f6glichkeiten nutzen und mit einer friedlichen Demonstration der Nieders\u00e4chsischen Landesregierung, den Polizeibeh\u00f6rden und der \u00d6ffentlichkeit zeigen, was wir von \u00fcbertriebenen Repressionen gegen Fu\u00dfballfans halten. Und zwar gar nichts!<\/p>\n<p style=\"text-align: justify;\">[message_box title=&#8220;Daten zur Demo:&#8220; color=&#8220;green&#8220;]Am Mittwoch, 23.09.2015, ab 17:00 Uhr hat das Fanprojekt Preu\u00dfen M\u00fcnster e.V. in der Osnabr\u00fccker Innenstadt eine Demonstration angemeldet.<\/p>\n<p style=\"text-align: justify;\"><strong>Wann:<\/strong> 23.09.2015 &#8211; 17:00 Uhr<br \/>\n<span style=\"line-height: 1.5;\"><strong>Wo:<\/strong> Osnabr\u00fcck<br \/>\n<\/span><span style=\"line-height: 1.5;\"><strong>Motto:<\/strong> Innenministerium H\u00e4nde weg vom Fu\u00dfball! Gegen G\u00e4steverbote &amp; Repressionen.<\/span><\/p>\n<p style=\"text-align: justify;\">Weitere Details \u00fcber die Wegstrecke, den genauen zeitlichen Ablauf und die Anreiseoptionen folgen in den n\u00e4chsten Tagen.[\/message_box]<\/p>\n<p style=\"text-align: justify;\">Das bedeutet, dass zahlreiche Preu\u00dfenfans am 23. September gegen Verbote von G\u00e4stefans bei Fu\u00dfballspielen demonstrieren werden.<\/p>\n<p style=\"text-align: justify;\"><strong>Wir gehen nicht nur f\u00fcr die Fanszene von Preu\u00dfen M\u00fcnster auf die Stra\u00dfe, sondern auch stellvertretend f\u00fcr alle Fu\u00dfballfans in Deutschland. Damit dieses Beispiel nicht Schule f\u00fcr weitere, bundeweite Fu\u00dfballspiele\u00a0macht.<\/strong><\/p>\n<p style=\"text-align: justify;\">Es geht um die Zukunft unserer geliebten Fankultur, unserer Leidenschaft, dem Fu\u00dfball!<\/p>\n<p style=\"text-align: justify;\">Hier findet Ihr ausf\u00fchrlichere Hintergrundinformationen zu unseren Anliegen.<br \/>\n<a href=\"http:\/\/www.fanprojekt-muenster.de\/wp\/2015\/09\/02\/haende-weg-vom-fussball-gegen-gaesteverbote-und-repressionen\/\">http:\/\/www.fanprojekt-muenster.de\/wp\/2015\/09\/02\/haende-weg-vom-fussball-gegen-gaesteverbote-und-repressionen\/<\/a><\/p>\n<p style=\"text-align: justify;\">Fanprojekt Preu\u00dfen M\u00fcnster e.V.<\/p>\n","protected":false},"excerpt":{"rendered":"<p>H\u00e4nde weg vom Fu\u00dfball! Gegen G\u00e4steverbote und Repressionen! In dieser Saison werden bei den Derbies Preu\u00dfen M\u00fcnster gegen\u00a0VfL Osnabr\u00fcck sowohl im Hin- als auch im R\u00fcckspiel keine G\u00e4stefans zugelassen. Wie&#8230; <a class=\"read-more-link\" href=\"https:\/\/www.fanprojekt-muenster.de\/wordpress\/demonstration-haende-weg-vom-fussball\/\">Read more &raquo;<\/a><\/p>\n","protected":false},"author":2,"featured_media":4991,"comment_status":"closed","ping_status":"closed","sticky":false,"template":"","format":"standard","meta":{"advgb_blocks_editor_width":"","advgb_blocks_columns_visual_guide":"","footnotes":""},"categories":[2,3,4],"tags":[74,75,130,211,282],"class_list":["post-4979","post","type-post","status-publish","format-standard","has-post-thumbnail","hentry","category-aktionen","category-aktuelles","category-auswarts","tag-demonstration","tag-derby","tag-gaesteverbote","tag-repressionen","tag-vfl-osnabrueck"],"featured_image_src":null,"author_info":{"display_name":"fp_superadmin","author_link":"https:\/\/www.fanprojekt-muenster.de\/wordpress\/author\/fp_superadmin\/"},"yoast_head":"<!-- This site is optimized with the Yoast SEO plugin v27.2 - https:\/\/yoast.com\/product\/yoast-seo-wordpress\/ -->\n<title>Demonstration: H\u00e4nde weg vom Fu\u00dfball! - Fangemeinschaft Preu\u00dfen M\u00fcnster e. V.<\/title>\n<meta name=\"robots\" content=\"index, follow, max-snippet:-1, max-image-preview:large, max-video-preview:-1\" \/>\n<link rel=\"canonical\" href=\"https:\/\/www.fanprojekt-muenster.de\/wordpress\/demonstration-haende-weg-vom-fussball\/\" \/>\n<meta property=\"og:locale\" content=\"de_DE\" \/>\n<meta property=\"og:type\" content=\"article\" \/>\n<meta property=\"og:title\" content=\"Demonstration: H\u00e4nde weg vom Fu\u00dfball! - Fangemeinschaft Preu\u00dfen M\u00fcnster e. V.\" \/>\n<meta property=\"og:description\" content=\"H\u00e4nde weg vom Fu\u00dfball! Gegen G\u00e4steverbote und Repressionen! In dieser Saison werden bei den Derbies Preu\u00dfen M\u00fcnster gegen\u00a0VfL Osnabr\u00fcck sowohl im Hin- als auch im R\u00fcckspiel keine G\u00e4stefans zugelassen. Wie... Read more &raquo;\" \/>\n<meta property=\"og:url\" content=\"https:\/\/www.fanprojekt-muenster.de\/wordpress\/demonstration-haende-weg-vom-fussball\/\" \/>\n<meta property=\"og:site_name\" content=\"Fangemeinschaft Preu\u00dfen M\u00fcnster e. V.\" \/>\n<meta property=\"article:published_time\" content=\"2015-09-04T14:40:49+00:00\" \/>\n<meta name=\"author\" content=\"fp_superadmin\" \/>\n<meta name=\"twitter:card\" content=\"summary_large_image\" \/>\n<meta name=\"twitter:label1\" content=\"Verfasst von\" \/>\n\t<meta name=\"twitter:data1\" content=\"fp_superadmin\" \/>\n\t<meta name=\"twitter:label2\" content=\"Gesch\u00e4tzte Lesezeit\" \/>\n\t<meta name=\"twitter:data2\" content=\"2\u00a0Minuten\" \/>\n<script type=\"application\/ld+json\" class=\"yoast-schema-graph\">{\"@context\":\"https:\/\/schema.org\",\"@graph\":[{\"@type\":\"Article\",\"@id\":\"https:\/\/www.fanprojekt-muenster.de\/wordpress\/demonstration-haende-weg-vom-fussball\/#article\",\"isPartOf\":{\"@id\":\"https:\/\/www.fanprojekt-muenster.de\/wordpress\/demonstration-haende-weg-vom-fussball\/\"},\"author\":{\"name\":\"fp_superadmin\",\"@id\":\"https:\/\/www.fanprojekt-muenster.de\/wordpress\/#\/schema\/person\/9126cc4d73d0d07c75b487075111186c\"},\"headline\":\"Demonstration: H\u00e4nde weg vom Fu\u00dfball!\",\"datePublished\":\"2015-09-04T14:40:49+00:00\",\"mainEntityOfPage\":{\"@id\":\"https:\/\/www.fanprojekt-muenster.de\/wordpress\/demonstration-haende-weg-vom-fussball\/\"},\"wordCount\":320,\"publisher\":{\"@id\":\"https:\/\/www.fanprojekt-muenster.de\/wordpress\/#organization\"},\"image\":{\"@id\":\"https:\/\/www.fanprojekt-muenster.de\/wordpress\/demonstration-haende-weg-vom-fussball\/#primaryimage\"},\"thumbnailUrl\":\"\",\"keywords\":[\"Demonstration\",\"Derby\",\"G\u00e4steverbote\",\"Repressionen\",\"VfL Osnabr\u00fcck\"],\"articleSection\":[\"Aktionen\",\"Aktuelles\",\"Ausw\u00e4rts\"],\"inLanguage\":\"de\"},{\"@type\":\"WebPage\",\"@id\":\"https:\/\/www.fanprojekt-muenster.de\/wordpress\/demonstration-haende-weg-vom-fussball\/\",\"url\":\"https:\/\/www.fanprojekt-muenster.de\/wordpress\/demonstration-haende-weg-vom-fussball\/\",\"name\":\"Demonstration: H\u00e4nde weg vom Fu\u00dfball! - Fangemeinschaft Preu\u00dfen M\u00fcnster e. V.\",\"isPartOf\":{\"@id\":\"https:\/\/www.fanprojekt-muenster.de\/wordpress\/#website\"},\"primaryImageOfPage\":{\"@id\":\"https:\/\/www.fanprojekt-muenster.de\/wordpress\/demonstration-haende-weg-vom-fussball\/#primaryimage\"},\"image\":{\"@id\":\"https:\/\/www.fanprojekt-muenster.de\/wordpress\/demonstration-haende-weg-vom-fussball\/#primaryimage\"},\"thumbnailUrl\":\"\",\"datePublished\":\"2015-09-04T14:40:49+00:00\",\"breadcrumb\":{\"@id\":\"https:\/\/www.fanprojekt-muenster.de\/wordpress\/demonstration-haende-weg-vom-fussball\/#breadcrumb\"},\"inLanguage\":\"de\",\"potentialAction\":[{\"@type\":\"ReadAction\",\"target\":[\"https:\/\/www.fanprojekt-muenster.de\/wordpress\/demonstration-haende-weg-vom-fussball\/\"]}]},{\"@type\":\"ImageObject\",\"inLanguage\":\"de\",\"@id\":\"https:\/\/www.fanprojekt-muenster.de\/wordpress\/demonstration-haende-weg-vom-fussball\/#primaryimage\",\"url\":\"\",\"contentUrl\":\"\"},{\"@type\":\"BreadcrumbList\",\"@id\":\"https:\/\/www.fanprojekt-muenster.de\/wordpress\/demonstration-haende-weg-vom-fussball\/#breadcrumb\",\"itemListElement\":[{\"@type\":\"ListItem\",\"position\":1,\"name\":\"Startseite\",\"item\":\"https:\/\/www.fanprojekt-muenster.de\/wordpress\/\"},{\"@type\":\"ListItem\",\"position\":2,\"name\":\"Demonstration: H\u00e4nde weg vom Fu\u00dfball!\"}]},{\"@type\":\"WebSite\",\"@id\":\"https:\/\/www.fanprojekt-muenster.de\/wordpress\/#website\",\"url\":\"https:\/\/www.fanprojekt-muenster.de\/wordpress\/\",\"name\":\"Fangemeinschaft Preu\u00dfen M\u00fcnster e. V.\",\"description\":\"\",\"publisher\":{\"@id\":\"https:\/\/www.fanprojekt-muenster.de\/wordpress\/#organization\"},\"potentialAction\":[{\"@type\":\"SearchAction\",\"target\":{\"@type\":\"EntryPoint\",\"urlTemplate\":\"https:\/\/www.fanprojekt-muenster.de\/wordpress\/?s={search_term_string}\"},\"query-input\":{\"@type\":\"PropertyValueSpecification\",\"valueRequired\":true,\"valueName\":\"search_term_string\"}}],\"inLanguage\":\"de\"},{\"@type\":\"Organization\",\"@id\":\"https:\/\/www.fanprojekt-muenster.de\/wordpress\/#organization\",\"name\":\"Fangemeinschaft Preu\u00dfen M\u00fcnster e. V.\",\"url\":\"https:\/\/www.fanprojekt-muenster.de\/wordpress\/\",\"logo\":{\"@type\":\"ImageObject\",\"inLanguage\":\"de\",\"@id\":\"https:\/\/www.fanprojekt-muenster.de\/wordpress\/#\/schema\/logo\/image\/\",\"url\":\"https:\/\/www.fanprojekt-muenster.de\/wordpress\/wp-content\/uploads\/2019\/07\/cropped-Website_Logo3-9.png\",\"contentUrl\":\"https:\/\/www.fanprojekt-muenster.de\/wordpress\/wp-content\/uploads\/2019\/07\/cropped-Website_Logo3-9.png\",\"width\":224,\"height\":42,\"caption\":\"Fangemeinschaft Preu\u00dfen M\u00fcnster e. V.\"},\"image\":{\"@id\":\"https:\/\/www.fanprojekt-muenster.de\/wordpress\/#\/schema\/logo\/image\/\"}},{\"@type\":\"Person\",\"@id\":\"https:\/\/www.fanprojekt-muenster.de\/wordpress\/#\/schema\/person\/9126cc4d73d0d07c75b487075111186c\",\"name\":\"fp_superadmin\",\"url\":\"https:\/\/www.fanprojekt-muenster.de\/wordpress\/author\/fp_superadmin\/\"}]}<\/script>\n<!-- \/ Yoast SEO plugin. -->","yoast_head_json":{"title":"Demonstration: H\u00e4nde weg vom Fu\u00dfball! - Fangemeinschaft Preu\u00dfen M\u00fcnster e. V.","robots":{"index":"index","follow":"follow","max-snippet":"max-snippet:-1","max-image-preview":"max-image-preview:large","max-video-preview":"max-video-preview:-1"},"canonical":"https:\/\/www.fanprojekt-muenster.de\/wordpress\/demonstration-haende-weg-vom-fussball\/","og_locale":"de_DE","og_type":"article","og_title":"Demonstration: H\u00e4nde weg vom Fu\u00dfball! - Fangemeinschaft Preu\u00dfen M\u00fcnster e. V.","og_description":"H\u00e4nde weg vom Fu\u00dfball! Gegen G\u00e4steverbote und Repressionen! In dieser Saison werden bei den Derbies Preu\u00dfen M\u00fcnster gegen\u00a0VfL Osnabr\u00fcck sowohl im Hin- als auch im R\u00fcckspiel keine G\u00e4stefans zugelassen. Wie... Read more &raquo;","og_url":"https:\/\/www.fanprojekt-muenster.de\/wordpress\/demonstration-haende-weg-vom-fussball\/","og_site_name":"Fangemeinschaft Preu\u00dfen M\u00fcnster e. V.","article_published_time":"2015-09-04T14:40:49+00:00","author":"fp_superadmin","twitter_card":"summary_large_image","twitter_misc":{"Verfasst von":"fp_superadmin","Gesch\u00e4tzte Lesezeit":"2\u00a0Minuten"},"schema":{"@context":"https:\/\/schema.org","@graph":[{"@type":"Article","@id":"https:\/\/www.fanprojekt-muenster.de\/wordpress\/demonstration-haende-weg-vom-fussball\/#article","isPartOf":{"@id":"https:\/\/www.fanprojekt-muenster.de\/wordpress\/demonstration-haende-weg-vom-fussball\/"},"author":{"name":"fp_superadmin","@id":"https:\/\/www.fanprojekt-muenster.de\/wordpress\/#\/schema\/person\/9126cc4d73d0d07c75b487075111186c"},"headline":"Demonstration: H\u00e4nde weg vom Fu\u00dfball!","datePublished":"2015-09-04T14:40:49+00:00","mainEntityOfPage":{"@id":"https:\/\/www.fanprojekt-muenster.de\/wordpress\/demonstration-haende-weg-vom-fussball\/"},"wordCount":320,"publisher":{"@id":"https:\/\/www.fanprojekt-muenster.de\/wordpress\/#organization"},"image":{"@id":"https:\/\/www.fanprojekt-muenster.de\/wordpress\/demonstration-haende-weg-vom-fussball\/#primaryimage"},"thumbnailUrl":"","keywords":["Demonstration","Derby","G\u00e4steverbote","Repressionen","VfL Osnabr\u00fcck"],"articleSection":["Aktionen","Aktuelles","Ausw\u00e4rts"],"inLanguage":"de"},{"@type":"WebPage","@id":"https:\/\/www.fanprojekt-muenster.de\/wordpress\/demonstration-haende-weg-vom-fussball\/","url":"https:\/\/www.fanprojekt-muenster.de\/wordpress\/demonstration-haende-weg-vom-fussball\/","name":"Demonstration: H\u00e4nde weg vom Fu\u00dfball! - Fangemeinschaft Preu\u00dfen M\u00fcnster e. V.","isPartOf":{"@id":"https:\/\/www.fanprojekt-muenster.de\/wordpress\/#website"},"primaryImageOfPage":{"@id":"https:\/\/www.fanprojekt-muenster.de\/wordpress\/demonstration-haende-weg-vom-fussball\/#primaryimage"},"image":{"@id":"https:\/\/www.fanprojekt-muenster.de\/wordpress\/demonstration-haende-weg-vom-fussball\/#primaryimage"},"thumbnailUrl":"","datePublished":"2015-09-04T14:40:49+00:00","breadcrumb":{"@id":"https:\/\/www.fanprojekt-muenster.de\/wordpress\/demonstration-haende-weg-vom-fussball\/#breadcrumb"},"inLanguage":"de","potentialAction":[{"@type":"ReadAction","target":["https:\/\/www.fanprojekt-muenster.de\/wordpress\/demonstration-haende-weg-vom-fussball\/"]}]},{"@type":"ImageObject","inLanguage":"de","@id":"https:\/\/www.fanprojekt-muenster.de\/wordpress\/demonstration-haende-weg-vom-fussball\/#primaryimage","url":"","contentUrl":""},{"@type":"BreadcrumbList","@id":"https:\/\/www.fanprojekt-muenster.de\/wordpress\/demonstration-haende-weg-vom-fussball\/#breadcrumb","itemListElement":[{"@type":"ListItem","position":1,"name":"Startseite","item":"https:\/\/www.fanprojekt-muenster.de\/wordpress\/"},{"@type":"ListItem","position":2,"name":"Demonstration: H\u00e4nde weg vom Fu\u00dfball!"}]},{"@type":"WebSite","@id":"https:\/\/www.fanprojekt-muenster.de\/wordpress\/#website","url":"https:\/\/www.fanprojekt-muenster.de\/wordpress\/","name":"Fangemeinschaft Preu\u00dfen M\u00fcnster e. V.","description":"","publisher":{"@id":"https:\/\/www.fanprojekt-muenster.de\/wordpress\/#organization"},"potentialAction":[{"@type":"SearchAction","target":{"@type":"EntryPoint","urlTemplate":"https:\/\/www.fanprojekt-muenster.de\/wordpress\/?s={search_term_string}"},"query-input":{"@type":"PropertyValueSpecification","valueRequired":true,"valueName":"search_term_string"}}],"inLanguage":"de"},{"@type":"Organization","@id":"https:\/\/www.fanprojekt-muenster.de\/wordpress\/#organization","name":"Fangemeinschaft Preu\u00dfen M\u00fcnster e. V.","url":"https:\/\/www.fanprojekt-muenster.de\/wordpress\/","logo":{"@type":"ImageObject","inLanguage":"de","@id":"https:\/\/www.fanprojekt-muenster.de\/wordpress\/#\/schema\/logo\/image\/","url":"https:\/\/www.fanprojekt-muenster.de\/wordpress\/wp-content\/uploads\/2019\/07\/cropped-Website_Logo3-9.png","contentUrl":"https:\/\/www.fanprojekt-muenster.de\/wordpress\/wp-content\/uploads\/2019\/07\/cropped-Website_Logo3-9.png","width":224,"height":42,"caption":"Fangemeinschaft Preu\u00dfen M\u00fcnster e. V."},"image":{"@id":"https:\/\/www.fanprojekt-muenster.de\/wordpress\/#\/schema\/logo\/image\/"}},{"@type":"Person","@id":"https:\/\/www.fanprojekt-muenster.de\/wordpress\/#\/schema\/person\/9126cc4d73d0d07c75b487075111186c","name":"fp_superadmin","url":"https:\/\/www.fanprojekt-muenster.de\/wordpress\/author\/fp_superadmin\/"}]}},"author_meta":{"display_name":"fp_superadmin","author_link":"https:\/\/www.fanprojekt-muenster.de\/wordpress\/author\/fp_superadmin\/"},"featured_img":null,"coauthors":[],"tax_additional":{"categories":{"linked":["<a href=\"https:\/\/www.fanprojekt-muenster.de\/wordpress\/category\/aktionen\/\" class=\"advgb-post-tax-term\">Aktionen<\/a>","<a href=\"https:\/\/www.fanprojekt-muenster.de\/wordpress\/category\/aktuelles\/\" class=\"advgb-post-tax-term\">Aktuelles<\/a>","<a href=\"https:\/\/www.fanprojekt-muenster.de\/wordpress\/category\/auswarts\/\" class=\"advgb-post-tax-term\">Ausw\u00e4rts<\/a>"],"unlinked":["<span class=\"advgb-post-tax-term\">Aktionen<\/span>","<span class=\"advgb-post-tax-term\">Aktuelles<\/span>","<span class=\"advgb-post-tax-term\">Ausw\u00e4rts<\/span>"]},"tags":{"linked":["<a href=\"https:\/\/www.fanprojekt-muenster.de\/wordpress\/category\/auswarts\/\" class=\"advgb-post-tax-term\">Demonstration<\/a>","<a href=\"https:\/\/www.fanprojekt-muenster.de\/wordpress\/category\/auswarts\/\" class=\"advgb-post-tax-term\">Derby<\/a>","<a href=\"https:\/\/www.fanprojekt-muenster.de\/wordpress\/category\/auswarts\/\" class=\"advgb-post-tax-term\">G\u00e4steverbote<\/a>","<a href=\"https:\/\/www.fanprojekt-muenster.de\/wordpress\/category\/auswarts\/\" class=\"advgb-post-tax-term\">Repressionen<\/a>","<a href=\"https:\/\/www.fanprojekt-muenster.de\/wordpress\/category\/auswarts\/\" class=\"advgb-post-tax-term\">VfL Osnabr\u00fcck<\/a>"],"unlinked":["<span class=\"advgb-post-tax-term\">Demonstration<\/span>","<span class=\"advgb-post-tax-term\">Derby<\/span>","<span class=\"advgb-post-tax-term\">G\u00e4steverbote<\/span>","<span class=\"advgb-post-tax-term\">Repressionen<\/span>","<span class=\"advgb-post-tax-term\">VfL Osnabr\u00fcck<\/span>"]}},"comment_count":"0","relative_dates":{"created":"Posted 11\u00a0Jahren ago","modified":"Updated 11\u00a0Jahren ago"},"absolute_dates":{"created":"Posted on 4. September 2015","modified":"Updated on 4. September 2015"},"absolute_dates_time":{"created":"Posted on 4. September 2015 16:40","modified":"Updated on 4. September 2015 16:40"},"featured_img_caption":"","series_order":"","_links":{"self":[{"href":"https:\/\/www.fanprojekt-muenster.de\/wordpress\/wp-json\/wp\/v2\/posts\/4979","targetHints":{"allow":["GET"]}}],"collection":[{"href":"https:\/\/www.fanprojekt-muenster.de\/wordpress\/wp-json\/wp\/v2\/posts"}],"about":[{"href":"https:\/\/www.fanprojekt-muenster.de\/wordpress\/wp-json\/wp\/v2\/types\/post"}],"author":[{"embeddable":true,"href":"https:\/\/www.fanprojekt-muenster.de\/wordpress\/wp-json\/wp\/v2\/users\/2"}],"replies":[{"embeddable":true,"href":"https:\/\/www.fanprojekt-muenster.de\/wordpress\/wp-json\/wp\/v2\/comments?post=4979"}],"version-history":[{"count":0,"href":"https:\/\/www.fanprojekt-muenster.de\/wordpress\/wp-json\/wp\/v2\/posts\/4979\/revisions"}],"wp:featuredmedia":[{"embeddable":true,"href":"https:\/\/www.fanprojekt-muenster.de\/wordpress\/wp-json\/"}],"wp:attachment":[{"href":"https:\/\/www.fanprojekt-muenster.de\/wordpress\/wp-json\/wp\/v2\/media?parent=4979"}],"wp:term":[{"taxonomy":"category","embeddable":true,"href":"https:\/\/www.fanprojekt-muenster.de\/wordpress\/wp-json\/wp\/v2\/categories?post=4979"},{"taxonomy":"post_tag","embeddable":true,"href":"https:\/\/www.fanprojekt-muenster.de\/wordpress\/wp-json\/wp\/v2\/tags?post=4979"}],"curies":[{"name":"wp","href":"https:\/\/api.w.org\/{rel}","templated":true}]}}