{"id":4948,"date":"2015-09-02T23:44:51","date_gmt":"2015-09-02T21:44:51","guid":{"rendered":"http:\/\/www.fanprojekt-muenster.de\/wp\/?p=4948"},"modified":"2015-09-02T23:44:51","modified_gmt":"2015-09-02T21:44:51","slug":"haende-weg-vom-fussball-gegen-gaesteverbote-und-repressionen","status":"publish","type":"post","link":"https:\/\/www.fanprojekt-muenster.de\/wordpress\/haende-weg-vom-fussball-gegen-gaesteverbote-und-repressionen\/","title":{"rendered":"H\u00e4nde weg vom Fu\u00dfball! Gegen G\u00e4steverbote und Repressionen!"},"content":{"rendered":"<div id=\"attachment_4967\" style=\"width: 390px\" class=\"wp-caption alignright\"><a href=\"http:\/\/www.fanprojekt-muenster.de\/wp\/?attachment_id=4967\" rel=\"attachment wp-att-4959\"><img loading=\"lazy\" decoding=\"async\" aria-describedby=\"caption-attachment-4967\" class=\"wp-image-4967\" src=\"http:\/\/www.fanprojekt-muenster.de\/wp\/wp-content\/uploads\/2015\/09\/haende_weg1.png\" alt=\"H\u00e4nde weg vom Fu\u00dfball! Gegen G\u00e4steverbote und Repressionen!\" width=\"380\" height=\"253\" \/><\/a><p id=\"caption-attachment-4967\" class=\"wp-caption-text\">H\u00e4nde weg vom Fu\u00dfball! Gegen G\u00e4steverbote und Repressionen!<\/p><\/div>\n<p style=\"text-align: justify;\">Ein Derby ist DAS SPIEL DES JAHRES f\u00fcr jeden Fu\u00dfballfan und die Menschen der jeweiligen Stadt. Die Vorfreude auf solche Partien ist schon Tage und Wochen zuvor in allen Fankreisen zu sp\u00fcren und in den Regionen das Gespr\u00e4chsthema Nummer eins.<\/p>\n<p style=\"text-align: justify;\">Aber diese Saison ist alles anders, es wird uns allen jegliche Vorfreude schon Wochen vorher\u00a0genommen.<\/p>\n<h3 style=\"text-align: justify;\"><span style=\"text-decoration: underline;\"><strong>Wie kam es dazu?<\/strong><\/span><\/h3>\n<p style=\"text-align: justify;\">Das Bestreben beider Vereine (VFL Osnabr\u00fcck\/ SC Preu\u00dfen M\u00fcnster) war es, das Derby trotz der Vorf\u00e4lle aus der Vergangenheit im \u00fcblichen Rahmen durchzuf\u00fchren. Dies wurde von Polizei und der Politik abgelehnt, die Vereine wurden vor folgende Varianten zur Durchf\u00fchrung des Spiels gestellt.<\/p>\n<h4 style=\"text-align: justify;\"><span style=\"color: #ffffff;\">&#8211;<\/span><\/h4>\n<h4 style=\"text-align: justify;\"><strong>Variante A<\/strong><\/h4>\n<p>Das Kartenkontingent sollte von urspr\u00fcnglich 2000 auf nur noch 800 St\u00fcck reduziert werden. Der Verkauf w\u00e4re \u00fcber personalisierte Voucher erfolgt, die erst vor dem G\u00e4steblock in Eintrittskarten h\u00e4tten getauscht werden k\u00f6nnen. Die Anreise zum Spiel w\u00e4re dann aber nicht mehr individuell, sondern nur in vom Verein organisierten Bussen m\u00f6glich gewesen. Der Voucher h\u00e4tte also nur in Kombination mit der verpflichteten Busanreise gekauft werden k\u00f6nnen.<\/p>\n<p>Unser Verein Preu\u00dfen M\u00fcnster wurde somit vor ein gro\u00dfes Dilemma gestellt. Schon fr\u00fch wurden\u00a0Vertreter der Fanszene, die Fanbetreuer und wir als Dachverband einbezogen, um einen\u00a0gemeinsamen Weg zu finden. Uns allen war schnell klar, dass die Variante mit personalisiertem\u00a0Voucher und Buspflicht keine Alternative ist. Denn dieser Zwang schr\u00e4nkt uns Fans und B\u00fcrger des Rechtsstaates in unserer Bewegungsfreiheit und dem Recht auf Datenschutz ma\u00dfgeblich ein.<\/p>\n<p><strong>Datenschutz<\/strong><\/p>\n<p>Ein Kritikpunkt ist die Personalisierung, weil einem einerseits die Selbstbestimmung \u00fcber seine Daten genommen wird, die wom\u00f6glich an Beh\u00f6rden und andere Stellen weitergegeben werden m\u00fcssen. Andererseits stellt es f\u00fcr uns auch einen Schritt in die Kriminalisierung dar, wenn man f\u00fcr ein Fu\u00dfballspiel seine vollst\u00e4ndige Identit\u00e4t offenlegen muss. Zudem ist fragw\u00fcrdig, welcher Zweck eine Personalisierung von Stehplatzkarten bewirken soll, da man sich im Block frei bewegen kann.<strong>\u00a0<\/strong><\/p>\n<p><strong>Bewegungsfreiheit<\/strong><\/p>\n<p>Die Bewegungsfreiheit ist ein hohes Gut in einem demokratischen Staat. Mit welchem Recht will der Staat tausenden friedlichen Fu\u00dfballfans vorschreiben, mit welchem Verkehrsmittel ein B\u00fcrger von Stadt A in Stadt B fahren darf?<\/p>\n<p><span style=\"color: #ffffff;\">&#8211;<\/span><\/p>\n<h4 style=\"text-align: justify;\"><strong>Variante B<\/strong><\/h4>\n<p style=\"text-align: justify;\">Der komplette Ausschluss von jeglichen G\u00e4stefans.<strong><br \/>\n<\/strong><\/p>\n<p style=\"text-align: justify;\"><span style=\"color: #ffffff;\">&#8211;<\/span><\/p>\n<h3 style=\"text-align: justify;\"><strong><u>Gewalt. Ein gesellschaftliches Problem. Kein Problem des Fu\u00dfballs.<\/u><\/strong><strong>\u00a0<\/strong><\/h3>\n<p style=\"text-align: justify;\">Im Rahmen von jeglichen Gro\u00dfveranstaltungen, Stadt- oder Volksfesten, bei denen viele unterschiedliche Menschen zusammenkommen, kommt es zu Straftaten und leider auch zu K\u00f6rperverletzungen durch einen Bruchteil der Besucher. Auch bei Fu\u00dfballspielen.\u00a0Im Verh\u00e4ltnis zu den hunderttausenden Menschen, die Wochenende f\u00fcr Wochenende Fu\u00dfballstadien besuchen, ist die relative Anzahl der Verletzten sehr gering. Wir sehen die \u00f6ffentliche Sicherheit in keiner Weise gef\u00e4hrdet.<\/p>\n<p style=\"text-align: justify;\">Als Grund f\u00fcr ein komplettes Verbot von G\u00e4stefans wurden erhebliche Verletztenzahlen der Derbys in den letzten vier Jahren angef\u00fchrt.\u00a0Von Seiten der Polizei wird von 114 Verletzten gesprochen, wobei die Herkunft der Verletztenzahl sowie deren Ursachen nicht differenziert werden.\u00a0Setzt man diese Zahl in Relation zu den ca. 120.000 Stadionbesuchern in den letzten acht Begegnungen, dann betr\u00e4gt der Anteil der Verletzten weniger als 0,1%.<\/p>\n<p style=\"text-align: justify;\">Jeder Verletzte ist einer zu viel. Wir verurteilen jede Form von Gewalt.\u00a0In diesem Zusammenhang sind auch die unverh\u00e4ltnism\u00e4\u00dfigen Eins\u00e4tze von Ordnungspersonal und Polizei zu kritisieren, z. B. bei der Einlasssituation im G\u00e4stebereich 2013 in Osnabr\u00fcck, die beinahe in einer Massenpanik geendet w\u00e4re. Dennoch gab es viele verletzte Preu\u00dfenfans mit Quetschungen und Kreislaufproblemen.<\/p>\n<p style=\"text-align: justify;\">Das Nieders\u00e4chsische Innenministerium hat die Vereine vor zwei nicht akzeptable sowie unverhandelbare Varianten gestellt. Den G\u00e4steausschluss durch Politik und Polizei halten wir f\u00fcr unverh\u00e4ltnism\u00e4\u00dfig und nicht hinnehmbar. Jedes Fu\u00dfballspiel lebt von seinen Fans und Emotionen!<\/p>\n<p style=\"text-align: justify;\"><span style=\"color: #ffffff;\">&#8211;<\/span><\/p>\n<h3 style=\"text-align: justify;\"><span style=\"text-decoration: underline;\"><strong>Fu\u00dfball ist Kulturgut. Fu\u00dfball\u00a0verbindet Menschen.<\/strong><\/span><\/h3>\n<p style=\"text-align: justify;\">Wir haben das Gef\u00fchl, dass mit unserem Derby seitens der Politik ein Pr\u00e4zedenzfall geschaffen werden soll. F\u00fcr uns ist es der Anfang vom Ende der Fu\u00dfballfankultur. Wie werden zuk\u00fcnftig Politik und Sicherheitsbeh\u00f6rden bei \u00e4hnlich gelagerten Spielen zwischen K\u00f6ln und M\u00f6nchengladbach, Schalke und Dortmund oder Darmstadt und Frankfurt reagieren?<\/p>\n<p style=\"text-align: justify;\">Deutschland hat seit den 1970er Jahren eine einzigartige Ausw\u00e4rtsfahrerkultur, um die uns Fu\u00dfballfans in ganz Europa beneiden. Diese Kultur ist in Gefahr, denn wir haben zunehmend mit immer st\u00e4rkeren Repressionen bis hin zum kompletten Verbot von G\u00e4stefans zu k\u00e4mpfen. Alle Stadionbesucher sind von diesen Ma\u00dfnahmen betroffen und werden in Sippenhaft genommen.<\/p>\n<p style=\"text-align: justify;\">In unseren Augen ist es ein Armutszeugnis, wenn die Politik keine anderen L\u00f6sungen f\u00fcr das gesellschaftliche Problem der Gewalt findet. S\u00e4mtliche Fans werden f\u00fcr das Vergehen einiger weniger bestraft, da ihnen das Stadionerlebnis genommen wird.<\/p>\n<p style=\"text-align: justify;\">Fu\u00dfball nimmt eine wichtige gesellschaftliche Rolle ein. Fu\u00dfballvereine und Fu\u00dfballspiele sind f\u00fcr viele Menschen in diesem Land ein enorm wichtiger Teil ihrer Freizeitgestaltung und schaffen einen emotionalen Ausgleich zum Alltag.<\/p>\n<p style=\"text-align: justify;\">Fu\u00dfball verbindet die verschiedensten Menschen und hat eine integrative Funktion. Das Problem der Gewalt wird durch Verbote von G\u00e4stefans nicht behoben, sondern nur in andere Bereiche des Lebens verlagert.<\/p>\n<p style=\"text-align: justify;\"><span style=\"color: #ffffff;\">&#8211;<\/span><\/p>\n<h3 style=\"text-align: justify;\"><span style=\"text-decoration: underline;\"><strong>H\u00e4nde weg vom Fu\u00dfball! Gegen G\u00e4steverbote und Repressionen!<\/strong><\/span><\/h3>\n<p style=\"text-align: justify;\">Ein jedes Fu\u00dfballspiel \u2013 und ganz besonders ein Derby \u2013 lebt von den Emotionen auf den R\u00e4ngen, wir wollen laute und bunte Fankurven. Was wir nicht wollen sind Ausschreitungen und Gewalt, aber genauso wenig Einschr\u00e4nkungen der Bewegungsfreiheit, Meldeauflagen f\u00fcr Fans, Gro\u00dfaufgebote von Polizisten in Kampfmontur und noch schlimmer: den kompletten Ausschluss von G\u00e4stefans.<\/p>\n<p style=\"text-align: justify;\">Hier wird ein falsches Signal an alle Fu\u00dfballfans vermittelt. Wir fordern Politik und Polizei auf, l\u00f6sungsorientierte Ans\u00e4tze zu verfolgen und eine ehrliche Kommunikation mit Fans zu f\u00fchren, damit Fu\u00dfballspiele wieder so stattfinden k\u00f6nnen wie wir es uns alle w\u00fcnschen: Ohne Gewalt, aber mit Fans, mit Emotionen, mit Fahnen!<\/p>\n<p style=\"text-align: justify;\"><strong>Einen Ausschluss von G\u00e4stefans k\u00f6nnen und werden wir nicht akzeptieren. Am Derbytag (23.09.2015) wollen wir mit allen Preu\u00dfenfans ein entschlossenes Zeichen setzen!<\/strong><\/p>\n<p style=\"text-align: justify;\"><em>Fanprojekt Preu\u00dfen M\u00fcnster e.V.<\/em><\/p>\n","protected":false},"excerpt":{"rendered":"<p>Ein Derby ist DAS SPIEL DES JAHRES f\u00fcr jeden Fu\u00dfballfan und die Menschen der jeweiligen Stadt. Die Vorfreude auf solche Partien ist schon Tage und Wochen zuvor in allen Fankreisen&#8230; <a class=\"read-more-link\" href=\"https:\/\/www.fanprojekt-muenster.de\/wordpress\/haende-weg-vom-fussball-gegen-gaesteverbote-und-repressionen\/\">Read more &raquo;<\/a><\/p>\n","protected":false},"author":2,"featured_media":4967,"comment_status":"closed","ping_status":"closed","sticky":false,"template":"","format":"standard","meta":{"advgb_blocks_editor_width":"","advgb_blocks_columns_visual_guide":"","footnotes":""},"categories":[3,4,14],"tags":[75,130,191,211],"class_list":["post-4948","post","type-post","status-publish","format-standard","has-post-thumbnail","hentry","category-aktuelles","category-auswarts","category-spieltage","tag-derby","tag-gaesteverbote","tag-osnabrueck","tag-repressionen"],"featured_image_src":null,"author_info":{"display_name":"fp_superadmin","author_link":"https:\/\/www.fanprojekt-muenster.de\/wordpress\/author\/fp_superadmin\/"},"yoast_head":"<!-- This site is optimized with the Yoast SEO plugin v27.2 - https:\/\/yoast.com\/product\/yoast-seo-wordpress\/ -->\n<title>H\u00e4nde weg vom Fu\u00dfball! Gegen G\u00e4steverbote und Repressionen! - Fangemeinschaft Preu\u00dfen M\u00fcnster e. V.<\/title>\n<meta name=\"robots\" content=\"index, follow, max-snippet:-1, max-image-preview:large, max-video-preview:-1\" \/>\n<link rel=\"canonical\" href=\"https:\/\/www.fanprojekt-muenster.de\/wordpress\/haende-weg-vom-fussball-gegen-gaesteverbote-und-repressionen\/\" \/>\n<meta property=\"og:locale\" content=\"de_DE\" \/>\n<meta property=\"og:type\" content=\"article\" \/>\n<meta property=\"og:title\" content=\"H\u00e4nde weg vom Fu\u00dfball! Gegen G\u00e4steverbote und Repressionen! - Fangemeinschaft Preu\u00dfen M\u00fcnster e. V.\" \/>\n<meta property=\"og:description\" content=\"Ein Derby ist DAS SPIEL DES JAHRES f\u00fcr jeden Fu\u00dfballfan und die Menschen der jeweiligen Stadt. Die Vorfreude auf solche Partien ist schon Tage und Wochen zuvor in allen Fankreisen... Read more &raquo;\" \/>\n<meta property=\"og:url\" content=\"https:\/\/www.fanprojekt-muenster.de\/wordpress\/haende-weg-vom-fussball-gegen-gaesteverbote-und-repressionen\/\" \/>\n<meta property=\"og:site_name\" content=\"Fangemeinschaft Preu\u00dfen M\u00fcnster e. V.\" \/>\n<meta property=\"article:published_time\" content=\"2015-09-02T21:44:51+00:00\" \/>\n<meta name=\"author\" content=\"fp_superadmin\" \/>\n<meta name=\"twitter:card\" content=\"summary_large_image\" \/>\n<meta name=\"twitter:label1\" content=\"Verfasst von\" \/>\n\t<meta name=\"twitter:data1\" content=\"fp_superadmin\" \/>\n\t<meta name=\"twitter:label2\" content=\"Gesch\u00e4tzte Lesezeit\" \/>\n\t<meta name=\"twitter:data2\" content=\"5\u00a0Minuten\" \/>\n<script type=\"application\/ld+json\" class=\"yoast-schema-graph\">{\"@context\":\"https:\/\/schema.org\",\"@graph\":[{\"@type\":\"Article\",\"@id\":\"https:\/\/www.fanprojekt-muenster.de\/wordpress\/haende-weg-vom-fussball-gegen-gaesteverbote-und-repressionen\/#article\",\"isPartOf\":{\"@id\":\"https:\/\/www.fanprojekt-muenster.de\/wordpress\/haende-weg-vom-fussball-gegen-gaesteverbote-und-repressionen\/\"},\"author\":{\"name\":\"fp_superadmin\",\"@id\":\"https:\/\/www.fanprojekt-muenster.de\/wordpress\/#\/schema\/person\/9126cc4d73d0d07c75b487075111186c\"},\"headline\":\"H\u00e4nde weg vom Fu\u00dfball! Gegen G\u00e4steverbote und Repressionen!\",\"datePublished\":\"2015-09-02T21:44:51+00:00\",\"mainEntityOfPage\":{\"@id\":\"https:\/\/www.fanprojekt-muenster.de\/wordpress\/haende-weg-vom-fussball-gegen-gaesteverbote-und-repressionen\/\"},\"wordCount\":1034,\"publisher\":{\"@id\":\"https:\/\/www.fanprojekt-muenster.de\/wordpress\/#organization\"},\"image\":{\"@id\":\"https:\/\/www.fanprojekt-muenster.de\/wordpress\/haende-weg-vom-fussball-gegen-gaesteverbote-und-repressionen\/#primaryimage\"},\"thumbnailUrl\":\"\",\"keywords\":[\"Derby\",\"G\u00e4steverbote\",\"Osnabr\u00fcck\",\"Repressionen\"],\"articleSection\":[\"Aktuelles\",\"Ausw\u00e4rts\",\"Spieltage\"],\"inLanguage\":\"de\"},{\"@type\":\"WebPage\",\"@id\":\"https:\/\/www.fanprojekt-muenster.de\/wordpress\/haende-weg-vom-fussball-gegen-gaesteverbote-und-repressionen\/\",\"url\":\"https:\/\/www.fanprojekt-muenster.de\/wordpress\/haende-weg-vom-fussball-gegen-gaesteverbote-und-repressionen\/\",\"name\":\"H\u00e4nde weg vom Fu\u00dfball! Gegen G\u00e4steverbote und Repressionen! - Fangemeinschaft Preu\u00dfen M\u00fcnster e. V.\",\"isPartOf\":{\"@id\":\"https:\/\/www.fanprojekt-muenster.de\/wordpress\/#website\"},\"primaryImageOfPage\":{\"@id\":\"https:\/\/www.fanprojekt-muenster.de\/wordpress\/haende-weg-vom-fussball-gegen-gaesteverbote-und-repressionen\/#primaryimage\"},\"image\":{\"@id\":\"https:\/\/www.fanprojekt-muenster.de\/wordpress\/haende-weg-vom-fussball-gegen-gaesteverbote-und-repressionen\/#primaryimage\"},\"thumbnailUrl\":\"\",\"datePublished\":\"2015-09-02T21:44:51+00:00\",\"breadcrumb\":{\"@id\":\"https:\/\/www.fanprojekt-muenster.de\/wordpress\/haende-weg-vom-fussball-gegen-gaesteverbote-und-repressionen\/#breadcrumb\"},\"inLanguage\":\"de\",\"potentialAction\":[{\"@type\":\"ReadAction\",\"target\":[\"https:\/\/www.fanprojekt-muenster.de\/wordpress\/haende-weg-vom-fussball-gegen-gaesteverbote-und-repressionen\/\"]}]},{\"@type\":\"ImageObject\",\"inLanguage\":\"de\",\"@id\":\"https:\/\/www.fanprojekt-muenster.de\/wordpress\/haende-weg-vom-fussball-gegen-gaesteverbote-und-repressionen\/#primaryimage\",\"url\":\"\",\"contentUrl\":\"\"},{\"@type\":\"BreadcrumbList\",\"@id\":\"https:\/\/www.fanprojekt-muenster.de\/wordpress\/haende-weg-vom-fussball-gegen-gaesteverbote-und-repressionen\/#breadcrumb\",\"itemListElement\":[{\"@type\":\"ListItem\",\"position\":1,\"name\":\"Startseite\",\"item\":\"https:\/\/www.fanprojekt-muenster.de\/wordpress\/\"},{\"@type\":\"ListItem\",\"position\":2,\"name\":\"H\u00e4nde weg vom Fu\u00dfball! Gegen G\u00e4steverbote und Repressionen!\"}]},{\"@type\":\"WebSite\",\"@id\":\"https:\/\/www.fanprojekt-muenster.de\/wordpress\/#website\",\"url\":\"https:\/\/www.fanprojekt-muenster.de\/wordpress\/\",\"name\":\"Fangemeinschaft Preu\u00dfen M\u00fcnster e. V.\",\"description\":\"\",\"publisher\":{\"@id\":\"https:\/\/www.fanprojekt-muenster.de\/wordpress\/#organization\"},\"potentialAction\":[{\"@type\":\"SearchAction\",\"target\":{\"@type\":\"EntryPoint\",\"urlTemplate\":\"https:\/\/www.fanprojekt-muenster.de\/wordpress\/?s={search_term_string}\"},\"query-input\":{\"@type\":\"PropertyValueSpecification\",\"valueRequired\":true,\"valueName\":\"search_term_string\"}}],\"inLanguage\":\"de\"},{\"@type\":\"Organization\",\"@id\":\"https:\/\/www.fanprojekt-muenster.de\/wordpress\/#organization\",\"name\":\"Fangemeinschaft Preu\u00dfen M\u00fcnster e. V.\",\"url\":\"https:\/\/www.fanprojekt-muenster.de\/wordpress\/\",\"logo\":{\"@type\":\"ImageObject\",\"inLanguage\":\"de\",\"@id\":\"https:\/\/www.fanprojekt-muenster.de\/wordpress\/#\/schema\/logo\/image\/\",\"url\":\"https:\/\/www.fanprojekt-muenster.de\/wordpress\/wp-content\/uploads\/2019\/07\/cropped-Website_Logo3-9.png\",\"contentUrl\":\"https:\/\/www.fanprojekt-muenster.de\/wordpress\/wp-content\/uploads\/2019\/07\/cropped-Website_Logo3-9.png\",\"width\":224,\"height\":42,\"caption\":\"Fangemeinschaft Preu\u00dfen M\u00fcnster e. V.\"},\"image\":{\"@id\":\"https:\/\/www.fanprojekt-muenster.de\/wordpress\/#\/schema\/logo\/image\/\"}},{\"@type\":\"Person\",\"@id\":\"https:\/\/www.fanprojekt-muenster.de\/wordpress\/#\/schema\/person\/9126cc4d73d0d07c75b487075111186c\",\"name\":\"fp_superadmin\",\"url\":\"https:\/\/www.fanprojekt-muenster.de\/wordpress\/author\/fp_superadmin\/\"}]}<\/script>\n<!-- \/ Yoast SEO plugin. -->","yoast_head_json":{"title":"H\u00e4nde weg vom Fu\u00dfball! Gegen G\u00e4steverbote und Repressionen! - Fangemeinschaft Preu\u00dfen M\u00fcnster e. V.","robots":{"index":"index","follow":"follow","max-snippet":"max-snippet:-1","max-image-preview":"max-image-preview:large","max-video-preview":"max-video-preview:-1"},"canonical":"https:\/\/www.fanprojekt-muenster.de\/wordpress\/haende-weg-vom-fussball-gegen-gaesteverbote-und-repressionen\/","og_locale":"de_DE","og_type":"article","og_title":"H\u00e4nde weg vom Fu\u00dfball! Gegen G\u00e4steverbote und Repressionen! - Fangemeinschaft Preu\u00dfen M\u00fcnster e. V.","og_description":"Ein Derby ist DAS SPIEL DES JAHRES f\u00fcr jeden Fu\u00dfballfan und die Menschen der jeweiligen Stadt. Die Vorfreude auf solche Partien ist schon Tage und Wochen zuvor in allen Fankreisen... Read more &raquo;","og_url":"https:\/\/www.fanprojekt-muenster.de\/wordpress\/haende-weg-vom-fussball-gegen-gaesteverbote-und-repressionen\/","og_site_name":"Fangemeinschaft Preu\u00dfen M\u00fcnster e. V.","article_published_time":"2015-09-02T21:44:51+00:00","author":"fp_superadmin","twitter_card":"summary_large_image","twitter_misc":{"Verfasst von":"fp_superadmin","Gesch\u00e4tzte Lesezeit":"5\u00a0Minuten"},"schema":{"@context":"https:\/\/schema.org","@graph":[{"@type":"Article","@id":"https:\/\/www.fanprojekt-muenster.de\/wordpress\/haende-weg-vom-fussball-gegen-gaesteverbote-und-repressionen\/#article","isPartOf":{"@id":"https:\/\/www.fanprojekt-muenster.de\/wordpress\/haende-weg-vom-fussball-gegen-gaesteverbote-und-repressionen\/"},"author":{"name":"fp_superadmin","@id":"https:\/\/www.fanprojekt-muenster.de\/wordpress\/#\/schema\/person\/9126cc4d73d0d07c75b487075111186c"},"headline":"H\u00e4nde weg vom Fu\u00dfball! Gegen G\u00e4steverbote und Repressionen!","datePublished":"2015-09-02T21:44:51+00:00","mainEntityOfPage":{"@id":"https:\/\/www.fanprojekt-muenster.de\/wordpress\/haende-weg-vom-fussball-gegen-gaesteverbote-und-repressionen\/"},"wordCount":1034,"publisher":{"@id":"https:\/\/www.fanprojekt-muenster.de\/wordpress\/#organization"},"image":{"@id":"https:\/\/www.fanprojekt-muenster.de\/wordpress\/haende-weg-vom-fussball-gegen-gaesteverbote-und-repressionen\/#primaryimage"},"thumbnailUrl":"","keywords":["Derby","G\u00e4steverbote","Osnabr\u00fcck","Repressionen"],"articleSection":["Aktuelles","Ausw\u00e4rts","Spieltage"],"inLanguage":"de"},{"@type":"WebPage","@id":"https:\/\/www.fanprojekt-muenster.de\/wordpress\/haende-weg-vom-fussball-gegen-gaesteverbote-und-repressionen\/","url":"https:\/\/www.fanprojekt-muenster.de\/wordpress\/haende-weg-vom-fussball-gegen-gaesteverbote-und-repressionen\/","name":"H\u00e4nde weg vom Fu\u00dfball! Gegen G\u00e4steverbote und Repressionen! - Fangemeinschaft Preu\u00dfen M\u00fcnster e. V.","isPartOf":{"@id":"https:\/\/www.fanprojekt-muenster.de\/wordpress\/#website"},"primaryImageOfPage":{"@id":"https:\/\/www.fanprojekt-muenster.de\/wordpress\/haende-weg-vom-fussball-gegen-gaesteverbote-und-repressionen\/#primaryimage"},"image":{"@id":"https:\/\/www.fanprojekt-muenster.de\/wordpress\/haende-weg-vom-fussball-gegen-gaesteverbote-und-repressionen\/#primaryimage"},"thumbnailUrl":"","datePublished":"2015-09-02T21:44:51+00:00","breadcrumb":{"@id":"https:\/\/www.fanprojekt-muenster.de\/wordpress\/haende-weg-vom-fussball-gegen-gaesteverbote-und-repressionen\/#breadcrumb"},"inLanguage":"de","potentialAction":[{"@type":"ReadAction","target":["https:\/\/www.fanprojekt-muenster.de\/wordpress\/haende-weg-vom-fussball-gegen-gaesteverbote-und-repressionen\/"]}]},{"@type":"ImageObject","inLanguage":"de","@id":"https:\/\/www.fanprojekt-muenster.de\/wordpress\/haende-weg-vom-fussball-gegen-gaesteverbote-und-repressionen\/#primaryimage","url":"","contentUrl":""},{"@type":"BreadcrumbList","@id":"https:\/\/www.fanprojekt-muenster.de\/wordpress\/haende-weg-vom-fussball-gegen-gaesteverbote-und-repressionen\/#breadcrumb","itemListElement":[{"@type":"ListItem","position":1,"name":"Startseite","item":"https:\/\/www.fanprojekt-muenster.de\/wordpress\/"},{"@type":"ListItem","position":2,"name":"H\u00e4nde weg vom Fu\u00dfball! Gegen G\u00e4steverbote und Repressionen!"}]},{"@type":"WebSite","@id":"https:\/\/www.fanprojekt-muenster.de\/wordpress\/#website","url":"https:\/\/www.fanprojekt-muenster.de\/wordpress\/","name":"Fangemeinschaft Preu\u00dfen M\u00fcnster e. V.","description":"","publisher":{"@id":"https:\/\/www.fanprojekt-muenster.de\/wordpress\/#organization"},"potentialAction":[{"@type":"SearchAction","target":{"@type":"EntryPoint","urlTemplate":"https:\/\/www.fanprojekt-muenster.de\/wordpress\/?s={search_term_string}"},"query-input":{"@type":"PropertyValueSpecification","valueRequired":true,"valueName":"search_term_string"}}],"inLanguage":"de"},{"@type":"Organization","@id":"https:\/\/www.fanprojekt-muenster.de\/wordpress\/#organization","name":"Fangemeinschaft Preu\u00dfen M\u00fcnster e. V.","url":"https:\/\/www.fanprojekt-muenster.de\/wordpress\/","logo":{"@type":"ImageObject","inLanguage":"de","@id":"https:\/\/www.fanprojekt-muenster.de\/wordpress\/#\/schema\/logo\/image\/","url":"https:\/\/www.fanprojekt-muenster.de\/wordpress\/wp-content\/uploads\/2019\/07\/cropped-Website_Logo3-9.png","contentUrl":"https:\/\/www.fanprojekt-muenster.de\/wordpress\/wp-content\/uploads\/2019\/07\/cropped-Website_Logo3-9.png","width":224,"height":42,"caption":"Fangemeinschaft Preu\u00dfen M\u00fcnster e. V."},"image":{"@id":"https:\/\/www.fanprojekt-muenster.de\/wordpress\/#\/schema\/logo\/image\/"}},{"@type":"Person","@id":"https:\/\/www.fanprojekt-muenster.de\/wordpress\/#\/schema\/person\/9126cc4d73d0d07c75b487075111186c","name":"fp_superadmin","url":"https:\/\/www.fanprojekt-muenster.de\/wordpress\/author\/fp_superadmin\/"}]}},"author_meta":{"display_name":"fp_superadmin","author_link":"https:\/\/www.fanprojekt-muenster.de\/wordpress\/author\/fp_superadmin\/"},"featured_img":null,"coauthors":[],"tax_additional":{"categories":{"linked":["<a href=\"https:\/\/www.fanprojekt-muenster.de\/wordpress\/category\/aktuelles\/\" class=\"advgb-post-tax-term\">Aktuelles<\/a>","<a href=\"https:\/\/www.fanprojekt-muenster.de\/wordpress\/category\/auswarts\/\" class=\"advgb-post-tax-term\">Ausw\u00e4rts<\/a>","<a href=\"https:\/\/www.fanprojekt-muenster.de\/wordpress\/category\/spieltage\/\" class=\"advgb-post-tax-term\">Spieltage<\/a>"],"unlinked":["<span class=\"advgb-post-tax-term\">Aktuelles<\/span>","<span class=\"advgb-post-tax-term\">Ausw\u00e4rts<\/span>","<span class=\"advgb-post-tax-term\">Spieltage<\/span>"]},"tags":{"linked":["<a href=\"https:\/\/www.fanprojekt-muenster.de\/wordpress\/category\/spieltage\/\" class=\"advgb-post-tax-term\">Derby<\/a>","<a href=\"https:\/\/www.fanprojekt-muenster.de\/wordpress\/category\/spieltage\/\" class=\"advgb-post-tax-term\">G\u00e4steverbote<\/a>","<a href=\"https:\/\/www.fanprojekt-muenster.de\/wordpress\/category\/spieltage\/\" class=\"advgb-post-tax-term\">Osnabr\u00fcck<\/a>","<a href=\"https:\/\/www.fanprojekt-muenster.de\/wordpress\/category\/spieltage\/\" class=\"advgb-post-tax-term\">Repressionen<\/a>"],"unlinked":["<span class=\"advgb-post-tax-term\">Derby<\/span>","<span class=\"advgb-post-tax-term\">G\u00e4steverbote<\/span>","<span class=\"advgb-post-tax-term\">Osnabr\u00fcck<\/span>","<span class=\"advgb-post-tax-term\">Repressionen<\/span>"]}},"comment_count":"0","relative_dates":{"created":"Posted 11\u00a0Jahren ago","modified":"Updated 11\u00a0Jahren ago"},"absolute_dates":{"created":"Posted on 2. September 2015","modified":"Updated on 2. September 2015"},"absolute_dates_time":{"created":"Posted on 2. September 2015 23:44","modified":"Updated on 2. September 2015 23:44"},"featured_img_caption":"","series_order":"","_links":{"self":[{"href":"https:\/\/www.fanprojekt-muenster.de\/wordpress\/wp-json\/wp\/v2\/posts\/4948","targetHints":{"allow":["GET"]}}],"collection":[{"href":"https:\/\/www.fanprojekt-muenster.de\/wordpress\/wp-json\/wp\/v2\/posts"}],"about":[{"href":"https:\/\/www.fanprojekt-muenster.de\/wordpress\/wp-json\/wp\/v2\/types\/post"}],"author":[{"embeddable":true,"href":"https:\/\/www.fanprojekt-muenster.de\/wordpress\/wp-json\/wp\/v2\/users\/2"}],"replies":[{"embeddable":true,"href":"https:\/\/www.fanprojekt-muenster.de\/wordpress\/wp-json\/wp\/v2\/comments?post=4948"}],"version-history":[{"count":0,"href":"https:\/\/www.fanprojekt-muenster.de\/wordpress\/wp-json\/wp\/v2\/posts\/4948\/revisions"}],"wp:featuredmedia":[{"embeddable":true,"href":"https:\/\/www.fanprojekt-muenster.de\/wordpress\/wp-json\/"}],"wp:attachment":[{"href":"https:\/\/www.fanprojekt-muenster.de\/wordpress\/wp-json\/wp\/v2\/media?parent=4948"}],"wp:term":[{"taxonomy":"category","embeddable":true,"href":"https:\/\/www.fanprojekt-muenster.de\/wordpress\/wp-json\/wp\/v2\/categories?post=4948"},{"taxonomy":"post_tag","embeddable":true,"href":"https:\/\/www.fanprojekt-muenster.de\/wordpress\/wp-json\/wp\/v2\/tags?post=4948"}],"curies":[{"name":"wp","href":"https:\/\/api.w.org\/{rel}","templated":true}]}}