{"id":4926,"date":"2015-08-19T23:47:38","date_gmt":"2015-08-19T21:47:38","guid":{"rendered":"http:\/\/www.fanprojekt-muenster.de\/wp\/?p=4926"},"modified":"2015-08-19T23:47:38","modified_gmt":"2015-08-19T21:47:38","slug":"fanprojekt-blickt-auf-erlebnisreiche-saison-zurueck","status":"publish","type":"post","link":"https:\/\/www.fanprojekt-muenster.de\/wordpress\/fanprojekt-blickt-auf-erlebnisreiche-saison-zurueck\/","title":{"rendered":"Fanprojekt blickt auf erlebnisreiche Saison zur\u00fcck"},"content":{"rendered":"<p>Hallo Preu\u00dfen-Fans,<\/p>\n<p>am Mittwoch, 19.08.2015 lud das Fanprojekt Preu\u00dfen M\u00fcnster e.V. zu seiner Jahreshauptversammlung in die Trib\u00fcne ein. Der Vorstand des Fandachverbandes konnte \u00fcber 40 der insgesamt 635 Mitglieder begr\u00fc\u00dfen und hat am Abend auf eine erlebnisreiche Saison mit vielen Aktivit\u00e4ten zur\u00fcckgeblickt.<\/p>\n<p>Neben einer aktiven Fanpolitik im Verein, Stadt und \u00fcberregional, wurden die zahlreichen Veranstaltungen und Arbeitskreise herausgestellt. Ein gro\u00dfes Thema war und ist das eigene Fanradio \u201eRadio Mottekstrehle\u201c, wobei freiwillige Fans im letzten Jahr 49 Spiele live kommentierten und damit weit \u00fcber 20.000 Zuh\u00f6rer erreichten. Au\u00dferdem wurde von der aufgebauten Fu\u00dfballmannschaft berichtet, die in den n\u00e4chsten Monaten weitere Trainingseinheiten in der Soccerhalle absolvieren wird (<a href=\"http:\/\/www.fanprojekt-muenster.de\/wp\/2015\/07\/27\/flemmen-im-fanprojekt-neue-termine\/\">Termine<\/a>). Das neue Jahr soll dann Anfang 2016 auch wieder mit einem Preu\u00dfen-Quiz, Tombola und Gr\u00fcnkohlessen sowie punktuellen Verbesserungen gefeiert werden. Dar\u00fcber hinaus bestehen die Bestrebungen eine gemeinsame Ausw\u00e4rtstour zu organisieren, wie in der abgelaufenen Saison mit dem ausverkauften Sonderzug nach Halle. Als Ideen stehen momentan im Raum ein Sonderzug nach Rostock am ersten April-Wochenende oder eine Schiffstour \u00fcber den Rhein bis Wiesbaden zum 110. Vereinsgeburtstag am 30.04. Eine konkrete Entscheidung und Planung wird gemeinsam mit der Fanszene in den n\u00e4chsten Monaten ausgearbeitet und ver\u00f6ffentlicht. Sicher aber ist schon, dass der \u00dcberschuss von der Halle-Tour f\u00fcr einen g\u00fcnstigeren Fahrpreis verwendet wird.<\/p>\n<p>Zeitnah soll aber noch ein Kennenlernen mit der Mannschaft folgen, um Fans und Spieler n\u00e4her zusammenzubringen. Wenn der Termin und die Aktion stehen, wird hier\u00fcber entsprechend informiert.<\/p>\n<p>Die anwesenden Mitglieder haben dann noch einstimmig f\u00fcr eine <a href=\"http:\/\/www.fanprojekt-muenster.de\/wp\/uber-uns\/satzung\/\">umfangreiche Satzungs\u00e4nderung <\/a>abgestimmt. Somit wird der Vereinszweck der heutigen Arbeit des Fanprojektes angepasst, wobei sich der Verein verpflichtet alle Fans einzubinden und als Dachverband zu agieren. Au\u00dferdem wird nun ein Ehrenrat installiert, der als vereinsinterne Schlichtungsstelle fungieren wird.<\/p>\n<p>Am Ende wurde noch einmal aufgerufen, dass sich alle Mitglieder aktiv in die Fanarbeit einbringen k\u00f6nnen, sei es mit eigenen Ideen oder zur Unterst\u00fctzung f\u00fcr Berichte auf der Webseite und Facebook, oder als Kommentator im Radio-Team. Wenn du mitmachen m\u00f6chtest, melde dich einfach: kontakt@fanprojekt-muenster.de <\/p>\n","protected":false},"excerpt":{"rendered":"<p>Hallo Preu\u00dfen-Fans, am Mittwoch, 19.08.2015 lud das Fanprojekt Preu\u00dfen M\u00fcnster e.V. zu seiner Jahreshauptversammlung in die Trib\u00fcne ein. Der Vorstand des Fandachverbandes konnte \u00fcber 40 der insgesamt 635 Mitglieder begr\u00fc\u00dfen&#8230; <a class=\"read-more-link\" href=\"https:\/\/www.fanprojekt-muenster.de\/wordpress\/fanprojekt-blickt-auf-erlebnisreiche-saison-zurueck\/\">Read more &raquo;<\/a><\/p>\n","protected":false},"author":6,"featured_media":4927,"comment_status":"closed","ping_status":"closed","sticky":false,"template":"","format":"standard","meta":{"advgb_blocks_editor_width":"","advgb_blocks_columns_visual_guide":"","footnotes":""},"categories":[3,1],"tags":[],"class_list":["post-4926","post","type-post","status-publish","format-standard","has-post-thumbnail","hentry","category-aktuelles","category-allgemein"],"featured_image_src":null,"author_info":{"display_name":"508","author_link":"https:\/\/www.fanprojekt-muenster.de\/wordpress\/author\/508\/"},"yoast_head":"<!-- This site is optimized with the Yoast SEO plugin v27.2 - https:\/\/yoast.com\/product\/yoast-seo-wordpress\/ -->\n<title>Fanprojekt blickt auf erlebnisreiche Saison zur\u00fcck - Fangemeinschaft Preu\u00dfen M\u00fcnster e. V.<\/title>\n<meta name=\"robots\" content=\"index, follow, max-snippet:-1, max-image-preview:large, max-video-preview:-1\" \/>\n<link rel=\"canonical\" href=\"https:\/\/www.fanprojekt-muenster.de\/wordpress\/fanprojekt-blickt-auf-erlebnisreiche-saison-zurueck\/\" \/>\n<meta property=\"og:locale\" content=\"de_DE\" \/>\n<meta property=\"og:type\" content=\"article\" \/>\n<meta property=\"og:title\" content=\"Fanprojekt blickt auf erlebnisreiche Saison zur\u00fcck - Fangemeinschaft Preu\u00dfen M\u00fcnster e. V.\" \/>\n<meta property=\"og:description\" content=\"Hallo Preu\u00dfen-Fans, am Mittwoch, 19.08.2015 lud das Fanprojekt Preu\u00dfen M\u00fcnster e.V. zu seiner Jahreshauptversammlung in die Trib\u00fcne ein. Der Vorstand des Fandachverbandes konnte \u00fcber 40 der insgesamt 635 Mitglieder begr\u00fc\u00dfen... Read more &raquo;\" \/>\n<meta property=\"og:url\" content=\"https:\/\/www.fanprojekt-muenster.de\/wordpress\/fanprojekt-blickt-auf-erlebnisreiche-saison-zurueck\/\" \/>\n<meta property=\"og:site_name\" content=\"Fangemeinschaft Preu\u00dfen M\u00fcnster e. V.\" \/>\n<meta property=\"article:published_time\" content=\"2015-08-19T21:47:38+00:00\" \/>\n<meta name=\"author\" content=\"508\" \/>\n<meta name=\"twitter:card\" content=\"summary_large_image\" \/>\n<meta name=\"twitter:label1\" content=\"Verfasst von\" \/>\n\t<meta name=\"twitter:data1\" content=\"508\" \/>\n\t<meta name=\"twitter:label2\" content=\"Gesch\u00e4tzte Lesezeit\" \/>\n\t<meta name=\"twitter:data2\" content=\"2\u00a0Minuten\" \/>\n<script type=\"application\/ld+json\" class=\"yoast-schema-graph\">{\"@context\":\"https:\/\/schema.org\",\"@graph\":[{\"@type\":\"Article\",\"@id\":\"https:\/\/www.fanprojekt-muenster.de\/wordpress\/fanprojekt-blickt-auf-erlebnisreiche-saison-zurueck\/#article\",\"isPartOf\":{\"@id\":\"https:\/\/www.fanprojekt-muenster.de\/wordpress\/fanprojekt-blickt-auf-erlebnisreiche-saison-zurueck\/\"},\"author\":{\"name\":\"508\",\"@id\":\"https:\/\/www.fanprojekt-muenster.de\/wordpress\/#\/schema\/person\/907994394342a6ba0f1be4c546ed7d09\"},\"headline\":\"Fanprojekt blickt auf erlebnisreiche Saison zur\u00fcck\",\"datePublished\":\"2015-08-19T21:47:38+00:00\",\"mainEntityOfPage\":{\"@id\":\"https:\/\/www.fanprojekt-muenster.de\/wordpress\/fanprojekt-blickt-auf-erlebnisreiche-saison-zurueck\/\"},\"wordCount\":355,\"publisher\":{\"@id\":\"https:\/\/www.fanprojekt-muenster.de\/wordpress\/#organization\"},\"image\":{\"@id\":\"https:\/\/www.fanprojekt-muenster.de\/wordpress\/fanprojekt-blickt-auf-erlebnisreiche-saison-zurueck\/#primaryimage\"},\"thumbnailUrl\":\"\",\"articleSection\":[\"Aktuelles\"],\"inLanguage\":\"de\"},{\"@type\":\"WebPage\",\"@id\":\"https:\/\/www.fanprojekt-muenster.de\/wordpress\/fanprojekt-blickt-auf-erlebnisreiche-saison-zurueck\/\",\"url\":\"https:\/\/www.fanprojekt-muenster.de\/wordpress\/fanprojekt-blickt-auf-erlebnisreiche-saison-zurueck\/\",\"name\":\"Fanprojekt blickt auf erlebnisreiche Saison zur\u00fcck - Fangemeinschaft Preu\u00dfen M\u00fcnster e. V.\",\"isPartOf\":{\"@id\":\"https:\/\/www.fanprojekt-muenster.de\/wordpress\/#website\"},\"primaryImageOfPage\":{\"@id\":\"https:\/\/www.fanprojekt-muenster.de\/wordpress\/fanprojekt-blickt-auf-erlebnisreiche-saison-zurueck\/#primaryimage\"},\"image\":{\"@id\":\"https:\/\/www.fanprojekt-muenster.de\/wordpress\/fanprojekt-blickt-auf-erlebnisreiche-saison-zurueck\/#primaryimage\"},\"thumbnailUrl\":\"\",\"datePublished\":\"2015-08-19T21:47:38+00:00\",\"breadcrumb\":{\"@id\":\"https:\/\/www.fanprojekt-muenster.de\/wordpress\/fanprojekt-blickt-auf-erlebnisreiche-saison-zurueck\/#breadcrumb\"},\"inLanguage\":\"de\",\"potentialAction\":[{\"@type\":\"ReadAction\",\"target\":[\"https:\/\/www.fanprojekt-muenster.de\/wordpress\/fanprojekt-blickt-auf-erlebnisreiche-saison-zurueck\/\"]}]},{\"@type\":\"ImageObject\",\"inLanguage\":\"de\",\"@id\":\"https:\/\/www.fanprojekt-muenster.de\/wordpress\/fanprojekt-blickt-auf-erlebnisreiche-saison-zurueck\/#primaryimage\",\"url\":\"\",\"contentUrl\":\"\"},{\"@type\":\"BreadcrumbList\",\"@id\":\"https:\/\/www.fanprojekt-muenster.de\/wordpress\/fanprojekt-blickt-auf-erlebnisreiche-saison-zurueck\/#breadcrumb\",\"itemListElement\":[{\"@type\":\"ListItem\",\"position\":1,\"name\":\"Startseite\",\"item\":\"https:\/\/www.fanprojekt-muenster.de\/wordpress\/\"},{\"@type\":\"ListItem\",\"position\":2,\"name\":\"Fanprojekt blickt auf erlebnisreiche Saison zur\u00fcck\"}]},{\"@type\":\"WebSite\",\"@id\":\"https:\/\/www.fanprojekt-muenster.de\/wordpress\/#website\",\"url\":\"https:\/\/www.fanprojekt-muenster.de\/wordpress\/\",\"name\":\"Fangemeinschaft Preu\u00dfen M\u00fcnster e. V.\",\"description\":\"\",\"publisher\":{\"@id\":\"https:\/\/www.fanprojekt-muenster.de\/wordpress\/#organization\"},\"potentialAction\":[{\"@type\":\"SearchAction\",\"target\":{\"@type\":\"EntryPoint\",\"urlTemplate\":\"https:\/\/www.fanprojekt-muenster.de\/wordpress\/?s={search_term_string}\"},\"query-input\":{\"@type\":\"PropertyValueSpecification\",\"valueRequired\":true,\"valueName\":\"search_term_string\"}}],\"inLanguage\":\"de\"},{\"@type\":\"Organization\",\"@id\":\"https:\/\/www.fanprojekt-muenster.de\/wordpress\/#organization\",\"name\":\"Fangemeinschaft Preu\u00dfen M\u00fcnster e. V.\",\"url\":\"https:\/\/www.fanprojekt-muenster.de\/wordpress\/\",\"logo\":{\"@type\":\"ImageObject\",\"inLanguage\":\"de\",\"@id\":\"https:\/\/www.fanprojekt-muenster.de\/wordpress\/#\/schema\/logo\/image\/\",\"url\":\"https:\/\/www.fanprojekt-muenster.de\/wordpress\/wp-content\/uploads\/2019\/07\/cropped-Website_Logo3-9.png\",\"contentUrl\":\"https:\/\/www.fanprojekt-muenster.de\/wordpress\/wp-content\/uploads\/2019\/07\/cropped-Website_Logo3-9.png\",\"width\":224,\"height\":42,\"caption\":\"Fangemeinschaft Preu\u00dfen M\u00fcnster e. V.\"},\"image\":{\"@id\":\"https:\/\/www.fanprojekt-muenster.de\/wordpress\/#\/schema\/logo\/image\/\"}},{\"@type\":\"Person\",\"@id\":\"https:\/\/www.fanprojekt-muenster.de\/wordpress\/#\/schema\/person\/907994394342a6ba0f1be4c546ed7d09\",\"name\":\"508\",\"url\":\"https:\/\/www.fanprojekt-muenster.de\/wordpress\/author\/508\/\"}]}<\/script>\n<!-- \/ Yoast SEO plugin. -->","yoast_head_json":{"title":"Fanprojekt blickt auf erlebnisreiche Saison zur\u00fcck - Fangemeinschaft Preu\u00dfen M\u00fcnster e. V.","robots":{"index":"index","follow":"follow","max-snippet":"max-snippet:-1","max-image-preview":"max-image-preview:large","max-video-preview":"max-video-preview:-1"},"canonical":"https:\/\/www.fanprojekt-muenster.de\/wordpress\/fanprojekt-blickt-auf-erlebnisreiche-saison-zurueck\/","og_locale":"de_DE","og_type":"article","og_title":"Fanprojekt blickt auf erlebnisreiche Saison zur\u00fcck - Fangemeinschaft Preu\u00dfen M\u00fcnster e. V.","og_description":"Hallo Preu\u00dfen-Fans, am Mittwoch, 19.08.2015 lud das Fanprojekt Preu\u00dfen M\u00fcnster e.V. zu seiner Jahreshauptversammlung in die Trib\u00fcne ein. Der Vorstand des Fandachverbandes konnte \u00fcber 40 der insgesamt 635 Mitglieder begr\u00fc\u00dfen... Read more &raquo;","og_url":"https:\/\/www.fanprojekt-muenster.de\/wordpress\/fanprojekt-blickt-auf-erlebnisreiche-saison-zurueck\/","og_site_name":"Fangemeinschaft Preu\u00dfen M\u00fcnster e. V.","article_published_time":"2015-08-19T21:47:38+00:00","author":"508","twitter_card":"summary_large_image","twitter_misc":{"Verfasst von":"508","Gesch\u00e4tzte Lesezeit":"2\u00a0Minuten"},"schema":{"@context":"https:\/\/schema.org","@graph":[{"@type":"Article","@id":"https:\/\/www.fanprojekt-muenster.de\/wordpress\/fanprojekt-blickt-auf-erlebnisreiche-saison-zurueck\/#article","isPartOf":{"@id":"https:\/\/www.fanprojekt-muenster.de\/wordpress\/fanprojekt-blickt-auf-erlebnisreiche-saison-zurueck\/"},"author":{"name":"508","@id":"https:\/\/www.fanprojekt-muenster.de\/wordpress\/#\/schema\/person\/907994394342a6ba0f1be4c546ed7d09"},"headline":"Fanprojekt blickt auf erlebnisreiche Saison zur\u00fcck","datePublished":"2015-08-19T21:47:38+00:00","mainEntityOfPage":{"@id":"https:\/\/www.fanprojekt-muenster.de\/wordpress\/fanprojekt-blickt-auf-erlebnisreiche-saison-zurueck\/"},"wordCount":355,"publisher":{"@id":"https:\/\/www.fanprojekt-muenster.de\/wordpress\/#organization"},"image":{"@id":"https:\/\/www.fanprojekt-muenster.de\/wordpress\/fanprojekt-blickt-auf-erlebnisreiche-saison-zurueck\/#primaryimage"},"thumbnailUrl":"","articleSection":["Aktuelles"],"inLanguage":"de"},{"@type":"WebPage","@id":"https:\/\/www.fanprojekt-muenster.de\/wordpress\/fanprojekt-blickt-auf-erlebnisreiche-saison-zurueck\/","url":"https:\/\/www.fanprojekt-muenster.de\/wordpress\/fanprojekt-blickt-auf-erlebnisreiche-saison-zurueck\/","name":"Fanprojekt blickt auf erlebnisreiche Saison zur\u00fcck - Fangemeinschaft Preu\u00dfen M\u00fcnster e. V.","isPartOf":{"@id":"https:\/\/www.fanprojekt-muenster.de\/wordpress\/#website"},"primaryImageOfPage":{"@id":"https:\/\/www.fanprojekt-muenster.de\/wordpress\/fanprojekt-blickt-auf-erlebnisreiche-saison-zurueck\/#primaryimage"},"image":{"@id":"https:\/\/www.fanprojekt-muenster.de\/wordpress\/fanprojekt-blickt-auf-erlebnisreiche-saison-zurueck\/#primaryimage"},"thumbnailUrl":"","datePublished":"2015-08-19T21:47:38+00:00","breadcrumb":{"@id":"https:\/\/www.fanprojekt-muenster.de\/wordpress\/fanprojekt-blickt-auf-erlebnisreiche-saison-zurueck\/#breadcrumb"},"inLanguage":"de","potentialAction":[{"@type":"ReadAction","target":["https:\/\/www.fanprojekt-muenster.de\/wordpress\/fanprojekt-blickt-auf-erlebnisreiche-saison-zurueck\/"]}]},{"@type":"ImageObject","inLanguage":"de","@id":"https:\/\/www.fanprojekt-muenster.de\/wordpress\/fanprojekt-blickt-auf-erlebnisreiche-saison-zurueck\/#primaryimage","url":"","contentUrl":""},{"@type":"BreadcrumbList","@id":"https:\/\/www.fanprojekt-muenster.de\/wordpress\/fanprojekt-blickt-auf-erlebnisreiche-saison-zurueck\/#breadcrumb","itemListElement":[{"@type":"ListItem","position":1,"name":"Startseite","item":"https:\/\/www.fanprojekt-muenster.de\/wordpress\/"},{"@type":"ListItem","position":2,"name":"Fanprojekt blickt auf erlebnisreiche Saison zur\u00fcck"}]},{"@type":"WebSite","@id":"https:\/\/www.fanprojekt-muenster.de\/wordpress\/#website","url":"https:\/\/www.fanprojekt-muenster.de\/wordpress\/","name":"Fangemeinschaft Preu\u00dfen M\u00fcnster e. V.","description":"","publisher":{"@id":"https:\/\/www.fanprojekt-muenster.de\/wordpress\/#organization"},"potentialAction":[{"@type":"SearchAction","target":{"@type":"EntryPoint","urlTemplate":"https:\/\/www.fanprojekt-muenster.de\/wordpress\/?s={search_term_string}"},"query-input":{"@type":"PropertyValueSpecification","valueRequired":true,"valueName":"search_term_string"}}],"inLanguage":"de"},{"@type":"Organization","@id":"https:\/\/www.fanprojekt-muenster.de\/wordpress\/#organization","name":"Fangemeinschaft Preu\u00dfen M\u00fcnster e. V.","url":"https:\/\/www.fanprojekt-muenster.de\/wordpress\/","logo":{"@type":"ImageObject","inLanguage":"de","@id":"https:\/\/www.fanprojekt-muenster.de\/wordpress\/#\/schema\/logo\/image\/","url":"https:\/\/www.fanprojekt-muenster.de\/wordpress\/wp-content\/uploads\/2019\/07\/cropped-Website_Logo3-9.png","contentUrl":"https:\/\/www.fanprojekt-muenster.de\/wordpress\/wp-content\/uploads\/2019\/07\/cropped-Website_Logo3-9.png","width":224,"height":42,"caption":"Fangemeinschaft Preu\u00dfen M\u00fcnster e. V."},"image":{"@id":"https:\/\/www.fanprojekt-muenster.de\/wordpress\/#\/schema\/logo\/image\/"}},{"@type":"Person","@id":"https:\/\/www.fanprojekt-muenster.de\/wordpress\/#\/schema\/person\/907994394342a6ba0f1be4c546ed7d09","name":"508","url":"https:\/\/www.fanprojekt-muenster.de\/wordpress\/author\/508\/"}]}},"author_meta":{"display_name":"508","author_link":"https:\/\/www.fanprojekt-muenster.de\/wordpress\/author\/508\/"},"featured_img":null,"coauthors":[],"tax_additional":{"categories":{"linked":["<a href=\"https:\/\/www.fanprojekt-muenster.de\/wordpress\/category\/aktuelles\/\" class=\"advgb-post-tax-term\">Aktuelles<\/a>","<a href=\"https:\/\/www.fanprojekt-muenster.de\/wordpress\/category\/allgemein\/\" class=\"advgb-post-tax-term\">Allgemein<\/a>"],"unlinked":["<span class=\"advgb-post-tax-term\">Aktuelles<\/span>","<span class=\"advgb-post-tax-term\">Allgemein<\/span>"]}},"comment_count":"0","relative_dates":{"created":"Posted 11\u00a0Jahren ago","modified":"Updated 11\u00a0Jahren ago"},"absolute_dates":{"created":"Posted on 19. August 2015","modified":"Updated on 19. August 2015"},"absolute_dates_time":{"created":"Posted on 19. August 2015 23:47","modified":"Updated on 19. August 2015 23:47"},"featured_img_caption":"","series_order":"","_links":{"self":[{"href":"https:\/\/www.fanprojekt-muenster.de\/wordpress\/wp-json\/wp\/v2\/posts\/4926","targetHints":{"allow":["GET"]}}],"collection":[{"href":"https:\/\/www.fanprojekt-muenster.de\/wordpress\/wp-json\/wp\/v2\/posts"}],"about":[{"href":"https:\/\/www.fanprojekt-muenster.de\/wordpress\/wp-json\/wp\/v2\/types\/post"}],"author":[{"embeddable":true,"href":"https:\/\/www.fanprojekt-muenster.de\/wordpress\/wp-json\/wp\/v2\/users\/6"}],"replies":[{"embeddable":true,"href":"https:\/\/www.fanprojekt-muenster.de\/wordpress\/wp-json\/wp\/v2\/comments?post=4926"}],"version-history":[{"count":0,"href":"https:\/\/www.fanprojekt-muenster.de\/wordpress\/wp-json\/wp\/v2\/posts\/4926\/revisions"}],"wp:featuredmedia":[{"embeddable":true,"href":"https:\/\/www.fanprojekt-muenster.de\/wordpress\/wp-json\/"}],"wp:attachment":[{"href":"https:\/\/www.fanprojekt-muenster.de\/wordpress\/wp-json\/wp\/v2\/media?parent=4926"}],"wp:term":[{"taxonomy":"category","embeddable":true,"href":"https:\/\/www.fanprojekt-muenster.de\/wordpress\/wp-json\/wp\/v2\/categories?post=4926"},{"taxonomy":"post_tag","embeddable":true,"href":"https:\/\/www.fanprojekt-muenster.de\/wordpress\/wp-json\/wp\/v2\/tags?post=4926"}],"curies":[{"name":"wp","href":"https:\/\/api.w.org\/{rel}","templated":true}]}}