{"id":4907,"date":"2015-08-11T22:20:28","date_gmt":"2015-08-11T20:20:28","guid":{"rendered":"http:\/\/www.fanprojekt-muenster.de\/wp\/?p=4907"},"modified":"2015-08-11T22:20:28","modified_gmt":"2015-08-11T20:20:28","slug":"einladung-zur-jahreshauptversammlung","status":"publish","type":"post","link":"https:\/\/www.fanprojekt-muenster.de\/wordpress\/einladung-zur-jahreshauptversammlung\/","title":{"rendered":"Einladung zur Jahreshauptversammlung"},"content":{"rendered":"<p>Am Mittwoch, 19.08.2015, um 19:06 Uhr l\u00e4dt das Fanprojekt Preu\u00dfen M\u00fcnster e.V. seine Mitglieder zur Jahreshauptversammlung 2015\/16 in den Presseraum der Haupttrib\u00fcne des Preu\u00dfenstadions ein.<\/p>\n<p>Diese Einladung wird aufgrund der letzten Satzungs\u00e4nderung in \u00a77 bekanntgegeben, indem Einladungen per Email an die Mitglieder versendet und auf der Webseite ver\u00f6ffentlicht werden. Falls du als Mitglied keine Email erhalten hast, kannst du uns diese im <a href=\"http:\/\/www.fanprojekt-muenster.de\/wp\/kontakt\/formulare\/mitgliedsdaten-aktualisieren\/\">Mitglieds-\u00c4nderungsformular<\/a> mitteilen.<\/p>\n<p>Folgende Tagesordnungspunkte stehen an dem Abend auf dem Programm:<br \/>\nTOP 1 Jahresbericht des Vorstandes<br \/>\nTOP 2 Kassenbericht<br \/>\nTOP 3 Kassenpr\u00fcferbericht<br \/>\nTOP 4 Entlastung des Vorstandes<br \/>\nTOP 5 Satzungs\u00e4nderungen<br \/>\nTOP 6 Verschiedenes<\/p>\n<p>Die Mitgliederversammlung ist unabh\u00e4ngig von der Anzahl anwesender Mitglieder beschlussf\u00e4hig.<\/p>\n<p>Die vorgeschlagenen Satzungs\u00e4nderungen k\u00f6nnen detailliert hier eingesehen werden: <a attid=\"4909\"  href=\"http:\/\/www.fanprojekt-muenster.de\/wp\/wp-content\/uploads\/2015\/08\/Satzungsaenderungen.pdf\">Vorschlag f\u00fcr Satzungs\u00e4nderungen<\/a><br \/>\n&#8211; <a href=\"http:\/\/www.fanprojekt-muenster.de\/wp\/uber-uns\/satzung\/\" target=\"_blank\" rel=\"noopener noreferrer\">Aktuelle Fassung der Satzung<\/a><br \/>\n&#8211; <a attid=\"4838\"  href=\"http:\/\/www.fanprojekt-muenster.de\/wp\/wp-content\/uploads\/2015\/08\/Satzungsvorschlag_20150819.pdf\">Vorgeschlagene neue Fassung der Satzung<\/a><\/p>\n<p>Wir freuen uns auf Euer Erscheinen!<br \/>\nEuer Fanprojekt<\/p>\n","protected":false},"excerpt":{"rendered":"<p>Am Mittwoch, 19.08.2015, um 19:06 Uhr l\u00e4dt das Fanprojekt Preu\u00dfen M\u00fcnster e.V. seine Mitglieder zur Jahreshauptversammlung 2015\/16 in den Presseraum der Haupttrib\u00fcne des Preu\u00dfenstadions ein. Diese Einladung wird aufgrund der&#8230; <a class=\"read-more-link\" href=\"https:\/\/www.fanprojekt-muenster.de\/wordpress\/einladung-zur-jahreshauptversammlung\/\">Read more &raquo;<\/a><\/p>\n","protected":false},"author":6,"featured_media":4910,"comment_status":"closed","ping_status":"closed","sticky":false,"template":"","format":"standard","meta":{"advgb_blocks_editor_width":"","advgb_blocks_columns_visual_guide":"","footnotes":""},"categories":[3,1,16],"tags":[],"class_list":["post-4907","post","type-post","status-publish","format-standard","has-post-thumbnail","hentry","category-aktuelles","category-allgemein","category-veranstaltungen"],"featured_image_src":null,"author_info":{"display_name":"508","author_link":"https:\/\/www.fanprojekt-muenster.de\/wordpress\/author\/508\/"},"yoast_head":"<!-- This site is optimized with the Yoast SEO plugin v27.2 - https:\/\/yoast.com\/product\/yoast-seo-wordpress\/ -->\n<title>Einladung zur Jahreshauptversammlung - Fangemeinschaft Preu\u00dfen M\u00fcnster e. V.<\/title>\n<meta name=\"robots\" content=\"index, follow, max-snippet:-1, max-image-preview:large, max-video-preview:-1\" \/>\n<link rel=\"canonical\" href=\"https:\/\/www.fanprojekt-muenster.de\/wordpress\/einladung-zur-jahreshauptversammlung\/\" \/>\n<meta property=\"og:locale\" content=\"de_DE\" \/>\n<meta property=\"og:type\" content=\"article\" \/>\n<meta property=\"og:title\" content=\"Einladung zur Jahreshauptversammlung - Fangemeinschaft Preu\u00dfen M\u00fcnster e. V.\" \/>\n<meta property=\"og:description\" content=\"Am Mittwoch, 19.08.2015, um 19:06 Uhr l\u00e4dt das Fanprojekt Preu\u00dfen M\u00fcnster e.V. seine Mitglieder zur Jahreshauptversammlung 2015\/16 in den Presseraum der Haupttrib\u00fcne des Preu\u00dfenstadions ein. Diese Einladung wird aufgrund der... Read more &raquo;\" \/>\n<meta property=\"og:url\" content=\"https:\/\/www.fanprojekt-muenster.de\/wordpress\/einladung-zur-jahreshauptversammlung\/\" \/>\n<meta property=\"og:site_name\" content=\"Fangemeinschaft Preu\u00dfen M\u00fcnster e. V.\" \/>\n<meta property=\"article:published_time\" content=\"2015-08-11T20:20:28+00:00\" \/>\n<meta name=\"author\" content=\"508\" \/>\n<meta name=\"twitter:card\" content=\"summary_large_image\" \/>\n<meta name=\"twitter:label1\" content=\"Verfasst von\" \/>\n\t<meta name=\"twitter:data1\" content=\"508\" \/>\n\t<meta name=\"twitter:label2\" content=\"Gesch\u00e4tzte Lesezeit\" \/>\n\t<meta name=\"twitter:data2\" content=\"1\u00a0Minute\" \/>\n<script type=\"application\/ld+json\" class=\"yoast-schema-graph\">{\"@context\":\"https:\/\/schema.org\",\"@graph\":[{\"@type\":\"Article\",\"@id\":\"https:\/\/www.fanprojekt-muenster.de\/wordpress\/einladung-zur-jahreshauptversammlung\/#article\",\"isPartOf\":{\"@id\":\"https:\/\/www.fanprojekt-muenster.de\/wordpress\/einladung-zur-jahreshauptversammlung\/\"},\"author\":{\"name\":\"508\",\"@id\":\"https:\/\/www.fanprojekt-muenster.de\/wordpress\/#\/schema\/person\/907994394342a6ba0f1be4c546ed7d09\"},\"headline\":\"Einladung zur Jahreshauptversammlung\",\"datePublished\":\"2015-08-11T20:20:28+00:00\",\"mainEntityOfPage\":{\"@id\":\"https:\/\/www.fanprojekt-muenster.de\/wordpress\/einladung-zur-jahreshauptversammlung\/\"},\"wordCount\":145,\"publisher\":{\"@id\":\"https:\/\/www.fanprojekt-muenster.de\/wordpress\/#organization\"},\"image\":{\"@id\":\"https:\/\/www.fanprojekt-muenster.de\/wordpress\/einladung-zur-jahreshauptversammlung\/#primaryimage\"},\"thumbnailUrl\":\"\",\"articleSection\":{\"0\":\"Aktuelles\",\"2\":\"Veranstaltungen\"},\"inLanguage\":\"de\"},{\"@type\":\"WebPage\",\"@id\":\"https:\/\/www.fanprojekt-muenster.de\/wordpress\/einladung-zur-jahreshauptversammlung\/\",\"url\":\"https:\/\/www.fanprojekt-muenster.de\/wordpress\/einladung-zur-jahreshauptversammlung\/\",\"name\":\"Einladung zur Jahreshauptversammlung - Fangemeinschaft Preu\u00dfen M\u00fcnster e. V.\",\"isPartOf\":{\"@id\":\"https:\/\/www.fanprojekt-muenster.de\/wordpress\/#website\"},\"primaryImageOfPage\":{\"@id\":\"https:\/\/www.fanprojekt-muenster.de\/wordpress\/einladung-zur-jahreshauptversammlung\/#primaryimage\"},\"image\":{\"@id\":\"https:\/\/www.fanprojekt-muenster.de\/wordpress\/einladung-zur-jahreshauptversammlung\/#primaryimage\"},\"thumbnailUrl\":\"\",\"datePublished\":\"2015-08-11T20:20:28+00:00\",\"breadcrumb\":{\"@id\":\"https:\/\/www.fanprojekt-muenster.de\/wordpress\/einladung-zur-jahreshauptversammlung\/#breadcrumb\"},\"inLanguage\":\"de\",\"potentialAction\":[{\"@type\":\"ReadAction\",\"target\":[\"https:\/\/www.fanprojekt-muenster.de\/wordpress\/einladung-zur-jahreshauptversammlung\/\"]}]},{\"@type\":\"ImageObject\",\"inLanguage\":\"de\",\"@id\":\"https:\/\/www.fanprojekt-muenster.de\/wordpress\/einladung-zur-jahreshauptversammlung\/#primaryimage\",\"url\":\"\",\"contentUrl\":\"\"},{\"@type\":\"BreadcrumbList\",\"@id\":\"https:\/\/www.fanprojekt-muenster.de\/wordpress\/einladung-zur-jahreshauptversammlung\/#breadcrumb\",\"itemListElement\":[{\"@type\":\"ListItem\",\"position\":1,\"name\":\"Startseite\",\"item\":\"https:\/\/www.fanprojekt-muenster.de\/wordpress\/\"},{\"@type\":\"ListItem\",\"position\":2,\"name\":\"Einladung zur Jahreshauptversammlung\"}]},{\"@type\":\"WebSite\",\"@id\":\"https:\/\/www.fanprojekt-muenster.de\/wordpress\/#website\",\"url\":\"https:\/\/www.fanprojekt-muenster.de\/wordpress\/\",\"name\":\"Fangemeinschaft Preu\u00dfen M\u00fcnster e. V.\",\"description\":\"\",\"publisher\":{\"@id\":\"https:\/\/www.fanprojekt-muenster.de\/wordpress\/#organization\"},\"potentialAction\":[{\"@type\":\"SearchAction\",\"target\":{\"@type\":\"EntryPoint\",\"urlTemplate\":\"https:\/\/www.fanprojekt-muenster.de\/wordpress\/?s={search_term_string}\"},\"query-input\":{\"@type\":\"PropertyValueSpecification\",\"valueRequired\":true,\"valueName\":\"search_term_string\"}}],\"inLanguage\":\"de\"},{\"@type\":\"Organization\",\"@id\":\"https:\/\/www.fanprojekt-muenster.de\/wordpress\/#organization\",\"name\":\"Fangemeinschaft Preu\u00dfen M\u00fcnster e. V.\",\"url\":\"https:\/\/www.fanprojekt-muenster.de\/wordpress\/\",\"logo\":{\"@type\":\"ImageObject\",\"inLanguage\":\"de\",\"@id\":\"https:\/\/www.fanprojekt-muenster.de\/wordpress\/#\/schema\/logo\/image\/\",\"url\":\"https:\/\/www.fanprojekt-muenster.de\/wordpress\/wp-content\/uploads\/2019\/07\/cropped-Website_Logo3-9.png\",\"contentUrl\":\"https:\/\/www.fanprojekt-muenster.de\/wordpress\/wp-content\/uploads\/2019\/07\/cropped-Website_Logo3-9.png\",\"width\":224,\"height\":42,\"caption\":\"Fangemeinschaft Preu\u00dfen M\u00fcnster e. V.\"},\"image\":{\"@id\":\"https:\/\/www.fanprojekt-muenster.de\/wordpress\/#\/schema\/logo\/image\/\"}},{\"@type\":\"Person\",\"@id\":\"https:\/\/www.fanprojekt-muenster.de\/wordpress\/#\/schema\/person\/907994394342a6ba0f1be4c546ed7d09\",\"name\":\"508\",\"url\":\"https:\/\/www.fanprojekt-muenster.de\/wordpress\/author\/508\/\"}]}<\/script>\n<!-- \/ Yoast SEO plugin. -->","yoast_head_json":{"title":"Einladung zur Jahreshauptversammlung - Fangemeinschaft Preu\u00dfen M\u00fcnster e. V.","robots":{"index":"index","follow":"follow","max-snippet":"max-snippet:-1","max-image-preview":"max-image-preview:large","max-video-preview":"max-video-preview:-1"},"canonical":"https:\/\/www.fanprojekt-muenster.de\/wordpress\/einladung-zur-jahreshauptversammlung\/","og_locale":"de_DE","og_type":"article","og_title":"Einladung zur Jahreshauptversammlung - Fangemeinschaft Preu\u00dfen M\u00fcnster e. V.","og_description":"Am Mittwoch, 19.08.2015, um 19:06 Uhr l\u00e4dt das Fanprojekt Preu\u00dfen M\u00fcnster e.V. seine Mitglieder zur Jahreshauptversammlung 2015\/16 in den Presseraum der Haupttrib\u00fcne des Preu\u00dfenstadions ein. Diese Einladung wird aufgrund der... Read more &raquo;","og_url":"https:\/\/www.fanprojekt-muenster.de\/wordpress\/einladung-zur-jahreshauptversammlung\/","og_site_name":"Fangemeinschaft Preu\u00dfen M\u00fcnster e. V.","article_published_time":"2015-08-11T20:20:28+00:00","author":"508","twitter_card":"summary_large_image","twitter_misc":{"Verfasst von":"508","Gesch\u00e4tzte Lesezeit":"1\u00a0Minute"},"schema":{"@context":"https:\/\/schema.org","@graph":[{"@type":"Article","@id":"https:\/\/www.fanprojekt-muenster.de\/wordpress\/einladung-zur-jahreshauptversammlung\/#article","isPartOf":{"@id":"https:\/\/www.fanprojekt-muenster.de\/wordpress\/einladung-zur-jahreshauptversammlung\/"},"author":{"name":"508","@id":"https:\/\/www.fanprojekt-muenster.de\/wordpress\/#\/schema\/person\/907994394342a6ba0f1be4c546ed7d09"},"headline":"Einladung zur Jahreshauptversammlung","datePublished":"2015-08-11T20:20:28+00:00","mainEntityOfPage":{"@id":"https:\/\/www.fanprojekt-muenster.de\/wordpress\/einladung-zur-jahreshauptversammlung\/"},"wordCount":145,"publisher":{"@id":"https:\/\/www.fanprojekt-muenster.de\/wordpress\/#organization"},"image":{"@id":"https:\/\/www.fanprojekt-muenster.de\/wordpress\/einladung-zur-jahreshauptversammlung\/#primaryimage"},"thumbnailUrl":"","articleSection":{"0":"Aktuelles","2":"Veranstaltungen"},"inLanguage":"de"},{"@type":"WebPage","@id":"https:\/\/www.fanprojekt-muenster.de\/wordpress\/einladung-zur-jahreshauptversammlung\/","url":"https:\/\/www.fanprojekt-muenster.de\/wordpress\/einladung-zur-jahreshauptversammlung\/","name":"Einladung zur Jahreshauptversammlung - Fangemeinschaft Preu\u00dfen M\u00fcnster e. V.","isPartOf":{"@id":"https:\/\/www.fanprojekt-muenster.de\/wordpress\/#website"},"primaryImageOfPage":{"@id":"https:\/\/www.fanprojekt-muenster.de\/wordpress\/einladung-zur-jahreshauptversammlung\/#primaryimage"},"image":{"@id":"https:\/\/www.fanprojekt-muenster.de\/wordpress\/einladung-zur-jahreshauptversammlung\/#primaryimage"},"thumbnailUrl":"","datePublished":"2015-08-11T20:20:28+00:00","breadcrumb":{"@id":"https:\/\/www.fanprojekt-muenster.de\/wordpress\/einladung-zur-jahreshauptversammlung\/#breadcrumb"},"inLanguage":"de","potentialAction":[{"@type":"ReadAction","target":["https:\/\/www.fanprojekt-muenster.de\/wordpress\/einladung-zur-jahreshauptversammlung\/"]}]},{"@type":"ImageObject","inLanguage":"de","@id":"https:\/\/www.fanprojekt-muenster.de\/wordpress\/einladung-zur-jahreshauptversammlung\/#primaryimage","url":"","contentUrl":""},{"@type":"BreadcrumbList","@id":"https:\/\/www.fanprojekt-muenster.de\/wordpress\/einladung-zur-jahreshauptversammlung\/#breadcrumb","itemListElement":[{"@type":"ListItem","position":1,"name":"Startseite","item":"https:\/\/www.fanprojekt-muenster.de\/wordpress\/"},{"@type":"ListItem","position":2,"name":"Einladung zur Jahreshauptversammlung"}]},{"@type":"WebSite","@id":"https:\/\/www.fanprojekt-muenster.de\/wordpress\/#website","url":"https:\/\/www.fanprojekt-muenster.de\/wordpress\/","name":"Fangemeinschaft Preu\u00dfen M\u00fcnster e. V.","description":"","publisher":{"@id":"https:\/\/www.fanprojekt-muenster.de\/wordpress\/#organization"},"potentialAction":[{"@type":"SearchAction","target":{"@type":"EntryPoint","urlTemplate":"https:\/\/www.fanprojekt-muenster.de\/wordpress\/?s={search_term_string}"},"query-input":{"@type":"PropertyValueSpecification","valueRequired":true,"valueName":"search_term_string"}}],"inLanguage":"de"},{"@type":"Organization","@id":"https:\/\/www.fanprojekt-muenster.de\/wordpress\/#organization","name":"Fangemeinschaft Preu\u00dfen M\u00fcnster e. V.","url":"https:\/\/www.fanprojekt-muenster.de\/wordpress\/","logo":{"@type":"ImageObject","inLanguage":"de","@id":"https:\/\/www.fanprojekt-muenster.de\/wordpress\/#\/schema\/logo\/image\/","url":"https:\/\/www.fanprojekt-muenster.de\/wordpress\/wp-content\/uploads\/2019\/07\/cropped-Website_Logo3-9.png","contentUrl":"https:\/\/www.fanprojekt-muenster.de\/wordpress\/wp-content\/uploads\/2019\/07\/cropped-Website_Logo3-9.png","width":224,"height":42,"caption":"Fangemeinschaft Preu\u00dfen M\u00fcnster e. V."},"image":{"@id":"https:\/\/www.fanprojekt-muenster.de\/wordpress\/#\/schema\/logo\/image\/"}},{"@type":"Person","@id":"https:\/\/www.fanprojekt-muenster.de\/wordpress\/#\/schema\/person\/907994394342a6ba0f1be4c546ed7d09","name":"508","url":"https:\/\/www.fanprojekt-muenster.de\/wordpress\/author\/508\/"}]}},"author_meta":{"display_name":"508","author_link":"https:\/\/www.fanprojekt-muenster.de\/wordpress\/author\/508\/"},"featured_img":null,"coauthors":[],"tax_additional":{"categories":{"linked":["<a href=\"https:\/\/www.fanprojekt-muenster.de\/wordpress\/category\/aktuelles\/\" class=\"advgb-post-tax-term\">Aktuelles<\/a>","<a href=\"https:\/\/www.fanprojekt-muenster.de\/wordpress\/category\/allgemein\/\" class=\"advgb-post-tax-term\">Allgemein<\/a>","<a href=\"https:\/\/www.fanprojekt-muenster.de\/wordpress\/category\/veranstaltungen\/\" class=\"advgb-post-tax-term\">Veranstaltungen<\/a>"],"unlinked":["<span class=\"advgb-post-tax-term\">Aktuelles<\/span>","<span class=\"advgb-post-tax-term\">Allgemein<\/span>","<span class=\"advgb-post-tax-term\">Veranstaltungen<\/span>"]}},"comment_count":"0","relative_dates":{"created":"Posted 11\u00a0Jahren ago","modified":"Updated 11\u00a0Jahren ago"},"absolute_dates":{"created":"Posted on 11. August 2015","modified":"Updated on 11. August 2015"},"absolute_dates_time":{"created":"Posted on 11. August 2015 22:20","modified":"Updated on 11. August 2015 22:20"},"featured_img_caption":"","series_order":"","_links":{"self":[{"href":"https:\/\/www.fanprojekt-muenster.de\/wordpress\/wp-json\/wp\/v2\/posts\/4907","targetHints":{"allow":["GET"]}}],"collection":[{"href":"https:\/\/www.fanprojekt-muenster.de\/wordpress\/wp-json\/wp\/v2\/posts"}],"about":[{"href":"https:\/\/www.fanprojekt-muenster.de\/wordpress\/wp-json\/wp\/v2\/types\/post"}],"author":[{"embeddable":true,"href":"https:\/\/www.fanprojekt-muenster.de\/wordpress\/wp-json\/wp\/v2\/users\/6"}],"replies":[{"embeddable":true,"href":"https:\/\/www.fanprojekt-muenster.de\/wordpress\/wp-json\/wp\/v2\/comments?post=4907"}],"version-history":[{"count":0,"href":"https:\/\/www.fanprojekt-muenster.de\/wordpress\/wp-json\/wp\/v2\/posts\/4907\/revisions"}],"wp:featuredmedia":[{"embeddable":true,"href":"https:\/\/www.fanprojekt-muenster.de\/wordpress\/wp-json\/"}],"wp:attachment":[{"href":"https:\/\/www.fanprojekt-muenster.de\/wordpress\/wp-json\/wp\/v2\/media?parent=4907"}],"wp:term":[{"taxonomy":"category","embeddable":true,"href":"https:\/\/www.fanprojekt-muenster.de\/wordpress\/wp-json\/wp\/v2\/categories?post=4907"},{"taxonomy":"post_tag","embeddable":true,"href":"https:\/\/www.fanprojekt-muenster.de\/wordpress\/wp-json\/wp\/v2\/tags?post=4907"}],"curies":[{"name":"wp","href":"https:\/\/api.w.org\/{rel}","templated":true}]}}