{"id":4809,"date":"2015-07-27T18:36:23","date_gmt":"2015-07-27T16:36:23","guid":{"rendered":"http:\/\/www.fanprojekt-muenster.de\/wp\/?p=4809"},"modified":"2015-07-27T18:36:23","modified_gmt":"2015-07-27T16:36:23","slug":"flemmen-im-fanprojekt-neue-termine","status":"publish","type":"post","link":"https:\/\/www.fanprojekt-muenster.de\/wordpress\/flemmen-im-fanprojekt-neue-termine\/","title":{"rendered":"Flemmen im Fanprojekt &#8211; Neue Termine"},"content":{"rendered":"<p style=\"text-align: justify;\">Nachdem unser Fu\u00dfballangebot &#8222;Flemmen im Fanprojekt&#8220; von unserem Fanprojekt Trainer Frank eingeleitet wurde, wollen\u00a0wir auch in dieser Saison versuchen uns hin und wieder gemeinsam sportlich zu bewegen. Daher haben wir im September, Oktober und November jeweils am 3.Montag (21.09., 19.10., und 16.11.) einen Court in der <a href=\"http:\/\/www.roccos-soccerarena.de\/\" target=\"_blank\" rel=\"noopener noreferrer\">Soccerhalle von Rocco<\/a> f\u00fcr 90 Minuten gebucht. Beginn ist jeweils p\u00fcnktlich um 19:00 Uhr (ok 19:06 Uhr). Treffen ab 18:45 Uhr an der Halle.<\/p>\n<p style=\"text-align: justify;\">Wir w\u00fcrden uns freuen wenn viele Fanprojekt-Mitglieder das Angebot wahrnehmen w\u00fcrden und mitkicken. Eingeladen sind nat\u00fcrlich auch interessierte, zuk\u00fcnftige Fanprojekt-Mitglieder.<\/p>\n<p style=\"text-align: justify;\"><strong>Die n\u00e4chsten Termine:<\/strong><\/p>\n<ul style=\"text-align: justify;\">\n<li><strong>21.09.2015<\/strong> &#8211; 18:45 Uhr Treffen &#8211; 19:06 Uhr Start<\/li>\n<li><strong>19.10.2015<\/strong> &#8211; 18:45 Uhr Treffen &#8211; 19:06 Uhr Start<\/li>\n<li><strong>16.11.2015<\/strong> &#8211; 18:45 Uhr Treffen &#8211; 19:06 Uhr Start<\/li>\n<\/ul>\n<p><span style=\"color: #ffffff;\">.<\/span><\/p>\n<p>Informationen zur Anfahrt findet Ihr hier:\u00a0<a href=\"http:\/\/www.roccos-soccerarena.de\/33\/anfahrt.de.html\" target=\"_blank\" rel=\"noopener noreferrer\">http:\/\/www.roccos-soccerarena.de\/33\/anfahrt.de.html<\/a><\/p>\n<p style=\"text-align: justify;\">F\u00fcr R\u00fcckfragen, Anmeldungen etc. steht Euch Frank\u00a0unter der Emailadresse <a href=\"mailto:flemmen@fanprojekt-muenster.de\">flemmen@fanprojekt-muenster.de<\/a> zur Verf\u00fcgung.<\/p>\n","protected":false},"excerpt":{"rendered":"<p>Nachdem unser Fu\u00dfballangebot &#8222;Flemmen im Fanprojekt&#8220; von unserem Fanprojekt Trainer Frank eingeleitet wurde, wollen\u00a0wir auch in dieser Saison versuchen uns hin und wieder gemeinsam sportlich zu bewegen. Daher haben wir&#8230; <a class=\"read-more-link\" href=\"https:\/\/www.fanprojekt-muenster.de\/wordpress\/flemmen-im-fanprojekt-neue-termine\/\">Read more &raquo;<\/a><\/p>\n","protected":false},"author":2,"featured_media":4810,"comment_status":"closed","ping_status":"closed","sticky":false,"template":"","format":"standard","meta":{"advgb_blocks_editor_width":"","advgb_blocks_columns_visual_guide":"","footnotes":""},"categories":[2,3],"tags":[123],"class_list":["post-4809","post","type-post","status-publish","format-standard","has-post-thumbnail","hentry","category-aktionen","category-aktuelles","tag-flemmen"],"featured_image_src":null,"author_info":{"display_name":"fp_superadmin","author_link":"https:\/\/www.fanprojekt-muenster.de\/wordpress\/author\/fp_superadmin\/"},"yoast_head":"<!-- This site is optimized with the Yoast SEO plugin v27.2 - https:\/\/yoast.com\/product\/yoast-seo-wordpress\/ -->\n<title>Flemmen im Fanprojekt - Neue Termine - Fangemeinschaft Preu\u00dfen M\u00fcnster e. V.<\/title>\n<meta name=\"robots\" content=\"index, follow, max-snippet:-1, max-image-preview:large, max-video-preview:-1\" \/>\n<link rel=\"canonical\" href=\"https:\/\/www.fanprojekt-muenster.de\/wordpress\/flemmen-im-fanprojekt-neue-termine\/\" \/>\n<meta property=\"og:locale\" content=\"de_DE\" \/>\n<meta property=\"og:type\" content=\"article\" \/>\n<meta property=\"og:title\" content=\"Flemmen im Fanprojekt - Neue Termine - Fangemeinschaft Preu\u00dfen M\u00fcnster e. V.\" \/>\n<meta property=\"og:description\" content=\"Nachdem unser Fu\u00dfballangebot &#8222;Flemmen im Fanprojekt&#8220; von unserem Fanprojekt Trainer Frank eingeleitet wurde, wollen\u00a0wir auch in dieser Saison versuchen uns hin und wieder gemeinsam sportlich zu bewegen. Daher haben wir... Read more &raquo;\" \/>\n<meta property=\"og:url\" content=\"https:\/\/www.fanprojekt-muenster.de\/wordpress\/flemmen-im-fanprojekt-neue-termine\/\" \/>\n<meta property=\"og:site_name\" content=\"Fangemeinschaft Preu\u00dfen M\u00fcnster e. V.\" \/>\n<meta property=\"article:published_time\" content=\"2015-07-27T16:36:23+00:00\" \/>\n<meta name=\"author\" content=\"fp_superadmin\" \/>\n<meta name=\"twitter:card\" content=\"summary_large_image\" \/>\n<meta name=\"twitter:label1\" content=\"Verfasst von\" \/>\n\t<meta name=\"twitter:data1\" content=\"fp_superadmin\" \/>\n\t<meta name=\"twitter:label2\" content=\"Gesch\u00e4tzte Lesezeit\" \/>\n\t<meta name=\"twitter:data2\" content=\"1\u00a0Minute\" \/>\n<script type=\"application\/ld+json\" class=\"yoast-schema-graph\">{\"@context\":\"https:\/\/schema.org\",\"@graph\":[{\"@type\":\"Article\",\"@id\":\"https:\/\/www.fanprojekt-muenster.de\/wordpress\/flemmen-im-fanprojekt-neue-termine\/#article\",\"isPartOf\":{\"@id\":\"https:\/\/www.fanprojekt-muenster.de\/wordpress\/flemmen-im-fanprojekt-neue-termine\/\"},\"author\":{\"name\":\"fp_superadmin\",\"@id\":\"https:\/\/www.fanprojekt-muenster.de\/wordpress\/#\/schema\/person\/9126cc4d73d0d07c75b487075111186c\"},\"headline\":\"Flemmen im Fanprojekt &#8211; Neue Termine\",\"datePublished\":\"2015-07-27T16:36:23+00:00\",\"mainEntityOfPage\":{\"@id\":\"https:\/\/www.fanprojekt-muenster.de\/wordpress\/flemmen-im-fanprojekt-neue-termine\/\"},\"wordCount\":150,\"publisher\":{\"@id\":\"https:\/\/www.fanprojekt-muenster.de\/wordpress\/#organization\"},\"image\":{\"@id\":\"https:\/\/www.fanprojekt-muenster.de\/wordpress\/flemmen-im-fanprojekt-neue-termine\/#primaryimage\"},\"thumbnailUrl\":\"\",\"keywords\":[\"Flemmen\"],\"articleSection\":[\"Aktionen\",\"Aktuelles\"],\"inLanguage\":\"de\"},{\"@type\":\"WebPage\",\"@id\":\"https:\/\/www.fanprojekt-muenster.de\/wordpress\/flemmen-im-fanprojekt-neue-termine\/\",\"url\":\"https:\/\/www.fanprojekt-muenster.de\/wordpress\/flemmen-im-fanprojekt-neue-termine\/\",\"name\":\"Flemmen im Fanprojekt - Neue Termine - Fangemeinschaft Preu\u00dfen M\u00fcnster e. V.\",\"isPartOf\":{\"@id\":\"https:\/\/www.fanprojekt-muenster.de\/wordpress\/#website\"},\"primaryImageOfPage\":{\"@id\":\"https:\/\/www.fanprojekt-muenster.de\/wordpress\/flemmen-im-fanprojekt-neue-termine\/#primaryimage\"},\"image\":{\"@id\":\"https:\/\/www.fanprojekt-muenster.de\/wordpress\/flemmen-im-fanprojekt-neue-termine\/#primaryimage\"},\"thumbnailUrl\":\"\",\"datePublished\":\"2015-07-27T16:36:23+00:00\",\"breadcrumb\":{\"@id\":\"https:\/\/www.fanprojekt-muenster.de\/wordpress\/flemmen-im-fanprojekt-neue-termine\/#breadcrumb\"},\"inLanguage\":\"de\",\"potentialAction\":[{\"@type\":\"ReadAction\",\"target\":[\"https:\/\/www.fanprojekt-muenster.de\/wordpress\/flemmen-im-fanprojekt-neue-termine\/\"]}]},{\"@type\":\"ImageObject\",\"inLanguage\":\"de\",\"@id\":\"https:\/\/www.fanprojekt-muenster.de\/wordpress\/flemmen-im-fanprojekt-neue-termine\/#primaryimage\",\"url\":\"\",\"contentUrl\":\"\"},{\"@type\":\"BreadcrumbList\",\"@id\":\"https:\/\/www.fanprojekt-muenster.de\/wordpress\/flemmen-im-fanprojekt-neue-termine\/#breadcrumb\",\"itemListElement\":[{\"@type\":\"ListItem\",\"position\":1,\"name\":\"Startseite\",\"item\":\"https:\/\/www.fanprojekt-muenster.de\/wordpress\/\"},{\"@type\":\"ListItem\",\"position\":2,\"name\":\"Flemmen im Fanprojekt &#8211; Neue Termine\"}]},{\"@type\":\"WebSite\",\"@id\":\"https:\/\/www.fanprojekt-muenster.de\/wordpress\/#website\",\"url\":\"https:\/\/www.fanprojekt-muenster.de\/wordpress\/\",\"name\":\"Fangemeinschaft Preu\u00dfen M\u00fcnster e. V.\",\"description\":\"\",\"publisher\":{\"@id\":\"https:\/\/www.fanprojekt-muenster.de\/wordpress\/#organization\"},\"potentialAction\":[{\"@type\":\"SearchAction\",\"target\":{\"@type\":\"EntryPoint\",\"urlTemplate\":\"https:\/\/www.fanprojekt-muenster.de\/wordpress\/?s={search_term_string}\"},\"query-input\":{\"@type\":\"PropertyValueSpecification\",\"valueRequired\":true,\"valueName\":\"search_term_string\"}}],\"inLanguage\":\"de\"},{\"@type\":\"Organization\",\"@id\":\"https:\/\/www.fanprojekt-muenster.de\/wordpress\/#organization\",\"name\":\"Fangemeinschaft Preu\u00dfen M\u00fcnster e. V.\",\"url\":\"https:\/\/www.fanprojekt-muenster.de\/wordpress\/\",\"logo\":{\"@type\":\"ImageObject\",\"inLanguage\":\"de\",\"@id\":\"https:\/\/www.fanprojekt-muenster.de\/wordpress\/#\/schema\/logo\/image\/\",\"url\":\"https:\/\/www.fanprojekt-muenster.de\/wordpress\/wp-content\/uploads\/2019\/07\/cropped-Website_Logo3-9.png\",\"contentUrl\":\"https:\/\/www.fanprojekt-muenster.de\/wordpress\/wp-content\/uploads\/2019\/07\/cropped-Website_Logo3-9.png\",\"width\":224,\"height\":42,\"caption\":\"Fangemeinschaft Preu\u00dfen M\u00fcnster e. V.\"},\"image\":{\"@id\":\"https:\/\/www.fanprojekt-muenster.de\/wordpress\/#\/schema\/logo\/image\/\"}},{\"@type\":\"Person\",\"@id\":\"https:\/\/www.fanprojekt-muenster.de\/wordpress\/#\/schema\/person\/9126cc4d73d0d07c75b487075111186c\",\"name\":\"fp_superadmin\",\"url\":\"https:\/\/www.fanprojekt-muenster.de\/wordpress\/author\/fp_superadmin\/\"}]}<\/script>\n<!-- \/ Yoast SEO plugin. -->","yoast_head_json":{"title":"Flemmen im Fanprojekt - Neue Termine - Fangemeinschaft Preu\u00dfen M\u00fcnster e. V.","robots":{"index":"index","follow":"follow","max-snippet":"max-snippet:-1","max-image-preview":"max-image-preview:large","max-video-preview":"max-video-preview:-1"},"canonical":"https:\/\/www.fanprojekt-muenster.de\/wordpress\/flemmen-im-fanprojekt-neue-termine\/","og_locale":"de_DE","og_type":"article","og_title":"Flemmen im Fanprojekt - Neue Termine - Fangemeinschaft Preu\u00dfen M\u00fcnster e. V.","og_description":"Nachdem unser Fu\u00dfballangebot &#8222;Flemmen im Fanprojekt&#8220; von unserem Fanprojekt Trainer Frank eingeleitet wurde, wollen\u00a0wir auch in dieser Saison versuchen uns hin und wieder gemeinsam sportlich zu bewegen. Daher haben wir... Read more &raquo;","og_url":"https:\/\/www.fanprojekt-muenster.de\/wordpress\/flemmen-im-fanprojekt-neue-termine\/","og_site_name":"Fangemeinschaft Preu\u00dfen M\u00fcnster e. V.","article_published_time":"2015-07-27T16:36:23+00:00","author":"fp_superadmin","twitter_card":"summary_large_image","twitter_misc":{"Verfasst von":"fp_superadmin","Gesch\u00e4tzte Lesezeit":"1\u00a0Minute"},"schema":{"@context":"https:\/\/schema.org","@graph":[{"@type":"Article","@id":"https:\/\/www.fanprojekt-muenster.de\/wordpress\/flemmen-im-fanprojekt-neue-termine\/#article","isPartOf":{"@id":"https:\/\/www.fanprojekt-muenster.de\/wordpress\/flemmen-im-fanprojekt-neue-termine\/"},"author":{"name":"fp_superadmin","@id":"https:\/\/www.fanprojekt-muenster.de\/wordpress\/#\/schema\/person\/9126cc4d73d0d07c75b487075111186c"},"headline":"Flemmen im Fanprojekt &#8211; Neue Termine","datePublished":"2015-07-27T16:36:23+00:00","mainEntityOfPage":{"@id":"https:\/\/www.fanprojekt-muenster.de\/wordpress\/flemmen-im-fanprojekt-neue-termine\/"},"wordCount":150,"publisher":{"@id":"https:\/\/www.fanprojekt-muenster.de\/wordpress\/#organization"},"image":{"@id":"https:\/\/www.fanprojekt-muenster.de\/wordpress\/flemmen-im-fanprojekt-neue-termine\/#primaryimage"},"thumbnailUrl":"","keywords":["Flemmen"],"articleSection":["Aktionen","Aktuelles"],"inLanguage":"de"},{"@type":"WebPage","@id":"https:\/\/www.fanprojekt-muenster.de\/wordpress\/flemmen-im-fanprojekt-neue-termine\/","url":"https:\/\/www.fanprojekt-muenster.de\/wordpress\/flemmen-im-fanprojekt-neue-termine\/","name":"Flemmen im Fanprojekt - Neue Termine - Fangemeinschaft Preu\u00dfen M\u00fcnster e. V.","isPartOf":{"@id":"https:\/\/www.fanprojekt-muenster.de\/wordpress\/#website"},"primaryImageOfPage":{"@id":"https:\/\/www.fanprojekt-muenster.de\/wordpress\/flemmen-im-fanprojekt-neue-termine\/#primaryimage"},"image":{"@id":"https:\/\/www.fanprojekt-muenster.de\/wordpress\/flemmen-im-fanprojekt-neue-termine\/#primaryimage"},"thumbnailUrl":"","datePublished":"2015-07-27T16:36:23+00:00","breadcrumb":{"@id":"https:\/\/www.fanprojekt-muenster.de\/wordpress\/flemmen-im-fanprojekt-neue-termine\/#breadcrumb"},"inLanguage":"de","potentialAction":[{"@type":"ReadAction","target":["https:\/\/www.fanprojekt-muenster.de\/wordpress\/flemmen-im-fanprojekt-neue-termine\/"]}]},{"@type":"ImageObject","inLanguage":"de","@id":"https:\/\/www.fanprojekt-muenster.de\/wordpress\/flemmen-im-fanprojekt-neue-termine\/#primaryimage","url":"","contentUrl":""},{"@type":"BreadcrumbList","@id":"https:\/\/www.fanprojekt-muenster.de\/wordpress\/flemmen-im-fanprojekt-neue-termine\/#breadcrumb","itemListElement":[{"@type":"ListItem","position":1,"name":"Startseite","item":"https:\/\/www.fanprojekt-muenster.de\/wordpress\/"},{"@type":"ListItem","position":2,"name":"Flemmen im Fanprojekt &#8211; Neue Termine"}]},{"@type":"WebSite","@id":"https:\/\/www.fanprojekt-muenster.de\/wordpress\/#website","url":"https:\/\/www.fanprojekt-muenster.de\/wordpress\/","name":"Fangemeinschaft Preu\u00dfen M\u00fcnster e. V.","description":"","publisher":{"@id":"https:\/\/www.fanprojekt-muenster.de\/wordpress\/#organization"},"potentialAction":[{"@type":"SearchAction","target":{"@type":"EntryPoint","urlTemplate":"https:\/\/www.fanprojekt-muenster.de\/wordpress\/?s={search_term_string}"},"query-input":{"@type":"PropertyValueSpecification","valueRequired":true,"valueName":"search_term_string"}}],"inLanguage":"de"},{"@type":"Organization","@id":"https:\/\/www.fanprojekt-muenster.de\/wordpress\/#organization","name":"Fangemeinschaft Preu\u00dfen M\u00fcnster e. V.","url":"https:\/\/www.fanprojekt-muenster.de\/wordpress\/","logo":{"@type":"ImageObject","inLanguage":"de","@id":"https:\/\/www.fanprojekt-muenster.de\/wordpress\/#\/schema\/logo\/image\/","url":"https:\/\/www.fanprojekt-muenster.de\/wordpress\/wp-content\/uploads\/2019\/07\/cropped-Website_Logo3-9.png","contentUrl":"https:\/\/www.fanprojekt-muenster.de\/wordpress\/wp-content\/uploads\/2019\/07\/cropped-Website_Logo3-9.png","width":224,"height":42,"caption":"Fangemeinschaft Preu\u00dfen M\u00fcnster e. V."},"image":{"@id":"https:\/\/www.fanprojekt-muenster.de\/wordpress\/#\/schema\/logo\/image\/"}},{"@type":"Person","@id":"https:\/\/www.fanprojekt-muenster.de\/wordpress\/#\/schema\/person\/9126cc4d73d0d07c75b487075111186c","name":"fp_superadmin","url":"https:\/\/www.fanprojekt-muenster.de\/wordpress\/author\/fp_superadmin\/"}]}},"author_meta":{"display_name":"fp_superadmin","author_link":"https:\/\/www.fanprojekt-muenster.de\/wordpress\/author\/fp_superadmin\/"},"featured_img":null,"coauthors":[],"tax_additional":{"categories":{"linked":["<a href=\"https:\/\/www.fanprojekt-muenster.de\/wordpress\/category\/aktionen\/\" class=\"advgb-post-tax-term\">Aktionen<\/a>","<a href=\"https:\/\/www.fanprojekt-muenster.de\/wordpress\/category\/aktuelles\/\" class=\"advgb-post-tax-term\">Aktuelles<\/a>"],"unlinked":["<span class=\"advgb-post-tax-term\">Aktionen<\/span>","<span class=\"advgb-post-tax-term\">Aktuelles<\/span>"]},"tags":{"linked":["<a href=\"https:\/\/www.fanprojekt-muenster.de\/wordpress\/category\/aktuelles\/\" class=\"advgb-post-tax-term\">Flemmen<\/a>"],"unlinked":["<span class=\"advgb-post-tax-term\">Flemmen<\/span>"]}},"comment_count":"0","relative_dates":{"created":"Posted 11\u00a0Jahren ago","modified":"Updated 11\u00a0Jahren ago"},"absolute_dates":{"created":"Posted on 27. Juli 2015","modified":"Updated on 27. Juli 2015"},"absolute_dates_time":{"created":"Posted on 27. Juli 2015 18:36","modified":"Updated on 27. Juli 2015 18:36"},"featured_img_caption":"","series_order":"","_links":{"self":[{"href":"https:\/\/www.fanprojekt-muenster.de\/wordpress\/wp-json\/wp\/v2\/posts\/4809","targetHints":{"allow":["GET"]}}],"collection":[{"href":"https:\/\/www.fanprojekt-muenster.de\/wordpress\/wp-json\/wp\/v2\/posts"}],"about":[{"href":"https:\/\/www.fanprojekt-muenster.de\/wordpress\/wp-json\/wp\/v2\/types\/post"}],"author":[{"embeddable":true,"href":"https:\/\/www.fanprojekt-muenster.de\/wordpress\/wp-json\/wp\/v2\/users\/2"}],"replies":[{"embeddable":true,"href":"https:\/\/www.fanprojekt-muenster.de\/wordpress\/wp-json\/wp\/v2\/comments?post=4809"}],"version-history":[{"count":0,"href":"https:\/\/www.fanprojekt-muenster.de\/wordpress\/wp-json\/wp\/v2\/posts\/4809\/revisions"}],"wp:featuredmedia":[{"embeddable":true,"href":"https:\/\/www.fanprojekt-muenster.de\/wordpress\/wp-json\/"}],"wp:attachment":[{"href":"https:\/\/www.fanprojekt-muenster.de\/wordpress\/wp-json\/wp\/v2\/media?parent=4809"}],"wp:term":[{"taxonomy":"category","embeddable":true,"href":"https:\/\/www.fanprojekt-muenster.de\/wordpress\/wp-json\/wp\/v2\/categories?post=4809"},{"taxonomy":"post_tag","embeddable":true,"href":"https:\/\/www.fanprojekt-muenster.de\/wordpress\/wp-json\/wp\/v2\/tags?post=4809"}],"curies":[{"name":"wp","href":"https:\/\/api.w.org\/{rel}","templated":true}]}}