{"id":4769,"date":"2015-07-22T21:16:09","date_gmt":"2015-07-22T19:16:09","guid":{"rendered":"http:\/\/www.fanprojekt-muenster.de\/wp\/?p=4769"},"modified":"2015-07-22T21:16:09","modified_gmt":"2015-07-22T19:16:09","slug":"saisoneroeffnung-rueckblick","status":"publish","type":"post","link":"https:\/\/www.fanprojekt-muenster.de\/wordpress\/saisoneroeffnung-rueckblick\/","title":{"rendered":"Saisoner\u00f6ffnung R\u00fcckblick"},"content":{"rendered":"<h2 style=\"text-align: justify;\">Fanfest mit vielen Attraktionen, super Wetter und bester Laune<\/h2>\n<p style=\"text-align: justify;\">Am Samstag war es soweit, die Saison 2015 \/ 2016 im Preu\u00dfenstadion ist mit einem gro\u00dfen Fanfest gestartet.<\/p>\n<div id=\"attachment_4511\" style=\"width: 160px\" class=\"wp-caption alignleft\"><a href=\"http:\/\/www.fanprojekt-muenster.de\/wp\/?attachment_id=4511\"><img loading=\"lazy\" decoding=\"async\" aria-describedby=\"caption-attachment-4511\" class=\"wp-image-4511 size-thumbnail\" src=\"http:\/\/www.fanprojekt-muenster.de\/wp\/wp-content\/uploads\/2015\/07\/IMG_8163-Kopie-150x150.jpg\" alt=\"IMG_8163 (Kopie)\" width=\"150\" height=\"150\" \/><\/a><p id=\"caption-attachment-4511\" class=\"wp-caption-text\">Die Aufbauarbeiten starteten bereits am fr\u00fchen Morgen.<\/p><\/div>\n<p style=\"text-align: justify;\">Bereits fr\u00fch am Samstag, um 11 Uhr, begannen die ersten Aufbauarbeiten. Die B\u00fchne war\u00a0bereits fast vollst\u00e4ndig aufgebaut, w\u00e4hrend Radio Mottekstrehle, das Preu\u00dfenForum, die Deviants, die FGK und alle anderen Gruppen flei\u00dfig dabei waren ihre St\u00e4nde zu errichten.<\/p>\n<p style=\"text-align: justify;\">Viel wurde geboten. Neben Zuckerwatte und Popcorn f\u00fcr den s\u00fc\u00dfen Daumen von der Linie 1906 gab es die M\u00f6glichkeit sich auch \u00fcber deren Ausw\u00e4rtsfahrten zu informieren. Eigene Buttons konnte man sich am Stand nebenan erstellen, beim Fanradio konnte man hinter die Kulissen schauen und einmal selber in die Rolle des Moderators schl\u00fcpfen. Das\u00a0Preu\u00dfen Forum informierte\u00a0\u00fcber deren Arbeit und Engagement und bot interessierten Fans\u00a0die M\u00f6glichkeit sich fotografieren zu lassen, um noch vor Ort in ein Saisonplakat eingebaut zu werden. Die Jungs und M\u00e4dels vom Lorenz S\u00fcd waren ebenfalls vor Ort um den Stand f\u00fcr das Kinderschminken zu betreiben. Man sah im \u00dcbrigen auch das eine oder andere gro\u00dfe \u201eKind\u201c mit einem gemalten Adler auf dem Arm im Stadion umhergehen. F\u00fcr tolle Luftballon Figuren wurde von einem echten Profi ebenfalls gesorgt. Die FGK, Deviants und Kategorie M\u00fcnster waren jeweils mit Verkaufsst\u00e4nden anwesend. Abgerundet wurde das ganze Programm vom Dosenwerfen bei dem man tolle Preisen gewinnen konnte, der H\u00fcpfburg f\u00fcr die Kinder und dem Torwand schie\u00dfen vom FanPort.<\/p>\n<div id=\"attachment_4722\" style=\"width: 160px\" class=\"wp-caption alignright\"><a href=\"http:\/\/www.fanprojekt-muenster.de\/wp\/?attachment_id=4722\"><img loading=\"lazy\" decoding=\"async\" aria-describedby=\"caption-attachment-4722\" class=\"wp-image-4722 size-thumbnail\" src=\"http:\/\/www.fanprojekt-muenster.de\/wp\/wp-content\/uploads\/2015\/07\/IMG-20150718-WA0008-150x150.jpg\" alt=\"\" width=\"150\" height=\"150\" \/><\/a><p id=\"caption-attachment-4722\" class=\"wp-caption-text\">Das Jugendzentrum 3 Eichen freut sich \u00fcber Freikarten.<\/p><\/div>\n<p style=\"text-align: justify;\">Neben dem tollen Engagement der ganzen Helfer und Gruppen waren offenbar auch die Fans hei\u00df auf den Start in die Saison. Bereits lange vor \u00d6ffnung der Kassen und Stadion Tore waren zahlreiche Fans erschienen die den herrlichen Tag im Stadion genie\u00dfen wollten.\u00a0Zus\u00e4tzlich zu den frei verk\u00e4uflichen Karten konnte das Fanprojekt auch noch ca. 100 Freikarten f\u00fcr sozial benachteiligte Kinder, Jugendliche und Fl\u00fcchtlinge aus Einrichtungen aus dem M\u00fcnsterland vergeben.<\/p>\n<div id=\"attachment_4556\" style=\"width: 160px\" class=\"wp-caption alignleft\"><a href=\"http:\/\/www.fanprojekt-muenster.de\/wp\/?attachment_id=4556\"><img loading=\"lazy\" decoding=\"async\" aria-describedby=\"caption-attachment-4556\" class=\"wp-image-4556 size-thumbnail\" src=\"http:\/\/www.fanprojekt-muenster.de\/wp\/wp-content\/uploads\/2015\/07\/IMG_8260-Kopie-150x150.jpg\" alt=\"IMG_8260 (Kopie)\" width=\"150\" height=\"150\" \/><\/a><p id=\"caption-attachment-4556\" class=\"wp-caption-text\">Bereits bei \u00d6ffnung der Tore herrschte gro\u00dfer Andrang.<\/p><\/div>\n<p>P\u00fcnktlich, um kurz vor Zwei, \u00f6ffneten die Stadiontore und die Fans str\u00f6mten hinein. Neben den lange nicht gesehenen Freunden aus dem Stadion weckten auch die aufgebauten St\u00e4nde Begeisterung und wurden schnell belagert. Selbst die Medienvertreter des SCP lie\u00dfen es sich nicht nehmen ein Plakat mit sich erstellen zu lassen.<\/p>\n<p style=\"text-align: justify;\">Das Stadion f\u00fcllte sich immer weiter, die gro\u00dfe Fl\u00e4che war bereits schnell gut gef\u00fcllt und \u00fcberall wohin man auch sah, sah man nur lachende Gesichter die eindeutig viel Spa\u00df hatten.\u00a0Nachdem nun die erste Zeit vergangen war betrat schlie\u00dflich der Moderator, Arthur Ril, die B\u00fchne und bat nun die Mannschaft und das Trainerteam auf den Vorplatz. Die Spieler, die nicht gerade auf der B\u00fchne f\u00fcr Interviews bereitstehen mussten, sa\u00dfen vor der B\u00fchne, schrieben flei\u00dfig Autogramme und waren auch f\u00fcr das eine oder andere Foto zu haben.<\/p>\n<div id=\"attachment_4704\" style=\"width: 160px\" class=\"wp-caption alignright\"><a href=\"http:\/\/www.fanprojekt-muenster.de\/wp\/?attachment_id=4704\"><img loading=\"lazy\" decoding=\"async\" aria-describedby=\"caption-attachment-4704\" class=\"wp-image-4704 size-thumbnail\" src=\"http:\/\/www.fanprojekt-muenster.de\/wp\/wp-content\/uploads\/2015\/07\/IMG_8575-Kopie-150x150.jpg\" alt=\"IMG_8575 (Kopie)\" width=\"150\" height=\"150\" \/><\/a><p id=\"caption-attachment-4704\" class=\"wp-caption-text\">Schlappn lie\u00dfen die Preu\u00dfenfans rocken.<\/p><\/div>\n<p style=\"text-align: justify;\">Im Anschluss hatten alle noch gen\u00fcgend Zeit um sich, bei einem Bier oder einer Stadionwurst, in lockerer Atmosph\u00e4re zu unterhalten und den letzten Programm punkten zu widmen.\u00a0F\u00fcr den Musikalischen Abschluss des Fanfestes\u00a0 sorgten zun\u00e4chst die Coverband Middle Excess und zu guter Letzt dann die, uns bestens bekannten, Schlappen. Beendet wurde das Ganze dann mit \u201eMein sch\u00f6nster Fluch\u201c.<\/p>\n<p style=\"text-align: justify;\">Die Resonanz auf das neu gestaltete Fanfest\u00a0war sehr gut und viele Besucher waren froh,\u00a0dass es keine Neuauflage der laschen Saisoner\u00f6ffnung vom letzten Jahr gab.\u00a0Nebenbei sei noch erw\u00e4hnt, dass sich auch im Stadion einiges getan hatte. Der neue und gr\u00f6\u00dfere Verkaufsstand des SCP wurde eingeweiht sowie die neuen Sanit\u00e4ren Anlagen, die nun deutlich mehr Platz bieten, ge\u00f6ffnet.<\/p>\n<div id=\"attachment_4721\" style=\"width: 160px\" class=\"wp-caption alignleft\"><a href=\"http:\/\/www.fanprojekt-muenster.de\/wp\/?attachment_id=4721\"><img loading=\"lazy\" decoding=\"async\" aria-describedby=\"caption-attachment-4721\" class=\"wp-image-4721 size-thumbnail\" src=\"http:\/\/www.fanprojekt-muenster.de\/wp\/wp-content\/uploads\/2015\/07\/IMG_8620-Kopie-150x150.jpg\" alt=\"\" width=\"150\" height=\"150\" \/><\/a><p id=\"caption-attachment-4721\" class=\"wp-caption-text\">Eine torlose Partie bei bestem Wetter.<\/p><\/div>\n<p style=\"text-align: justify;\">Fu\u00dfball wurde auch noch gespielt und zwar gegen den Bundesligisten Hannover 96 der bei uns in M\u00fcnster sein sechstes Vorbereitungsspiel absolvierte und das erste Mal nicht siegen konnte. Mit einem 0:0 endete die Partie und eines ist klar, die Fans und die Mannschaft sind startbereit und freuen sich auf die neue Saison.\u00a0Nach dem Spiel fanden sich im \u00dcbrigen noch einige Fans am FanPort ein um den gelungenen Tag bei diversen Getr\u00e4nken ausklingen zu lassen.<\/p>\n<p style=\"text-align: justify;\"><em>Bericht: Dirk Stiller<\/em><\/p>\n<p style=\"text-align: justify;\"><strong>Wer noch mehr Bilder der Saisoner\u00f6ffnung und Fanfest sehen m\u00f6chte, kann sich unsere gro\u00dfe <a href=\"http:\/\/www.fanprojekt-muenster.de\/wp\/galerien\/saisoneroeffnung-2015\/\">Bildergalerie<\/a> mit \u00fcber 120 Fotos ansehen.<br \/>\nEinmal [<a href=\"http:\/\/www.fanprojekt-muenster.de\/wp\/galerien\/saisoneroeffnung-2015\/\">HIER<\/a>] klicken.<\/strong><\/p>\n","protected":false},"excerpt":{"rendered":"<p>Fanfest mit vielen Attraktionen, super Wetter und bester Laune Am Samstag war es soweit, die Saison 2015 \/ 2016 im Preu\u00dfenstadion ist mit einem gro\u00dfen Fanfest gestartet. Bereits fr\u00fch am&#8230; <a class=\"read-more-link\" href=\"https:\/\/www.fanprojekt-muenster.de\/wordpress\/saisoneroeffnung-rueckblick\/\">Read more &raquo;<\/a><\/p>\n","protected":false},"author":2,"featured_media":4768,"comment_status":"closed","ping_status":"closed","sticky":false,"template":"","format":"standard","meta":{"advgb_blocks_editor_width":"","advgb_blocks_columns_visual_guide":"","footnotes":""},"categories":[2,3,16],"tags":[],"class_list":["post-4769","post","type-post","status-publish","format-standard","has-post-thumbnail","hentry","category-aktionen","category-aktuelles","category-veranstaltungen"],"featured_image_src":null,"author_info":{"display_name":"fp_superadmin","author_link":"https:\/\/www.fanprojekt-muenster.de\/wordpress\/author\/fp_superadmin\/"},"yoast_head":"<!-- This site is optimized with the Yoast SEO plugin v27.2 - https:\/\/yoast.com\/product\/yoast-seo-wordpress\/ -->\n<title>Saisoner\u00f6ffnung R\u00fcckblick - Fangemeinschaft Preu\u00dfen M\u00fcnster e. V.<\/title>\n<meta name=\"robots\" content=\"index, follow, max-snippet:-1, max-image-preview:large, max-video-preview:-1\" \/>\n<link rel=\"canonical\" href=\"https:\/\/www.fanprojekt-muenster.de\/wordpress\/saisoneroeffnung-rueckblick\/\" \/>\n<meta property=\"og:locale\" content=\"de_DE\" \/>\n<meta property=\"og:type\" content=\"article\" \/>\n<meta property=\"og:title\" content=\"Saisoner\u00f6ffnung R\u00fcckblick - Fangemeinschaft Preu\u00dfen M\u00fcnster e. V.\" \/>\n<meta property=\"og:description\" content=\"Fanfest mit vielen Attraktionen, super Wetter und bester Laune Am Samstag war es soweit, die Saison 2015 \/ 2016 im Preu\u00dfenstadion ist mit einem gro\u00dfen Fanfest gestartet. Bereits fr\u00fch am... Read more &raquo;\" \/>\n<meta property=\"og:url\" content=\"https:\/\/www.fanprojekt-muenster.de\/wordpress\/saisoneroeffnung-rueckblick\/\" \/>\n<meta property=\"og:site_name\" content=\"Fangemeinschaft Preu\u00dfen M\u00fcnster e. V.\" \/>\n<meta property=\"article:published_time\" content=\"2015-07-22T19:16:09+00:00\" \/>\n<meta name=\"author\" content=\"fp_superadmin\" \/>\n<meta name=\"twitter:card\" content=\"summary_large_image\" \/>\n<meta name=\"twitter:label1\" content=\"Verfasst von\" \/>\n\t<meta name=\"twitter:data1\" content=\"fp_superadmin\" \/>\n\t<meta name=\"twitter:label2\" content=\"Gesch\u00e4tzte Lesezeit\" \/>\n\t<meta name=\"twitter:data2\" content=\"4\u00a0Minuten\" \/>\n<script type=\"application\/ld+json\" class=\"yoast-schema-graph\">{\"@context\":\"https:\/\/schema.org\",\"@graph\":[{\"@type\":\"Article\",\"@id\":\"https:\/\/www.fanprojekt-muenster.de\/wordpress\/saisoneroeffnung-rueckblick\/#article\",\"isPartOf\":{\"@id\":\"https:\/\/www.fanprojekt-muenster.de\/wordpress\/saisoneroeffnung-rueckblick\/\"},\"author\":{\"name\":\"fp_superadmin\",\"@id\":\"https:\/\/www.fanprojekt-muenster.de\/wordpress\/#\/schema\/person\/9126cc4d73d0d07c75b487075111186c\"},\"headline\":\"Saisoner\u00f6ffnung R\u00fcckblick\",\"datePublished\":\"2015-07-22T19:16:09+00:00\",\"mainEntityOfPage\":{\"@id\":\"https:\/\/www.fanprojekt-muenster.de\/wordpress\/saisoneroeffnung-rueckblick\/\"},\"wordCount\":786,\"publisher\":{\"@id\":\"https:\/\/www.fanprojekt-muenster.de\/wordpress\/#organization\"},\"image\":{\"@id\":\"https:\/\/www.fanprojekt-muenster.de\/wordpress\/saisoneroeffnung-rueckblick\/#primaryimage\"},\"thumbnailUrl\":\"\",\"articleSection\":[\"Aktionen\",\"Aktuelles\",\"Veranstaltungen\"],\"inLanguage\":\"de\"},{\"@type\":\"WebPage\",\"@id\":\"https:\/\/www.fanprojekt-muenster.de\/wordpress\/saisoneroeffnung-rueckblick\/\",\"url\":\"https:\/\/www.fanprojekt-muenster.de\/wordpress\/saisoneroeffnung-rueckblick\/\",\"name\":\"Saisoner\u00f6ffnung R\u00fcckblick - Fangemeinschaft Preu\u00dfen M\u00fcnster e. V.\",\"isPartOf\":{\"@id\":\"https:\/\/www.fanprojekt-muenster.de\/wordpress\/#website\"},\"primaryImageOfPage\":{\"@id\":\"https:\/\/www.fanprojekt-muenster.de\/wordpress\/saisoneroeffnung-rueckblick\/#primaryimage\"},\"image\":{\"@id\":\"https:\/\/www.fanprojekt-muenster.de\/wordpress\/saisoneroeffnung-rueckblick\/#primaryimage\"},\"thumbnailUrl\":\"\",\"datePublished\":\"2015-07-22T19:16:09+00:00\",\"breadcrumb\":{\"@id\":\"https:\/\/www.fanprojekt-muenster.de\/wordpress\/saisoneroeffnung-rueckblick\/#breadcrumb\"},\"inLanguage\":\"de\",\"potentialAction\":[{\"@type\":\"ReadAction\",\"target\":[\"https:\/\/www.fanprojekt-muenster.de\/wordpress\/saisoneroeffnung-rueckblick\/\"]}]},{\"@type\":\"ImageObject\",\"inLanguage\":\"de\",\"@id\":\"https:\/\/www.fanprojekt-muenster.de\/wordpress\/saisoneroeffnung-rueckblick\/#primaryimage\",\"url\":\"\",\"contentUrl\":\"\"},{\"@type\":\"BreadcrumbList\",\"@id\":\"https:\/\/www.fanprojekt-muenster.de\/wordpress\/saisoneroeffnung-rueckblick\/#breadcrumb\",\"itemListElement\":[{\"@type\":\"ListItem\",\"position\":1,\"name\":\"Startseite\",\"item\":\"https:\/\/www.fanprojekt-muenster.de\/wordpress\/\"},{\"@type\":\"ListItem\",\"position\":2,\"name\":\"Saisoner\u00f6ffnung R\u00fcckblick\"}]},{\"@type\":\"WebSite\",\"@id\":\"https:\/\/www.fanprojekt-muenster.de\/wordpress\/#website\",\"url\":\"https:\/\/www.fanprojekt-muenster.de\/wordpress\/\",\"name\":\"Fangemeinschaft Preu\u00dfen M\u00fcnster e. V.\",\"description\":\"\",\"publisher\":{\"@id\":\"https:\/\/www.fanprojekt-muenster.de\/wordpress\/#organization\"},\"potentialAction\":[{\"@type\":\"SearchAction\",\"target\":{\"@type\":\"EntryPoint\",\"urlTemplate\":\"https:\/\/www.fanprojekt-muenster.de\/wordpress\/?s={search_term_string}\"},\"query-input\":{\"@type\":\"PropertyValueSpecification\",\"valueRequired\":true,\"valueName\":\"search_term_string\"}}],\"inLanguage\":\"de\"},{\"@type\":\"Organization\",\"@id\":\"https:\/\/www.fanprojekt-muenster.de\/wordpress\/#organization\",\"name\":\"Fangemeinschaft Preu\u00dfen M\u00fcnster e. V.\",\"url\":\"https:\/\/www.fanprojekt-muenster.de\/wordpress\/\",\"logo\":{\"@type\":\"ImageObject\",\"inLanguage\":\"de\",\"@id\":\"https:\/\/www.fanprojekt-muenster.de\/wordpress\/#\/schema\/logo\/image\/\",\"url\":\"https:\/\/www.fanprojekt-muenster.de\/wordpress\/wp-content\/uploads\/2019\/07\/cropped-Website_Logo3-9.png\",\"contentUrl\":\"https:\/\/www.fanprojekt-muenster.de\/wordpress\/wp-content\/uploads\/2019\/07\/cropped-Website_Logo3-9.png\",\"width\":224,\"height\":42,\"caption\":\"Fangemeinschaft Preu\u00dfen M\u00fcnster e. V.\"},\"image\":{\"@id\":\"https:\/\/www.fanprojekt-muenster.de\/wordpress\/#\/schema\/logo\/image\/\"}},{\"@type\":\"Person\",\"@id\":\"https:\/\/www.fanprojekt-muenster.de\/wordpress\/#\/schema\/person\/9126cc4d73d0d07c75b487075111186c\",\"name\":\"fp_superadmin\",\"url\":\"https:\/\/www.fanprojekt-muenster.de\/wordpress\/author\/fp_superadmin\/\"}]}<\/script>\n<!-- \/ Yoast SEO plugin. -->","yoast_head_json":{"title":"Saisoner\u00f6ffnung R\u00fcckblick - Fangemeinschaft Preu\u00dfen M\u00fcnster e. V.","robots":{"index":"index","follow":"follow","max-snippet":"max-snippet:-1","max-image-preview":"max-image-preview:large","max-video-preview":"max-video-preview:-1"},"canonical":"https:\/\/www.fanprojekt-muenster.de\/wordpress\/saisoneroeffnung-rueckblick\/","og_locale":"de_DE","og_type":"article","og_title":"Saisoner\u00f6ffnung R\u00fcckblick - Fangemeinschaft Preu\u00dfen M\u00fcnster e. V.","og_description":"Fanfest mit vielen Attraktionen, super Wetter und bester Laune Am Samstag war es soweit, die Saison 2015 \/ 2016 im Preu\u00dfenstadion ist mit einem gro\u00dfen Fanfest gestartet. Bereits fr\u00fch am... Read more &raquo;","og_url":"https:\/\/www.fanprojekt-muenster.de\/wordpress\/saisoneroeffnung-rueckblick\/","og_site_name":"Fangemeinschaft Preu\u00dfen M\u00fcnster e. V.","article_published_time":"2015-07-22T19:16:09+00:00","author":"fp_superadmin","twitter_card":"summary_large_image","twitter_misc":{"Verfasst von":"fp_superadmin","Gesch\u00e4tzte Lesezeit":"4\u00a0Minuten"},"schema":{"@context":"https:\/\/schema.org","@graph":[{"@type":"Article","@id":"https:\/\/www.fanprojekt-muenster.de\/wordpress\/saisoneroeffnung-rueckblick\/#article","isPartOf":{"@id":"https:\/\/www.fanprojekt-muenster.de\/wordpress\/saisoneroeffnung-rueckblick\/"},"author":{"name":"fp_superadmin","@id":"https:\/\/www.fanprojekt-muenster.de\/wordpress\/#\/schema\/person\/9126cc4d73d0d07c75b487075111186c"},"headline":"Saisoner\u00f6ffnung R\u00fcckblick","datePublished":"2015-07-22T19:16:09+00:00","mainEntityOfPage":{"@id":"https:\/\/www.fanprojekt-muenster.de\/wordpress\/saisoneroeffnung-rueckblick\/"},"wordCount":786,"publisher":{"@id":"https:\/\/www.fanprojekt-muenster.de\/wordpress\/#organization"},"image":{"@id":"https:\/\/www.fanprojekt-muenster.de\/wordpress\/saisoneroeffnung-rueckblick\/#primaryimage"},"thumbnailUrl":"","articleSection":["Aktionen","Aktuelles","Veranstaltungen"],"inLanguage":"de"},{"@type":"WebPage","@id":"https:\/\/www.fanprojekt-muenster.de\/wordpress\/saisoneroeffnung-rueckblick\/","url":"https:\/\/www.fanprojekt-muenster.de\/wordpress\/saisoneroeffnung-rueckblick\/","name":"Saisoner\u00f6ffnung R\u00fcckblick - Fangemeinschaft Preu\u00dfen M\u00fcnster e. V.","isPartOf":{"@id":"https:\/\/www.fanprojekt-muenster.de\/wordpress\/#website"},"primaryImageOfPage":{"@id":"https:\/\/www.fanprojekt-muenster.de\/wordpress\/saisoneroeffnung-rueckblick\/#primaryimage"},"image":{"@id":"https:\/\/www.fanprojekt-muenster.de\/wordpress\/saisoneroeffnung-rueckblick\/#primaryimage"},"thumbnailUrl":"","datePublished":"2015-07-22T19:16:09+00:00","breadcrumb":{"@id":"https:\/\/www.fanprojekt-muenster.de\/wordpress\/saisoneroeffnung-rueckblick\/#breadcrumb"},"inLanguage":"de","potentialAction":[{"@type":"ReadAction","target":["https:\/\/www.fanprojekt-muenster.de\/wordpress\/saisoneroeffnung-rueckblick\/"]}]},{"@type":"ImageObject","inLanguage":"de","@id":"https:\/\/www.fanprojekt-muenster.de\/wordpress\/saisoneroeffnung-rueckblick\/#primaryimage","url":"","contentUrl":""},{"@type":"BreadcrumbList","@id":"https:\/\/www.fanprojekt-muenster.de\/wordpress\/saisoneroeffnung-rueckblick\/#breadcrumb","itemListElement":[{"@type":"ListItem","position":1,"name":"Startseite","item":"https:\/\/www.fanprojekt-muenster.de\/wordpress\/"},{"@type":"ListItem","position":2,"name":"Saisoner\u00f6ffnung R\u00fcckblick"}]},{"@type":"WebSite","@id":"https:\/\/www.fanprojekt-muenster.de\/wordpress\/#website","url":"https:\/\/www.fanprojekt-muenster.de\/wordpress\/","name":"Fangemeinschaft Preu\u00dfen M\u00fcnster e. V.","description":"","publisher":{"@id":"https:\/\/www.fanprojekt-muenster.de\/wordpress\/#organization"},"potentialAction":[{"@type":"SearchAction","target":{"@type":"EntryPoint","urlTemplate":"https:\/\/www.fanprojekt-muenster.de\/wordpress\/?s={search_term_string}"},"query-input":{"@type":"PropertyValueSpecification","valueRequired":true,"valueName":"search_term_string"}}],"inLanguage":"de"},{"@type":"Organization","@id":"https:\/\/www.fanprojekt-muenster.de\/wordpress\/#organization","name":"Fangemeinschaft Preu\u00dfen M\u00fcnster e. V.","url":"https:\/\/www.fanprojekt-muenster.de\/wordpress\/","logo":{"@type":"ImageObject","inLanguage":"de","@id":"https:\/\/www.fanprojekt-muenster.de\/wordpress\/#\/schema\/logo\/image\/","url":"https:\/\/www.fanprojekt-muenster.de\/wordpress\/wp-content\/uploads\/2019\/07\/cropped-Website_Logo3-9.png","contentUrl":"https:\/\/www.fanprojekt-muenster.de\/wordpress\/wp-content\/uploads\/2019\/07\/cropped-Website_Logo3-9.png","width":224,"height":42,"caption":"Fangemeinschaft Preu\u00dfen M\u00fcnster e. V."},"image":{"@id":"https:\/\/www.fanprojekt-muenster.de\/wordpress\/#\/schema\/logo\/image\/"}},{"@type":"Person","@id":"https:\/\/www.fanprojekt-muenster.de\/wordpress\/#\/schema\/person\/9126cc4d73d0d07c75b487075111186c","name":"fp_superadmin","url":"https:\/\/www.fanprojekt-muenster.de\/wordpress\/author\/fp_superadmin\/"}]}},"author_meta":{"display_name":"fp_superadmin","author_link":"https:\/\/www.fanprojekt-muenster.de\/wordpress\/author\/fp_superadmin\/"},"featured_img":null,"coauthors":[],"tax_additional":{"categories":{"linked":["<a href=\"https:\/\/www.fanprojekt-muenster.de\/wordpress\/category\/aktionen\/\" class=\"advgb-post-tax-term\">Aktionen<\/a>","<a href=\"https:\/\/www.fanprojekt-muenster.de\/wordpress\/category\/aktuelles\/\" class=\"advgb-post-tax-term\">Aktuelles<\/a>","<a href=\"https:\/\/www.fanprojekt-muenster.de\/wordpress\/category\/veranstaltungen\/\" class=\"advgb-post-tax-term\">Veranstaltungen<\/a>"],"unlinked":["<span class=\"advgb-post-tax-term\">Aktionen<\/span>","<span class=\"advgb-post-tax-term\">Aktuelles<\/span>","<span class=\"advgb-post-tax-term\">Veranstaltungen<\/span>"]}},"comment_count":"0","relative_dates":{"created":"Posted 11\u00a0Jahren ago","modified":"Updated 11\u00a0Jahren ago"},"absolute_dates":{"created":"Posted on 22. Juli 2015","modified":"Updated on 22. Juli 2015"},"absolute_dates_time":{"created":"Posted on 22. Juli 2015 21:16","modified":"Updated on 22. Juli 2015 21:16"},"featured_img_caption":"","series_order":"","_links":{"self":[{"href":"https:\/\/www.fanprojekt-muenster.de\/wordpress\/wp-json\/wp\/v2\/posts\/4769","targetHints":{"allow":["GET"]}}],"collection":[{"href":"https:\/\/www.fanprojekt-muenster.de\/wordpress\/wp-json\/wp\/v2\/posts"}],"about":[{"href":"https:\/\/www.fanprojekt-muenster.de\/wordpress\/wp-json\/wp\/v2\/types\/post"}],"author":[{"embeddable":true,"href":"https:\/\/www.fanprojekt-muenster.de\/wordpress\/wp-json\/wp\/v2\/users\/2"}],"replies":[{"embeddable":true,"href":"https:\/\/www.fanprojekt-muenster.de\/wordpress\/wp-json\/wp\/v2\/comments?post=4769"}],"version-history":[{"count":0,"href":"https:\/\/www.fanprojekt-muenster.de\/wordpress\/wp-json\/wp\/v2\/posts\/4769\/revisions"}],"wp:featuredmedia":[{"embeddable":true,"href":"https:\/\/www.fanprojekt-muenster.de\/wordpress\/wp-json\/"}],"wp:attachment":[{"href":"https:\/\/www.fanprojekt-muenster.de\/wordpress\/wp-json\/wp\/v2\/media?parent=4769"}],"wp:term":[{"taxonomy":"category","embeddable":true,"href":"https:\/\/www.fanprojekt-muenster.de\/wordpress\/wp-json\/wp\/v2\/categories?post=4769"},{"taxonomy":"post_tag","embeddable":true,"href":"https:\/\/www.fanprojekt-muenster.de\/wordpress\/wp-json\/wp\/v2\/tags?post=4769"}],"curies":[{"name":"wp","href":"https:\/\/api.w.org\/{rel}","templated":true}]}}