{"id":4493,"date":"2015-07-17T18:34:28","date_gmt":"2015-07-17T16:34:28","guid":{"rendered":"http:\/\/www.fanprojekt-muenster.de\/wp\/?p=4493"},"modified":"2015-07-17T18:34:28","modified_gmt":"2015-07-17T16:34:28","slug":"fanfest-und-saisoneroeffnung-stehen-vor-der-tuer","status":"publish","type":"post","link":"https:\/\/www.fanprojekt-muenster.de\/wordpress\/fanfest-und-saisoneroeffnung-stehen-vor-der-tuer\/","title":{"rendered":"Fanfest und Saisoner\u00f6ffnung stehen vor der T\u00fcr"},"content":{"rendered":"<p style=\"text-align: justify;\">Nach der langen Sommerpause geht es nun wieder richtig rund im und ums Preu\u00dfenstadion!<\/p>\n<p style=\"text-align: justify;\">F\u00fcr die Saisoner\u00f6ffnung am Samstag (18.07.2015), eine Woche vor dem Start in die 3. Liga, hat das Fanprojekt mit Fans, Fangruppen und dem Verein ein Fanfest im Eingangsbereich des Preu\u00dfenstadions \u00a0auf die Beine gestellt.<\/p>\n<p style=\"text-align: justify;\">F\u00fcr Kinder gibt es eine H\u00fcpfburg, Kinderschminken und geknotete Luftballon-Figuren. Die \u00c4lteren k\u00f6nnen eigene Buttons f\u00fcr sich gestalten und sich beim Dosenwerfen oder Torwandschie\u00dfen beweisen. Ein ganz pers\u00f6nliches Preu\u00dfen-Plakat kann man sich auch gestalten lassen oder man schaut dem Fanradio Mottekstrehle \u00fcber die Schultern. Zum Eindecken der aktuellen Kollektionen, stehen die Shops der Fangruppen parat sowie der neu gestaltete Fanshop. Mit Zuckerwatte oder Popcorn l\u00e4sst sich das B\u00fchnenprogramm vers\u00fc\u00dfen. Denn neben Interviews und Autogrammstunde mit der Mannschaft, werden die Coverband <em>Middle Excess<\/em> und die Punk-\/Rock-Band <em>Schlappn<\/em> (\u201eMein sch\u00f6nster Fluch&#8220;) die Fans zum Spiel einheizen.<\/p>\n<p style=\"text-align: justify;\">Um 13:45 Uhr \u00f6ffnen die Kassen und Stadiontore, und um 14:00 Uhr beginnt das bunte Treiben im Stadioneingangsbereich. Das Testspiel gegen den Bundesligisten Hannover 96 wird dann um 17:00 Uhr erfolgen und im Anschluss l\u00e4dt das Fanprojekt noch zu einem gemeinsamen Ausklang ein, wozu alle Preu\u00dfenfans herzlich willkommen sind.<\/p>\n<p>&nbsp;<\/p>\n<p>Weitere Informationen: <a href=\"http:\/\/www.scpreussen-muenster.de\/fanfest\/\" target=\"_blank\" rel=\"noopener noreferrer\">http:\/\/www.scpreussen-muenster.de\/fanfest\/<\/a><\/p>\n<p>*Weitere Informationen:\u00a0<a href=\"http:\/\/www.preussen-forum.de\/2015\/07\/17\/saisoneroeffnung-mit-viel-programm-besucht-uns\/\">http:\/\/www.preussen-forum.de\/2015\/07\/17\/saisoneroeffnung-mit-viel-programm-besucht-uns\/<\/a><\/p>\n","protected":false},"excerpt":{"rendered":"<p>Nach der langen Sommerpause geht es nun wieder richtig rund im und ums Preu\u00dfenstadion! F\u00fcr die Saisoner\u00f6ffnung am Samstag (18.07.2015), eine Woche vor dem Start in die 3. Liga, hat&#8230; <a class=\"read-more-link\" href=\"https:\/\/www.fanprojekt-muenster.de\/wordpress\/fanfest-und-saisoneroeffnung-stehen-vor-der-tuer\/\">Read more &raquo;<\/a><\/p>\n","protected":false},"author":2,"featured_media":2054,"comment_status":"closed","ping_status":"closed","sticky":false,"template":"","format":"standard","meta":{"advgb_blocks_editor_width":"","advgb_blocks_columns_visual_guide":"","footnotes":""},"categories":[3],"tags":[],"class_list":["post-4493","post","type-post","status-publish","format-standard","has-post-thumbnail","hentry","category-aktuelles"],"featured_image_src":null,"author_info":{"display_name":"fp_superadmin","author_link":"https:\/\/www.fanprojekt-muenster.de\/wordpress\/author\/fp_superadmin\/"},"yoast_head":"<!-- This site is optimized with the Yoast SEO plugin v27.2 - https:\/\/yoast.com\/product\/yoast-seo-wordpress\/ -->\n<title>Fanfest und Saisoner\u00f6ffnung stehen vor der T\u00fcr - Fangemeinschaft Preu\u00dfen M\u00fcnster e. V.<\/title>\n<meta name=\"robots\" content=\"index, follow, max-snippet:-1, max-image-preview:large, max-video-preview:-1\" \/>\n<link rel=\"canonical\" href=\"https:\/\/www.fanprojekt-muenster.de\/wordpress\/fanfest-und-saisoneroeffnung-stehen-vor-der-tuer\/\" \/>\n<meta property=\"og:locale\" content=\"de_DE\" \/>\n<meta property=\"og:type\" content=\"article\" \/>\n<meta property=\"og:title\" content=\"Fanfest und Saisoner\u00f6ffnung stehen vor der T\u00fcr - Fangemeinschaft Preu\u00dfen M\u00fcnster e. V.\" \/>\n<meta property=\"og:description\" content=\"Nach der langen Sommerpause geht es nun wieder richtig rund im und ums Preu\u00dfenstadion! F\u00fcr die Saisoner\u00f6ffnung am Samstag (18.07.2015), eine Woche vor dem Start in die 3. Liga, hat... Read more &raquo;\" \/>\n<meta property=\"og:url\" content=\"https:\/\/www.fanprojekt-muenster.de\/wordpress\/fanfest-und-saisoneroeffnung-stehen-vor-der-tuer\/\" \/>\n<meta property=\"og:site_name\" content=\"Fangemeinschaft Preu\u00dfen M\u00fcnster e. V.\" \/>\n<meta property=\"article:published_time\" content=\"2015-07-17T16:34:28+00:00\" \/>\n<meta name=\"author\" content=\"fp_superadmin\" \/>\n<meta name=\"twitter:card\" content=\"summary_large_image\" \/>\n<meta name=\"twitter:label1\" content=\"Verfasst von\" \/>\n\t<meta name=\"twitter:data1\" content=\"fp_superadmin\" \/>\n\t<meta name=\"twitter:label2\" content=\"Gesch\u00e4tzte Lesezeit\" \/>\n\t<meta name=\"twitter:data2\" content=\"1\u00a0Minute\" \/>\n<script type=\"application\/ld+json\" class=\"yoast-schema-graph\">{\"@context\":\"https:\/\/schema.org\",\"@graph\":[{\"@type\":\"Article\",\"@id\":\"https:\/\/www.fanprojekt-muenster.de\/wordpress\/fanfest-und-saisoneroeffnung-stehen-vor-der-tuer\/#article\",\"isPartOf\":{\"@id\":\"https:\/\/www.fanprojekt-muenster.de\/wordpress\/fanfest-und-saisoneroeffnung-stehen-vor-der-tuer\/\"},\"author\":{\"name\":\"fp_superadmin\",\"@id\":\"https:\/\/www.fanprojekt-muenster.de\/wordpress\/#\/schema\/person\/9126cc4d73d0d07c75b487075111186c\"},\"headline\":\"Fanfest und Saisoner\u00f6ffnung stehen vor der T\u00fcr\",\"datePublished\":\"2015-07-17T16:34:28+00:00\",\"mainEntityOfPage\":{\"@id\":\"https:\/\/www.fanprojekt-muenster.de\/wordpress\/fanfest-und-saisoneroeffnung-stehen-vor-der-tuer\/\"},\"wordCount\":227,\"publisher\":{\"@id\":\"https:\/\/www.fanprojekt-muenster.de\/wordpress\/#organization\"},\"image\":{\"@id\":\"https:\/\/www.fanprojekt-muenster.de\/wordpress\/fanfest-und-saisoneroeffnung-stehen-vor-der-tuer\/#primaryimage\"},\"thumbnailUrl\":\"\",\"articleSection\":[\"Aktuelles\"],\"inLanguage\":\"de\"},{\"@type\":\"WebPage\",\"@id\":\"https:\/\/www.fanprojekt-muenster.de\/wordpress\/fanfest-und-saisoneroeffnung-stehen-vor-der-tuer\/\",\"url\":\"https:\/\/www.fanprojekt-muenster.de\/wordpress\/fanfest-und-saisoneroeffnung-stehen-vor-der-tuer\/\",\"name\":\"Fanfest und Saisoner\u00f6ffnung stehen vor der T\u00fcr - Fangemeinschaft Preu\u00dfen M\u00fcnster e. V.\",\"isPartOf\":{\"@id\":\"https:\/\/www.fanprojekt-muenster.de\/wordpress\/#website\"},\"primaryImageOfPage\":{\"@id\":\"https:\/\/www.fanprojekt-muenster.de\/wordpress\/fanfest-und-saisoneroeffnung-stehen-vor-der-tuer\/#primaryimage\"},\"image\":{\"@id\":\"https:\/\/www.fanprojekt-muenster.de\/wordpress\/fanfest-und-saisoneroeffnung-stehen-vor-der-tuer\/#primaryimage\"},\"thumbnailUrl\":\"\",\"datePublished\":\"2015-07-17T16:34:28+00:00\",\"breadcrumb\":{\"@id\":\"https:\/\/www.fanprojekt-muenster.de\/wordpress\/fanfest-und-saisoneroeffnung-stehen-vor-der-tuer\/#breadcrumb\"},\"inLanguage\":\"de\",\"potentialAction\":[{\"@type\":\"ReadAction\",\"target\":[\"https:\/\/www.fanprojekt-muenster.de\/wordpress\/fanfest-und-saisoneroeffnung-stehen-vor-der-tuer\/\"]}]},{\"@type\":\"ImageObject\",\"inLanguage\":\"de\",\"@id\":\"https:\/\/www.fanprojekt-muenster.de\/wordpress\/fanfest-und-saisoneroeffnung-stehen-vor-der-tuer\/#primaryimage\",\"url\":\"\",\"contentUrl\":\"\"},{\"@type\":\"BreadcrumbList\",\"@id\":\"https:\/\/www.fanprojekt-muenster.de\/wordpress\/fanfest-und-saisoneroeffnung-stehen-vor-der-tuer\/#breadcrumb\",\"itemListElement\":[{\"@type\":\"ListItem\",\"position\":1,\"name\":\"Startseite\",\"item\":\"https:\/\/www.fanprojekt-muenster.de\/wordpress\/\"},{\"@type\":\"ListItem\",\"position\":2,\"name\":\"Fanfest und Saisoner\u00f6ffnung stehen vor der T\u00fcr\"}]},{\"@type\":\"WebSite\",\"@id\":\"https:\/\/www.fanprojekt-muenster.de\/wordpress\/#website\",\"url\":\"https:\/\/www.fanprojekt-muenster.de\/wordpress\/\",\"name\":\"Fangemeinschaft Preu\u00dfen M\u00fcnster e. V.\",\"description\":\"\",\"publisher\":{\"@id\":\"https:\/\/www.fanprojekt-muenster.de\/wordpress\/#organization\"},\"potentialAction\":[{\"@type\":\"SearchAction\",\"target\":{\"@type\":\"EntryPoint\",\"urlTemplate\":\"https:\/\/www.fanprojekt-muenster.de\/wordpress\/?s={search_term_string}\"},\"query-input\":{\"@type\":\"PropertyValueSpecification\",\"valueRequired\":true,\"valueName\":\"search_term_string\"}}],\"inLanguage\":\"de\"},{\"@type\":\"Organization\",\"@id\":\"https:\/\/www.fanprojekt-muenster.de\/wordpress\/#organization\",\"name\":\"Fangemeinschaft Preu\u00dfen M\u00fcnster e. V.\",\"url\":\"https:\/\/www.fanprojekt-muenster.de\/wordpress\/\",\"logo\":{\"@type\":\"ImageObject\",\"inLanguage\":\"de\",\"@id\":\"https:\/\/www.fanprojekt-muenster.de\/wordpress\/#\/schema\/logo\/image\/\",\"url\":\"https:\/\/www.fanprojekt-muenster.de\/wordpress\/wp-content\/uploads\/2019\/07\/cropped-Website_Logo3-9.png\",\"contentUrl\":\"https:\/\/www.fanprojekt-muenster.de\/wordpress\/wp-content\/uploads\/2019\/07\/cropped-Website_Logo3-9.png\",\"width\":224,\"height\":42,\"caption\":\"Fangemeinschaft Preu\u00dfen M\u00fcnster e. V.\"},\"image\":{\"@id\":\"https:\/\/www.fanprojekt-muenster.de\/wordpress\/#\/schema\/logo\/image\/\"}},{\"@type\":\"Person\",\"@id\":\"https:\/\/www.fanprojekt-muenster.de\/wordpress\/#\/schema\/person\/9126cc4d73d0d07c75b487075111186c\",\"name\":\"fp_superadmin\",\"url\":\"https:\/\/www.fanprojekt-muenster.de\/wordpress\/author\/fp_superadmin\/\"}]}<\/script>\n<!-- \/ Yoast SEO plugin. -->","yoast_head_json":{"title":"Fanfest und Saisoner\u00f6ffnung stehen vor der T\u00fcr - Fangemeinschaft Preu\u00dfen M\u00fcnster e. V.","robots":{"index":"index","follow":"follow","max-snippet":"max-snippet:-1","max-image-preview":"max-image-preview:large","max-video-preview":"max-video-preview:-1"},"canonical":"https:\/\/www.fanprojekt-muenster.de\/wordpress\/fanfest-und-saisoneroeffnung-stehen-vor-der-tuer\/","og_locale":"de_DE","og_type":"article","og_title":"Fanfest und Saisoner\u00f6ffnung stehen vor der T\u00fcr - Fangemeinschaft Preu\u00dfen M\u00fcnster e. V.","og_description":"Nach der langen Sommerpause geht es nun wieder richtig rund im und ums Preu\u00dfenstadion! F\u00fcr die Saisoner\u00f6ffnung am Samstag (18.07.2015), eine Woche vor dem Start in die 3. Liga, hat... Read more &raquo;","og_url":"https:\/\/www.fanprojekt-muenster.de\/wordpress\/fanfest-und-saisoneroeffnung-stehen-vor-der-tuer\/","og_site_name":"Fangemeinschaft Preu\u00dfen M\u00fcnster e. V.","article_published_time":"2015-07-17T16:34:28+00:00","author":"fp_superadmin","twitter_card":"summary_large_image","twitter_misc":{"Verfasst von":"fp_superadmin","Gesch\u00e4tzte Lesezeit":"1\u00a0Minute"},"schema":{"@context":"https:\/\/schema.org","@graph":[{"@type":"Article","@id":"https:\/\/www.fanprojekt-muenster.de\/wordpress\/fanfest-und-saisoneroeffnung-stehen-vor-der-tuer\/#article","isPartOf":{"@id":"https:\/\/www.fanprojekt-muenster.de\/wordpress\/fanfest-und-saisoneroeffnung-stehen-vor-der-tuer\/"},"author":{"name":"fp_superadmin","@id":"https:\/\/www.fanprojekt-muenster.de\/wordpress\/#\/schema\/person\/9126cc4d73d0d07c75b487075111186c"},"headline":"Fanfest und Saisoner\u00f6ffnung stehen vor der T\u00fcr","datePublished":"2015-07-17T16:34:28+00:00","mainEntityOfPage":{"@id":"https:\/\/www.fanprojekt-muenster.de\/wordpress\/fanfest-und-saisoneroeffnung-stehen-vor-der-tuer\/"},"wordCount":227,"publisher":{"@id":"https:\/\/www.fanprojekt-muenster.de\/wordpress\/#organization"},"image":{"@id":"https:\/\/www.fanprojekt-muenster.de\/wordpress\/fanfest-und-saisoneroeffnung-stehen-vor-der-tuer\/#primaryimage"},"thumbnailUrl":"","articleSection":["Aktuelles"],"inLanguage":"de"},{"@type":"WebPage","@id":"https:\/\/www.fanprojekt-muenster.de\/wordpress\/fanfest-und-saisoneroeffnung-stehen-vor-der-tuer\/","url":"https:\/\/www.fanprojekt-muenster.de\/wordpress\/fanfest-und-saisoneroeffnung-stehen-vor-der-tuer\/","name":"Fanfest und Saisoner\u00f6ffnung stehen vor der T\u00fcr - Fangemeinschaft Preu\u00dfen M\u00fcnster e. V.","isPartOf":{"@id":"https:\/\/www.fanprojekt-muenster.de\/wordpress\/#website"},"primaryImageOfPage":{"@id":"https:\/\/www.fanprojekt-muenster.de\/wordpress\/fanfest-und-saisoneroeffnung-stehen-vor-der-tuer\/#primaryimage"},"image":{"@id":"https:\/\/www.fanprojekt-muenster.de\/wordpress\/fanfest-und-saisoneroeffnung-stehen-vor-der-tuer\/#primaryimage"},"thumbnailUrl":"","datePublished":"2015-07-17T16:34:28+00:00","breadcrumb":{"@id":"https:\/\/www.fanprojekt-muenster.de\/wordpress\/fanfest-und-saisoneroeffnung-stehen-vor-der-tuer\/#breadcrumb"},"inLanguage":"de","potentialAction":[{"@type":"ReadAction","target":["https:\/\/www.fanprojekt-muenster.de\/wordpress\/fanfest-und-saisoneroeffnung-stehen-vor-der-tuer\/"]}]},{"@type":"ImageObject","inLanguage":"de","@id":"https:\/\/www.fanprojekt-muenster.de\/wordpress\/fanfest-und-saisoneroeffnung-stehen-vor-der-tuer\/#primaryimage","url":"","contentUrl":""},{"@type":"BreadcrumbList","@id":"https:\/\/www.fanprojekt-muenster.de\/wordpress\/fanfest-und-saisoneroeffnung-stehen-vor-der-tuer\/#breadcrumb","itemListElement":[{"@type":"ListItem","position":1,"name":"Startseite","item":"https:\/\/www.fanprojekt-muenster.de\/wordpress\/"},{"@type":"ListItem","position":2,"name":"Fanfest und Saisoner\u00f6ffnung stehen vor der T\u00fcr"}]},{"@type":"WebSite","@id":"https:\/\/www.fanprojekt-muenster.de\/wordpress\/#website","url":"https:\/\/www.fanprojekt-muenster.de\/wordpress\/","name":"Fangemeinschaft Preu\u00dfen M\u00fcnster e. V.","description":"","publisher":{"@id":"https:\/\/www.fanprojekt-muenster.de\/wordpress\/#organization"},"potentialAction":[{"@type":"SearchAction","target":{"@type":"EntryPoint","urlTemplate":"https:\/\/www.fanprojekt-muenster.de\/wordpress\/?s={search_term_string}"},"query-input":{"@type":"PropertyValueSpecification","valueRequired":true,"valueName":"search_term_string"}}],"inLanguage":"de"},{"@type":"Organization","@id":"https:\/\/www.fanprojekt-muenster.de\/wordpress\/#organization","name":"Fangemeinschaft Preu\u00dfen M\u00fcnster e. V.","url":"https:\/\/www.fanprojekt-muenster.de\/wordpress\/","logo":{"@type":"ImageObject","inLanguage":"de","@id":"https:\/\/www.fanprojekt-muenster.de\/wordpress\/#\/schema\/logo\/image\/","url":"https:\/\/www.fanprojekt-muenster.de\/wordpress\/wp-content\/uploads\/2019\/07\/cropped-Website_Logo3-9.png","contentUrl":"https:\/\/www.fanprojekt-muenster.de\/wordpress\/wp-content\/uploads\/2019\/07\/cropped-Website_Logo3-9.png","width":224,"height":42,"caption":"Fangemeinschaft Preu\u00dfen M\u00fcnster e. V."},"image":{"@id":"https:\/\/www.fanprojekt-muenster.de\/wordpress\/#\/schema\/logo\/image\/"}},{"@type":"Person","@id":"https:\/\/www.fanprojekt-muenster.de\/wordpress\/#\/schema\/person\/9126cc4d73d0d07c75b487075111186c","name":"fp_superadmin","url":"https:\/\/www.fanprojekt-muenster.de\/wordpress\/author\/fp_superadmin\/"}]}},"author_meta":{"display_name":"fp_superadmin","author_link":"https:\/\/www.fanprojekt-muenster.de\/wordpress\/author\/fp_superadmin\/"},"featured_img":null,"coauthors":[],"tax_additional":{"categories":{"linked":["<a href=\"https:\/\/www.fanprojekt-muenster.de\/wordpress\/category\/aktuelles\/\" class=\"advgb-post-tax-term\">Aktuelles<\/a>"],"unlinked":["<span class=\"advgb-post-tax-term\">Aktuelles<\/span>"]}},"comment_count":"0","relative_dates":{"created":"Posted 11\u00a0Jahren ago","modified":"Updated 11\u00a0Jahren ago"},"absolute_dates":{"created":"Posted on 17. Juli 2015","modified":"Updated on 17. Juli 2015"},"absolute_dates_time":{"created":"Posted on 17. Juli 2015 18:34","modified":"Updated on 17. Juli 2015 18:34"},"featured_img_caption":"","series_order":"","_links":{"self":[{"href":"https:\/\/www.fanprojekt-muenster.de\/wordpress\/wp-json\/wp\/v2\/posts\/4493","targetHints":{"allow":["GET"]}}],"collection":[{"href":"https:\/\/www.fanprojekt-muenster.de\/wordpress\/wp-json\/wp\/v2\/posts"}],"about":[{"href":"https:\/\/www.fanprojekt-muenster.de\/wordpress\/wp-json\/wp\/v2\/types\/post"}],"author":[{"embeddable":true,"href":"https:\/\/www.fanprojekt-muenster.de\/wordpress\/wp-json\/wp\/v2\/users\/2"}],"replies":[{"embeddable":true,"href":"https:\/\/www.fanprojekt-muenster.de\/wordpress\/wp-json\/wp\/v2\/comments?post=4493"}],"version-history":[{"count":0,"href":"https:\/\/www.fanprojekt-muenster.de\/wordpress\/wp-json\/wp\/v2\/posts\/4493\/revisions"}],"wp:featuredmedia":[{"embeddable":true,"href":"https:\/\/www.fanprojekt-muenster.de\/wordpress\/wp-json\/"}],"wp:attachment":[{"href":"https:\/\/www.fanprojekt-muenster.de\/wordpress\/wp-json\/wp\/v2\/media?parent=4493"}],"wp:term":[{"taxonomy":"category","embeddable":true,"href":"https:\/\/www.fanprojekt-muenster.de\/wordpress\/wp-json\/wp\/v2\/categories?post=4493"},{"taxonomy":"post_tag","embeddable":true,"href":"https:\/\/www.fanprojekt-muenster.de\/wordpress\/wp-json\/wp\/v2\/tags?post=4493"}],"curies":[{"name":"wp","href":"https:\/\/api.w.org\/{rel}","templated":true}]}}