{"id":4366,"date":"2015-04-28T13:24:19","date_gmt":"2015-04-28T11:24:19","guid":{"rendered":"http:\/\/www.fanprojekt-muenster.de\/wp\/?p=4366"},"modified":"2015-04-28T13:24:19","modified_gmt":"2015-04-28T11:24:19","slug":"fahrradsammelaktion-fuer-fluechtlinge-ein-erfolg","status":"publish","type":"post","link":"https:\/\/www.fanprojekt-muenster.de\/wordpress\/fahrradsammelaktion-fuer-fluechtlinge-ein-erfolg\/","title":{"rendered":"Fahrradsammelaktion f\u00fcr Fl\u00fcchtlinge ein Erfolg"},"content":{"rendered":"<div id=\"attachment_4367\" style=\"width: 310px\" class=\"wp-caption alignright\"><a href=\"http:\/\/www.fanprojekt-muenster.de\/wp\/2015\/04\/28\/fahrradsammelaktion-fuer-fluechtlinge-ein-erfolg\/2015-04-23-uebergabe-fahrraeder-foto_scpreussen\/\"><img loading=\"lazy\" decoding=\"async\" aria-describedby=\"caption-attachment-4367\" class=\"wp-image-4367 size-medium\" src=\"http:\/\/www.fanprojekt-muenster.de\/wp\/wp-content\/uploads\/2015\/04\/2015-04-23-\u00dcbergabe-Fahrr\u00e4der-Foto_SCPreu\u00dfen-300x177.jpg\" alt=\"\u00dcbergabe Fahrradsammelaktion\" width=\"300\" height=\"177\" \/><\/a><p id=\"caption-attachment-4367\" class=\"wp-caption-text\">v.l.n.r. zu sehen: Florian Meuer u. Edo Schmidt (FANport), Christoph Sykulski (Integrationszentrum\u00a0M\u00fcnster), Thomas Conrady (ehrenamtliche Fahrradwerkstatt Muckermannweg), Melanie Kerkeling-Inhestern, Gitta Kock (Fl\u00fcchtlingsunterkunft Muckermannweg), Maximilian Riepenhof (SC Preu\u00dfen M\u00fcnster)<\/p><\/div>\n<p style=\"text-align: justify;\"><strong>20 Fahrr\u00e4der f\u00fcr Fahrradwerkstatt<\/strong><\/p>\n<p style=\"text-align: justify;\">Im Rahmen der Initiative &#8222;Preu\u00dfenfans gemeinsam gegen Rassismus&#8220;, mit der sich viele Preu\u00dfenfans an den Internationalen Wochen gegen Rassismus vom 15. bis 29. M\u00e4rz dieses Jahres beteiligt haben, wurden in einer Fahrradsammelaktion \u00fcber 20 Fahrr\u00e4der im\u00a0FANport abgegeben und gesammelt. Diese Fahrr\u00e4der kommen dem Aufbau einer ehrenamtlichen Fahrradwerkstatt an der Fl\u00fcchtlingsunterkunft am Muckermannweg zugute und landen letztendlich instandgesetzt bei Fl\u00fcchtlingen, die diese dringend ben\u00f6tigen. Wir m\u00f6chten uns auf diesem Wege bei allen Spendern,\u00a0Helfern und beteiligten Fans bedanken\u00a0f\u00fcr die Hilfe und das Engagement bedanken!<\/p>\n<p style=\"text-align: justify;\">Weitere Artikel:<\/p>\n<ul>\n<li style=\"text-align: justify;\"><a title=\"Internationale Wochen gegen Rassismus 2015\" href=\"http:\/\/www.fanprojekt-muenster.de\/wp\/2015\/03\/19\/internationale-wochen-gegen-rassismus-2015\/\">Internationale Wochen gegen Rassismus 2015<\/a><\/li>\n<li style=\"text-align: justify;\"><a title=\"Preu\u00dfenfans gemeinsam gegen Rassismus\" href=\"http:\/\/www.fanprojekt-muenster.de\/wp\/2015\/02\/19\/preussenfans-gemeinsam-gegen-rassismus\/\">Preu\u00dfenfans gemeinsam gegen Rassismus<\/a><\/li>\n<\/ul>\n","protected":false},"excerpt":{"rendered":"<p>20 Fahrr\u00e4der f\u00fcr Fahrradwerkstatt Im Rahmen der Initiative &#8222;Preu\u00dfenfans gemeinsam gegen Rassismus&#8220;, mit der sich viele Preu\u00dfenfans an den Internationalen Wochen gegen Rassismus vom 15. bis 29. M\u00e4rz dieses Jahres&#8230; <a class=\"read-more-link\" href=\"https:\/\/www.fanprojekt-muenster.de\/wordpress\/fahrradsammelaktion-fuer-fluechtlinge-ein-erfolg\/\">Read more &raquo;<\/a><\/p>\n","protected":false},"author":2,"featured_media":4367,"comment_status":"closed","ping_status":"closed","sticky":false,"template":"","format":"standard","meta":{"advgb_blocks_editor_width":"","advgb_blocks_columns_visual_guide":"","footnotes":""},"categories":[2,3],"tags":[],"class_list":["post-4366","post","type-post","status-publish","format-standard","has-post-thumbnail","hentry","category-aktionen","category-aktuelles"],"featured_image_src":null,"author_info":{"display_name":"fp_superadmin","author_link":"https:\/\/www.fanprojekt-muenster.de\/wordpress\/author\/fp_superadmin\/"},"yoast_head":"<!-- This site is optimized with the Yoast SEO plugin v27.2 - https:\/\/yoast.com\/product\/yoast-seo-wordpress\/ -->\n<title>Fahrradsammelaktion f\u00fcr Fl\u00fcchtlinge ein Erfolg - Fangemeinschaft Preu\u00dfen M\u00fcnster e. V.<\/title>\n<meta name=\"robots\" content=\"index, follow, max-snippet:-1, max-image-preview:large, max-video-preview:-1\" \/>\n<link rel=\"canonical\" href=\"https:\/\/www.fanprojekt-muenster.de\/wordpress\/fahrradsammelaktion-fuer-fluechtlinge-ein-erfolg\/\" \/>\n<meta property=\"og:locale\" content=\"de_DE\" \/>\n<meta property=\"og:type\" content=\"article\" \/>\n<meta property=\"og:title\" content=\"Fahrradsammelaktion f\u00fcr Fl\u00fcchtlinge ein Erfolg - Fangemeinschaft Preu\u00dfen M\u00fcnster e. V.\" \/>\n<meta property=\"og:description\" content=\"20 Fahrr\u00e4der f\u00fcr Fahrradwerkstatt Im Rahmen der Initiative &#8222;Preu\u00dfenfans gemeinsam gegen Rassismus&#8220;, mit der sich viele Preu\u00dfenfans an den Internationalen Wochen gegen Rassismus vom 15. bis 29. M\u00e4rz dieses Jahres... Read more &raquo;\" \/>\n<meta property=\"og:url\" content=\"https:\/\/www.fanprojekt-muenster.de\/wordpress\/fahrradsammelaktion-fuer-fluechtlinge-ein-erfolg\/\" \/>\n<meta property=\"og:site_name\" content=\"Fangemeinschaft Preu\u00dfen M\u00fcnster e. V.\" \/>\n<meta property=\"article:published_time\" content=\"2015-04-28T11:24:19+00:00\" \/>\n<meta name=\"author\" content=\"fp_superadmin\" \/>\n<meta name=\"twitter:card\" content=\"summary_large_image\" \/>\n<meta name=\"twitter:label1\" content=\"Verfasst von\" \/>\n\t<meta name=\"twitter:data1\" content=\"fp_superadmin\" \/>\n\t<meta name=\"twitter:label2\" content=\"Gesch\u00e4tzte Lesezeit\" \/>\n\t<meta name=\"twitter:data2\" content=\"1\u00a0Minute\" \/>\n<script type=\"application\/ld+json\" class=\"yoast-schema-graph\">{\"@context\":\"https:\/\/schema.org\",\"@graph\":[{\"@type\":\"Article\",\"@id\":\"https:\/\/www.fanprojekt-muenster.de\/wordpress\/fahrradsammelaktion-fuer-fluechtlinge-ein-erfolg\/#article\",\"isPartOf\":{\"@id\":\"https:\/\/www.fanprojekt-muenster.de\/wordpress\/fahrradsammelaktion-fuer-fluechtlinge-ein-erfolg\/\"},\"author\":{\"name\":\"fp_superadmin\",\"@id\":\"https:\/\/www.fanprojekt-muenster.de\/wordpress\/#\/schema\/person\/9126cc4d73d0d07c75b487075111186c\"},\"headline\":\"Fahrradsammelaktion f\u00fcr Fl\u00fcchtlinge ein Erfolg\",\"datePublished\":\"2015-04-28T11:24:19+00:00\",\"mainEntityOfPage\":{\"@id\":\"https:\/\/www.fanprojekt-muenster.de\/wordpress\/fahrradsammelaktion-fuer-fluechtlinge-ein-erfolg\/\"},\"wordCount\":158,\"publisher\":{\"@id\":\"https:\/\/www.fanprojekt-muenster.de\/wordpress\/#organization\"},\"image\":{\"@id\":\"https:\/\/www.fanprojekt-muenster.de\/wordpress\/fahrradsammelaktion-fuer-fluechtlinge-ein-erfolg\/#primaryimage\"},\"thumbnailUrl\":\"\",\"articleSection\":[\"Aktionen\",\"Aktuelles\"],\"inLanguage\":\"de\"},{\"@type\":\"WebPage\",\"@id\":\"https:\/\/www.fanprojekt-muenster.de\/wordpress\/fahrradsammelaktion-fuer-fluechtlinge-ein-erfolg\/\",\"url\":\"https:\/\/www.fanprojekt-muenster.de\/wordpress\/fahrradsammelaktion-fuer-fluechtlinge-ein-erfolg\/\",\"name\":\"Fahrradsammelaktion f\u00fcr Fl\u00fcchtlinge ein Erfolg - Fangemeinschaft Preu\u00dfen M\u00fcnster e. V.\",\"isPartOf\":{\"@id\":\"https:\/\/www.fanprojekt-muenster.de\/wordpress\/#website\"},\"primaryImageOfPage\":{\"@id\":\"https:\/\/www.fanprojekt-muenster.de\/wordpress\/fahrradsammelaktion-fuer-fluechtlinge-ein-erfolg\/#primaryimage\"},\"image\":{\"@id\":\"https:\/\/www.fanprojekt-muenster.de\/wordpress\/fahrradsammelaktion-fuer-fluechtlinge-ein-erfolg\/#primaryimage\"},\"thumbnailUrl\":\"\",\"datePublished\":\"2015-04-28T11:24:19+00:00\",\"breadcrumb\":{\"@id\":\"https:\/\/www.fanprojekt-muenster.de\/wordpress\/fahrradsammelaktion-fuer-fluechtlinge-ein-erfolg\/#breadcrumb\"},\"inLanguage\":\"de\",\"potentialAction\":[{\"@type\":\"ReadAction\",\"target\":[\"https:\/\/www.fanprojekt-muenster.de\/wordpress\/fahrradsammelaktion-fuer-fluechtlinge-ein-erfolg\/\"]}]},{\"@type\":\"ImageObject\",\"inLanguage\":\"de\",\"@id\":\"https:\/\/www.fanprojekt-muenster.de\/wordpress\/fahrradsammelaktion-fuer-fluechtlinge-ein-erfolg\/#primaryimage\",\"url\":\"\",\"contentUrl\":\"\"},{\"@type\":\"BreadcrumbList\",\"@id\":\"https:\/\/www.fanprojekt-muenster.de\/wordpress\/fahrradsammelaktion-fuer-fluechtlinge-ein-erfolg\/#breadcrumb\",\"itemListElement\":[{\"@type\":\"ListItem\",\"position\":1,\"name\":\"Startseite\",\"item\":\"https:\/\/www.fanprojekt-muenster.de\/wordpress\/\"},{\"@type\":\"ListItem\",\"position\":2,\"name\":\"Fahrradsammelaktion f\u00fcr Fl\u00fcchtlinge ein Erfolg\"}]},{\"@type\":\"WebSite\",\"@id\":\"https:\/\/www.fanprojekt-muenster.de\/wordpress\/#website\",\"url\":\"https:\/\/www.fanprojekt-muenster.de\/wordpress\/\",\"name\":\"Fangemeinschaft Preu\u00dfen M\u00fcnster e. V.\",\"description\":\"\",\"publisher\":{\"@id\":\"https:\/\/www.fanprojekt-muenster.de\/wordpress\/#organization\"},\"potentialAction\":[{\"@type\":\"SearchAction\",\"target\":{\"@type\":\"EntryPoint\",\"urlTemplate\":\"https:\/\/www.fanprojekt-muenster.de\/wordpress\/?s={search_term_string}\"},\"query-input\":{\"@type\":\"PropertyValueSpecification\",\"valueRequired\":true,\"valueName\":\"search_term_string\"}}],\"inLanguage\":\"de\"},{\"@type\":\"Organization\",\"@id\":\"https:\/\/www.fanprojekt-muenster.de\/wordpress\/#organization\",\"name\":\"Fangemeinschaft Preu\u00dfen M\u00fcnster e. V.\",\"url\":\"https:\/\/www.fanprojekt-muenster.de\/wordpress\/\",\"logo\":{\"@type\":\"ImageObject\",\"inLanguage\":\"de\",\"@id\":\"https:\/\/www.fanprojekt-muenster.de\/wordpress\/#\/schema\/logo\/image\/\",\"url\":\"https:\/\/www.fanprojekt-muenster.de\/wordpress\/wp-content\/uploads\/2019\/07\/cropped-Website_Logo3-9.png\",\"contentUrl\":\"https:\/\/www.fanprojekt-muenster.de\/wordpress\/wp-content\/uploads\/2019\/07\/cropped-Website_Logo3-9.png\",\"width\":224,\"height\":42,\"caption\":\"Fangemeinschaft Preu\u00dfen M\u00fcnster e. V.\"},\"image\":{\"@id\":\"https:\/\/www.fanprojekt-muenster.de\/wordpress\/#\/schema\/logo\/image\/\"}},{\"@type\":\"Person\",\"@id\":\"https:\/\/www.fanprojekt-muenster.de\/wordpress\/#\/schema\/person\/9126cc4d73d0d07c75b487075111186c\",\"name\":\"fp_superadmin\",\"url\":\"https:\/\/www.fanprojekt-muenster.de\/wordpress\/author\/fp_superadmin\/\"}]}<\/script>\n<!-- \/ Yoast SEO plugin. -->","yoast_head_json":{"title":"Fahrradsammelaktion f\u00fcr Fl\u00fcchtlinge ein Erfolg - Fangemeinschaft Preu\u00dfen M\u00fcnster e. V.","robots":{"index":"index","follow":"follow","max-snippet":"max-snippet:-1","max-image-preview":"max-image-preview:large","max-video-preview":"max-video-preview:-1"},"canonical":"https:\/\/www.fanprojekt-muenster.de\/wordpress\/fahrradsammelaktion-fuer-fluechtlinge-ein-erfolg\/","og_locale":"de_DE","og_type":"article","og_title":"Fahrradsammelaktion f\u00fcr Fl\u00fcchtlinge ein Erfolg - Fangemeinschaft Preu\u00dfen M\u00fcnster e. V.","og_description":"20 Fahrr\u00e4der f\u00fcr Fahrradwerkstatt Im Rahmen der Initiative &#8222;Preu\u00dfenfans gemeinsam gegen Rassismus&#8220;, mit der sich viele Preu\u00dfenfans an den Internationalen Wochen gegen Rassismus vom 15. bis 29. M\u00e4rz dieses Jahres... Read more &raquo;","og_url":"https:\/\/www.fanprojekt-muenster.de\/wordpress\/fahrradsammelaktion-fuer-fluechtlinge-ein-erfolg\/","og_site_name":"Fangemeinschaft Preu\u00dfen M\u00fcnster e. V.","article_published_time":"2015-04-28T11:24:19+00:00","author":"fp_superadmin","twitter_card":"summary_large_image","twitter_misc":{"Verfasst von":"fp_superadmin","Gesch\u00e4tzte Lesezeit":"1\u00a0Minute"},"schema":{"@context":"https:\/\/schema.org","@graph":[{"@type":"Article","@id":"https:\/\/www.fanprojekt-muenster.de\/wordpress\/fahrradsammelaktion-fuer-fluechtlinge-ein-erfolg\/#article","isPartOf":{"@id":"https:\/\/www.fanprojekt-muenster.de\/wordpress\/fahrradsammelaktion-fuer-fluechtlinge-ein-erfolg\/"},"author":{"name":"fp_superadmin","@id":"https:\/\/www.fanprojekt-muenster.de\/wordpress\/#\/schema\/person\/9126cc4d73d0d07c75b487075111186c"},"headline":"Fahrradsammelaktion f\u00fcr Fl\u00fcchtlinge ein Erfolg","datePublished":"2015-04-28T11:24:19+00:00","mainEntityOfPage":{"@id":"https:\/\/www.fanprojekt-muenster.de\/wordpress\/fahrradsammelaktion-fuer-fluechtlinge-ein-erfolg\/"},"wordCount":158,"publisher":{"@id":"https:\/\/www.fanprojekt-muenster.de\/wordpress\/#organization"},"image":{"@id":"https:\/\/www.fanprojekt-muenster.de\/wordpress\/fahrradsammelaktion-fuer-fluechtlinge-ein-erfolg\/#primaryimage"},"thumbnailUrl":"","articleSection":["Aktionen","Aktuelles"],"inLanguage":"de"},{"@type":"WebPage","@id":"https:\/\/www.fanprojekt-muenster.de\/wordpress\/fahrradsammelaktion-fuer-fluechtlinge-ein-erfolg\/","url":"https:\/\/www.fanprojekt-muenster.de\/wordpress\/fahrradsammelaktion-fuer-fluechtlinge-ein-erfolg\/","name":"Fahrradsammelaktion f\u00fcr Fl\u00fcchtlinge ein Erfolg - Fangemeinschaft Preu\u00dfen M\u00fcnster e. V.","isPartOf":{"@id":"https:\/\/www.fanprojekt-muenster.de\/wordpress\/#website"},"primaryImageOfPage":{"@id":"https:\/\/www.fanprojekt-muenster.de\/wordpress\/fahrradsammelaktion-fuer-fluechtlinge-ein-erfolg\/#primaryimage"},"image":{"@id":"https:\/\/www.fanprojekt-muenster.de\/wordpress\/fahrradsammelaktion-fuer-fluechtlinge-ein-erfolg\/#primaryimage"},"thumbnailUrl":"","datePublished":"2015-04-28T11:24:19+00:00","breadcrumb":{"@id":"https:\/\/www.fanprojekt-muenster.de\/wordpress\/fahrradsammelaktion-fuer-fluechtlinge-ein-erfolg\/#breadcrumb"},"inLanguage":"de","potentialAction":[{"@type":"ReadAction","target":["https:\/\/www.fanprojekt-muenster.de\/wordpress\/fahrradsammelaktion-fuer-fluechtlinge-ein-erfolg\/"]}]},{"@type":"ImageObject","inLanguage":"de","@id":"https:\/\/www.fanprojekt-muenster.de\/wordpress\/fahrradsammelaktion-fuer-fluechtlinge-ein-erfolg\/#primaryimage","url":"","contentUrl":""},{"@type":"BreadcrumbList","@id":"https:\/\/www.fanprojekt-muenster.de\/wordpress\/fahrradsammelaktion-fuer-fluechtlinge-ein-erfolg\/#breadcrumb","itemListElement":[{"@type":"ListItem","position":1,"name":"Startseite","item":"https:\/\/www.fanprojekt-muenster.de\/wordpress\/"},{"@type":"ListItem","position":2,"name":"Fahrradsammelaktion f\u00fcr Fl\u00fcchtlinge ein Erfolg"}]},{"@type":"WebSite","@id":"https:\/\/www.fanprojekt-muenster.de\/wordpress\/#website","url":"https:\/\/www.fanprojekt-muenster.de\/wordpress\/","name":"Fangemeinschaft Preu\u00dfen M\u00fcnster e. V.","description":"","publisher":{"@id":"https:\/\/www.fanprojekt-muenster.de\/wordpress\/#organization"},"potentialAction":[{"@type":"SearchAction","target":{"@type":"EntryPoint","urlTemplate":"https:\/\/www.fanprojekt-muenster.de\/wordpress\/?s={search_term_string}"},"query-input":{"@type":"PropertyValueSpecification","valueRequired":true,"valueName":"search_term_string"}}],"inLanguage":"de"},{"@type":"Organization","@id":"https:\/\/www.fanprojekt-muenster.de\/wordpress\/#organization","name":"Fangemeinschaft Preu\u00dfen M\u00fcnster e. V.","url":"https:\/\/www.fanprojekt-muenster.de\/wordpress\/","logo":{"@type":"ImageObject","inLanguage":"de","@id":"https:\/\/www.fanprojekt-muenster.de\/wordpress\/#\/schema\/logo\/image\/","url":"https:\/\/www.fanprojekt-muenster.de\/wordpress\/wp-content\/uploads\/2019\/07\/cropped-Website_Logo3-9.png","contentUrl":"https:\/\/www.fanprojekt-muenster.de\/wordpress\/wp-content\/uploads\/2019\/07\/cropped-Website_Logo3-9.png","width":224,"height":42,"caption":"Fangemeinschaft Preu\u00dfen M\u00fcnster e. V."},"image":{"@id":"https:\/\/www.fanprojekt-muenster.de\/wordpress\/#\/schema\/logo\/image\/"}},{"@type":"Person","@id":"https:\/\/www.fanprojekt-muenster.de\/wordpress\/#\/schema\/person\/9126cc4d73d0d07c75b487075111186c","name":"fp_superadmin","url":"https:\/\/www.fanprojekt-muenster.de\/wordpress\/author\/fp_superadmin\/"}]}},"author_meta":{"display_name":"fp_superadmin","author_link":"https:\/\/www.fanprojekt-muenster.de\/wordpress\/author\/fp_superadmin\/"},"featured_img":null,"coauthors":[],"tax_additional":{"categories":{"linked":["<a href=\"https:\/\/www.fanprojekt-muenster.de\/wordpress\/category\/aktionen\/\" class=\"advgb-post-tax-term\">Aktionen<\/a>","<a href=\"https:\/\/www.fanprojekt-muenster.de\/wordpress\/category\/aktuelles\/\" class=\"advgb-post-tax-term\">Aktuelles<\/a>"],"unlinked":["<span class=\"advgb-post-tax-term\">Aktionen<\/span>","<span class=\"advgb-post-tax-term\">Aktuelles<\/span>"]}},"comment_count":"0","relative_dates":{"created":"Posted 11\u00a0Jahren ago","modified":"Updated 11\u00a0Jahren ago"},"absolute_dates":{"created":"Posted on 28. April 2015","modified":"Updated on 28. April 2015"},"absolute_dates_time":{"created":"Posted on 28. April 2015 13:24","modified":"Updated on 28. April 2015 13:24"},"featured_img_caption":"","series_order":"","_links":{"self":[{"href":"https:\/\/www.fanprojekt-muenster.de\/wordpress\/wp-json\/wp\/v2\/posts\/4366","targetHints":{"allow":["GET"]}}],"collection":[{"href":"https:\/\/www.fanprojekt-muenster.de\/wordpress\/wp-json\/wp\/v2\/posts"}],"about":[{"href":"https:\/\/www.fanprojekt-muenster.de\/wordpress\/wp-json\/wp\/v2\/types\/post"}],"author":[{"embeddable":true,"href":"https:\/\/www.fanprojekt-muenster.de\/wordpress\/wp-json\/wp\/v2\/users\/2"}],"replies":[{"embeddable":true,"href":"https:\/\/www.fanprojekt-muenster.de\/wordpress\/wp-json\/wp\/v2\/comments?post=4366"}],"version-history":[{"count":0,"href":"https:\/\/www.fanprojekt-muenster.de\/wordpress\/wp-json\/wp\/v2\/posts\/4366\/revisions"}],"wp:featuredmedia":[{"embeddable":true,"href":"https:\/\/www.fanprojekt-muenster.de\/wordpress\/wp-json\/"}],"wp:attachment":[{"href":"https:\/\/www.fanprojekt-muenster.de\/wordpress\/wp-json\/wp\/v2\/media?parent=4366"}],"wp:term":[{"taxonomy":"category","embeddable":true,"href":"https:\/\/www.fanprojekt-muenster.de\/wordpress\/wp-json\/wp\/v2\/categories?post=4366"},{"taxonomy":"post_tag","embeddable":true,"href":"https:\/\/www.fanprojekt-muenster.de\/wordpress\/wp-json\/wp\/v2\/tags?post=4366"}],"curies":[{"name":"wp","href":"https:\/\/api.w.org\/{rel}","templated":true}]}}