{"id":4342,"date":"2015-04-14T12:50:20","date_gmt":"2015-04-14T10:50:20","guid":{"rendered":"http:\/\/www.fanprojekt-muenster.de\/wp\/?p=4342"},"modified":"2015-04-14T12:50:20","modified_gmt":"2015-04-14T10:50:20","slug":"flemmen-mit-dem-fanprojekt","status":"publish","type":"post","link":"https:\/\/www.fanprojekt-muenster.de\/wordpress\/flemmen-mit-dem-fanprojekt\/","title":{"rendered":"Flemmen mit dem Fanprojekt"},"content":{"rendered":"<p style=\"text-align: justify;\"><span style=\"color: #999999;\">(c) Grafik:\u00a0<a style=\"color: #999999;\" href=\"http:\/\/www.soccer-halle.de\/\" target=\"_blank\" rel=\"noopener noreferrer\">http:\/\/www.soccer-halle.de\/<br \/>\n<\/a><\/span><\/p>\n<p style=\"text-align: justify;\">Hallo Preu\u00dfenfans und Fanprojektmitglieder,<\/p>\n<p style=\"text-align: justify;\">wir m\u00f6chten versuchen, eine Fu\u00dfballmannschaft f\u00fcr Fanprojektmitglieder ins Leben zu rufen, die sich ca. einmal im Monat zum flemmen trifft und die die M\u00f6glichkeit erh\u00e4lt, an zwei oder drei Turnieren im Jahr teilzunehmen. In diesem Schritt m\u00f6chten wir Euer Interesse abfragen, um zu schauen, ob wir diese Idee umsetzen k\u00f6nnen. Dazu\u00a0laden wir Euch zun\u00e4chst einmal zu einem &#8222;ersten Sichtungstraining&#8220; am <strong>Montag, den 27.04.15 um 20.30 Uhr<\/strong> in die <a href=\"http:\/\/www.soccer-halle.de\/\" target=\"_blank\" rel=\"noopener noreferrer\">Soccer-Halle Rummenigge<\/a>\u00a0ein. Eingeladen sind alle interessieren Fanprojektmitglieder ab 16 Jahren die Lust\u00a0auf kicken haben. Da die Teinehmerzahl bei diesem ersten Training begrenzt ist, m\u00f6chten wir Euch bitten, Euch bei Frank Weber unter der E-Mail Adresse <a href=\"mailto:flemmen@fanprojekt-muenster.de\">flemmen@fanprojekt-muenster.de<\/a>\u00a0vorab anzumelden. Der Unkostenbeitrag pro Person wird zwischen 3 und 4 Euro liegen, je nach Teilnehmeranzahl.<\/p>\n<h4 style=\"text-align: justify;\"><strong>Termine<\/strong><\/h4>\n<p style=\"text-align: justify;\"><strong>27.04.15 |\u00a020.15 &#8211; 22 Uhr<\/strong><br \/>\n1. Training &#8211; Soccerhalle Rummenigge<br \/>\nTreffen vor der Halle<\/p>\n<p style=\"text-align: justify;\"><strong>Ende Mai\/Anfang Juni:<\/strong><br \/>\n2. Training &#8211; Outdoor<br \/>\nTermin\/ Ort\/ Zeit stehen noch nicht fest<\/p>\n<p style=\"text-align: justify;\">\u00a0Wir halten Euch \u00fcber neue Informationen auf dem Laufenden und\u00a0freuen uns auf Euch!<\/p>\n","protected":false},"excerpt":{"rendered":"<p>(c) Grafik:\u00a0http:\/\/www.soccer-halle.de\/ Hallo Preu\u00dfenfans und Fanprojektmitglieder, wir m\u00f6chten versuchen, eine Fu\u00dfballmannschaft f\u00fcr Fanprojektmitglieder ins Leben zu rufen, die sich ca. einmal im Monat zum flemmen trifft und die die M\u00f6glichkeit&#8230; <a class=\"read-more-link\" href=\"https:\/\/www.fanprojekt-muenster.de\/wordpress\/flemmen-mit-dem-fanprojekt\/\">Read more &raquo;<\/a><\/p>\n","protected":false},"author":2,"featured_media":4343,"comment_status":"closed","ping_status":"closed","sticky":false,"template":"","format":"standard","meta":{"advgb_blocks_editor_width":"","advgb_blocks_columns_visual_guide":"","footnotes":""},"categories":[2,3],"tags":[112,123,128,170],"class_list":["post-4342","post","type-post","status-publish","format-standard","has-post-thumbnail","hentry","category-aktionen","category-aktuelles","tag-fanprojekt","tag-flemmen","tag-fussballmannschaft","tag-mitglieder"],"featured_image_src":null,"author_info":{"display_name":"fp_superadmin","author_link":"https:\/\/www.fanprojekt-muenster.de\/wordpress\/author\/fp_superadmin\/"},"yoast_head":"<!-- This site is optimized with the Yoast SEO plugin v27.2 - https:\/\/yoast.com\/product\/yoast-seo-wordpress\/ -->\n<title>Flemmen mit dem Fanprojekt - Fangemeinschaft Preu\u00dfen M\u00fcnster e. V.<\/title>\n<meta name=\"robots\" content=\"index, follow, max-snippet:-1, max-image-preview:large, max-video-preview:-1\" \/>\n<link rel=\"canonical\" href=\"https:\/\/www.fanprojekt-muenster.de\/wordpress\/flemmen-mit-dem-fanprojekt\/\" \/>\n<meta property=\"og:locale\" content=\"de_DE\" \/>\n<meta property=\"og:type\" content=\"article\" \/>\n<meta property=\"og:title\" content=\"Flemmen mit dem Fanprojekt - Fangemeinschaft Preu\u00dfen M\u00fcnster e. V.\" \/>\n<meta property=\"og:description\" content=\"(c) Grafik:\u00a0http:\/\/www.soccer-halle.de\/ Hallo Preu\u00dfenfans und Fanprojektmitglieder, wir m\u00f6chten versuchen, eine Fu\u00dfballmannschaft f\u00fcr Fanprojektmitglieder ins Leben zu rufen, die sich ca. einmal im Monat zum flemmen trifft und die die M\u00f6glichkeit... Read more &raquo;\" \/>\n<meta property=\"og:url\" content=\"https:\/\/www.fanprojekt-muenster.de\/wordpress\/flemmen-mit-dem-fanprojekt\/\" \/>\n<meta property=\"og:site_name\" content=\"Fangemeinschaft Preu\u00dfen M\u00fcnster e. V.\" \/>\n<meta property=\"article:published_time\" content=\"2015-04-14T10:50:20+00:00\" \/>\n<meta name=\"author\" content=\"fp_superadmin\" \/>\n<meta name=\"twitter:card\" content=\"summary_large_image\" \/>\n<meta name=\"twitter:label1\" content=\"Verfasst von\" \/>\n\t<meta name=\"twitter:data1\" content=\"fp_superadmin\" \/>\n\t<meta name=\"twitter:label2\" content=\"Gesch\u00e4tzte Lesezeit\" \/>\n\t<meta name=\"twitter:data2\" content=\"1\u00a0Minute\" \/>\n<script type=\"application\/ld+json\" class=\"yoast-schema-graph\">{\"@context\":\"https:\/\/schema.org\",\"@graph\":[{\"@type\":\"Article\",\"@id\":\"https:\/\/www.fanprojekt-muenster.de\/wordpress\/flemmen-mit-dem-fanprojekt\/#article\",\"isPartOf\":{\"@id\":\"https:\/\/www.fanprojekt-muenster.de\/wordpress\/flemmen-mit-dem-fanprojekt\/\"},\"author\":{\"name\":\"fp_superadmin\",\"@id\":\"https:\/\/www.fanprojekt-muenster.de\/wordpress\/#\/schema\/person\/9126cc4d73d0d07c75b487075111186c\"},\"headline\":\"Flemmen mit dem Fanprojekt\",\"datePublished\":\"2015-04-14T10:50:20+00:00\",\"mainEntityOfPage\":{\"@id\":\"https:\/\/www.fanprojekt-muenster.de\/wordpress\/flemmen-mit-dem-fanprojekt\/\"},\"wordCount\":183,\"publisher\":{\"@id\":\"https:\/\/www.fanprojekt-muenster.de\/wordpress\/#organization\"},\"image\":{\"@id\":\"https:\/\/www.fanprojekt-muenster.de\/wordpress\/flemmen-mit-dem-fanprojekt\/#primaryimage\"},\"thumbnailUrl\":\"\",\"keywords\":[\"Fanprojekt\",\"Flemmen\",\"Fu\u00dfballmannschaft\",\"Mitglieder\"],\"articleSection\":[\"Aktionen\",\"Aktuelles\"],\"inLanguage\":\"de\"},{\"@type\":\"WebPage\",\"@id\":\"https:\/\/www.fanprojekt-muenster.de\/wordpress\/flemmen-mit-dem-fanprojekt\/\",\"url\":\"https:\/\/www.fanprojekt-muenster.de\/wordpress\/flemmen-mit-dem-fanprojekt\/\",\"name\":\"Flemmen mit dem Fanprojekt - Fangemeinschaft Preu\u00dfen M\u00fcnster e. V.\",\"isPartOf\":{\"@id\":\"https:\/\/www.fanprojekt-muenster.de\/wordpress\/#website\"},\"primaryImageOfPage\":{\"@id\":\"https:\/\/www.fanprojekt-muenster.de\/wordpress\/flemmen-mit-dem-fanprojekt\/#primaryimage\"},\"image\":{\"@id\":\"https:\/\/www.fanprojekt-muenster.de\/wordpress\/flemmen-mit-dem-fanprojekt\/#primaryimage\"},\"thumbnailUrl\":\"\",\"datePublished\":\"2015-04-14T10:50:20+00:00\",\"breadcrumb\":{\"@id\":\"https:\/\/www.fanprojekt-muenster.de\/wordpress\/flemmen-mit-dem-fanprojekt\/#breadcrumb\"},\"inLanguage\":\"de\",\"potentialAction\":[{\"@type\":\"ReadAction\",\"target\":[\"https:\/\/www.fanprojekt-muenster.de\/wordpress\/flemmen-mit-dem-fanprojekt\/\"]}]},{\"@type\":\"ImageObject\",\"inLanguage\":\"de\",\"@id\":\"https:\/\/www.fanprojekt-muenster.de\/wordpress\/flemmen-mit-dem-fanprojekt\/#primaryimage\",\"url\":\"\",\"contentUrl\":\"\"},{\"@type\":\"BreadcrumbList\",\"@id\":\"https:\/\/www.fanprojekt-muenster.de\/wordpress\/flemmen-mit-dem-fanprojekt\/#breadcrumb\",\"itemListElement\":[{\"@type\":\"ListItem\",\"position\":1,\"name\":\"Startseite\",\"item\":\"https:\/\/www.fanprojekt-muenster.de\/wordpress\/\"},{\"@type\":\"ListItem\",\"position\":2,\"name\":\"Flemmen mit dem Fanprojekt\"}]},{\"@type\":\"WebSite\",\"@id\":\"https:\/\/www.fanprojekt-muenster.de\/wordpress\/#website\",\"url\":\"https:\/\/www.fanprojekt-muenster.de\/wordpress\/\",\"name\":\"Fangemeinschaft Preu\u00dfen M\u00fcnster e. V.\",\"description\":\"\",\"publisher\":{\"@id\":\"https:\/\/www.fanprojekt-muenster.de\/wordpress\/#organization\"},\"potentialAction\":[{\"@type\":\"SearchAction\",\"target\":{\"@type\":\"EntryPoint\",\"urlTemplate\":\"https:\/\/www.fanprojekt-muenster.de\/wordpress\/?s={search_term_string}\"},\"query-input\":{\"@type\":\"PropertyValueSpecification\",\"valueRequired\":true,\"valueName\":\"search_term_string\"}}],\"inLanguage\":\"de\"},{\"@type\":\"Organization\",\"@id\":\"https:\/\/www.fanprojekt-muenster.de\/wordpress\/#organization\",\"name\":\"Fangemeinschaft Preu\u00dfen M\u00fcnster e. V.\",\"url\":\"https:\/\/www.fanprojekt-muenster.de\/wordpress\/\",\"logo\":{\"@type\":\"ImageObject\",\"inLanguage\":\"de\",\"@id\":\"https:\/\/www.fanprojekt-muenster.de\/wordpress\/#\/schema\/logo\/image\/\",\"url\":\"https:\/\/www.fanprojekt-muenster.de\/wordpress\/wp-content\/uploads\/2019\/07\/cropped-Website_Logo3-9.png\",\"contentUrl\":\"https:\/\/www.fanprojekt-muenster.de\/wordpress\/wp-content\/uploads\/2019\/07\/cropped-Website_Logo3-9.png\",\"width\":224,\"height\":42,\"caption\":\"Fangemeinschaft Preu\u00dfen M\u00fcnster e. V.\"},\"image\":{\"@id\":\"https:\/\/www.fanprojekt-muenster.de\/wordpress\/#\/schema\/logo\/image\/\"}},{\"@type\":\"Person\",\"@id\":\"https:\/\/www.fanprojekt-muenster.de\/wordpress\/#\/schema\/person\/9126cc4d73d0d07c75b487075111186c\",\"name\":\"fp_superadmin\",\"url\":\"https:\/\/www.fanprojekt-muenster.de\/wordpress\/author\/fp_superadmin\/\"}]}<\/script>\n<!-- \/ Yoast SEO plugin. -->","yoast_head_json":{"title":"Flemmen mit dem Fanprojekt - Fangemeinschaft Preu\u00dfen M\u00fcnster e. V.","robots":{"index":"index","follow":"follow","max-snippet":"max-snippet:-1","max-image-preview":"max-image-preview:large","max-video-preview":"max-video-preview:-1"},"canonical":"https:\/\/www.fanprojekt-muenster.de\/wordpress\/flemmen-mit-dem-fanprojekt\/","og_locale":"de_DE","og_type":"article","og_title":"Flemmen mit dem Fanprojekt - Fangemeinschaft Preu\u00dfen M\u00fcnster e. V.","og_description":"(c) Grafik:\u00a0http:\/\/www.soccer-halle.de\/ Hallo Preu\u00dfenfans und Fanprojektmitglieder, wir m\u00f6chten versuchen, eine Fu\u00dfballmannschaft f\u00fcr Fanprojektmitglieder ins Leben zu rufen, die sich ca. einmal im Monat zum flemmen trifft und die die M\u00f6glichkeit... Read more &raquo;","og_url":"https:\/\/www.fanprojekt-muenster.de\/wordpress\/flemmen-mit-dem-fanprojekt\/","og_site_name":"Fangemeinschaft Preu\u00dfen M\u00fcnster e. V.","article_published_time":"2015-04-14T10:50:20+00:00","author":"fp_superadmin","twitter_card":"summary_large_image","twitter_misc":{"Verfasst von":"fp_superadmin","Gesch\u00e4tzte Lesezeit":"1\u00a0Minute"},"schema":{"@context":"https:\/\/schema.org","@graph":[{"@type":"Article","@id":"https:\/\/www.fanprojekt-muenster.de\/wordpress\/flemmen-mit-dem-fanprojekt\/#article","isPartOf":{"@id":"https:\/\/www.fanprojekt-muenster.de\/wordpress\/flemmen-mit-dem-fanprojekt\/"},"author":{"name":"fp_superadmin","@id":"https:\/\/www.fanprojekt-muenster.de\/wordpress\/#\/schema\/person\/9126cc4d73d0d07c75b487075111186c"},"headline":"Flemmen mit dem Fanprojekt","datePublished":"2015-04-14T10:50:20+00:00","mainEntityOfPage":{"@id":"https:\/\/www.fanprojekt-muenster.de\/wordpress\/flemmen-mit-dem-fanprojekt\/"},"wordCount":183,"publisher":{"@id":"https:\/\/www.fanprojekt-muenster.de\/wordpress\/#organization"},"image":{"@id":"https:\/\/www.fanprojekt-muenster.de\/wordpress\/flemmen-mit-dem-fanprojekt\/#primaryimage"},"thumbnailUrl":"","keywords":["Fanprojekt","Flemmen","Fu\u00dfballmannschaft","Mitglieder"],"articleSection":["Aktionen","Aktuelles"],"inLanguage":"de"},{"@type":"WebPage","@id":"https:\/\/www.fanprojekt-muenster.de\/wordpress\/flemmen-mit-dem-fanprojekt\/","url":"https:\/\/www.fanprojekt-muenster.de\/wordpress\/flemmen-mit-dem-fanprojekt\/","name":"Flemmen mit dem Fanprojekt - Fangemeinschaft Preu\u00dfen M\u00fcnster e. V.","isPartOf":{"@id":"https:\/\/www.fanprojekt-muenster.de\/wordpress\/#website"},"primaryImageOfPage":{"@id":"https:\/\/www.fanprojekt-muenster.de\/wordpress\/flemmen-mit-dem-fanprojekt\/#primaryimage"},"image":{"@id":"https:\/\/www.fanprojekt-muenster.de\/wordpress\/flemmen-mit-dem-fanprojekt\/#primaryimage"},"thumbnailUrl":"","datePublished":"2015-04-14T10:50:20+00:00","breadcrumb":{"@id":"https:\/\/www.fanprojekt-muenster.de\/wordpress\/flemmen-mit-dem-fanprojekt\/#breadcrumb"},"inLanguage":"de","potentialAction":[{"@type":"ReadAction","target":["https:\/\/www.fanprojekt-muenster.de\/wordpress\/flemmen-mit-dem-fanprojekt\/"]}]},{"@type":"ImageObject","inLanguage":"de","@id":"https:\/\/www.fanprojekt-muenster.de\/wordpress\/flemmen-mit-dem-fanprojekt\/#primaryimage","url":"","contentUrl":""},{"@type":"BreadcrumbList","@id":"https:\/\/www.fanprojekt-muenster.de\/wordpress\/flemmen-mit-dem-fanprojekt\/#breadcrumb","itemListElement":[{"@type":"ListItem","position":1,"name":"Startseite","item":"https:\/\/www.fanprojekt-muenster.de\/wordpress\/"},{"@type":"ListItem","position":2,"name":"Flemmen mit dem Fanprojekt"}]},{"@type":"WebSite","@id":"https:\/\/www.fanprojekt-muenster.de\/wordpress\/#website","url":"https:\/\/www.fanprojekt-muenster.de\/wordpress\/","name":"Fangemeinschaft Preu\u00dfen M\u00fcnster e. V.","description":"","publisher":{"@id":"https:\/\/www.fanprojekt-muenster.de\/wordpress\/#organization"},"potentialAction":[{"@type":"SearchAction","target":{"@type":"EntryPoint","urlTemplate":"https:\/\/www.fanprojekt-muenster.de\/wordpress\/?s={search_term_string}"},"query-input":{"@type":"PropertyValueSpecification","valueRequired":true,"valueName":"search_term_string"}}],"inLanguage":"de"},{"@type":"Organization","@id":"https:\/\/www.fanprojekt-muenster.de\/wordpress\/#organization","name":"Fangemeinschaft Preu\u00dfen M\u00fcnster e. V.","url":"https:\/\/www.fanprojekt-muenster.de\/wordpress\/","logo":{"@type":"ImageObject","inLanguage":"de","@id":"https:\/\/www.fanprojekt-muenster.de\/wordpress\/#\/schema\/logo\/image\/","url":"https:\/\/www.fanprojekt-muenster.de\/wordpress\/wp-content\/uploads\/2019\/07\/cropped-Website_Logo3-9.png","contentUrl":"https:\/\/www.fanprojekt-muenster.de\/wordpress\/wp-content\/uploads\/2019\/07\/cropped-Website_Logo3-9.png","width":224,"height":42,"caption":"Fangemeinschaft Preu\u00dfen M\u00fcnster e. V."},"image":{"@id":"https:\/\/www.fanprojekt-muenster.de\/wordpress\/#\/schema\/logo\/image\/"}},{"@type":"Person","@id":"https:\/\/www.fanprojekt-muenster.de\/wordpress\/#\/schema\/person\/9126cc4d73d0d07c75b487075111186c","name":"fp_superadmin","url":"https:\/\/www.fanprojekt-muenster.de\/wordpress\/author\/fp_superadmin\/"}]}},"author_meta":{"display_name":"fp_superadmin","author_link":"https:\/\/www.fanprojekt-muenster.de\/wordpress\/author\/fp_superadmin\/"},"featured_img":null,"coauthors":[],"tax_additional":{"categories":{"linked":["<a href=\"https:\/\/www.fanprojekt-muenster.de\/wordpress\/category\/aktionen\/\" class=\"advgb-post-tax-term\">Aktionen<\/a>","<a href=\"https:\/\/www.fanprojekt-muenster.de\/wordpress\/category\/aktuelles\/\" class=\"advgb-post-tax-term\">Aktuelles<\/a>"],"unlinked":["<span class=\"advgb-post-tax-term\">Aktionen<\/span>","<span class=\"advgb-post-tax-term\">Aktuelles<\/span>"]},"tags":{"linked":["<a href=\"https:\/\/www.fanprojekt-muenster.de\/wordpress\/category\/aktuelles\/\" class=\"advgb-post-tax-term\">Fanprojekt<\/a>","<a href=\"https:\/\/www.fanprojekt-muenster.de\/wordpress\/category\/aktuelles\/\" class=\"advgb-post-tax-term\">Flemmen<\/a>","<a href=\"https:\/\/www.fanprojekt-muenster.de\/wordpress\/category\/aktuelles\/\" class=\"advgb-post-tax-term\">Fu\u00dfballmannschaft<\/a>","<a href=\"https:\/\/www.fanprojekt-muenster.de\/wordpress\/category\/aktuelles\/\" class=\"advgb-post-tax-term\">Mitglieder<\/a>"],"unlinked":["<span class=\"advgb-post-tax-term\">Fanprojekt<\/span>","<span class=\"advgb-post-tax-term\">Flemmen<\/span>","<span class=\"advgb-post-tax-term\">Fu\u00dfballmannschaft<\/span>","<span class=\"advgb-post-tax-term\">Mitglieder<\/span>"]}},"comment_count":"0","relative_dates":{"created":"Posted 11\u00a0Jahren ago","modified":"Updated 11\u00a0Jahren ago"},"absolute_dates":{"created":"Posted on 14. April 2015","modified":"Updated on 14. April 2015"},"absolute_dates_time":{"created":"Posted on 14. April 2015 12:50","modified":"Updated on 14. April 2015 12:50"},"featured_img_caption":"","series_order":"","_links":{"self":[{"href":"https:\/\/www.fanprojekt-muenster.de\/wordpress\/wp-json\/wp\/v2\/posts\/4342","targetHints":{"allow":["GET"]}}],"collection":[{"href":"https:\/\/www.fanprojekt-muenster.de\/wordpress\/wp-json\/wp\/v2\/posts"}],"about":[{"href":"https:\/\/www.fanprojekt-muenster.de\/wordpress\/wp-json\/wp\/v2\/types\/post"}],"author":[{"embeddable":true,"href":"https:\/\/www.fanprojekt-muenster.de\/wordpress\/wp-json\/wp\/v2\/users\/2"}],"replies":[{"embeddable":true,"href":"https:\/\/www.fanprojekt-muenster.de\/wordpress\/wp-json\/wp\/v2\/comments?post=4342"}],"version-history":[{"count":0,"href":"https:\/\/www.fanprojekt-muenster.de\/wordpress\/wp-json\/wp\/v2\/posts\/4342\/revisions"}],"wp:featuredmedia":[{"embeddable":true,"href":"https:\/\/www.fanprojekt-muenster.de\/wordpress\/wp-json\/"}],"wp:attachment":[{"href":"https:\/\/www.fanprojekt-muenster.de\/wordpress\/wp-json\/wp\/v2\/media?parent=4342"}],"wp:term":[{"taxonomy":"category","embeddable":true,"href":"https:\/\/www.fanprojekt-muenster.de\/wordpress\/wp-json\/wp\/v2\/categories?post=4342"},{"taxonomy":"post_tag","embeddable":true,"href":"https:\/\/www.fanprojekt-muenster.de\/wordpress\/wp-json\/wp\/v2\/tags?post=4342"}],"curies":[{"name":"wp","href":"https:\/\/api.w.org\/{rel}","templated":true}]}}