{"id":4208,"date":"2015-04-06T20:03:18","date_gmt":"2015-04-06T18:03:18","guid":{"rendered":"http:\/\/www.fanprojekt-muenster.de\/wp\/?p=4208"},"modified":"2015-04-06T20:03:18","modified_gmt":"2015-04-06T18:03:18","slug":"sonderzug-nach-halle-war-ein-voller-erfolg","status":"publish","type":"post","link":"https:\/\/www.fanprojekt-muenster.de\/wordpress\/sonderzug-nach-halle-war-ein-voller-erfolg\/","title":{"rendered":"Sonderzug nach Halle war ein voller Erfolg!"},"content":{"rendered":"<p style=\"text-align: justify;\">Wir schreiben den 04.04.2015, der Ort ist der Hauptbahnhof in M\u00fcnster.\u00a0Hunderte Preu\u00dfenfans stehen am Gleis, unterhalten sich, trinken und sehen, trotz der fr\u00fchen Zeit, gar nicht m\u00fcde aus. Aber wieso? Ganz klar, es ist der Sonderzug, der sie alle zum Meisterschaftsspiel nach Halle bringen wird, auf das sie ganz wild sind.\u00a0Um kurz nach 7 Uhr fuhr der Zug auch ein. Da im Vorfeld schon klar war, wer in welchem Wagen seinen Platz hat, lief alles z\u00fcgig ab, wodurch der Zug auch p\u00fcnktlich Richtung Halle abfahren konnte.<\/p>\n<p style=\"text-align: justify;\">Nachdem die Partywagen mit den vom Guten B\u00e4cker Krimphove gespendeten K\u00e4se-Brezeln best\u00fcckt wurden und das Bier, welches von Siggi H\u00f6ing gesponsert wurde, bereits vor Abfahrt verladen war, konnte die Party steigen.<\/p>\n<p style=\"text-align: justify;\"><span style=\"line-height: 1.5;\">Doch zun\u00e4chst hie\u00df es, die Abteile in Beschlag zu nehmen. Einige Fans dekorierten ihr Abteil mit Fahnen und machten es sich dort so richtig gem\u00fctlich.\u00a0<\/span>Nach und nach f\u00fcllten sich schlie\u00dflich beide Partywagen und somit konnte es losgehen. Mit den moderaten Preisen f\u00fcr Speisen und Getr\u00e4nke lie\u00df es sich auch ordentlich feiern.\u00a0 Neben guter Musik, die Kerni und Sascha sowie Jungs aus den Fangruppen aufgelegten, wurden viele Gespr\u00e4che untereinander gef\u00fchrt. Ging man durch den Zug, so sah man auch in den einzelnen Abteilen fr\u00f6hliche Preu\u00dfen-Anh\u00e4nger, die sich unterhielten, a\u00dfen, tranken und Spa\u00df hatten.\u00a0Mit der Zeit wurden die Partywagen immer voller und man hatte fast das Gef\u00fchl, zwei reichen nicht aus. Doch jeder hatte die Chance und den Platz zu feiern. Somit war die Hinfahrt schon mal ein voller Erfolg, das zeigten auch die vielen zufriedenen Gesichter.<\/p>\n<p style=\"text-align: justify;\">P\u00fcnktlich traf der Zug in Halle ein. Nachdem nach und nach alle den Zug verlassen hatten, geleitete die Bundespolizei die Fans\u00a0aus dem Bahnhof hinaus, damit sich f\u00fcr den Fanmarsch gesammelt werden konnten. Drau\u00dfen\u00a0warteten auch schon die beiden Busse, die all diejenigen zum Stadion fahren sollten, die aus den verschiedensten Gr\u00fcnden nicht zu Fu\u00df zum Stadion laufen konnten. Die Wartezeit nutzen viele, um die Toiletten aufzusuchen, da man ja nun eine ganze Weile zu Fu\u00df unterwegs sein sollte.<\/p>\n<p style=\"text-align: justify;\">Am Stadion angelangt, sorgte die Einlasssituation f\u00fcr Unverst\u00e4ndnis. Jeder Fan wurde akribisch abgetastet und an einem Sprengstoff-Sp\u00fcrhund vorbeigef\u00fchrt. Zus\u00e4tzlich wurden viele Fans unterschiedlichsten Alters einer polizeilichen Kontrolle unterzogen. Dieses \u00fcberzogene Prozedere zog sich so in die L\u00e4nge, dass die letzten Fans erst nach \u00fcber einer Stunde und deshalb mit 15-min\u00fctiger Versp\u00e4tung nach Anpfiff das Stadion betreten konnten. Dabei war dem Ordnungsdienst und der Polizei im Vorfeld bekannt, wie viele Preu\u00dfenfans anreisen werden, sodass sich die Situation mit ein bis zwei weiteren Eing\u00e4ngen entspannt h\u00e4tte. Gl\u00fccklicherweise waren unsere Fans besonnen und lie\u00dfen die zeitaufwendigen Kontrollen \u00fcber sich ergehen. Die, die rechtzeitig die Einlasskontrollen passieren konnten, sorgten beim Einlaufen der Mannschaften im vollen G\u00e4steblock f\u00fcr ein sch\u00f6nes schwarz-wei\u00df-gr\u00fcnes Fahnenmeer. Auch die einheitlichen Ges\u00e4nge schallten lauthals durch das Stadion, sodass man von der Heimseite erst einmal nichts vernahm. Doch leider hat die Mannschaft dies nicht aufgenommen und sich der Niederlage hingegeben.<\/p>\n<p style=\"text-align: justify;\">Nach Verlassen des Stadions ging es mit dem 0:3 bedr\u00fcckt zur\u00fcck zum Hauptbahnhof. Dort angekommen, hie\u00df es warten, bis der Zug planm\u00e4\u00dfig einfuhr. Das Einsteigen in den Zug verlief erneut ohne Probleme und z\u00fcgig, sodass wir Halle schnell wieder in Richtung M\u00fcnster verlassen konnten.<\/p>\n<p style=\"text-align: justify;\">Schnell f\u00fcllten sich wieder die Partywagen. Die einen wollten die Niederlage \u201everarbeiten\u201c und die anderen weiter Party machen. Egal aus welchem Grund, die Party war schnell wieder im vollen Gange und sie sollte bis M\u00fcnster auch nicht mehr enden. Einige andere Fans hatten es sich in ihren Abteilen gem\u00fctlich gemacht, um dort die R\u00fcckreise zu verbringen, weil sie doch ziemlich ersch\u00f6pft waren. Wie die R\u00fcckfahrt auch verbracht wurde, sie war \u00e4u\u00dferst kurzweilig.<br \/>\nAls der Zug in M\u00fcnster wieder einfuhr, leerte er sich nach und nach. Die Reisenden machten sich auf den Weg in die n\u00e4chste Kneipe, Disco oder nach Hause. Trotz der Niederlage war der Sonderzug ein voller Erfolg! Ein gro\u00dfer Dank gilt allen Helfern und Unterst\u00fctzern, ohne die solch ein Projekt nicht zu st\u00e4mmen gewesen w\u00e4re! Eine Wiederholung in der n\u00e4chsten Saison wird angestrebt, dann aber mit einem Ausw\u00e4rtssieg.<\/p>\n<p style=\"text-align: justify;\">Alle zuvor erschienenen Artikel zum Sonderzug findest Du auf unserer <a title=\"Sonderzug nach Halle\" href=\"http:\/\/www.fanprojekt-muenster.de\/wp\/auswaertsfahrten\/sonderzug-nach-halle\/\">\u00dcbersichtsseite<\/a>.<\/p>\n","protected":false},"excerpt":{"rendered":"<p>Wir schreiben den 04.04.2015, der Ort ist der Hauptbahnhof in M\u00fcnster.\u00a0Hunderte Preu\u00dfenfans stehen am Gleis, unterhalten sich, trinken und sehen, trotz der fr\u00fchen Zeit, gar nicht m\u00fcde aus. Aber wieso?&#8230; <a class=\"read-more-link\" href=\"https:\/\/www.fanprojekt-muenster.de\/wordpress\/sonderzug-nach-halle-war-ein-voller-erfolg\/\">Read more &raquo;<\/a><\/p>\n","protected":false},"author":6,"featured_media":4211,"comment_status":"closed","ping_status":"closed","sticky":false,"template":"","format":"standard","meta":{"advgb_blocks_editor_width":"","advgb_blocks_columns_visual_guide":"","footnotes":""},"categories":[3,4,12],"tags":[49,101,138,216,234],"class_list":["post-4208","post","type-post","status-publish","format-standard","has-post-thumbnail","hentry","category-aktuelles","category-auswarts","category-sonderzug_nach_halle","tag-auswaertsfahrt","tag-fan-zug","tag-halle","tag-rueckblick","tag-sonderzug"],"featured_image_src":null,"author_info":{"display_name":"508","author_link":"https:\/\/www.fanprojekt-muenster.de\/wordpress\/author\/508\/"},"yoast_head":"<!-- This site is optimized with the Yoast SEO plugin v27.2 - https:\/\/yoast.com\/product\/yoast-seo-wordpress\/ -->\n<title>Sonderzug nach Halle war ein voller Erfolg! - Fangemeinschaft Preu\u00dfen M\u00fcnster e. V.<\/title>\n<meta name=\"robots\" content=\"index, follow, max-snippet:-1, max-image-preview:large, max-video-preview:-1\" \/>\n<link rel=\"canonical\" href=\"https:\/\/www.fanprojekt-muenster.de\/wordpress\/sonderzug-nach-halle-war-ein-voller-erfolg\/\" \/>\n<meta property=\"og:locale\" content=\"de_DE\" \/>\n<meta property=\"og:type\" content=\"article\" \/>\n<meta property=\"og:title\" content=\"Sonderzug nach Halle war ein voller Erfolg! - Fangemeinschaft Preu\u00dfen M\u00fcnster e. V.\" \/>\n<meta property=\"og:description\" content=\"Wir schreiben den 04.04.2015, der Ort ist der Hauptbahnhof in M\u00fcnster.\u00a0Hunderte Preu\u00dfenfans stehen am Gleis, unterhalten sich, trinken und sehen, trotz der fr\u00fchen Zeit, gar nicht m\u00fcde aus. Aber wieso?... Read more &raquo;\" \/>\n<meta property=\"og:url\" content=\"https:\/\/www.fanprojekt-muenster.de\/wordpress\/sonderzug-nach-halle-war-ein-voller-erfolg\/\" \/>\n<meta property=\"og:site_name\" content=\"Fangemeinschaft Preu\u00dfen M\u00fcnster e. V.\" \/>\n<meta property=\"article:published_time\" content=\"2015-04-06T18:03:18+00:00\" \/>\n<meta name=\"author\" content=\"508\" \/>\n<meta name=\"twitter:card\" content=\"summary_large_image\" \/>\n<meta name=\"twitter:label1\" content=\"Verfasst von\" \/>\n\t<meta name=\"twitter:data1\" content=\"508\" \/>\n\t<meta name=\"twitter:label2\" content=\"Gesch\u00e4tzte Lesezeit\" \/>\n\t<meta name=\"twitter:data2\" content=\"4\u00a0Minuten\" \/>\n<script type=\"application\/ld+json\" class=\"yoast-schema-graph\">{\"@context\":\"https:\/\/schema.org\",\"@graph\":[{\"@type\":\"Article\",\"@id\":\"https:\/\/www.fanprojekt-muenster.de\/wordpress\/sonderzug-nach-halle-war-ein-voller-erfolg\/#article\",\"isPartOf\":{\"@id\":\"https:\/\/www.fanprojekt-muenster.de\/wordpress\/sonderzug-nach-halle-war-ein-voller-erfolg\/\"},\"author\":{\"name\":\"508\",\"@id\":\"https:\/\/www.fanprojekt-muenster.de\/wordpress\/#\/schema\/person\/907994394342a6ba0f1be4c546ed7d09\"},\"headline\":\"Sonderzug nach Halle war ein voller Erfolg!\",\"datePublished\":\"2015-04-06T18:03:18+00:00\",\"mainEntityOfPage\":{\"@id\":\"https:\/\/www.fanprojekt-muenster.de\/wordpress\/sonderzug-nach-halle-war-ein-voller-erfolg\/\"},\"wordCount\":748,\"publisher\":{\"@id\":\"https:\/\/www.fanprojekt-muenster.de\/wordpress\/#organization\"},\"image\":{\"@id\":\"https:\/\/www.fanprojekt-muenster.de\/wordpress\/sonderzug-nach-halle-war-ein-voller-erfolg\/#primaryimage\"},\"thumbnailUrl\":\"\",\"keywords\":[\"Ausw\u00e4rtsfahrt\",\"Fan-Zug\",\"Halle\",\"R\u00fcckblick\",\"Sonderzug\"],\"articleSection\":[\"Aktuelles\",\"Ausw\u00e4rts\",\"Sonderzug nach Halle\"],\"inLanguage\":\"de\"},{\"@type\":\"WebPage\",\"@id\":\"https:\/\/www.fanprojekt-muenster.de\/wordpress\/sonderzug-nach-halle-war-ein-voller-erfolg\/\",\"url\":\"https:\/\/www.fanprojekt-muenster.de\/wordpress\/sonderzug-nach-halle-war-ein-voller-erfolg\/\",\"name\":\"Sonderzug nach Halle war ein voller Erfolg! - Fangemeinschaft Preu\u00dfen M\u00fcnster e. V.\",\"isPartOf\":{\"@id\":\"https:\/\/www.fanprojekt-muenster.de\/wordpress\/#website\"},\"primaryImageOfPage\":{\"@id\":\"https:\/\/www.fanprojekt-muenster.de\/wordpress\/sonderzug-nach-halle-war-ein-voller-erfolg\/#primaryimage\"},\"image\":{\"@id\":\"https:\/\/www.fanprojekt-muenster.de\/wordpress\/sonderzug-nach-halle-war-ein-voller-erfolg\/#primaryimage\"},\"thumbnailUrl\":\"\",\"datePublished\":\"2015-04-06T18:03:18+00:00\",\"breadcrumb\":{\"@id\":\"https:\/\/www.fanprojekt-muenster.de\/wordpress\/sonderzug-nach-halle-war-ein-voller-erfolg\/#breadcrumb\"},\"inLanguage\":\"de\",\"potentialAction\":[{\"@type\":\"ReadAction\",\"target\":[\"https:\/\/www.fanprojekt-muenster.de\/wordpress\/sonderzug-nach-halle-war-ein-voller-erfolg\/\"]}]},{\"@type\":\"ImageObject\",\"inLanguage\":\"de\",\"@id\":\"https:\/\/www.fanprojekt-muenster.de\/wordpress\/sonderzug-nach-halle-war-ein-voller-erfolg\/#primaryimage\",\"url\":\"\",\"contentUrl\":\"\"},{\"@type\":\"BreadcrumbList\",\"@id\":\"https:\/\/www.fanprojekt-muenster.de\/wordpress\/sonderzug-nach-halle-war-ein-voller-erfolg\/#breadcrumb\",\"itemListElement\":[{\"@type\":\"ListItem\",\"position\":1,\"name\":\"Startseite\",\"item\":\"https:\/\/www.fanprojekt-muenster.de\/wordpress\/\"},{\"@type\":\"ListItem\",\"position\":2,\"name\":\"Sonderzug nach Halle war ein voller Erfolg!\"}]},{\"@type\":\"WebSite\",\"@id\":\"https:\/\/www.fanprojekt-muenster.de\/wordpress\/#website\",\"url\":\"https:\/\/www.fanprojekt-muenster.de\/wordpress\/\",\"name\":\"Fangemeinschaft Preu\u00dfen M\u00fcnster e. V.\",\"description\":\"\",\"publisher\":{\"@id\":\"https:\/\/www.fanprojekt-muenster.de\/wordpress\/#organization\"},\"potentialAction\":[{\"@type\":\"SearchAction\",\"target\":{\"@type\":\"EntryPoint\",\"urlTemplate\":\"https:\/\/www.fanprojekt-muenster.de\/wordpress\/?s={search_term_string}\"},\"query-input\":{\"@type\":\"PropertyValueSpecification\",\"valueRequired\":true,\"valueName\":\"search_term_string\"}}],\"inLanguage\":\"de\"},{\"@type\":\"Organization\",\"@id\":\"https:\/\/www.fanprojekt-muenster.de\/wordpress\/#organization\",\"name\":\"Fangemeinschaft Preu\u00dfen M\u00fcnster e. V.\",\"url\":\"https:\/\/www.fanprojekt-muenster.de\/wordpress\/\",\"logo\":{\"@type\":\"ImageObject\",\"inLanguage\":\"de\",\"@id\":\"https:\/\/www.fanprojekt-muenster.de\/wordpress\/#\/schema\/logo\/image\/\",\"url\":\"https:\/\/www.fanprojekt-muenster.de\/wordpress\/wp-content\/uploads\/2019\/07\/cropped-Website_Logo3-9.png\",\"contentUrl\":\"https:\/\/www.fanprojekt-muenster.de\/wordpress\/wp-content\/uploads\/2019\/07\/cropped-Website_Logo3-9.png\",\"width\":224,\"height\":42,\"caption\":\"Fangemeinschaft Preu\u00dfen M\u00fcnster e. V.\"},\"image\":{\"@id\":\"https:\/\/www.fanprojekt-muenster.de\/wordpress\/#\/schema\/logo\/image\/\"}},{\"@type\":\"Person\",\"@id\":\"https:\/\/www.fanprojekt-muenster.de\/wordpress\/#\/schema\/person\/907994394342a6ba0f1be4c546ed7d09\",\"name\":\"508\",\"url\":\"https:\/\/www.fanprojekt-muenster.de\/wordpress\/author\/508\/\"}]}<\/script>\n<!-- \/ Yoast SEO plugin. -->","yoast_head_json":{"title":"Sonderzug nach Halle war ein voller Erfolg! - Fangemeinschaft Preu\u00dfen M\u00fcnster e. V.","robots":{"index":"index","follow":"follow","max-snippet":"max-snippet:-1","max-image-preview":"max-image-preview:large","max-video-preview":"max-video-preview:-1"},"canonical":"https:\/\/www.fanprojekt-muenster.de\/wordpress\/sonderzug-nach-halle-war-ein-voller-erfolg\/","og_locale":"de_DE","og_type":"article","og_title":"Sonderzug nach Halle war ein voller Erfolg! - Fangemeinschaft Preu\u00dfen M\u00fcnster e. V.","og_description":"Wir schreiben den 04.04.2015, der Ort ist der Hauptbahnhof in M\u00fcnster.\u00a0Hunderte Preu\u00dfenfans stehen am Gleis, unterhalten sich, trinken und sehen, trotz der fr\u00fchen Zeit, gar nicht m\u00fcde aus. Aber wieso?... Read more &raquo;","og_url":"https:\/\/www.fanprojekt-muenster.de\/wordpress\/sonderzug-nach-halle-war-ein-voller-erfolg\/","og_site_name":"Fangemeinschaft Preu\u00dfen M\u00fcnster e. V.","article_published_time":"2015-04-06T18:03:18+00:00","author":"508","twitter_card":"summary_large_image","twitter_misc":{"Verfasst von":"508","Gesch\u00e4tzte Lesezeit":"4\u00a0Minuten"},"schema":{"@context":"https:\/\/schema.org","@graph":[{"@type":"Article","@id":"https:\/\/www.fanprojekt-muenster.de\/wordpress\/sonderzug-nach-halle-war-ein-voller-erfolg\/#article","isPartOf":{"@id":"https:\/\/www.fanprojekt-muenster.de\/wordpress\/sonderzug-nach-halle-war-ein-voller-erfolg\/"},"author":{"name":"508","@id":"https:\/\/www.fanprojekt-muenster.de\/wordpress\/#\/schema\/person\/907994394342a6ba0f1be4c546ed7d09"},"headline":"Sonderzug nach Halle war ein voller Erfolg!","datePublished":"2015-04-06T18:03:18+00:00","mainEntityOfPage":{"@id":"https:\/\/www.fanprojekt-muenster.de\/wordpress\/sonderzug-nach-halle-war-ein-voller-erfolg\/"},"wordCount":748,"publisher":{"@id":"https:\/\/www.fanprojekt-muenster.de\/wordpress\/#organization"},"image":{"@id":"https:\/\/www.fanprojekt-muenster.de\/wordpress\/sonderzug-nach-halle-war-ein-voller-erfolg\/#primaryimage"},"thumbnailUrl":"","keywords":["Ausw\u00e4rtsfahrt","Fan-Zug","Halle","R\u00fcckblick","Sonderzug"],"articleSection":["Aktuelles","Ausw\u00e4rts","Sonderzug nach Halle"],"inLanguage":"de"},{"@type":"WebPage","@id":"https:\/\/www.fanprojekt-muenster.de\/wordpress\/sonderzug-nach-halle-war-ein-voller-erfolg\/","url":"https:\/\/www.fanprojekt-muenster.de\/wordpress\/sonderzug-nach-halle-war-ein-voller-erfolg\/","name":"Sonderzug nach Halle war ein voller Erfolg! - Fangemeinschaft Preu\u00dfen M\u00fcnster e. V.","isPartOf":{"@id":"https:\/\/www.fanprojekt-muenster.de\/wordpress\/#website"},"primaryImageOfPage":{"@id":"https:\/\/www.fanprojekt-muenster.de\/wordpress\/sonderzug-nach-halle-war-ein-voller-erfolg\/#primaryimage"},"image":{"@id":"https:\/\/www.fanprojekt-muenster.de\/wordpress\/sonderzug-nach-halle-war-ein-voller-erfolg\/#primaryimage"},"thumbnailUrl":"","datePublished":"2015-04-06T18:03:18+00:00","breadcrumb":{"@id":"https:\/\/www.fanprojekt-muenster.de\/wordpress\/sonderzug-nach-halle-war-ein-voller-erfolg\/#breadcrumb"},"inLanguage":"de","potentialAction":[{"@type":"ReadAction","target":["https:\/\/www.fanprojekt-muenster.de\/wordpress\/sonderzug-nach-halle-war-ein-voller-erfolg\/"]}]},{"@type":"ImageObject","inLanguage":"de","@id":"https:\/\/www.fanprojekt-muenster.de\/wordpress\/sonderzug-nach-halle-war-ein-voller-erfolg\/#primaryimage","url":"","contentUrl":""},{"@type":"BreadcrumbList","@id":"https:\/\/www.fanprojekt-muenster.de\/wordpress\/sonderzug-nach-halle-war-ein-voller-erfolg\/#breadcrumb","itemListElement":[{"@type":"ListItem","position":1,"name":"Startseite","item":"https:\/\/www.fanprojekt-muenster.de\/wordpress\/"},{"@type":"ListItem","position":2,"name":"Sonderzug nach Halle war ein voller Erfolg!"}]},{"@type":"WebSite","@id":"https:\/\/www.fanprojekt-muenster.de\/wordpress\/#website","url":"https:\/\/www.fanprojekt-muenster.de\/wordpress\/","name":"Fangemeinschaft Preu\u00dfen M\u00fcnster e. V.","description":"","publisher":{"@id":"https:\/\/www.fanprojekt-muenster.de\/wordpress\/#organization"},"potentialAction":[{"@type":"SearchAction","target":{"@type":"EntryPoint","urlTemplate":"https:\/\/www.fanprojekt-muenster.de\/wordpress\/?s={search_term_string}"},"query-input":{"@type":"PropertyValueSpecification","valueRequired":true,"valueName":"search_term_string"}}],"inLanguage":"de"},{"@type":"Organization","@id":"https:\/\/www.fanprojekt-muenster.de\/wordpress\/#organization","name":"Fangemeinschaft Preu\u00dfen M\u00fcnster e. V.","url":"https:\/\/www.fanprojekt-muenster.de\/wordpress\/","logo":{"@type":"ImageObject","inLanguage":"de","@id":"https:\/\/www.fanprojekt-muenster.de\/wordpress\/#\/schema\/logo\/image\/","url":"https:\/\/www.fanprojekt-muenster.de\/wordpress\/wp-content\/uploads\/2019\/07\/cropped-Website_Logo3-9.png","contentUrl":"https:\/\/www.fanprojekt-muenster.de\/wordpress\/wp-content\/uploads\/2019\/07\/cropped-Website_Logo3-9.png","width":224,"height":42,"caption":"Fangemeinschaft Preu\u00dfen M\u00fcnster e. V."},"image":{"@id":"https:\/\/www.fanprojekt-muenster.de\/wordpress\/#\/schema\/logo\/image\/"}},{"@type":"Person","@id":"https:\/\/www.fanprojekt-muenster.de\/wordpress\/#\/schema\/person\/907994394342a6ba0f1be4c546ed7d09","name":"508","url":"https:\/\/www.fanprojekt-muenster.de\/wordpress\/author\/508\/"}]}},"author_meta":{"display_name":"508","author_link":"https:\/\/www.fanprojekt-muenster.de\/wordpress\/author\/508\/"},"featured_img":null,"coauthors":[],"tax_additional":{"categories":{"linked":["<a href=\"https:\/\/www.fanprojekt-muenster.de\/wordpress\/category\/aktuelles\/\" class=\"advgb-post-tax-term\">Aktuelles<\/a>","<a href=\"https:\/\/www.fanprojekt-muenster.de\/wordpress\/category\/auswarts\/\" class=\"advgb-post-tax-term\">Ausw\u00e4rts<\/a>","<a href=\"https:\/\/www.fanprojekt-muenster.de\/wordpress\/category\/auswarts\/sonderzug_nach_halle\/\" class=\"advgb-post-tax-term\">Sonderzug nach Halle<\/a>"],"unlinked":["<span class=\"advgb-post-tax-term\">Aktuelles<\/span>","<span class=\"advgb-post-tax-term\">Ausw\u00e4rts<\/span>","<span class=\"advgb-post-tax-term\">Sonderzug nach Halle<\/span>"]},"tags":{"linked":["<a href=\"https:\/\/www.fanprojekt-muenster.de\/wordpress\/category\/auswarts\/sonderzug_nach_halle\/\" class=\"advgb-post-tax-term\">Ausw\u00e4rtsfahrt<\/a>","<a href=\"https:\/\/www.fanprojekt-muenster.de\/wordpress\/category\/auswarts\/sonderzug_nach_halle\/\" class=\"advgb-post-tax-term\">Fan-Zug<\/a>","<a href=\"https:\/\/www.fanprojekt-muenster.de\/wordpress\/category\/auswarts\/sonderzug_nach_halle\/\" class=\"advgb-post-tax-term\">Halle<\/a>","<a href=\"https:\/\/www.fanprojekt-muenster.de\/wordpress\/category\/auswarts\/sonderzug_nach_halle\/\" class=\"advgb-post-tax-term\">R\u00fcckblick<\/a>","<a href=\"https:\/\/www.fanprojekt-muenster.de\/wordpress\/category\/auswarts\/sonderzug_nach_halle\/\" class=\"advgb-post-tax-term\">Sonderzug<\/a>"],"unlinked":["<span class=\"advgb-post-tax-term\">Ausw\u00e4rtsfahrt<\/span>","<span class=\"advgb-post-tax-term\">Fan-Zug<\/span>","<span class=\"advgb-post-tax-term\">Halle<\/span>","<span class=\"advgb-post-tax-term\">R\u00fcckblick<\/span>","<span class=\"advgb-post-tax-term\">Sonderzug<\/span>"]}},"comment_count":"0","relative_dates":{"created":"Posted 11\u00a0Jahren ago","modified":"Updated 11\u00a0Jahren ago"},"absolute_dates":{"created":"Posted on 6. April 2015","modified":"Updated on 6. April 2015"},"absolute_dates_time":{"created":"Posted on 6. April 2015 20:03","modified":"Updated on 6. April 2015 20:03"},"featured_img_caption":"","series_order":"","_links":{"self":[{"href":"https:\/\/www.fanprojekt-muenster.de\/wordpress\/wp-json\/wp\/v2\/posts\/4208","targetHints":{"allow":["GET"]}}],"collection":[{"href":"https:\/\/www.fanprojekt-muenster.de\/wordpress\/wp-json\/wp\/v2\/posts"}],"about":[{"href":"https:\/\/www.fanprojekt-muenster.de\/wordpress\/wp-json\/wp\/v2\/types\/post"}],"author":[{"embeddable":true,"href":"https:\/\/www.fanprojekt-muenster.de\/wordpress\/wp-json\/wp\/v2\/users\/6"}],"replies":[{"embeddable":true,"href":"https:\/\/www.fanprojekt-muenster.de\/wordpress\/wp-json\/wp\/v2\/comments?post=4208"}],"version-history":[{"count":0,"href":"https:\/\/www.fanprojekt-muenster.de\/wordpress\/wp-json\/wp\/v2\/posts\/4208\/revisions"}],"wp:featuredmedia":[{"embeddable":true,"href":"https:\/\/www.fanprojekt-muenster.de\/wordpress\/wp-json\/"}],"wp:attachment":[{"href":"https:\/\/www.fanprojekt-muenster.de\/wordpress\/wp-json\/wp\/v2\/media?parent=4208"}],"wp:term":[{"taxonomy":"category","embeddable":true,"href":"https:\/\/www.fanprojekt-muenster.de\/wordpress\/wp-json\/wp\/v2\/categories?post=4208"},{"taxonomy":"post_tag","embeddable":true,"href":"https:\/\/www.fanprojekt-muenster.de\/wordpress\/wp-json\/wp\/v2\/tags?post=4208"}],"curies":[{"name":"wp","href":"https:\/\/api.w.org\/{rel}","templated":true}]}}