{"id":4195,"date":"2015-03-30T17:12:01","date_gmt":"2015-03-30T15:12:01","guid":{"rendered":"http:\/\/www.fanprojekt-muenster.de\/wp\/?p=4195"},"modified":"2015-03-30T17:12:01","modified_gmt":"2015-03-30T15:12:01","slug":"update-no-5-sonderzug-nach-halle","status":"publish","type":"post","link":"https:\/\/www.fanprojekt-muenster.de\/wordpress\/update-no-5-sonderzug-nach-halle\/","title":{"rendered":"Update No. 5 &#8211; Sonderzug nach Halle"},"content":{"rendered":"<p style=\"text-align: justify;\">Aloha Fanszene,<\/p>\n<p style=\"text-align: justify;\">am kommenden Wochenende ist es endlich soweit, unser Sonderzug rollt Richtung Halle!<\/p>\n<p style=\"text-align: justify;\">An dieser Stelle m\u00f6chte ich gerne bereits jetzt ein riesiges Dankesch\u00f6n an alle Helfer loswerden, ohne Euren Einsatz w\u00e4re so ein Sonderzug nicht m\u00f6glich. Unsere Fanszene lebt, der Zusammenhalt zwischen allen Gruppen funktioniert und das macht uns als Fanprojekt richtig stolz! Vielen lieben Dank!<\/p>\n<p style=\"text-align: justify;\">Weiterhin wollen wir uns auch ganz besonders bei Siggi f\u00fcr sein Sponsoring von 500 l Bier bedanken, das ist Wahnsinn!\u00a0Aber es geht noch weiter: In der vergangenen Woche haben wir eine Mail von unserem guten B\u00e4cker Georg bekommen. Ich zitiere mal: \u201eDa ich geh\u00f6rt habe, dass Siggi Euch mit fl\u00fcssiger Nahrung versorgt, habe ich mir gedacht, dass ich dann mal was essbares dazu beitrage. Ihr k\u00f6nnt Euch bei uns in der Backstube 700 K\u00e4se-Laugenstangen abholen, damit ihr ein besseres Fundament f\u00fcr das Bier habt.\u201c<\/p>\n<p style=\"text-align: justify;\">Dieses Angebot lassen wir uns nat\u00fcrlich nicht entgehen, hier haben wir nat\u00fcrlich sofort &#8222;Ja&#8220; gesagt!\u00a0Georgs leckere K\u00e4se-Laugenstange erhaltet Ihr <strong>kostenlos<\/strong> am Tresen in beiden Partywagen.<\/p>\n<p style=\"text-align: justify;\"><strong>Besten Dank, Georg und Siggi, Ihr seid wahre Preu\u00dfen!!!<\/strong><\/p>\n<p style=\"text-align: justify;\">So, nun noch einige wichtige Tipps und Hinweise f\u00fcr alle Reisenden:<\/p>\n<p style=\"text-align: justify;\"><span style=\"color: #ffffff;\">.<\/span><\/p>\n<h4 style=\"text-align: justify;\"><strong>Kartenausgabe Online VVK<\/strong><\/h4>\n<p style=\"text-align: justify;\">Ab 06:00 Uhr werden wir im Bahnhof am Haupt-Treppenaufgang zum Gleis 12 einen kleinen provisorischen Info-Point errichten. Hier k\u00f6nnt Ihr gegen Abgabe der Zahlungsbest\u00e4tigung Eure Tickets abholen.<\/p>\n<p style=\"text-align: justify;\"><span style=\"color: #ffffff;\"><strong>.<\/strong><\/span><\/p>\n<h4 style=\"text-align: justify;\"><strong>Abfahrtszeiten<\/strong><\/h4>\n<p style=\"text-align: justify;\">Hier nochmal die genauen Abfahrtszeiten<\/p>\n<p style=\"text-align: justify;\"><span style=\"color: #ffffff;\">.<\/span><\/p>\n<p style=\"text-align: justify;\"><strong>M\u00fcnster \u2013 Halle\u00a0\u00a0\u00a0\u00a0\u00a0\u00a0\u00a0\u00a0\u00a0\u00a0\u00a0\u00a0\u00a0\u00a0\u00a0\u00a0\u00a0\u00a0\u00a0\u00a0\u00a0\u00a0 ab 07:15 Uhr, Gleis 12\u00a0\u00a0\u00a0\u00a0\u00a0\u00a0\u00a0\u00a0\u00a0\u00a0\u00a0\u00a0 an 11:43 Uhr<\/strong><\/p>\n<p style=\"text-align: justify;\"><strong>Halle \u2013 M\u00fcnster\u00a0\u00a0\u00a0\u00a0\u00a0\u00a0\u00a0\u00a0\u00a0\u00a0\u00a0\u00a0\u00a0\u00a0\u00a0\u00a0\u00a0\u00a0\u00a0\u00a0\u00a0\u00a0 ab 17:45 Uhr, Gleis 4\u00a0\u00a0\u00a0\u00a0\u00a0\u00a0\u00a0\u00a0\u00a0\u00a0\u00a0\u00a0\u00a0\u00a0 an 22:11 Uhr<\/strong><\/p>\n<p style=\"text-align: justify;\">Bitte denkt daran, rechtzeitig am Bahnhof zu sein. Es wird voll und der Zug muss p\u00fcnktlich abfahren.<\/p>\n<p style=\"text-align: justify;\"><span style=\"color: #ffffff;\">.<\/span><\/p>\n<h4 style=\"text-align: justify;\"><strong>Wagenreihung<\/strong><\/h4>\n<p style=\"text-align: justify;\"><a href=\"http:\/\/www.fanprojekt-muenster.de\/wp\/wp-content\/uploads\/2015\/03\/Wagenreihung.png\"><img loading=\"lazy\" decoding=\"async\" class=\"alignnone wp-image-4179 size-large\" src=\"http:\/\/www.fanprojekt-muenster.de\/wp\/wp-content\/uploads\/2015\/03\/Wagenreihung-1024x403.png\" alt=\"Fanszene Sonderzug - Wagenreihung\" width=\"960\" height=\"378\" \/><\/a><\/p>\n<p style=\"text-align: justify;\"><span style=\"color: #ffffff;\">.<\/span><\/p>\n<h4 style=\"text-align: justify;\"><strong>Einlass \/ Zugangskontrolle zum Sonderzug<\/strong><\/h4>\n<p style=\"text-align: justify;\">Gegen 07:00 Uhr wird der Zug am Gleis 12 einfahren. Bitte schaut im Vorfeld, wo sich Euer Wagen befindet und versucht Euch entsprechend am Bahnsteig zu positionieren. An den Eing\u00e4ngen zu den Abteilen befinden sich unsere Ordner, die eine Eingangskontrolle vornehmen. Bitte denkt daran, dass Ihr Eure Kontrollb\u00e4nder am Handgelenk tragt. Damit alles schnell \u00fcber die B\u00fchne geht, zeigt den Ordnern beim Einstieg kurz das Kontrollb\u00e4ndchen. Ohne Kontrollb\u00e4ndchen kein Einlass!!<\/p>\n<p style=\"text-align: justify;\"><span style=\"color: #ffffff;\">.<\/span><\/p>\n<h4 style=\"text-align: justify;\"><strong>Ankunft in Halle \/ Weg zum Stadion<\/strong><\/h4>\n<p style=\"text-align: justify;\">Bei Ankunft am Bahnhof in Halle werden wir zum Westausgang geleitet.\u00a0Dort werden wir uns auf dem Vorplatz sammeln. Um ca. 12 -12:15 Uhr werden wir dann geschlossen zu Fu\u00df zum Stadion gehen, der Weg dauert ca. 40 min. Der Fanmarsch erfolgt nat\u00fcrlich in Begleitung der Polizei, Glasflaschen sind verboten und sollen vorher auf dem Bahnhofsvorplatz ausgetrunken werden. F\u00fcr die Preu\u00dfen-Fans unter uns, die nicht gut zu Fu\u00df sind, stehen 2 Shuttlebusse mit insgesamt 100-120 Pl\u00e4tzen zur Verf\u00fcgung. Wenn Ihr einen Platz im Bus ben\u00f6tigt, meldet Euch bitte bei den Fanbetreuern Holger und Antje. Diese sind nat\u00fcrlich mit an Bord.\u00a0Ihr findet sie als Ordner in Wagen 6.<\/p>\n<p style=\"text-align: justify;\">W\u00e4hrend der Eingangskontrolle zum Stadion werden Sp\u00fcrhunde eingesetzt. Im Stadion stehen uns 30 m Zaunfahnenpl\u00e4tze zur Verf\u00fcgung.<\/p>\n<p style=\"text-align: justify;\">Nach dem Spiel haben wir noch ausreichend Zeit, um die 3 Punkte geb\u00fchrend im Block zu feiern. Gegen 16 Uhr werden wir dann wieder gemeinsam vom Stadion Richtung Bahnhof gehen.<\/p>\n<p style=\"text-align: justify;\"><strong>Wichtig<\/strong>: Denkt bitte daran, dass Ihr w\u00e4hrend des Spiels auf keinen Fall irgendwelche Wertsachen\/ Materialien o.\u00e4. im Abteil zur\u00fcck lasst. Daf\u00fcr gibt es am Bahnhof ausreichend Schlie\u00dff\u00e4cher. Wir \u00fcbernehmen keine Haftung bei Verlust oder Diebstahl!<\/p>\n<p style=\"text-align: justify;\"><span style=\"color: #ffffff;\">.<\/span><\/p>\n<h4 style=\"text-align: justify;\"><strong>Erste Hilfe \/ Sanit\u00e4ter<\/strong><\/h4>\n<p style=\"text-align: justify;\">An Bord des Zuges befindet sich eine Erste Hilfe-Ausstattung. Falls es irgendeinen Bedarf an erster Hilfe oder evtl. sogar \u00e4rztlicher Versorgung gibt, wendet Euch bitte umgehend an unsere Ordner. Bei akuten Notf\u00e4llen haben wir die M\u00f6glichkeit, den Zug im n\u00e4chsten Bahnhof anzuhalten und dort einen Rettungswagen hin zu bestellen.<\/p>\n<p style=\"text-align: justify;\">Dennoch finden wir es ganz wichtig, wenn es unter den Mitfahrern Ersthelfer, Sanit\u00e4ter, Krankenschwestern oder sonstige Leute gibt, die in Notsituationen wissen, was zu tun ist. Wenn Du diese Kenntnisse besitzt, melde dich bitte vor Abfahrt bei uns telefonisch (s.u.) oder per E-Mail unter <a href=\"mailto:sonderzug@fanprojekt-muenster.de\">sonderzug@fanprojekt-muenster.de<\/a>.<\/p>\n<p style=\"text-align: justify;\">Nur f\u00fcr den \u00e4u\u00dfersten Notfall w\u00fcrden wir gerne Deine Mithilfe in Anspruch nehmen.<\/p>\n<p style=\"text-align: justify;\"><span style=\"color: #ffffff;\">.<\/span><\/p>\n<h4 style=\"text-align: justify;\"><strong>Polizei<\/strong><\/h4>\n<p style=\"text-align: justify;\">Wir hatten in der vergangenen Woche ein freundliches Gespr\u00e4ch mit der zust\u00e4ndigen Polizeibeh\u00f6rde. Wir haben das Angebot einer Polizeibegleitung im Zug dankend abgelehnt, weil wir uns sicher sind, dass es f\u00fcr eine derartige Begleitung keinen Grund gibt. Deshalb bitten wir Euch an dieser Stelle noch einmal, sich vern\u00fcnftig zu benehmen und die Hausordnung zu beachten. Respektiert unsere ehrenamtlichen Fan-Ordner und befolgt deren Anweisungen.<\/p>\n<p style=\"text-align: justify;\"><span style=\"color: #ffffff;\">.<\/span><\/p>\n<h4 style=\"text-align: justify;\"><strong>Kontakt zum Fanprojekt<\/strong><\/h4>\n<p style=\"text-align: justify;\">Das Fanprojekt hat nun ab sofort eine eigene Handynummer. Bei <span style=\"text-decoration: underline;\">dringenden<\/span> Angelegenheiten erreicht ihr uns am Spieltag unter 01578 \/ 1906 929<\/p>\n<p style=\"text-align: justify;\">Ansonsten d\u00fcrft Ihr uns gerne die Mailbox vollquatschen.<\/p>\n<p style=\"text-align: justify;\"><span style=\"color: #ffffff;\">.<\/span><\/p>\n<p style=\"text-align: justify;\">Cheers, Euer Fanprojekt<\/p>\n<p style=\"text-align: justify;\"><span style=\"color: #ffffff;\">.<\/span><\/p>\n","protected":false},"excerpt":{"rendered":"<p>Aloha Fanszene, am kommenden Wochenende ist es endlich soweit, unser Sonderzug rollt Richtung Halle! An dieser Stelle m\u00f6chte ich gerne bereits jetzt ein riesiges Dankesch\u00f6n an alle Helfer loswerden, ohne&#8230; <a class=\"read-more-link\" href=\"https:\/\/www.fanprojekt-muenster.de\/wordpress\/update-no-5-sonderzug-nach-halle\/\">Read more &raquo;<\/a><\/p>\n","protected":false},"author":2,"featured_media":4179,"comment_status":"closed","ping_status":"closed","sticky":false,"template":"","format":"standard","meta":{"advgb_blocks_editor_width":"","advgb_blocks_columns_visual_guide":"","footnotes":""},"categories":[2,4,12],"tags":[49,101,138,234],"class_list":["post-4195","post","type-post","status-publish","format-standard","has-post-thumbnail","hentry","category-aktionen","category-auswarts","category-sonderzug_nach_halle","tag-auswaertsfahrt","tag-fan-zug","tag-halle","tag-sonderzug"],"featured_image_src":null,"author_info":{"display_name":"fp_superadmin","author_link":"https:\/\/www.fanprojekt-muenster.de\/wordpress\/author\/fp_superadmin\/"},"yoast_head":"<!-- This site is optimized with the Yoast SEO plugin v27.2 - https:\/\/yoast.com\/product\/yoast-seo-wordpress\/ -->\n<title>Update No. 5 - Sonderzug nach Halle - Fangemeinschaft Preu\u00dfen M\u00fcnster e. V.<\/title>\n<meta name=\"robots\" content=\"index, follow, max-snippet:-1, max-image-preview:large, max-video-preview:-1\" \/>\n<link rel=\"canonical\" href=\"https:\/\/www.fanprojekt-muenster.de\/wordpress\/update-no-5-sonderzug-nach-halle\/\" \/>\n<meta property=\"og:locale\" content=\"de_DE\" \/>\n<meta property=\"og:type\" content=\"article\" \/>\n<meta property=\"og:title\" content=\"Update No. 5 - Sonderzug nach Halle - Fangemeinschaft Preu\u00dfen M\u00fcnster e. V.\" \/>\n<meta property=\"og:description\" content=\"Aloha Fanszene, am kommenden Wochenende ist es endlich soweit, unser Sonderzug rollt Richtung Halle! An dieser Stelle m\u00f6chte ich gerne bereits jetzt ein riesiges Dankesch\u00f6n an alle Helfer loswerden, ohne... Read more &raquo;\" \/>\n<meta property=\"og:url\" content=\"https:\/\/www.fanprojekt-muenster.de\/wordpress\/update-no-5-sonderzug-nach-halle\/\" \/>\n<meta property=\"og:site_name\" content=\"Fangemeinschaft Preu\u00dfen M\u00fcnster e. V.\" \/>\n<meta property=\"article:published_time\" content=\"2015-03-30T15:12:01+00:00\" \/>\n<meta name=\"author\" content=\"fp_superadmin\" \/>\n<meta name=\"twitter:card\" content=\"summary_large_image\" \/>\n<meta name=\"twitter:label1\" content=\"Verfasst von\" \/>\n\t<meta name=\"twitter:data1\" content=\"fp_superadmin\" \/>\n\t<meta name=\"twitter:label2\" content=\"Gesch\u00e4tzte Lesezeit\" \/>\n\t<meta name=\"twitter:data2\" content=\"4\u00a0Minuten\" \/>\n<script type=\"application\/ld+json\" class=\"yoast-schema-graph\">{\"@context\":\"https:\/\/schema.org\",\"@graph\":[{\"@type\":\"Article\",\"@id\":\"https:\/\/www.fanprojekt-muenster.de\/wordpress\/update-no-5-sonderzug-nach-halle\/#article\",\"isPartOf\":{\"@id\":\"https:\/\/www.fanprojekt-muenster.de\/wordpress\/update-no-5-sonderzug-nach-halle\/\"},\"author\":{\"name\":\"fp_superadmin\",\"@id\":\"https:\/\/www.fanprojekt-muenster.de\/wordpress\/#\/schema\/person\/9126cc4d73d0d07c75b487075111186c\"},\"headline\":\"Update No. 5 &#8211; Sonderzug nach Halle\",\"datePublished\":\"2015-03-30T15:12:01+00:00\",\"mainEntityOfPage\":{\"@id\":\"https:\/\/www.fanprojekt-muenster.de\/wordpress\/update-no-5-sonderzug-nach-halle\/\"},\"wordCount\":786,\"publisher\":{\"@id\":\"https:\/\/www.fanprojekt-muenster.de\/wordpress\/#organization\"},\"image\":{\"@id\":\"https:\/\/www.fanprojekt-muenster.de\/wordpress\/update-no-5-sonderzug-nach-halle\/#primaryimage\"},\"thumbnailUrl\":\"\",\"keywords\":[\"Ausw\u00e4rtsfahrt\",\"Fan-Zug\",\"Halle\",\"Sonderzug\"],\"articleSection\":[\"Aktionen\",\"Ausw\u00e4rts\",\"Sonderzug nach Halle\"],\"inLanguage\":\"de\"},{\"@type\":\"WebPage\",\"@id\":\"https:\/\/www.fanprojekt-muenster.de\/wordpress\/update-no-5-sonderzug-nach-halle\/\",\"url\":\"https:\/\/www.fanprojekt-muenster.de\/wordpress\/update-no-5-sonderzug-nach-halle\/\",\"name\":\"Update No. 5 - Sonderzug nach Halle - Fangemeinschaft Preu\u00dfen M\u00fcnster e. V.\",\"isPartOf\":{\"@id\":\"https:\/\/www.fanprojekt-muenster.de\/wordpress\/#website\"},\"primaryImageOfPage\":{\"@id\":\"https:\/\/www.fanprojekt-muenster.de\/wordpress\/update-no-5-sonderzug-nach-halle\/#primaryimage\"},\"image\":{\"@id\":\"https:\/\/www.fanprojekt-muenster.de\/wordpress\/update-no-5-sonderzug-nach-halle\/#primaryimage\"},\"thumbnailUrl\":\"\",\"datePublished\":\"2015-03-30T15:12:01+00:00\",\"breadcrumb\":{\"@id\":\"https:\/\/www.fanprojekt-muenster.de\/wordpress\/update-no-5-sonderzug-nach-halle\/#breadcrumb\"},\"inLanguage\":\"de\",\"potentialAction\":[{\"@type\":\"ReadAction\",\"target\":[\"https:\/\/www.fanprojekt-muenster.de\/wordpress\/update-no-5-sonderzug-nach-halle\/\"]}]},{\"@type\":\"ImageObject\",\"inLanguage\":\"de\",\"@id\":\"https:\/\/www.fanprojekt-muenster.de\/wordpress\/update-no-5-sonderzug-nach-halle\/#primaryimage\",\"url\":\"\",\"contentUrl\":\"\"},{\"@type\":\"BreadcrumbList\",\"@id\":\"https:\/\/www.fanprojekt-muenster.de\/wordpress\/update-no-5-sonderzug-nach-halle\/#breadcrumb\",\"itemListElement\":[{\"@type\":\"ListItem\",\"position\":1,\"name\":\"Startseite\",\"item\":\"https:\/\/www.fanprojekt-muenster.de\/wordpress\/\"},{\"@type\":\"ListItem\",\"position\":2,\"name\":\"Update No. 5 &#8211; Sonderzug nach Halle\"}]},{\"@type\":\"WebSite\",\"@id\":\"https:\/\/www.fanprojekt-muenster.de\/wordpress\/#website\",\"url\":\"https:\/\/www.fanprojekt-muenster.de\/wordpress\/\",\"name\":\"Fangemeinschaft Preu\u00dfen M\u00fcnster e. V.\",\"description\":\"\",\"publisher\":{\"@id\":\"https:\/\/www.fanprojekt-muenster.de\/wordpress\/#organization\"},\"potentialAction\":[{\"@type\":\"SearchAction\",\"target\":{\"@type\":\"EntryPoint\",\"urlTemplate\":\"https:\/\/www.fanprojekt-muenster.de\/wordpress\/?s={search_term_string}\"},\"query-input\":{\"@type\":\"PropertyValueSpecification\",\"valueRequired\":true,\"valueName\":\"search_term_string\"}}],\"inLanguage\":\"de\"},{\"@type\":\"Organization\",\"@id\":\"https:\/\/www.fanprojekt-muenster.de\/wordpress\/#organization\",\"name\":\"Fangemeinschaft Preu\u00dfen M\u00fcnster e. V.\",\"url\":\"https:\/\/www.fanprojekt-muenster.de\/wordpress\/\",\"logo\":{\"@type\":\"ImageObject\",\"inLanguage\":\"de\",\"@id\":\"https:\/\/www.fanprojekt-muenster.de\/wordpress\/#\/schema\/logo\/image\/\",\"url\":\"https:\/\/www.fanprojekt-muenster.de\/wordpress\/wp-content\/uploads\/2019\/07\/cropped-Website_Logo3-9.png\",\"contentUrl\":\"https:\/\/www.fanprojekt-muenster.de\/wordpress\/wp-content\/uploads\/2019\/07\/cropped-Website_Logo3-9.png\",\"width\":224,\"height\":42,\"caption\":\"Fangemeinschaft Preu\u00dfen M\u00fcnster e. V.\"},\"image\":{\"@id\":\"https:\/\/www.fanprojekt-muenster.de\/wordpress\/#\/schema\/logo\/image\/\"}},{\"@type\":\"Person\",\"@id\":\"https:\/\/www.fanprojekt-muenster.de\/wordpress\/#\/schema\/person\/9126cc4d73d0d07c75b487075111186c\",\"name\":\"fp_superadmin\",\"url\":\"https:\/\/www.fanprojekt-muenster.de\/wordpress\/author\/fp_superadmin\/\"}]}<\/script>\n<!-- \/ Yoast SEO plugin. -->","yoast_head_json":{"title":"Update No. 5 - Sonderzug nach Halle - Fangemeinschaft Preu\u00dfen M\u00fcnster e. V.","robots":{"index":"index","follow":"follow","max-snippet":"max-snippet:-1","max-image-preview":"max-image-preview:large","max-video-preview":"max-video-preview:-1"},"canonical":"https:\/\/www.fanprojekt-muenster.de\/wordpress\/update-no-5-sonderzug-nach-halle\/","og_locale":"de_DE","og_type":"article","og_title":"Update No. 5 - Sonderzug nach Halle - Fangemeinschaft Preu\u00dfen M\u00fcnster e. V.","og_description":"Aloha Fanszene, am kommenden Wochenende ist es endlich soweit, unser Sonderzug rollt Richtung Halle! An dieser Stelle m\u00f6chte ich gerne bereits jetzt ein riesiges Dankesch\u00f6n an alle Helfer loswerden, ohne... Read more &raquo;","og_url":"https:\/\/www.fanprojekt-muenster.de\/wordpress\/update-no-5-sonderzug-nach-halle\/","og_site_name":"Fangemeinschaft Preu\u00dfen M\u00fcnster e. V.","article_published_time":"2015-03-30T15:12:01+00:00","author":"fp_superadmin","twitter_card":"summary_large_image","twitter_misc":{"Verfasst von":"fp_superadmin","Gesch\u00e4tzte Lesezeit":"4\u00a0Minuten"},"schema":{"@context":"https:\/\/schema.org","@graph":[{"@type":"Article","@id":"https:\/\/www.fanprojekt-muenster.de\/wordpress\/update-no-5-sonderzug-nach-halle\/#article","isPartOf":{"@id":"https:\/\/www.fanprojekt-muenster.de\/wordpress\/update-no-5-sonderzug-nach-halle\/"},"author":{"name":"fp_superadmin","@id":"https:\/\/www.fanprojekt-muenster.de\/wordpress\/#\/schema\/person\/9126cc4d73d0d07c75b487075111186c"},"headline":"Update No. 5 &#8211; Sonderzug nach Halle","datePublished":"2015-03-30T15:12:01+00:00","mainEntityOfPage":{"@id":"https:\/\/www.fanprojekt-muenster.de\/wordpress\/update-no-5-sonderzug-nach-halle\/"},"wordCount":786,"publisher":{"@id":"https:\/\/www.fanprojekt-muenster.de\/wordpress\/#organization"},"image":{"@id":"https:\/\/www.fanprojekt-muenster.de\/wordpress\/update-no-5-sonderzug-nach-halle\/#primaryimage"},"thumbnailUrl":"","keywords":["Ausw\u00e4rtsfahrt","Fan-Zug","Halle","Sonderzug"],"articleSection":["Aktionen","Ausw\u00e4rts","Sonderzug nach Halle"],"inLanguage":"de"},{"@type":"WebPage","@id":"https:\/\/www.fanprojekt-muenster.de\/wordpress\/update-no-5-sonderzug-nach-halle\/","url":"https:\/\/www.fanprojekt-muenster.de\/wordpress\/update-no-5-sonderzug-nach-halle\/","name":"Update No. 5 - Sonderzug nach Halle - Fangemeinschaft Preu\u00dfen M\u00fcnster e. V.","isPartOf":{"@id":"https:\/\/www.fanprojekt-muenster.de\/wordpress\/#website"},"primaryImageOfPage":{"@id":"https:\/\/www.fanprojekt-muenster.de\/wordpress\/update-no-5-sonderzug-nach-halle\/#primaryimage"},"image":{"@id":"https:\/\/www.fanprojekt-muenster.de\/wordpress\/update-no-5-sonderzug-nach-halle\/#primaryimage"},"thumbnailUrl":"","datePublished":"2015-03-30T15:12:01+00:00","breadcrumb":{"@id":"https:\/\/www.fanprojekt-muenster.de\/wordpress\/update-no-5-sonderzug-nach-halle\/#breadcrumb"},"inLanguage":"de","potentialAction":[{"@type":"ReadAction","target":["https:\/\/www.fanprojekt-muenster.de\/wordpress\/update-no-5-sonderzug-nach-halle\/"]}]},{"@type":"ImageObject","inLanguage":"de","@id":"https:\/\/www.fanprojekt-muenster.de\/wordpress\/update-no-5-sonderzug-nach-halle\/#primaryimage","url":"","contentUrl":""},{"@type":"BreadcrumbList","@id":"https:\/\/www.fanprojekt-muenster.de\/wordpress\/update-no-5-sonderzug-nach-halle\/#breadcrumb","itemListElement":[{"@type":"ListItem","position":1,"name":"Startseite","item":"https:\/\/www.fanprojekt-muenster.de\/wordpress\/"},{"@type":"ListItem","position":2,"name":"Update No. 5 &#8211; Sonderzug nach Halle"}]},{"@type":"WebSite","@id":"https:\/\/www.fanprojekt-muenster.de\/wordpress\/#website","url":"https:\/\/www.fanprojekt-muenster.de\/wordpress\/","name":"Fangemeinschaft Preu\u00dfen M\u00fcnster e. V.","description":"","publisher":{"@id":"https:\/\/www.fanprojekt-muenster.de\/wordpress\/#organization"},"potentialAction":[{"@type":"SearchAction","target":{"@type":"EntryPoint","urlTemplate":"https:\/\/www.fanprojekt-muenster.de\/wordpress\/?s={search_term_string}"},"query-input":{"@type":"PropertyValueSpecification","valueRequired":true,"valueName":"search_term_string"}}],"inLanguage":"de"},{"@type":"Organization","@id":"https:\/\/www.fanprojekt-muenster.de\/wordpress\/#organization","name":"Fangemeinschaft Preu\u00dfen M\u00fcnster e. V.","url":"https:\/\/www.fanprojekt-muenster.de\/wordpress\/","logo":{"@type":"ImageObject","inLanguage":"de","@id":"https:\/\/www.fanprojekt-muenster.de\/wordpress\/#\/schema\/logo\/image\/","url":"https:\/\/www.fanprojekt-muenster.de\/wordpress\/wp-content\/uploads\/2019\/07\/cropped-Website_Logo3-9.png","contentUrl":"https:\/\/www.fanprojekt-muenster.de\/wordpress\/wp-content\/uploads\/2019\/07\/cropped-Website_Logo3-9.png","width":224,"height":42,"caption":"Fangemeinschaft Preu\u00dfen M\u00fcnster e. V."},"image":{"@id":"https:\/\/www.fanprojekt-muenster.de\/wordpress\/#\/schema\/logo\/image\/"}},{"@type":"Person","@id":"https:\/\/www.fanprojekt-muenster.de\/wordpress\/#\/schema\/person\/9126cc4d73d0d07c75b487075111186c","name":"fp_superadmin","url":"https:\/\/www.fanprojekt-muenster.de\/wordpress\/author\/fp_superadmin\/"}]}},"author_meta":{"display_name":"fp_superadmin","author_link":"https:\/\/www.fanprojekt-muenster.de\/wordpress\/author\/fp_superadmin\/"},"featured_img":null,"coauthors":[],"tax_additional":{"categories":{"linked":["<a href=\"https:\/\/www.fanprojekt-muenster.de\/wordpress\/category\/aktionen\/\" class=\"advgb-post-tax-term\">Aktionen<\/a>","<a href=\"https:\/\/www.fanprojekt-muenster.de\/wordpress\/category\/auswarts\/\" class=\"advgb-post-tax-term\">Ausw\u00e4rts<\/a>","<a href=\"https:\/\/www.fanprojekt-muenster.de\/wordpress\/category\/auswarts\/sonderzug_nach_halle\/\" class=\"advgb-post-tax-term\">Sonderzug nach Halle<\/a>"],"unlinked":["<span class=\"advgb-post-tax-term\">Aktionen<\/span>","<span class=\"advgb-post-tax-term\">Ausw\u00e4rts<\/span>","<span class=\"advgb-post-tax-term\">Sonderzug nach Halle<\/span>"]},"tags":{"linked":["<a href=\"https:\/\/www.fanprojekt-muenster.de\/wordpress\/category\/auswarts\/sonderzug_nach_halle\/\" class=\"advgb-post-tax-term\">Ausw\u00e4rtsfahrt<\/a>","<a href=\"https:\/\/www.fanprojekt-muenster.de\/wordpress\/category\/auswarts\/sonderzug_nach_halle\/\" class=\"advgb-post-tax-term\">Fan-Zug<\/a>","<a href=\"https:\/\/www.fanprojekt-muenster.de\/wordpress\/category\/auswarts\/sonderzug_nach_halle\/\" class=\"advgb-post-tax-term\">Halle<\/a>","<a href=\"https:\/\/www.fanprojekt-muenster.de\/wordpress\/category\/auswarts\/sonderzug_nach_halle\/\" class=\"advgb-post-tax-term\">Sonderzug<\/a>"],"unlinked":["<span class=\"advgb-post-tax-term\">Ausw\u00e4rtsfahrt<\/span>","<span class=\"advgb-post-tax-term\">Fan-Zug<\/span>","<span class=\"advgb-post-tax-term\">Halle<\/span>","<span class=\"advgb-post-tax-term\">Sonderzug<\/span>"]}},"comment_count":"0","relative_dates":{"created":"Posted 11\u00a0Jahren ago","modified":"Updated 11\u00a0Jahren ago"},"absolute_dates":{"created":"Posted on 30. M\u00e4rz 2015","modified":"Updated on 30. M\u00e4rz 2015"},"absolute_dates_time":{"created":"Posted on 30. M\u00e4rz 2015 17:12","modified":"Updated on 30. M\u00e4rz 2015 17:12"},"featured_img_caption":"","series_order":"","_links":{"self":[{"href":"https:\/\/www.fanprojekt-muenster.de\/wordpress\/wp-json\/wp\/v2\/posts\/4195","targetHints":{"allow":["GET"]}}],"collection":[{"href":"https:\/\/www.fanprojekt-muenster.de\/wordpress\/wp-json\/wp\/v2\/posts"}],"about":[{"href":"https:\/\/www.fanprojekt-muenster.de\/wordpress\/wp-json\/wp\/v2\/types\/post"}],"author":[{"embeddable":true,"href":"https:\/\/www.fanprojekt-muenster.de\/wordpress\/wp-json\/wp\/v2\/users\/2"}],"replies":[{"embeddable":true,"href":"https:\/\/www.fanprojekt-muenster.de\/wordpress\/wp-json\/wp\/v2\/comments?post=4195"}],"version-history":[{"count":0,"href":"https:\/\/www.fanprojekt-muenster.de\/wordpress\/wp-json\/wp\/v2\/posts\/4195\/revisions"}],"wp:featuredmedia":[{"embeddable":true,"href":"https:\/\/www.fanprojekt-muenster.de\/wordpress\/wp-json\/"}],"wp:attachment":[{"href":"https:\/\/www.fanprojekt-muenster.de\/wordpress\/wp-json\/wp\/v2\/media?parent=4195"}],"wp:term":[{"taxonomy":"category","embeddable":true,"href":"https:\/\/www.fanprojekt-muenster.de\/wordpress\/wp-json\/wp\/v2\/categories?post=4195"},{"taxonomy":"post_tag","embeddable":true,"href":"https:\/\/www.fanprojekt-muenster.de\/wordpress\/wp-json\/wp\/v2\/tags?post=4195"}],"curies":[{"name":"wp","href":"https:\/\/api.w.org\/{rel}","templated":true}]}}