{"id":4156,"date":"2015-03-24T15:25:01","date_gmt":"2015-03-24T13:25:01","guid":{"rendered":"http:\/\/www.fanprojekt-muenster.de\/wp\/?p=4156"},"modified":"2015-03-24T15:25:01","modified_gmt":"2015-03-24T13:25:01","slug":"update-no-4-sonderzug-nach-halle","status":"publish","type":"post","link":"https:\/\/www.fanprojekt-muenster.de\/wordpress\/update-no-4-sonderzug-nach-halle\/","title":{"rendered":"Update No. 4 &#8211; Sonderzug nach Halle"},"content":{"rendered":"<p style=\"text-align: justify;\"><a href=\"http:\/\/www.fanprojekt-muenster.de\/wp\/wp-content\/uploads\/2015\/03\/DSCN2517.jpg\"><img loading=\"lazy\" decoding=\"async\" class=\"alignright size-medium wp-image-4157\" src=\"http:\/\/www.fanprojekt-muenster.de\/wp\/wp-content\/uploads\/2015\/03\/DSCN2517-300x169.jpg\" alt=\"DSCN2517\" width=\"300\" height=\"169\" \/><\/a>Der Fanszene Sonderzug ist pickepacke voll. Bis auf wenige R\u00fcckl\u00e4ufer (1 Abteil = 6 Karten sind noch zu haben!) ist unser Zug ausverkauft, Wahnsinn! Wir rollen mit \u00fcber 700 Preu\u00dfen-Fans in 11 Sitzplatzwagen und 2 Partywagen in den wilden Osten und holen uns die bittern\u00f6tigen 3 Ausw\u00e4rtspunkte in Halle ab.<\/p>\n<p style=\"text-align: justify;\">Die Mannschaft tut zwar momentan alles daf\u00fcr, dass wir nicht in Aufstiegs-Euphorie verfallen, aber noch ist die Messe nicht gelesen! Wir werden weiter Gas geben und unsere Mannschaft unterst\u00fctzen, in guten wie in schlechten Zeiten.<br \/>\n<span style=\"color: #ffffff;\">.<\/span><\/p>\n<h4 style=\"text-align: justify;\"><strong>Abfahrtszeiten<\/strong><\/h4>\n<p style=\"text-align: justify;\">\u00a0Uns liegen inzwischen die genauen Abfahrtszeiten vor:<\/p>\n<p style=\"text-align: justify;\">[column col=&#8220;1\/3&#8243;]<strong>M\u00fcnster \u2013 Halle<\/strong>[\/column]<br \/>\n[column col=&#8220;1\/3&#8243;]<strong>ab 07:15 Uhr, Gleis 12<\/strong>[\/column]<br \/>\n[column col=&#8220;1\/3&#8243;]<strong>an 11:43 Uhr<\/strong>[\/column]<\/p>\n<p style=\"text-align: justify;\">[column col=&#8220;1\/3&#8243;]<strong>Halle \u2013 M\u00fcnster<\/strong>[\/column]<br \/>\n[column col=&#8220;1\/3&#8243;]<strong>ab 17:45 Uhr, Gleis 4<\/strong>[\/column]<br \/>\n[column col=&#8220;1\/3&#8243;]<strong>an 22:11 Uhr<\/strong>[\/column]<\/p>\n<p style=\"text-align: justify;\">Bitte denkt daran, rechtzeitig am Bahnhof zu sein, es wird voll und der Zug muss p\u00fcnktlich abfahren. Der genaue Wagenspiegel wird beim kommenden Update ver\u00f6ffentlicht und wird auch an vielen Stellen im Bahnhof aush\u00e4ngen.<br \/>\n<span style=\"color: #ffffff;\">.<\/span><\/p>\n<h4 style=\"text-align: justify;\"><strong>Ordner<\/strong><\/h4>\n<p style=\"text-align: justify;\">An dieser Stelle m\u00f6chten wir uns bei allen Fans, die sich in den letzten Tagen bei uns als freiwillige Ordner gemeldet haben, bereits jetzt bedanken.<\/p>\n<p style=\"text-align: justify;\">Wir treffen uns am kommenden <strong>Freitag, 27.03.2015, um 18:00 Uhr<\/strong> im Presseraum der Trib\u00fcne zur Vorbesprechung und Einweisung.<br \/>\n<span style=\"color: #ffffff;\">.<\/span><\/p>\n<h4 style=\"text-align: justify;\"><strong>Partywagen<\/strong><\/h4>\n<p style=\"text-align: justify;\">Wie schon angek\u00fcndigt, rollt der Zug mit zwei Partywagen nach Halle, damit auch f\u00fcr alle genug Platz zum Feiern ist. In beiden Partywagen werden einige DJ-Teams Vollgas geben und f\u00fcr eine grandiose Partystimmung sorgen.<\/p>\n<p style=\"text-align: justify;\">Am Tresen gibt es frisch gezapftes Bier und andere Erfrischungsgetr\u00e4nke zu \u00e4u\u00dferst fairen Kursen, bitte denkt daran, dass selbst mitgebrachte Getr\u00e4nke und Speisen nur in den Abteilen verzehrt werden d\u00fcrfen.<\/p>\n<p style=\"text-align: justify;\">[message_box title=&#8220;DANKE!&#8220; color=&#8220;green&#8220;]Ein dickes, fettes Dankesch\u00f6n geht vor allem an unseren guten Siggi H\u00f6ing, dank seiner Unterst\u00fctzung sponsert die Brauerei Warsteiner unseren Zug mit 500 l Bier!!![\/message_box]<\/p>\n<p style=\"text-align: justify;\">Das Bier wird nicht als Freibier ausgeschenkt, das ist vertraglich nicht m\u00f6glich. Der Caterer kauft uns das Bier zu seinen regul\u00e4ren Konditionen ab, der Erl\u00f6s dient zur Finanzierung des Sonderzuges.<strong><br \/>\n<\/strong><\/p>\n<p style=\"text-align: justify;\">Cheers, Euer Fanprojekt<\/p>\n<p style=\"text-align: justify;\"><span style=\"color: #ffffff;\">.<\/span><\/p>\n","protected":false},"excerpt":{"rendered":"<p>Der Fanszene Sonderzug ist pickepacke voll. Bis auf wenige R\u00fcckl\u00e4ufer (1 Abteil = 6 Karten sind noch zu haben!) ist unser Zug ausverkauft, Wahnsinn! Wir rollen mit \u00fcber 700 Preu\u00dfen-Fans&#8230; <a class=\"read-more-link\" href=\"https:\/\/www.fanprojekt-muenster.de\/wordpress\/update-no-4-sonderzug-nach-halle\/\">Read more &raquo;<\/a><\/p>\n","protected":false},"author":2,"featured_media":4157,"comment_status":"closed","ping_status":"closed","sticky":false,"template":"","format":"standard","meta":{"advgb_blocks_editor_width":"","advgb_blocks_columns_visual_guide":"","footnotes":""},"categories":[2,4,12],"tags":[49,101,138,234],"class_list":["post-4156","post","type-post","status-publish","format-standard","has-post-thumbnail","hentry","category-aktionen","category-auswarts","category-sonderzug_nach_halle","tag-auswaertsfahrt","tag-fan-zug","tag-halle","tag-sonderzug"],"featured_image_src":null,"author_info":{"display_name":"fp_superadmin","author_link":"https:\/\/www.fanprojekt-muenster.de\/wordpress\/author\/fp_superadmin\/"},"yoast_head":"<!-- This site is optimized with the Yoast SEO plugin v27.2 - https:\/\/yoast.com\/product\/yoast-seo-wordpress\/ -->\n<title>Update No. 4 - Sonderzug nach Halle - Fangemeinschaft Preu\u00dfen M\u00fcnster e. V.<\/title>\n<meta name=\"robots\" content=\"index, follow, max-snippet:-1, max-image-preview:large, max-video-preview:-1\" \/>\n<link rel=\"canonical\" href=\"https:\/\/www.fanprojekt-muenster.de\/wordpress\/update-no-4-sonderzug-nach-halle\/\" \/>\n<meta property=\"og:locale\" content=\"de_DE\" \/>\n<meta property=\"og:type\" content=\"article\" \/>\n<meta property=\"og:title\" content=\"Update No. 4 - Sonderzug nach Halle - Fangemeinschaft Preu\u00dfen M\u00fcnster e. V.\" \/>\n<meta property=\"og:description\" content=\"Der Fanszene Sonderzug ist pickepacke voll. Bis auf wenige R\u00fcckl\u00e4ufer (1 Abteil = 6 Karten sind noch zu haben!) ist unser Zug ausverkauft, Wahnsinn! Wir rollen mit \u00fcber 700 Preu\u00dfen-Fans... Read more &raquo;\" \/>\n<meta property=\"og:url\" content=\"https:\/\/www.fanprojekt-muenster.de\/wordpress\/update-no-4-sonderzug-nach-halle\/\" \/>\n<meta property=\"og:site_name\" content=\"Fangemeinschaft Preu\u00dfen M\u00fcnster e. V.\" \/>\n<meta property=\"article:published_time\" content=\"2015-03-24T13:25:01+00:00\" \/>\n<meta name=\"author\" content=\"fp_superadmin\" \/>\n<meta name=\"twitter:card\" content=\"summary_large_image\" \/>\n<meta name=\"twitter:label1\" content=\"Verfasst von\" \/>\n\t<meta name=\"twitter:data1\" content=\"fp_superadmin\" \/>\n\t<meta name=\"twitter:label2\" content=\"Gesch\u00e4tzte Lesezeit\" \/>\n\t<meta name=\"twitter:data2\" content=\"2\u00a0Minuten\" \/>\n<script type=\"application\/ld+json\" class=\"yoast-schema-graph\">{\"@context\":\"https:\/\/schema.org\",\"@graph\":[{\"@type\":\"Article\",\"@id\":\"https:\/\/www.fanprojekt-muenster.de\/wordpress\/update-no-4-sonderzug-nach-halle\/#article\",\"isPartOf\":{\"@id\":\"https:\/\/www.fanprojekt-muenster.de\/wordpress\/update-no-4-sonderzug-nach-halle\/\"},\"author\":{\"name\":\"fp_superadmin\",\"@id\":\"https:\/\/www.fanprojekt-muenster.de\/wordpress\/#\/schema\/person\/9126cc4d73d0d07c75b487075111186c\"},\"headline\":\"Update No. 4 &#8211; Sonderzug nach Halle\",\"datePublished\":\"2015-03-24T13:25:01+00:00\",\"mainEntityOfPage\":{\"@id\":\"https:\/\/www.fanprojekt-muenster.de\/wordpress\/update-no-4-sonderzug-nach-halle\/\"},\"wordCount\":357,\"publisher\":{\"@id\":\"https:\/\/www.fanprojekt-muenster.de\/wordpress\/#organization\"},\"image\":{\"@id\":\"https:\/\/www.fanprojekt-muenster.de\/wordpress\/update-no-4-sonderzug-nach-halle\/#primaryimage\"},\"thumbnailUrl\":\"\",\"keywords\":[\"Ausw\u00e4rtsfahrt\",\"Fan-Zug\",\"Halle\",\"Sonderzug\"],\"articleSection\":[\"Aktionen\",\"Ausw\u00e4rts\",\"Sonderzug nach Halle\"],\"inLanguage\":\"de\"},{\"@type\":\"WebPage\",\"@id\":\"https:\/\/www.fanprojekt-muenster.de\/wordpress\/update-no-4-sonderzug-nach-halle\/\",\"url\":\"https:\/\/www.fanprojekt-muenster.de\/wordpress\/update-no-4-sonderzug-nach-halle\/\",\"name\":\"Update No. 4 - Sonderzug nach Halle - Fangemeinschaft Preu\u00dfen M\u00fcnster e. V.\",\"isPartOf\":{\"@id\":\"https:\/\/www.fanprojekt-muenster.de\/wordpress\/#website\"},\"primaryImageOfPage\":{\"@id\":\"https:\/\/www.fanprojekt-muenster.de\/wordpress\/update-no-4-sonderzug-nach-halle\/#primaryimage\"},\"image\":{\"@id\":\"https:\/\/www.fanprojekt-muenster.de\/wordpress\/update-no-4-sonderzug-nach-halle\/#primaryimage\"},\"thumbnailUrl\":\"\",\"datePublished\":\"2015-03-24T13:25:01+00:00\",\"breadcrumb\":{\"@id\":\"https:\/\/www.fanprojekt-muenster.de\/wordpress\/update-no-4-sonderzug-nach-halle\/#breadcrumb\"},\"inLanguage\":\"de\",\"potentialAction\":[{\"@type\":\"ReadAction\",\"target\":[\"https:\/\/www.fanprojekt-muenster.de\/wordpress\/update-no-4-sonderzug-nach-halle\/\"]}]},{\"@type\":\"ImageObject\",\"inLanguage\":\"de\",\"@id\":\"https:\/\/www.fanprojekt-muenster.de\/wordpress\/update-no-4-sonderzug-nach-halle\/#primaryimage\",\"url\":\"\",\"contentUrl\":\"\"},{\"@type\":\"BreadcrumbList\",\"@id\":\"https:\/\/www.fanprojekt-muenster.de\/wordpress\/update-no-4-sonderzug-nach-halle\/#breadcrumb\",\"itemListElement\":[{\"@type\":\"ListItem\",\"position\":1,\"name\":\"Startseite\",\"item\":\"https:\/\/www.fanprojekt-muenster.de\/wordpress\/\"},{\"@type\":\"ListItem\",\"position\":2,\"name\":\"Update No. 4 &#8211; Sonderzug nach Halle\"}]},{\"@type\":\"WebSite\",\"@id\":\"https:\/\/www.fanprojekt-muenster.de\/wordpress\/#website\",\"url\":\"https:\/\/www.fanprojekt-muenster.de\/wordpress\/\",\"name\":\"Fangemeinschaft Preu\u00dfen M\u00fcnster e. V.\",\"description\":\"\",\"publisher\":{\"@id\":\"https:\/\/www.fanprojekt-muenster.de\/wordpress\/#organization\"},\"potentialAction\":[{\"@type\":\"SearchAction\",\"target\":{\"@type\":\"EntryPoint\",\"urlTemplate\":\"https:\/\/www.fanprojekt-muenster.de\/wordpress\/?s={search_term_string}\"},\"query-input\":{\"@type\":\"PropertyValueSpecification\",\"valueRequired\":true,\"valueName\":\"search_term_string\"}}],\"inLanguage\":\"de\"},{\"@type\":\"Organization\",\"@id\":\"https:\/\/www.fanprojekt-muenster.de\/wordpress\/#organization\",\"name\":\"Fangemeinschaft Preu\u00dfen M\u00fcnster e. V.\",\"url\":\"https:\/\/www.fanprojekt-muenster.de\/wordpress\/\",\"logo\":{\"@type\":\"ImageObject\",\"inLanguage\":\"de\",\"@id\":\"https:\/\/www.fanprojekt-muenster.de\/wordpress\/#\/schema\/logo\/image\/\",\"url\":\"https:\/\/www.fanprojekt-muenster.de\/wordpress\/wp-content\/uploads\/2019\/07\/cropped-Website_Logo3-9.png\",\"contentUrl\":\"https:\/\/www.fanprojekt-muenster.de\/wordpress\/wp-content\/uploads\/2019\/07\/cropped-Website_Logo3-9.png\",\"width\":224,\"height\":42,\"caption\":\"Fangemeinschaft Preu\u00dfen M\u00fcnster e. V.\"},\"image\":{\"@id\":\"https:\/\/www.fanprojekt-muenster.de\/wordpress\/#\/schema\/logo\/image\/\"}},{\"@type\":\"Person\",\"@id\":\"https:\/\/www.fanprojekt-muenster.de\/wordpress\/#\/schema\/person\/9126cc4d73d0d07c75b487075111186c\",\"name\":\"fp_superadmin\",\"url\":\"https:\/\/www.fanprojekt-muenster.de\/wordpress\/author\/fp_superadmin\/\"}]}<\/script>\n<!-- \/ Yoast SEO plugin. -->","yoast_head_json":{"title":"Update No. 4 - Sonderzug nach Halle - Fangemeinschaft Preu\u00dfen M\u00fcnster e. V.","robots":{"index":"index","follow":"follow","max-snippet":"max-snippet:-1","max-image-preview":"max-image-preview:large","max-video-preview":"max-video-preview:-1"},"canonical":"https:\/\/www.fanprojekt-muenster.de\/wordpress\/update-no-4-sonderzug-nach-halle\/","og_locale":"de_DE","og_type":"article","og_title":"Update No. 4 - Sonderzug nach Halle - Fangemeinschaft Preu\u00dfen M\u00fcnster e. V.","og_description":"Der Fanszene Sonderzug ist pickepacke voll. Bis auf wenige R\u00fcckl\u00e4ufer (1 Abteil = 6 Karten sind noch zu haben!) ist unser Zug ausverkauft, Wahnsinn! Wir rollen mit \u00fcber 700 Preu\u00dfen-Fans... Read more &raquo;","og_url":"https:\/\/www.fanprojekt-muenster.de\/wordpress\/update-no-4-sonderzug-nach-halle\/","og_site_name":"Fangemeinschaft Preu\u00dfen M\u00fcnster e. V.","article_published_time":"2015-03-24T13:25:01+00:00","author":"fp_superadmin","twitter_card":"summary_large_image","twitter_misc":{"Verfasst von":"fp_superadmin","Gesch\u00e4tzte Lesezeit":"2\u00a0Minuten"},"schema":{"@context":"https:\/\/schema.org","@graph":[{"@type":"Article","@id":"https:\/\/www.fanprojekt-muenster.de\/wordpress\/update-no-4-sonderzug-nach-halle\/#article","isPartOf":{"@id":"https:\/\/www.fanprojekt-muenster.de\/wordpress\/update-no-4-sonderzug-nach-halle\/"},"author":{"name":"fp_superadmin","@id":"https:\/\/www.fanprojekt-muenster.de\/wordpress\/#\/schema\/person\/9126cc4d73d0d07c75b487075111186c"},"headline":"Update No. 4 &#8211; Sonderzug nach Halle","datePublished":"2015-03-24T13:25:01+00:00","mainEntityOfPage":{"@id":"https:\/\/www.fanprojekt-muenster.de\/wordpress\/update-no-4-sonderzug-nach-halle\/"},"wordCount":357,"publisher":{"@id":"https:\/\/www.fanprojekt-muenster.de\/wordpress\/#organization"},"image":{"@id":"https:\/\/www.fanprojekt-muenster.de\/wordpress\/update-no-4-sonderzug-nach-halle\/#primaryimage"},"thumbnailUrl":"","keywords":["Ausw\u00e4rtsfahrt","Fan-Zug","Halle","Sonderzug"],"articleSection":["Aktionen","Ausw\u00e4rts","Sonderzug nach Halle"],"inLanguage":"de"},{"@type":"WebPage","@id":"https:\/\/www.fanprojekt-muenster.de\/wordpress\/update-no-4-sonderzug-nach-halle\/","url":"https:\/\/www.fanprojekt-muenster.de\/wordpress\/update-no-4-sonderzug-nach-halle\/","name":"Update No. 4 - Sonderzug nach Halle - Fangemeinschaft Preu\u00dfen M\u00fcnster e. V.","isPartOf":{"@id":"https:\/\/www.fanprojekt-muenster.de\/wordpress\/#website"},"primaryImageOfPage":{"@id":"https:\/\/www.fanprojekt-muenster.de\/wordpress\/update-no-4-sonderzug-nach-halle\/#primaryimage"},"image":{"@id":"https:\/\/www.fanprojekt-muenster.de\/wordpress\/update-no-4-sonderzug-nach-halle\/#primaryimage"},"thumbnailUrl":"","datePublished":"2015-03-24T13:25:01+00:00","breadcrumb":{"@id":"https:\/\/www.fanprojekt-muenster.de\/wordpress\/update-no-4-sonderzug-nach-halle\/#breadcrumb"},"inLanguage":"de","potentialAction":[{"@type":"ReadAction","target":["https:\/\/www.fanprojekt-muenster.de\/wordpress\/update-no-4-sonderzug-nach-halle\/"]}]},{"@type":"ImageObject","inLanguage":"de","@id":"https:\/\/www.fanprojekt-muenster.de\/wordpress\/update-no-4-sonderzug-nach-halle\/#primaryimage","url":"","contentUrl":""},{"@type":"BreadcrumbList","@id":"https:\/\/www.fanprojekt-muenster.de\/wordpress\/update-no-4-sonderzug-nach-halle\/#breadcrumb","itemListElement":[{"@type":"ListItem","position":1,"name":"Startseite","item":"https:\/\/www.fanprojekt-muenster.de\/wordpress\/"},{"@type":"ListItem","position":2,"name":"Update No. 4 &#8211; Sonderzug nach Halle"}]},{"@type":"WebSite","@id":"https:\/\/www.fanprojekt-muenster.de\/wordpress\/#website","url":"https:\/\/www.fanprojekt-muenster.de\/wordpress\/","name":"Fangemeinschaft Preu\u00dfen M\u00fcnster e. V.","description":"","publisher":{"@id":"https:\/\/www.fanprojekt-muenster.de\/wordpress\/#organization"},"potentialAction":[{"@type":"SearchAction","target":{"@type":"EntryPoint","urlTemplate":"https:\/\/www.fanprojekt-muenster.de\/wordpress\/?s={search_term_string}"},"query-input":{"@type":"PropertyValueSpecification","valueRequired":true,"valueName":"search_term_string"}}],"inLanguage":"de"},{"@type":"Organization","@id":"https:\/\/www.fanprojekt-muenster.de\/wordpress\/#organization","name":"Fangemeinschaft Preu\u00dfen M\u00fcnster e. V.","url":"https:\/\/www.fanprojekt-muenster.de\/wordpress\/","logo":{"@type":"ImageObject","inLanguage":"de","@id":"https:\/\/www.fanprojekt-muenster.de\/wordpress\/#\/schema\/logo\/image\/","url":"https:\/\/www.fanprojekt-muenster.de\/wordpress\/wp-content\/uploads\/2019\/07\/cropped-Website_Logo3-9.png","contentUrl":"https:\/\/www.fanprojekt-muenster.de\/wordpress\/wp-content\/uploads\/2019\/07\/cropped-Website_Logo3-9.png","width":224,"height":42,"caption":"Fangemeinschaft Preu\u00dfen M\u00fcnster e. V."},"image":{"@id":"https:\/\/www.fanprojekt-muenster.de\/wordpress\/#\/schema\/logo\/image\/"}},{"@type":"Person","@id":"https:\/\/www.fanprojekt-muenster.de\/wordpress\/#\/schema\/person\/9126cc4d73d0d07c75b487075111186c","name":"fp_superadmin","url":"https:\/\/www.fanprojekt-muenster.de\/wordpress\/author\/fp_superadmin\/"}]}},"author_meta":{"display_name":"fp_superadmin","author_link":"https:\/\/www.fanprojekt-muenster.de\/wordpress\/author\/fp_superadmin\/"},"featured_img":null,"coauthors":[],"tax_additional":{"categories":{"linked":["<a href=\"https:\/\/www.fanprojekt-muenster.de\/wordpress\/category\/aktionen\/\" class=\"advgb-post-tax-term\">Aktionen<\/a>","<a href=\"https:\/\/www.fanprojekt-muenster.de\/wordpress\/category\/auswarts\/\" class=\"advgb-post-tax-term\">Ausw\u00e4rts<\/a>","<a href=\"https:\/\/www.fanprojekt-muenster.de\/wordpress\/category\/auswarts\/sonderzug_nach_halle\/\" class=\"advgb-post-tax-term\">Sonderzug nach Halle<\/a>"],"unlinked":["<span class=\"advgb-post-tax-term\">Aktionen<\/span>","<span class=\"advgb-post-tax-term\">Ausw\u00e4rts<\/span>","<span class=\"advgb-post-tax-term\">Sonderzug nach Halle<\/span>"]},"tags":{"linked":["<a href=\"https:\/\/www.fanprojekt-muenster.de\/wordpress\/category\/auswarts\/sonderzug_nach_halle\/\" class=\"advgb-post-tax-term\">Ausw\u00e4rtsfahrt<\/a>","<a href=\"https:\/\/www.fanprojekt-muenster.de\/wordpress\/category\/auswarts\/sonderzug_nach_halle\/\" class=\"advgb-post-tax-term\">Fan-Zug<\/a>","<a href=\"https:\/\/www.fanprojekt-muenster.de\/wordpress\/category\/auswarts\/sonderzug_nach_halle\/\" class=\"advgb-post-tax-term\">Halle<\/a>","<a href=\"https:\/\/www.fanprojekt-muenster.de\/wordpress\/category\/auswarts\/sonderzug_nach_halle\/\" class=\"advgb-post-tax-term\">Sonderzug<\/a>"],"unlinked":["<span class=\"advgb-post-tax-term\">Ausw\u00e4rtsfahrt<\/span>","<span class=\"advgb-post-tax-term\">Fan-Zug<\/span>","<span class=\"advgb-post-tax-term\">Halle<\/span>","<span class=\"advgb-post-tax-term\">Sonderzug<\/span>"]}},"comment_count":"0","relative_dates":{"created":"Posted 11\u00a0Jahren ago","modified":"Updated 11\u00a0Jahren ago"},"absolute_dates":{"created":"Posted on 24. M\u00e4rz 2015","modified":"Updated on 24. M\u00e4rz 2015"},"absolute_dates_time":{"created":"Posted on 24. M\u00e4rz 2015 15:25","modified":"Updated on 24. M\u00e4rz 2015 15:25"},"featured_img_caption":"","series_order":"","_links":{"self":[{"href":"https:\/\/www.fanprojekt-muenster.de\/wordpress\/wp-json\/wp\/v2\/posts\/4156","targetHints":{"allow":["GET"]}}],"collection":[{"href":"https:\/\/www.fanprojekt-muenster.de\/wordpress\/wp-json\/wp\/v2\/posts"}],"about":[{"href":"https:\/\/www.fanprojekt-muenster.de\/wordpress\/wp-json\/wp\/v2\/types\/post"}],"author":[{"embeddable":true,"href":"https:\/\/www.fanprojekt-muenster.de\/wordpress\/wp-json\/wp\/v2\/users\/2"}],"replies":[{"embeddable":true,"href":"https:\/\/www.fanprojekt-muenster.de\/wordpress\/wp-json\/wp\/v2\/comments?post=4156"}],"version-history":[{"count":0,"href":"https:\/\/www.fanprojekt-muenster.de\/wordpress\/wp-json\/wp\/v2\/posts\/4156\/revisions"}],"wp:featuredmedia":[{"embeddable":true,"href":"https:\/\/www.fanprojekt-muenster.de\/wordpress\/wp-json\/"}],"wp:attachment":[{"href":"https:\/\/www.fanprojekt-muenster.de\/wordpress\/wp-json\/wp\/v2\/media?parent=4156"}],"wp:term":[{"taxonomy":"category","embeddable":true,"href":"https:\/\/www.fanprojekt-muenster.de\/wordpress\/wp-json\/wp\/v2\/categories?post=4156"},{"taxonomy":"post_tag","embeddable":true,"href":"https:\/\/www.fanprojekt-muenster.de\/wordpress\/wp-json\/wp\/v2\/tags?post=4156"}],"curies":[{"name":"wp","href":"https:\/\/api.w.org\/{rel}","templated":true}]}}