{"id":4150,"date":"2015-03-20T14:00:33","date_gmt":"2015-03-20T12:00:33","guid":{"rendered":"http:\/\/www.fanprojekt-muenster.de\/wp\/?p=4150"},"modified":"2015-03-20T14:00:33","modified_gmt":"2015-03-20T12:00:33","slug":"vorverkaufsinfos-fuer-halle-und-bielefeld","status":"publish","type":"post","link":"https:\/\/www.fanprojekt-muenster.de\/wordpress\/vorverkaufsinfos-fuer-halle-und-bielefeld\/","title":{"rendered":"Vorverkaufsinfos f\u00fcr Halle und Bielefeld"},"content":{"rendered":"<p><strong>21.03.2015 &#8211; VVK Halle<\/strong><\/p>\n<p>Morgen zum Heimspiel gegen Mainz II k\u00f6nnt Ihr Euch Tickets f\u00fcr das n\u00e4chste Ausw\u00e4rtsspiel gegen Halle kaufen. Die Tickets gibt es an den Tageskassen. Wir empfehlen allen Sonderzugfahrern, Euch schon vorab euer Ticket zu sichern, um einen Ticketstau in Halle zu umgehen und einen fl\u00fcssigen Ablauf zu gew\u00e4hrleisten!<\/p>\n<p><strong>25.03.2015 &#8211; 18:00 Uhr &#8211; VVK Bielefeld<\/strong><\/p>\n<p>Auch die begehrten Derbytickets f\u00fcr das Spiel in Bielefeld werden an den Tageskassen am Preu\u00dfenstadion verkauft.<\/p>\n<ul>\n<li>Nur f\u00fcr Mitglieder und Dauerkarteninhaber<\/li>\n<li>Kontingent: 1300 Steher \/ 880 Sitzer<\/li>\n<li>Max. 1 Karte pro Person (keine Addition m\u00f6glich)<\/li>\n<li>Max. 1 Karte in Vertretung<\/li>\n<li>Personalisierter Kartenverkauf (DK\/Mitgliedsausweis ben\u00f6tigt!)<\/li>\n<\/ul>\n<p>Sollten wider Erwarten noch\u00a0Restkarten \u00fcbrig bleiben, beginnt der freie Vorverkauf am darauffolgenden Donnerstag (26.3.2015) um 10 Uhr im Fanshop.<\/p>\n","protected":false},"excerpt":{"rendered":"<p>21.03.2015 &#8211; VVK Halle Morgen zum Heimspiel gegen Mainz II k\u00f6nnt Ihr Euch Tickets f\u00fcr das n\u00e4chste Ausw\u00e4rtsspiel gegen Halle kaufen. Die Tickets gibt es an den Tageskassen. Wir empfehlen&#8230; <a class=\"read-more-link\" href=\"https:\/\/www.fanprojekt-muenster.de\/wordpress\/vorverkaufsinfos-fuer-halle-und-bielefeld\/\">Read more &raquo;<\/a><\/p>\n","protected":false},"author":2,"featured_media":2054,"comment_status":"closed","ping_status":"closed","sticky":false,"template":"","format":"standard","meta":{"advgb_blocks_editor_width":"","advgb_blocks_columns_visual_guide":"","footnotes":""},"categories":[3,4],"tags":[59,138,261,288],"class_list":["post-4150","post","type-post","status-publish","format-standard","has-post-thumbnail","hentry","category-aktuelles","category-auswarts","tag-bielefeld","tag-halle","tag-tickets","tag-vorverkauf"],"featured_image_src":null,"author_info":{"display_name":"fp_superadmin","author_link":"https:\/\/www.fanprojekt-muenster.de\/wordpress\/author\/fp_superadmin\/"},"yoast_head":"<!-- This site is optimized with the Yoast SEO plugin v27.2 - https:\/\/yoast.com\/product\/yoast-seo-wordpress\/ -->\n<title>Vorverkaufsinfos f\u00fcr Halle und Bielefeld - Fangemeinschaft Preu\u00dfen M\u00fcnster e. V.<\/title>\n<meta name=\"robots\" content=\"index, follow, max-snippet:-1, max-image-preview:large, max-video-preview:-1\" \/>\n<link rel=\"canonical\" href=\"https:\/\/www.fanprojekt-muenster.de\/wordpress\/vorverkaufsinfos-fuer-halle-und-bielefeld\/\" \/>\n<meta property=\"og:locale\" content=\"de_DE\" \/>\n<meta property=\"og:type\" content=\"article\" \/>\n<meta property=\"og:title\" content=\"Vorverkaufsinfos f\u00fcr Halle und Bielefeld - Fangemeinschaft Preu\u00dfen M\u00fcnster e. V.\" \/>\n<meta property=\"og:description\" content=\"21.03.2015 &#8211; VVK Halle Morgen zum Heimspiel gegen Mainz II k\u00f6nnt Ihr Euch Tickets f\u00fcr das n\u00e4chste Ausw\u00e4rtsspiel gegen Halle kaufen. Die Tickets gibt es an den Tageskassen. Wir empfehlen... Read more &raquo;\" \/>\n<meta property=\"og:url\" content=\"https:\/\/www.fanprojekt-muenster.de\/wordpress\/vorverkaufsinfos-fuer-halle-und-bielefeld\/\" \/>\n<meta property=\"og:site_name\" content=\"Fangemeinschaft Preu\u00dfen M\u00fcnster e. V.\" \/>\n<meta property=\"article:published_time\" content=\"2015-03-20T12:00:33+00:00\" \/>\n<meta name=\"author\" content=\"fp_superadmin\" \/>\n<meta name=\"twitter:card\" content=\"summary_large_image\" \/>\n<meta name=\"twitter:label1\" content=\"Verfasst von\" \/>\n\t<meta name=\"twitter:data1\" content=\"fp_superadmin\" \/>\n\t<meta name=\"twitter:label2\" content=\"Gesch\u00e4tzte Lesezeit\" \/>\n\t<meta name=\"twitter:data2\" content=\"1\u00a0Minute\" \/>\n<script type=\"application\/ld+json\" class=\"yoast-schema-graph\">{\"@context\":\"https:\/\/schema.org\",\"@graph\":[{\"@type\":\"Article\",\"@id\":\"https:\/\/www.fanprojekt-muenster.de\/wordpress\/vorverkaufsinfos-fuer-halle-und-bielefeld\/#article\",\"isPartOf\":{\"@id\":\"https:\/\/www.fanprojekt-muenster.de\/wordpress\/vorverkaufsinfos-fuer-halle-und-bielefeld\/\"},\"author\":{\"name\":\"fp_superadmin\",\"@id\":\"https:\/\/www.fanprojekt-muenster.de\/wordpress\/#\/schema\/person\/9126cc4d73d0d07c75b487075111186c\"},\"headline\":\"Vorverkaufsinfos f\u00fcr Halle und Bielefeld\",\"datePublished\":\"2015-03-20T12:00:33+00:00\",\"mainEntityOfPage\":{\"@id\":\"https:\/\/www.fanprojekt-muenster.de\/wordpress\/vorverkaufsinfos-fuer-halle-und-bielefeld\/\"},\"wordCount\":131,\"publisher\":{\"@id\":\"https:\/\/www.fanprojekt-muenster.de\/wordpress\/#organization\"},\"image\":{\"@id\":\"https:\/\/www.fanprojekt-muenster.de\/wordpress\/vorverkaufsinfos-fuer-halle-und-bielefeld\/#primaryimage\"},\"thumbnailUrl\":\"\",\"keywords\":[\"Bielefeld\",\"Halle\",\"Tickets\",\"Vorverkauf\"],\"articleSection\":[\"Aktuelles\",\"Ausw\u00e4rts\"],\"inLanguage\":\"de\"},{\"@type\":\"WebPage\",\"@id\":\"https:\/\/www.fanprojekt-muenster.de\/wordpress\/vorverkaufsinfos-fuer-halle-und-bielefeld\/\",\"url\":\"https:\/\/www.fanprojekt-muenster.de\/wordpress\/vorverkaufsinfos-fuer-halle-und-bielefeld\/\",\"name\":\"Vorverkaufsinfos f\u00fcr Halle und Bielefeld - Fangemeinschaft Preu\u00dfen M\u00fcnster e. V.\",\"isPartOf\":{\"@id\":\"https:\/\/www.fanprojekt-muenster.de\/wordpress\/#website\"},\"primaryImageOfPage\":{\"@id\":\"https:\/\/www.fanprojekt-muenster.de\/wordpress\/vorverkaufsinfos-fuer-halle-und-bielefeld\/#primaryimage\"},\"image\":{\"@id\":\"https:\/\/www.fanprojekt-muenster.de\/wordpress\/vorverkaufsinfos-fuer-halle-und-bielefeld\/#primaryimage\"},\"thumbnailUrl\":\"\",\"datePublished\":\"2015-03-20T12:00:33+00:00\",\"breadcrumb\":{\"@id\":\"https:\/\/www.fanprojekt-muenster.de\/wordpress\/vorverkaufsinfos-fuer-halle-und-bielefeld\/#breadcrumb\"},\"inLanguage\":\"de\",\"potentialAction\":[{\"@type\":\"ReadAction\",\"target\":[\"https:\/\/www.fanprojekt-muenster.de\/wordpress\/vorverkaufsinfos-fuer-halle-und-bielefeld\/\"]}]},{\"@type\":\"ImageObject\",\"inLanguage\":\"de\",\"@id\":\"https:\/\/www.fanprojekt-muenster.de\/wordpress\/vorverkaufsinfos-fuer-halle-und-bielefeld\/#primaryimage\",\"url\":\"\",\"contentUrl\":\"\"},{\"@type\":\"BreadcrumbList\",\"@id\":\"https:\/\/www.fanprojekt-muenster.de\/wordpress\/vorverkaufsinfos-fuer-halle-und-bielefeld\/#breadcrumb\",\"itemListElement\":[{\"@type\":\"ListItem\",\"position\":1,\"name\":\"Startseite\",\"item\":\"https:\/\/www.fanprojekt-muenster.de\/wordpress\/\"},{\"@type\":\"ListItem\",\"position\":2,\"name\":\"Vorverkaufsinfos f\u00fcr Halle und Bielefeld\"}]},{\"@type\":\"WebSite\",\"@id\":\"https:\/\/www.fanprojekt-muenster.de\/wordpress\/#website\",\"url\":\"https:\/\/www.fanprojekt-muenster.de\/wordpress\/\",\"name\":\"Fangemeinschaft Preu\u00dfen M\u00fcnster e. V.\",\"description\":\"\",\"publisher\":{\"@id\":\"https:\/\/www.fanprojekt-muenster.de\/wordpress\/#organization\"},\"potentialAction\":[{\"@type\":\"SearchAction\",\"target\":{\"@type\":\"EntryPoint\",\"urlTemplate\":\"https:\/\/www.fanprojekt-muenster.de\/wordpress\/?s={search_term_string}\"},\"query-input\":{\"@type\":\"PropertyValueSpecification\",\"valueRequired\":true,\"valueName\":\"search_term_string\"}}],\"inLanguage\":\"de\"},{\"@type\":\"Organization\",\"@id\":\"https:\/\/www.fanprojekt-muenster.de\/wordpress\/#organization\",\"name\":\"Fangemeinschaft Preu\u00dfen M\u00fcnster e. V.\",\"url\":\"https:\/\/www.fanprojekt-muenster.de\/wordpress\/\",\"logo\":{\"@type\":\"ImageObject\",\"inLanguage\":\"de\",\"@id\":\"https:\/\/www.fanprojekt-muenster.de\/wordpress\/#\/schema\/logo\/image\/\",\"url\":\"https:\/\/www.fanprojekt-muenster.de\/wordpress\/wp-content\/uploads\/2019\/07\/cropped-Website_Logo3-9.png\",\"contentUrl\":\"https:\/\/www.fanprojekt-muenster.de\/wordpress\/wp-content\/uploads\/2019\/07\/cropped-Website_Logo3-9.png\",\"width\":224,\"height\":42,\"caption\":\"Fangemeinschaft Preu\u00dfen M\u00fcnster e. V.\"},\"image\":{\"@id\":\"https:\/\/www.fanprojekt-muenster.de\/wordpress\/#\/schema\/logo\/image\/\"}},{\"@type\":\"Person\",\"@id\":\"https:\/\/www.fanprojekt-muenster.de\/wordpress\/#\/schema\/person\/9126cc4d73d0d07c75b487075111186c\",\"name\":\"fp_superadmin\",\"url\":\"https:\/\/www.fanprojekt-muenster.de\/wordpress\/author\/fp_superadmin\/\"}]}<\/script>\n<!-- \/ Yoast SEO plugin. -->","yoast_head_json":{"title":"Vorverkaufsinfos f\u00fcr Halle und Bielefeld - Fangemeinschaft Preu\u00dfen M\u00fcnster e. V.","robots":{"index":"index","follow":"follow","max-snippet":"max-snippet:-1","max-image-preview":"max-image-preview:large","max-video-preview":"max-video-preview:-1"},"canonical":"https:\/\/www.fanprojekt-muenster.de\/wordpress\/vorverkaufsinfos-fuer-halle-und-bielefeld\/","og_locale":"de_DE","og_type":"article","og_title":"Vorverkaufsinfos f\u00fcr Halle und Bielefeld - Fangemeinschaft Preu\u00dfen M\u00fcnster e. V.","og_description":"21.03.2015 &#8211; VVK Halle Morgen zum Heimspiel gegen Mainz II k\u00f6nnt Ihr Euch Tickets f\u00fcr das n\u00e4chste Ausw\u00e4rtsspiel gegen Halle kaufen. Die Tickets gibt es an den Tageskassen. Wir empfehlen... Read more &raquo;","og_url":"https:\/\/www.fanprojekt-muenster.de\/wordpress\/vorverkaufsinfos-fuer-halle-und-bielefeld\/","og_site_name":"Fangemeinschaft Preu\u00dfen M\u00fcnster e. V.","article_published_time":"2015-03-20T12:00:33+00:00","author":"fp_superadmin","twitter_card":"summary_large_image","twitter_misc":{"Verfasst von":"fp_superadmin","Gesch\u00e4tzte Lesezeit":"1\u00a0Minute"},"schema":{"@context":"https:\/\/schema.org","@graph":[{"@type":"Article","@id":"https:\/\/www.fanprojekt-muenster.de\/wordpress\/vorverkaufsinfos-fuer-halle-und-bielefeld\/#article","isPartOf":{"@id":"https:\/\/www.fanprojekt-muenster.de\/wordpress\/vorverkaufsinfos-fuer-halle-und-bielefeld\/"},"author":{"name":"fp_superadmin","@id":"https:\/\/www.fanprojekt-muenster.de\/wordpress\/#\/schema\/person\/9126cc4d73d0d07c75b487075111186c"},"headline":"Vorverkaufsinfos f\u00fcr Halle und Bielefeld","datePublished":"2015-03-20T12:00:33+00:00","mainEntityOfPage":{"@id":"https:\/\/www.fanprojekt-muenster.de\/wordpress\/vorverkaufsinfos-fuer-halle-und-bielefeld\/"},"wordCount":131,"publisher":{"@id":"https:\/\/www.fanprojekt-muenster.de\/wordpress\/#organization"},"image":{"@id":"https:\/\/www.fanprojekt-muenster.de\/wordpress\/vorverkaufsinfos-fuer-halle-und-bielefeld\/#primaryimage"},"thumbnailUrl":"","keywords":["Bielefeld","Halle","Tickets","Vorverkauf"],"articleSection":["Aktuelles","Ausw\u00e4rts"],"inLanguage":"de"},{"@type":"WebPage","@id":"https:\/\/www.fanprojekt-muenster.de\/wordpress\/vorverkaufsinfos-fuer-halle-und-bielefeld\/","url":"https:\/\/www.fanprojekt-muenster.de\/wordpress\/vorverkaufsinfos-fuer-halle-und-bielefeld\/","name":"Vorverkaufsinfos f\u00fcr Halle und Bielefeld - Fangemeinschaft Preu\u00dfen M\u00fcnster e. V.","isPartOf":{"@id":"https:\/\/www.fanprojekt-muenster.de\/wordpress\/#website"},"primaryImageOfPage":{"@id":"https:\/\/www.fanprojekt-muenster.de\/wordpress\/vorverkaufsinfos-fuer-halle-und-bielefeld\/#primaryimage"},"image":{"@id":"https:\/\/www.fanprojekt-muenster.de\/wordpress\/vorverkaufsinfos-fuer-halle-und-bielefeld\/#primaryimage"},"thumbnailUrl":"","datePublished":"2015-03-20T12:00:33+00:00","breadcrumb":{"@id":"https:\/\/www.fanprojekt-muenster.de\/wordpress\/vorverkaufsinfos-fuer-halle-und-bielefeld\/#breadcrumb"},"inLanguage":"de","potentialAction":[{"@type":"ReadAction","target":["https:\/\/www.fanprojekt-muenster.de\/wordpress\/vorverkaufsinfos-fuer-halle-und-bielefeld\/"]}]},{"@type":"ImageObject","inLanguage":"de","@id":"https:\/\/www.fanprojekt-muenster.de\/wordpress\/vorverkaufsinfos-fuer-halle-und-bielefeld\/#primaryimage","url":"","contentUrl":""},{"@type":"BreadcrumbList","@id":"https:\/\/www.fanprojekt-muenster.de\/wordpress\/vorverkaufsinfos-fuer-halle-und-bielefeld\/#breadcrumb","itemListElement":[{"@type":"ListItem","position":1,"name":"Startseite","item":"https:\/\/www.fanprojekt-muenster.de\/wordpress\/"},{"@type":"ListItem","position":2,"name":"Vorverkaufsinfos f\u00fcr Halle und Bielefeld"}]},{"@type":"WebSite","@id":"https:\/\/www.fanprojekt-muenster.de\/wordpress\/#website","url":"https:\/\/www.fanprojekt-muenster.de\/wordpress\/","name":"Fangemeinschaft Preu\u00dfen M\u00fcnster e. V.","description":"","publisher":{"@id":"https:\/\/www.fanprojekt-muenster.de\/wordpress\/#organization"},"potentialAction":[{"@type":"SearchAction","target":{"@type":"EntryPoint","urlTemplate":"https:\/\/www.fanprojekt-muenster.de\/wordpress\/?s={search_term_string}"},"query-input":{"@type":"PropertyValueSpecification","valueRequired":true,"valueName":"search_term_string"}}],"inLanguage":"de"},{"@type":"Organization","@id":"https:\/\/www.fanprojekt-muenster.de\/wordpress\/#organization","name":"Fangemeinschaft Preu\u00dfen M\u00fcnster e. V.","url":"https:\/\/www.fanprojekt-muenster.de\/wordpress\/","logo":{"@type":"ImageObject","inLanguage":"de","@id":"https:\/\/www.fanprojekt-muenster.de\/wordpress\/#\/schema\/logo\/image\/","url":"https:\/\/www.fanprojekt-muenster.de\/wordpress\/wp-content\/uploads\/2019\/07\/cropped-Website_Logo3-9.png","contentUrl":"https:\/\/www.fanprojekt-muenster.de\/wordpress\/wp-content\/uploads\/2019\/07\/cropped-Website_Logo3-9.png","width":224,"height":42,"caption":"Fangemeinschaft Preu\u00dfen M\u00fcnster e. V."},"image":{"@id":"https:\/\/www.fanprojekt-muenster.de\/wordpress\/#\/schema\/logo\/image\/"}},{"@type":"Person","@id":"https:\/\/www.fanprojekt-muenster.de\/wordpress\/#\/schema\/person\/9126cc4d73d0d07c75b487075111186c","name":"fp_superadmin","url":"https:\/\/www.fanprojekt-muenster.de\/wordpress\/author\/fp_superadmin\/"}]}},"author_meta":{"display_name":"fp_superadmin","author_link":"https:\/\/www.fanprojekt-muenster.de\/wordpress\/author\/fp_superadmin\/"},"featured_img":null,"coauthors":[],"tax_additional":{"categories":{"linked":["<a href=\"https:\/\/www.fanprojekt-muenster.de\/wordpress\/category\/aktuelles\/\" class=\"advgb-post-tax-term\">Aktuelles<\/a>","<a href=\"https:\/\/www.fanprojekt-muenster.de\/wordpress\/category\/auswarts\/\" class=\"advgb-post-tax-term\">Ausw\u00e4rts<\/a>"],"unlinked":["<span class=\"advgb-post-tax-term\">Aktuelles<\/span>","<span class=\"advgb-post-tax-term\">Ausw\u00e4rts<\/span>"]},"tags":{"linked":["<a href=\"https:\/\/www.fanprojekt-muenster.de\/wordpress\/category\/auswarts\/\" class=\"advgb-post-tax-term\">Bielefeld<\/a>","<a href=\"https:\/\/www.fanprojekt-muenster.de\/wordpress\/category\/auswarts\/\" class=\"advgb-post-tax-term\">Halle<\/a>","<a href=\"https:\/\/www.fanprojekt-muenster.de\/wordpress\/category\/auswarts\/\" class=\"advgb-post-tax-term\">Tickets<\/a>","<a href=\"https:\/\/www.fanprojekt-muenster.de\/wordpress\/category\/auswarts\/\" class=\"advgb-post-tax-term\">Vorverkauf<\/a>"],"unlinked":["<span class=\"advgb-post-tax-term\">Bielefeld<\/span>","<span class=\"advgb-post-tax-term\">Halle<\/span>","<span class=\"advgb-post-tax-term\">Tickets<\/span>","<span class=\"advgb-post-tax-term\">Vorverkauf<\/span>"]}},"comment_count":"0","relative_dates":{"created":"Posted 11\u00a0Jahren ago","modified":"Updated 11\u00a0Jahren ago"},"absolute_dates":{"created":"Posted on 20. M\u00e4rz 2015","modified":"Updated on 20. M\u00e4rz 2015"},"absolute_dates_time":{"created":"Posted on 20. M\u00e4rz 2015 14:00","modified":"Updated on 20. M\u00e4rz 2015 14:00"},"featured_img_caption":"","series_order":"","_links":{"self":[{"href":"https:\/\/www.fanprojekt-muenster.de\/wordpress\/wp-json\/wp\/v2\/posts\/4150","targetHints":{"allow":["GET"]}}],"collection":[{"href":"https:\/\/www.fanprojekt-muenster.de\/wordpress\/wp-json\/wp\/v2\/posts"}],"about":[{"href":"https:\/\/www.fanprojekt-muenster.de\/wordpress\/wp-json\/wp\/v2\/types\/post"}],"author":[{"embeddable":true,"href":"https:\/\/www.fanprojekt-muenster.de\/wordpress\/wp-json\/wp\/v2\/users\/2"}],"replies":[{"embeddable":true,"href":"https:\/\/www.fanprojekt-muenster.de\/wordpress\/wp-json\/wp\/v2\/comments?post=4150"}],"version-history":[{"count":0,"href":"https:\/\/www.fanprojekt-muenster.de\/wordpress\/wp-json\/wp\/v2\/posts\/4150\/revisions"}],"wp:featuredmedia":[{"embeddable":true,"href":"https:\/\/www.fanprojekt-muenster.de\/wordpress\/wp-json\/"}],"wp:attachment":[{"href":"https:\/\/www.fanprojekt-muenster.de\/wordpress\/wp-json\/wp\/v2\/media?parent=4150"}],"wp:term":[{"taxonomy":"category","embeddable":true,"href":"https:\/\/www.fanprojekt-muenster.de\/wordpress\/wp-json\/wp\/v2\/categories?post=4150"},{"taxonomy":"post_tag","embeddable":true,"href":"https:\/\/www.fanprojekt-muenster.de\/wordpress\/wp-json\/wp\/v2\/tags?post=4150"}],"curies":[{"name":"wp","href":"https:\/\/api.w.org\/{rel}","templated":true}]}}