{"id":4137,"date":"2015-03-19T14:46:40","date_gmt":"2015-03-19T12:46:40","guid":{"rendered":"http:\/\/www.fanprojekt-muenster.de\/wp\/?p=4137"},"modified":"2015-03-19T14:46:40","modified_gmt":"2015-03-19T12:46:40","slug":"internationale-wochen-gegen-rassismus-2015","status":"publish","type":"post","link":"https:\/\/www.fanprojekt-muenster.de\/wordpress\/internationale-wochen-gegen-rassismus-2015\/","title":{"rendered":"Internationale Wochen gegen Rassismus 2015"},"content":{"rendered":"<p>Hallo Preu\u00dfenfans,<\/p>\n<p>wir m\u00f6chten Euch auf diesem Wege noch einmal an die <a href=\"http:\/\/www.theredcard.de\/aktuelles\/internationalewochengegenrassismus2015\/\" target=\"_blank\" rel=\"noopener noreferrer\">internationalen Wochen gegen Rassismus 2015<\/a> und die in M\u00fcnster anstehenden Aktionen erinnern.<\/p>\n<blockquote><p><em>Vom 16. bis zum 29. M\u00e4rz\u00a0 finden die Internationalen Wochen gegen Rassismus 2015 statt. Im Rahmen dieser Aktionswochen veranstaltet &#8222;Show Racism the Red Card \u2013 Deutschland e.V.&#8220; deutschlandweit Workshops und Veranstaltungen in Kooperation mit verschiedenen Fu\u00dfballvereinen des Profisport.<\/em><\/p>\n<p><a href=\"http:\/\/www.theredcard.de\/aktuelles\/internationalewochengegenrassismus2015\/\" target=\"_blank\" rel=\"noopener noreferrer\">http:\/\/www.theredcard.de\/aktuelles\/internationalewochengegenrassismus2015\/<\/a><\/p><\/blockquote>\n<p><strong>Anstehende Veranstaltungen in M\u00fcnster:<\/strong><\/p>\n<p><strong>Donnerstag, 19. M\u00e4rz<\/strong><br \/>\nDas Cinema zeigt um 18.30 Uhr f\u00fcr alle Interessierten\u00a0 den Film \u201eWie im falschen Film\u201c. Ein Dokumentarfilm von Timian Hopf und \u201eShow Racism The Red Card \u2013 Deutschland e.V.\u201c, der sich mit Rassismus, Ausgrenzung und Diskriminierung auf dem Fu\u00dfballplatz auseinandersetzt. Anschlie\u00dfend findet eine Podiumsdiskussion unter der Moderation von Edo Schmidt (FANport M\u00fcnster) statt. Weitere Teilnehmer sind der Integrationsratsvorsitzende Dr. \u00d6mer L\u00fctf\u00fc Yavuz und Michael Sturm von der Mobilen Beratung gegen Rechtsextremismus (mobim).\u00a0 Der Eintritt kostet drei Euro.<\/p>\n<p>Weitere Informationen findet ihr auf der <a href=\"http:\/\/www.cinema-muenster.de\/index.php?id=4099\" target=\"_blank\" rel=\"noopener noreferrer\">Cinema Webseite<\/a>.<\/p>\n<div><strong>21. Februar bis 29. M\u00e4rz<\/strong><\/div>\n<div>Vergesst auch nicht unsere Fahrradsammelaktion: Preu\u00dfenfans sammeln Fahrr\u00e4der f\u00fcr den Start der ehrenamtlichen Fahrradstation an der Fl\u00fcchtlingsunterkunft im Muckermannweg. Die Fahrr\u00e4der sollten in einem fahrbereiten und verkehrssicheren Zustand sein. Sammelort ist der FANport am Preu\u00dfenstadion, Hammer Str. 302 (\u00d6ffnungszeiten:\u00a0 Mo 16-20 Uhr,\u00a0 Mi 17-20 Uhr , Do\u00a0 9-12 Uhr). Nach vorheriger Absprache ist ggf. auch eine Abholung m\u00f6glich!<\/div>\n<div><span style=\"color: #ffffff;\">.<\/span><\/div>\n<div>Kontaktm\u00f6glichkeiten zum FANport:<\/div>\n<div><a href=\"http:\/\/www.fanport-muenster.de\/\" target=\"_blank\" rel=\"noopener noreferrer\">http:\/\/www.fanport-muenster.de\/<\/a><\/div>\n<div><\/div>\n<div><span style=\"color: #ffffff;\">.<\/span><\/div>\n","protected":false},"excerpt":{"rendered":"<p>Hallo Preu\u00dfenfans, wir m\u00f6chten Euch auf diesem Wege noch einmal an die internationalen Wochen gegen Rassismus 2015 und die in M\u00fcnster anstehenden Aktionen erinnern. Vom 16. bis zum 29. M\u00e4rz\u00a0&#8230; <a class=\"read-more-link\" href=\"https:\/\/www.fanprojekt-muenster.de\/wordpress\/internationale-wochen-gegen-rassismus-2015\/\">Read more &raquo;<\/a><\/p>\n","protected":false},"author":2,"featured_media":4140,"comment_status":"closed","ping_status":"closed","sticky":false,"template":"","format":"standard","meta":{"advgb_blocks_editor_width":"","advgb_blocks_columns_visual_guide":"","footnotes":""},"categories":[2,3],"tags":[150,230],"class_list":["post-4137","post","type-post","status-publish","format-standard","has-post-thumbnail","hentry","category-aktionen","category-aktuelles","tag-internationale-wochen-gegen-rassismus","tag-show-racism-the-red-card"],"featured_image_src":null,"author_info":{"display_name":"fp_superadmin","author_link":"https:\/\/www.fanprojekt-muenster.de\/wordpress\/author\/fp_superadmin\/"},"yoast_head":"<!-- This site is optimized with the Yoast SEO plugin v27.2 - https:\/\/yoast.com\/product\/yoast-seo-wordpress\/ -->\n<title>Internationale Wochen gegen Rassismus 2015 - Fangemeinschaft Preu\u00dfen M\u00fcnster e. V.<\/title>\n<meta name=\"robots\" content=\"index, follow, max-snippet:-1, max-image-preview:large, max-video-preview:-1\" \/>\n<link rel=\"canonical\" href=\"https:\/\/www.fanprojekt-muenster.de\/wordpress\/internationale-wochen-gegen-rassismus-2015\/\" \/>\n<meta property=\"og:locale\" content=\"de_DE\" \/>\n<meta property=\"og:type\" content=\"article\" \/>\n<meta property=\"og:title\" content=\"Internationale Wochen gegen Rassismus 2015 - Fangemeinschaft Preu\u00dfen M\u00fcnster e. V.\" \/>\n<meta property=\"og:description\" content=\"Hallo Preu\u00dfenfans, wir m\u00f6chten Euch auf diesem Wege noch einmal an die internationalen Wochen gegen Rassismus 2015 und die in M\u00fcnster anstehenden Aktionen erinnern. Vom 16. bis zum 29. M\u00e4rz\u00a0... Read more &raquo;\" \/>\n<meta property=\"og:url\" content=\"https:\/\/www.fanprojekt-muenster.de\/wordpress\/internationale-wochen-gegen-rassismus-2015\/\" \/>\n<meta property=\"og:site_name\" content=\"Fangemeinschaft Preu\u00dfen M\u00fcnster e. V.\" \/>\n<meta property=\"article:published_time\" content=\"2015-03-19T12:46:40+00:00\" \/>\n<meta name=\"author\" content=\"fp_superadmin\" \/>\n<meta name=\"twitter:card\" content=\"summary_large_image\" \/>\n<meta name=\"twitter:label1\" content=\"Verfasst von\" \/>\n\t<meta name=\"twitter:data1\" content=\"fp_superadmin\" \/>\n\t<meta name=\"twitter:label2\" content=\"Gesch\u00e4tzte Lesezeit\" \/>\n\t<meta name=\"twitter:data2\" content=\"1\u00a0Minute\" \/>\n<script type=\"application\/ld+json\" class=\"yoast-schema-graph\">{\"@context\":\"https:\/\/schema.org\",\"@graph\":[{\"@type\":\"Article\",\"@id\":\"https:\/\/www.fanprojekt-muenster.de\/wordpress\/internationale-wochen-gegen-rassismus-2015\/#article\",\"isPartOf\":{\"@id\":\"https:\/\/www.fanprojekt-muenster.de\/wordpress\/internationale-wochen-gegen-rassismus-2015\/\"},\"author\":{\"name\":\"fp_superadmin\",\"@id\":\"https:\/\/www.fanprojekt-muenster.de\/wordpress\/#\/schema\/person\/9126cc4d73d0d07c75b487075111186c\"},\"headline\":\"Internationale Wochen gegen Rassismus 2015\",\"datePublished\":\"2015-03-19T12:46:40+00:00\",\"mainEntityOfPage\":{\"@id\":\"https:\/\/www.fanprojekt-muenster.de\/wordpress\/internationale-wochen-gegen-rassismus-2015\/\"},\"wordCount\":245,\"publisher\":{\"@id\":\"https:\/\/www.fanprojekt-muenster.de\/wordpress\/#organization\"},\"image\":{\"@id\":\"https:\/\/www.fanprojekt-muenster.de\/wordpress\/internationale-wochen-gegen-rassismus-2015\/#primaryimage\"},\"thumbnailUrl\":\"\",\"keywords\":[\"Internationale Wochen gegen Rassismus\",\"Show Racism the Red Card\"],\"articleSection\":[\"Aktionen\",\"Aktuelles\"],\"inLanguage\":\"de\"},{\"@type\":\"WebPage\",\"@id\":\"https:\/\/www.fanprojekt-muenster.de\/wordpress\/internationale-wochen-gegen-rassismus-2015\/\",\"url\":\"https:\/\/www.fanprojekt-muenster.de\/wordpress\/internationale-wochen-gegen-rassismus-2015\/\",\"name\":\"Internationale Wochen gegen Rassismus 2015 - Fangemeinschaft Preu\u00dfen M\u00fcnster e. V.\",\"isPartOf\":{\"@id\":\"https:\/\/www.fanprojekt-muenster.de\/wordpress\/#website\"},\"primaryImageOfPage\":{\"@id\":\"https:\/\/www.fanprojekt-muenster.de\/wordpress\/internationale-wochen-gegen-rassismus-2015\/#primaryimage\"},\"image\":{\"@id\":\"https:\/\/www.fanprojekt-muenster.de\/wordpress\/internationale-wochen-gegen-rassismus-2015\/#primaryimage\"},\"thumbnailUrl\":\"\",\"datePublished\":\"2015-03-19T12:46:40+00:00\",\"breadcrumb\":{\"@id\":\"https:\/\/www.fanprojekt-muenster.de\/wordpress\/internationale-wochen-gegen-rassismus-2015\/#breadcrumb\"},\"inLanguage\":\"de\",\"potentialAction\":[{\"@type\":\"ReadAction\",\"target\":[\"https:\/\/www.fanprojekt-muenster.de\/wordpress\/internationale-wochen-gegen-rassismus-2015\/\"]}]},{\"@type\":\"ImageObject\",\"inLanguage\":\"de\",\"@id\":\"https:\/\/www.fanprojekt-muenster.de\/wordpress\/internationale-wochen-gegen-rassismus-2015\/#primaryimage\",\"url\":\"\",\"contentUrl\":\"\"},{\"@type\":\"BreadcrumbList\",\"@id\":\"https:\/\/www.fanprojekt-muenster.de\/wordpress\/internationale-wochen-gegen-rassismus-2015\/#breadcrumb\",\"itemListElement\":[{\"@type\":\"ListItem\",\"position\":1,\"name\":\"Startseite\",\"item\":\"https:\/\/www.fanprojekt-muenster.de\/wordpress\/\"},{\"@type\":\"ListItem\",\"position\":2,\"name\":\"Internationale Wochen gegen Rassismus 2015\"}]},{\"@type\":\"WebSite\",\"@id\":\"https:\/\/www.fanprojekt-muenster.de\/wordpress\/#website\",\"url\":\"https:\/\/www.fanprojekt-muenster.de\/wordpress\/\",\"name\":\"Fangemeinschaft Preu\u00dfen M\u00fcnster e. V.\",\"description\":\"\",\"publisher\":{\"@id\":\"https:\/\/www.fanprojekt-muenster.de\/wordpress\/#organization\"},\"potentialAction\":[{\"@type\":\"SearchAction\",\"target\":{\"@type\":\"EntryPoint\",\"urlTemplate\":\"https:\/\/www.fanprojekt-muenster.de\/wordpress\/?s={search_term_string}\"},\"query-input\":{\"@type\":\"PropertyValueSpecification\",\"valueRequired\":true,\"valueName\":\"search_term_string\"}}],\"inLanguage\":\"de\"},{\"@type\":\"Organization\",\"@id\":\"https:\/\/www.fanprojekt-muenster.de\/wordpress\/#organization\",\"name\":\"Fangemeinschaft Preu\u00dfen M\u00fcnster e. V.\",\"url\":\"https:\/\/www.fanprojekt-muenster.de\/wordpress\/\",\"logo\":{\"@type\":\"ImageObject\",\"inLanguage\":\"de\",\"@id\":\"https:\/\/www.fanprojekt-muenster.de\/wordpress\/#\/schema\/logo\/image\/\",\"url\":\"https:\/\/www.fanprojekt-muenster.de\/wordpress\/wp-content\/uploads\/2019\/07\/cropped-Website_Logo3-9.png\",\"contentUrl\":\"https:\/\/www.fanprojekt-muenster.de\/wordpress\/wp-content\/uploads\/2019\/07\/cropped-Website_Logo3-9.png\",\"width\":224,\"height\":42,\"caption\":\"Fangemeinschaft Preu\u00dfen M\u00fcnster e. V.\"},\"image\":{\"@id\":\"https:\/\/www.fanprojekt-muenster.de\/wordpress\/#\/schema\/logo\/image\/\"}},{\"@type\":\"Person\",\"@id\":\"https:\/\/www.fanprojekt-muenster.de\/wordpress\/#\/schema\/person\/9126cc4d73d0d07c75b487075111186c\",\"name\":\"fp_superadmin\",\"url\":\"https:\/\/www.fanprojekt-muenster.de\/wordpress\/author\/fp_superadmin\/\"}]}<\/script>\n<!-- \/ Yoast SEO plugin. -->","yoast_head_json":{"title":"Internationale Wochen gegen Rassismus 2015 - Fangemeinschaft Preu\u00dfen M\u00fcnster e. V.","robots":{"index":"index","follow":"follow","max-snippet":"max-snippet:-1","max-image-preview":"max-image-preview:large","max-video-preview":"max-video-preview:-1"},"canonical":"https:\/\/www.fanprojekt-muenster.de\/wordpress\/internationale-wochen-gegen-rassismus-2015\/","og_locale":"de_DE","og_type":"article","og_title":"Internationale Wochen gegen Rassismus 2015 - Fangemeinschaft Preu\u00dfen M\u00fcnster e. V.","og_description":"Hallo Preu\u00dfenfans, wir m\u00f6chten Euch auf diesem Wege noch einmal an die internationalen Wochen gegen Rassismus 2015 und die in M\u00fcnster anstehenden Aktionen erinnern. Vom 16. bis zum 29. M\u00e4rz\u00a0... Read more &raquo;","og_url":"https:\/\/www.fanprojekt-muenster.de\/wordpress\/internationale-wochen-gegen-rassismus-2015\/","og_site_name":"Fangemeinschaft Preu\u00dfen M\u00fcnster e. V.","article_published_time":"2015-03-19T12:46:40+00:00","author":"fp_superadmin","twitter_card":"summary_large_image","twitter_misc":{"Verfasst von":"fp_superadmin","Gesch\u00e4tzte Lesezeit":"1\u00a0Minute"},"schema":{"@context":"https:\/\/schema.org","@graph":[{"@type":"Article","@id":"https:\/\/www.fanprojekt-muenster.de\/wordpress\/internationale-wochen-gegen-rassismus-2015\/#article","isPartOf":{"@id":"https:\/\/www.fanprojekt-muenster.de\/wordpress\/internationale-wochen-gegen-rassismus-2015\/"},"author":{"name":"fp_superadmin","@id":"https:\/\/www.fanprojekt-muenster.de\/wordpress\/#\/schema\/person\/9126cc4d73d0d07c75b487075111186c"},"headline":"Internationale Wochen gegen Rassismus 2015","datePublished":"2015-03-19T12:46:40+00:00","mainEntityOfPage":{"@id":"https:\/\/www.fanprojekt-muenster.de\/wordpress\/internationale-wochen-gegen-rassismus-2015\/"},"wordCount":245,"publisher":{"@id":"https:\/\/www.fanprojekt-muenster.de\/wordpress\/#organization"},"image":{"@id":"https:\/\/www.fanprojekt-muenster.de\/wordpress\/internationale-wochen-gegen-rassismus-2015\/#primaryimage"},"thumbnailUrl":"","keywords":["Internationale Wochen gegen Rassismus","Show Racism the Red Card"],"articleSection":["Aktionen","Aktuelles"],"inLanguage":"de"},{"@type":"WebPage","@id":"https:\/\/www.fanprojekt-muenster.de\/wordpress\/internationale-wochen-gegen-rassismus-2015\/","url":"https:\/\/www.fanprojekt-muenster.de\/wordpress\/internationale-wochen-gegen-rassismus-2015\/","name":"Internationale Wochen gegen Rassismus 2015 - Fangemeinschaft Preu\u00dfen M\u00fcnster e. V.","isPartOf":{"@id":"https:\/\/www.fanprojekt-muenster.de\/wordpress\/#website"},"primaryImageOfPage":{"@id":"https:\/\/www.fanprojekt-muenster.de\/wordpress\/internationale-wochen-gegen-rassismus-2015\/#primaryimage"},"image":{"@id":"https:\/\/www.fanprojekt-muenster.de\/wordpress\/internationale-wochen-gegen-rassismus-2015\/#primaryimage"},"thumbnailUrl":"","datePublished":"2015-03-19T12:46:40+00:00","breadcrumb":{"@id":"https:\/\/www.fanprojekt-muenster.de\/wordpress\/internationale-wochen-gegen-rassismus-2015\/#breadcrumb"},"inLanguage":"de","potentialAction":[{"@type":"ReadAction","target":["https:\/\/www.fanprojekt-muenster.de\/wordpress\/internationale-wochen-gegen-rassismus-2015\/"]}]},{"@type":"ImageObject","inLanguage":"de","@id":"https:\/\/www.fanprojekt-muenster.de\/wordpress\/internationale-wochen-gegen-rassismus-2015\/#primaryimage","url":"","contentUrl":""},{"@type":"BreadcrumbList","@id":"https:\/\/www.fanprojekt-muenster.de\/wordpress\/internationale-wochen-gegen-rassismus-2015\/#breadcrumb","itemListElement":[{"@type":"ListItem","position":1,"name":"Startseite","item":"https:\/\/www.fanprojekt-muenster.de\/wordpress\/"},{"@type":"ListItem","position":2,"name":"Internationale Wochen gegen Rassismus 2015"}]},{"@type":"WebSite","@id":"https:\/\/www.fanprojekt-muenster.de\/wordpress\/#website","url":"https:\/\/www.fanprojekt-muenster.de\/wordpress\/","name":"Fangemeinschaft Preu\u00dfen M\u00fcnster e. V.","description":"","publisher":{"@id":"https:\/\/www.fanprojekt-muenster.de\/wordpress\/#organization"},"potentialAction":[{"@type":"SearchAction","target":{"@type":"EntryPoint","urlTemplate":"https:\/\/www.fanprojekt-muenster.de\/wordpress\/?s={search_term_string}"},"query-input":{"@type":"PropertyValueSpecification","valueRequired":true,"valueName":"search_term_string"}}],"inLanguage":"de"},{"@type":"Organization","@id":"https:\/\/www.fanprojekt-muenster.de\/wordpress\/#organization","name":"Fangemeinschaft Preu\u00dfen M\u00fcnster e. V.","url":"https:\/\/www.fanprojekt-muenster.de\/wordpress\/","logo":{"@type":"ImageObject","inLanguage":"de","@id":"https:\/\/www.fanprojekt-muenster.de\/wordpress\/#\/schema\/logo\/image\/","url":"https:\/\/www.fanprojekt-muenster.de\/wordpress\/wp-content\/uploads\/2019\/07\/cropped-Website_Logo3-9.png","contentUrl":"https:\/\/www.fanprojekt-muenster.de\/wordpress\/wp-content\/uploads\/2019\/07\/cropped-Website_Logo3-9.png","width":224,"height":42,"caption":"Fangemeinschaft Preu\u00dfen M\u00fcnster e. V."},"image":{"@id":"https:\/\/www.fanprojekt-muenster.de\/wordpress\/#\/schema\/logo\/image\/"}},{"@type":"Person","@id":"https:\/\/www.fanprojekt-muenster.de\/wordpress\/#\/schema\/person\/9126cc4d73d0d07c75b487075111186c","name":"fp_superadmin","url":"https:\/\/www.fanprojekt-muenster.de\/wordpress\/author\/fp_superadmin\/"}]}},"author_meta":{"display_name":"fp_superadmin","author_link":"https:\/\/www.fanprojekt-muenster.de\/wordpress\/author\/fp_superadmin\/"},"featured_img":null,"coauthors":[],"tax_additional":{"categories":{"linked":["<a href=\"https:\/\/www.fanprojekt-muenster.de\/wordpress\/category\/aktionen\/\" class=\"advgb-post-tax-term\">Aktionen<\/a>","<a href=\"https:\/\/www.fanprojekt-muenster.de\/wordpress\/category\/aktuelles\/\" class=\"advgb-post-tax-term\">Aktuelles<\/a>"],"unlinked":["<span class=\"advgb-post-tax-term\">Aktionen<\/span>","<span class=\"advgb-post-tax-term\">Aktuelles<\/span>"]},"tags":{"linked":["<a href=\"https:\/\/www.fanprojekt-muenster.de\/wordpress\/category\/aktuelles\/\" class=\"advgb-post-tax-term\">Internationale Wochen gegen Rassismus<\/a>","<a href=\"https:\/\/www.fanprojekt-muenster.de\/wordpress\/category\/aktuelles\/\" class=\"advgb-post-tax-term\">Show Racism the Red Card<\/a>"],"unlinked":["<span class=\"advgb-post-tax-term\">Internationale Wochen gegen Rassismus<\/span>","<span class=\"advgb-post-tax-term\">Show Racism the Red Card<\/span>"]}},"comment_count":"0","relative_dates":{"created":"Posted 11\u00a0Jahren ago","modified":"Updated 11\u00a0Jahren ago"},"absolute_dates":{"created":"Posted on 19. M\u00e4rz 2015","modified":"Updated on 19. M\u00e4rz 2015"},"absolute_dates_time":{"created":"Posted on 19. M\u00e4rz 2015 14:46","modified":"Updated on 19. M\u00e4rz 2015 14:46"},"featured_img_caption":"","series_order":"","_links":{"self":[{"href":"https:\/\/www.fanprojekt-muenster.de\/wordpress\/wp-json\/wp\/v2\/posts\/4137","targetHints":{"allow":["GET"]}}],"collection":[{"href":"https:\/\/www.fanprojekt-muenster.de\/wordpress\/wp-json\/wp\/v2\/posts"}],"about":[{"href":"https:\/\/www.fanprojekt-muenster.de\/wordpress\/wp-json\/wp\/v2\/types\/post"}],"author":[{"embeddable":true,"href":"https:\/\/www.fanprojekt-muenster.de\/wordpress\/wp-json\/wp\/v2\/users\/2"}],"replies":[{"embeddable":true,"href":"https:\/\/www.fanprojekt-muenster.de\/wordpress\/wp-json\/wp\/v2\/comments?post=4137"}],"version-history":[{"count":0,"href":"https:\/\/www.fanprojekt-muenster.de\/wordpress\/wp-json\/wp\/v2\/posts\/4137\/revisions"}],"wp:featuredmedia":[{"embeddable":true,"href":"https:\/\/www.fanprojekt-muenster.de\/wordpress\/wp-json\/"}],"wp:attachment":[{"href":"https:\/\/www.fanprojekt-muenster.de\/wordpress\/wp-json\/wp\/v2\/media?parent=4137"}],"wp:term":[{"taxonomy":"category","embeddable":true,"href":"https:\/\/www.fanprojekt-muenster.de\/wordpress\/wp-json\/wp\/v2\/categories?post=4137"},{"taxonomy":"post_tag","embeddable":true,"href":"https:\/\/www.fanprojekt-muenster.de\/wordpress\/wp-json\/wp\/v2\/tags?post=4137"}],"curies":[{"name":"wp","href":"https:\/\/api.w.org\/{rel}","templated":true}]}}