{"id":4106,"date":"2015-03-15T16:13:25","date_gmt":"2015-03-15T14:13:25","guid":{"rendered":"http:\/\/www.fanprojekt-muenster.de\/wp\/?p=4106"},"modified":"2015-03-15T16:13:25","modified_gmt":"2015-03-15T14:13:25","slug":"update-no-3-sonderzug-nach-halle","status":"publish","type":"post","link":"https:\/\/www.fanprojekt-muenster.de\/wordpress\/update-no-3-sonderzug-nach-halle\/","title":{"rendered":"Update No. 3 &#8211; Sonderzug nach Halle"},"content":{"rendered":"<p style=\"text-align: justify;\">Hallo Preu\u00dfenfans,<\/p>\n<p style=\"text-align: justify;\">leider wurde kein Ausw\u00e4rtsdreier auf dem R\u00fcbenacker gegen Gro\u00dfaspach geholt, aber dennoch in der Tabelle auf dem 3. Platz, da unsere Konkurrenten auch Federn lassen! Jetzt werden wir am kommenden Wochenende zu Hause gegen die Zweite von Mainz einen Dreier einfahren und am 04.04. startet die schwarz-wei\u00df-gr\u00fcne Invasion nach Halle an der Saale, um dort den so wichtigen Ausw\u00e4rtssieg einzufahren. Seid alle dabei, unterst\u00fctzt unsere Mannschaft und schreit sie in die zweite Liga!!<\/p>\n<p style=\"text-align: justify;\"><strong>ALLE NACH HALLE!!<\/strong><\/p>\n<p style=\"text-align: justify;\">Es gibt ein paar wichtige neue Informationen:<\/p>\n<p style=\"text-align: justify;\"><strong>DER ZUG ROLLT DEFINITIV!!<\/strong><\/p>\n<p style=\"text-align: justify;\">Die Mindestanzahl an Tickets ist \u00fcber den Tresen gegangen, der Zug ist fest bei der Bahn angemeldet. Wir warten nun auf die genauen Abfahrtszeiten. Sobald diese vorliegen, werden wir sie in einem weiteren Update ver\u00f6ffentlichen.<\/p>\n<h4 style=\"text-align: justify;\"><strong><br \/>\nVorverkauf<br \/>\n<\/strong><\/h4>\n<hr \/>\n<p style=\"text-align: justify;\">Wir sind \u00fcberw\u00e4ltigt von der Nachfrage, damit h\u00e4tten wir beim besten Willen nicht gerechnet. Knapp zwei Wochen nach Start des VVK sind inzwischen an die 600 Tickets verkauft.\u00a0Bis auf wenige Restpl\u00e4tze sind die vorgesehenen 10 Waggons komplett ausverkauft!!!<\/p>\n<p style=\"text-align: justify;\">Wir sind im Gespr\u00e4ch mit dem Zuganbieter. Wir wollen noch\u00a0weitere Waggons anh\u00e4ngen, was jedoch nicht unbegrenzt m\u00f6glich ist. Maximal 2 weitere Sitzplatzwagen mit jeweils ca. 60 Pl\u00e4tzen sind m\u00f6glich.\u00a0Wer sich jetzt noch nicht angemeldet hat, sollte sich also beeilen. Wir k\u00f6nnen nicht mehr garantieren, dass wir f\u00fcr die Kurzentschlossenen unter Euch noch Tickets verf\u00fcgbar haben.<\/p>\n<p style=\"text-align: justify;\"><strong>Bitte habt Verst\u00e4ndnis, dass \u00a0wir bereits jetzt nicht mehr alle Wagenw\u00fcnsche erf\u00fcllen k\u00f6nnen!<\/strong><\/p>\n<p style=\"text-align: justify;\">Also Leute, haut rein und sichert Euch die letzten Zugtickets entweder online \u00fcber die <a href=\"http:\/\/www.fanprojekt-muenster.de\" target=\"_blank\" rel=\"noopener noreferrer\">Webseite\u00a0des Fanprojekt-Preu\u00dfen M\u00fcnster e.V.<\/a> oder aber an den Kassenh\u00e4uschen beim kommenden Heimspiel gegen Mainz II. Verkauft werden die Tickets ab 12:30 Uhr und unmittelbar nach Abpfiff an den Kassenh\u00e4uschen am Stadionvorplatz.<\/p>\n<p style=\"text-align: justify;\">Bitte denkt daran, dass ihr den <a href=\"http:\/\/www.fanprojekt-muenster.de\/wp\/wp-content\/uploads\/2015\/02\/Anmeldung-Sonderzug-Halle.pdf\" target=\"_blank\" rel=\"noopener noreferrer\">Anmeldebogen<\/a> ausgef\u00fcllt mitbringt. F\u00fcr den Notfall liegen noch einzelne Anmeldeb\u00f6gen vor den Kassenh\u00e4uschen aus!<\/p>\n<h4 style=\"text-align: justify;\"><strong><br \/>\nPartywagen<br \/>\n<\/strong><\/h4>\n<hr \/>\n<p style=\"text-align: justify;\">Wenn wir tats\u00e4chlich alle 12 Sitzplatzwagen voll bekommen, dann h\u00e4ngen wir einen zweiten Partywagen an. Noch mehr Musik, noch mehr Tresen und noch mehr Stimmung!!!<\/p>\n<h4 style=\"text-align: justify;\"><strong><br \/>\nVVK Eintrittskarte f\u00fcr das Spiel<\/strong><\/h4>\n<hr \/>\n<p style=\"text-align: justify;\">Der Verein wird beim kommenden Heimspiel gegen Mainz II eine Tageskasse \u00f6ffnen, um die Eintrittskarten f\u00fcr das Spiel in Halle zu verkaufen. Nutzt die Gelegenheit des Vorverkaufes\u00a0und kauft Euch bereits hier ein Ticket.<\/p>\n<h4 style=\"text-align: justify;\"><strong><br \/>\nGetr\u00e4nkepreise an Bord:<\/strong><\/h4>\n<hr \/>\n<p style=\"text-align: justify;\">Wir haben noch einmal mit dem Caterer verhandelt und freuen uns, dass wir nun ein Getr\u00e4nk zu einem absoluten Vorzugspreis anbieten k\u00f6nnen. F\u00fcr 0,3 l Wasser zahlt ihr nur 1 EUR!<\/p>\n<p style=\"text-align: justify;\"><strong>Getr\u00e4nke<\/strong><\/p>\n<p style=\"text-align: justify;\">[column col=&#8220;1\/4&#8243;]Bier, Cola, Fanta, Sprite (0,3l)<\/p>\n<p style=\"text-align: justify;\">1,90\u20ac + 0,10\u20ac Becherpfand[\/column]<\/p>\n<p style=\"text-align: justify;\">[column col=&#8220;1\/4&#8243;]<strong>Mineralwasser (0,3l)<\/strong><\/p>\n<p style=\"text-align: justify;\"><strong>1,00\u20ac + 0,10\u20ac Becherpfand<\/strong>[\/column]<\/p>\n<p style=\"text-align: justify;\">[column col=&#8220;1\/4&#8243;]Kaffee\/ Tee<\/p>\n<p style=\"text-align: justify;\">1,90\u20ac + 0,10\u20ac Becherpfand[\/column]<\/p>\n<p style=\"text-align: justify;\">[column col=&#8220;1\/4&#8243;]<span style=\"color: #ffffff;\">&#8211;<\/span><\/p>\n<p style=\"text-align: justify;\"><span style=\"color: #ffffff;\">&#8211;<\/span>[\/column]<\/p>\n<p style=\"text-align: justify;\"><strong>Snacks:<\/strong><\/p>\n<p style=\"text-align: justify;\">[column col=&#8220;1\/4&#8243;]Bockwurst mit Brot<\/p>\n<p style=\"text-align: justify;\">2,00\u20ac[\/column]<\/p>\n<p style=\"text-align: justify;\">[column col=&#8220;1\/4&#8243;]Ganzes belegtes Br\u00f6tchen<\/p>\n<p style=\"text-align: justify;\">2,00\u20ac[\/column]<\/p>\n<p style=\"text-align: justify;\">[column col=&#8220;1\/4&#8243;]Frikadelle im Br\u00f6tchen<\/p>\n<p style=\"text-align: justify;\">2,50\u20ac[\/column]<\/p>\n<p style=\"text-align: justify;\">[column col=&#8220;1\/4&#8243;]Schnitzel im Br\u00f6tchen<\/p>\n<p style=\"text-align: justify;\">3,50\u20ac[\/column]<\/p>\n<p style=\"text-align: justify;\"><em><strong>Selbst mitgebrachte Speisen und Getr\u00e4nke d\u00fcrfen nur in den Abteilen verzehrt werden.<\/strong><\/em><\/p>\n<h4 style=\"text-align: justify;\"><strong><br \/>\nOrdner \/ Verhalten im Zug<\/strong><\/h4>\n<hr \/>\n<p style=\"text-align: justify;\">Um einen Sonderzug zu buchen, sind einige vertragliche Voraussetzungen zu erf\u00fcllen: U.a. sind pro Sitzplatzwagen zwei Ordner vorgeschrieben. Bei einer maximalen Anzahl von 12 Sitzplatzwagen ben\u00f6tigen wir insgesamt 24 Ordner. Da wir keinen externen Sicherheitsdienst in unserem Zug haben wollen, m\u00fcssen wir Fans die Ordner selber stellen. Es haben sich bereits einige Freiwillige gemeldet, die diese Aufgabe \u00fcbernehmen werden. Allerdings ist die Anzahl noch nicht ausreichend.<\/p>\n<p style=\"text-align: justify;\"><strong>Deswegen starten wir hiermit einen Aufruf an alle, sich freiwillig als Ordner zu melden. Bitte schickt uns eine kurze Mail an <\/strong><strong><a href=\"mailto:sonderzug@fanprojekt-muenster.de\">sonderzug@fanprojekt-muenster.de<\/a>.<\/strong><strong>\u00a0Wir werden dann mit Euch in Kontakt treten. Es ist nat\u00fcrlich selbstverst\u00e4ndlich, dass die Ordner kostenlos mitfahren, nebenbei erhaltet Ihr auch Getr\u00e4nkemarken (kleiner Haken: Alkoholverbot!).<\/strong><\/p>\n<p style=\"text-align: justify;\"><strong>Es ist nur zu verst\u00e4ndlich, dass alle im Zug feiern wollen, aber ohne den Einsatz von vielen Freiwilligen funktioniert so ein gro\u00dfes Projekt nicht. Deswegen bitten wir Euch um Eure Mithilfe.<\/strong><\/p>\n<p style=\"text-align: justify;\">Im Interesse von uns allen, bitten wir Euch, sich ordentlich zu benehmen und die <a href=\"http:\/\/www.fanprojekt-muenster.de\/wp\/wp-content\/uploads\/2015\/02\/Flyer_Hausordnung.pdf\" target=\"_blank\" rel=\"noopener noreferrer\">Hausordnung<\/a>\u00a0zu beachten, ansonsten wird das der letzte Sonderzug f\u00fcr uns gewesen sein.<\/p>\n<p style=\"text-align: justify;\">Helft mit, dass dieser Sonderzug f\u00fcr alle ein unvergessliches Erlebnis wird! Lasst Euch die rollende Fanparty nicht entgehen und greift jetzt schnell zu! F\u00fcr eine legend\u00e4re schwarz-wei\u00df-gr\u00fcne Ausw\u00e4rtsinvasion mit allen Preu\u00dfenfans!<\/p>\n<p style=\"text-align: justify;\">Euer Fanprojekt Preu\u00dfen M\u00fcnster e.V.<\/p>\n","protected":false},"excerpt":{"rendered":"<p>Hallo Preu\u00dfenfans, leider wurde kein Ausw\u00e4rtsdreier auf dem R\u00fcbenacker gegen Gro\u00dfaspach geholt, aber dennoch in der Tabelle auf dem 3. Platz, da unsere Konkurrenten auch Federn lassen! Jetzt werden wir&#8230; <a class=\"read-more-link\" href=\"https:\/\/www.fanprojekt-muenster.de\/wordpress\/update-no-3-sonderzug-nach-halle\/\">Read more &raquo;<\/a><\/p>\n","protected":false},"author":2,"featured_media":4128,"comment_status":"closed","ping_status":"closed","sticky":false,"template":"","format":"standard","meta":{"advgb_blocks_editor_width":"","advgb_blocks_columns_visual_guide":"","footnotes":""},"categories":[2,4,12],"tags":[49,101,138,234],"class_list":["post-4106","post","type-post","status-publish","format-standard","has-post-thumbnail","hentry","category-aktionen","category-auswarts","category-sonderzug_nach_halle","tag-auswaertsfahrt","tag-fan-zug","tag-halle","tag-sonderzug"],"featured_image_src":null,"author_info":{"display_name":"fp_superadmin","author_link":"https:\/\/www.fanprojekt-muenster.de\/wordpress\/author\/fp_superadmin\/"},"yoast_head":"<!-- This site is optimized with the Yoast SEO plugin v27.2 - https:\/\/yoast.com\/product\/yoast-seo-wordpress\/ -->\n<title>Update No. 3 - Sonderzug nach Halle - Fangemeinschaft Preu\u00dfen M\u00fcnster e. V.<\/title>\n<meta name=\"robots\" content=\"index, follow, max-snippet:-1, max-image-preview:large, max-video-preview:-1\" \/>\n<link rel=\"canonical\" href=\"https:\/\/www.fanprojekt-muenster.de\/wordpress\/update-no-3-sonderzug-nach-halle\/\" \/>\n<meta property=\"og:locale\" content=\"de_DE\" \/>\n<meta property=\"og:type\" content=\"article\" \/>\n<meta property=\"og:title\" content=\"Update No. 3 - Sonderzug nach Halle - Fangemeinschaft Preu\u00dfen M\u00fcnster e. V.\" \/>\n<meta property=\"og:description\" content=\"Hallo Preu\u00dfenfans, leider wurde kein Ausw\u00e4rtsdreier auf dem R\u00fcbenacker gegen Gro\u00dfaspach geholt, aber dennoch in der Tabelle auf dem 3. Platz, da unsere Konkurrenten auch Federn lassen! Jetzt werden wir... Read more &raquo;\" \/>\n<meta property=\"og:url\" content=\"https:\/\/www.fanprojekt-muenster.de\/wordpress\/update-no-3-sonderzug-nach-halle\/\" \/>\n<meta property=\"og:site_name\" content=\"Fangemeinschaft Preu\u00dfen M\u00fcnster e. V.\" \/>\n<meta property=\"article:published_time\" content=\"2015-03-15T14:13:25+00:00\" \/>\n<meta name=\"author\" content=\"fp_superadmin\" \/>\n<meta name=\"twitter:card\" content=\"summary_large_image\" \/>\n<meta name=\"twitter:label1\" content=\"Verfasst von\" \/>\n\t<meta name=\"twitter:data1\" content=\"fp_superadmin\" \/>\n\t<meta name=\"twitter:label2\" content=\"Gesch\u00e4tzte Lesezeit\" \/>\n\t<meta name=\"twitter:data2\" content=\"4\u00a0Minuten\" \/>\n<script type=\"application\/ld+json\" class=\"yoast-schema-graph\">{\"@context\":\"https:\/\/schema.org\",\"@graph\":[{\"@type\":\"Article\",\"@id\":\"https:\/\/www.fanprojekt-muenster.de\/wordpress\/update-no-3-sonderzug-nach-halle\/#article\",\"isPartOf\":{\"@id\":\"https:\/\/www.fanprojekt-muenster.de\/wordpress\/update-no-3-sonderzug-nach-halle\/\"},\"author\":{\"name\":\"fp_superadmin\",\"@id\":\"https:\/\/www.fanprojekt-muenster.de\/wordpress\/#\/schema\/person\/9126cc4d73d0d07c75b487075111186c\"},\"headline\":\"Update No. 3 &#8211; Sonderzug nach Halle\",\"datePublished\":\"2015-03-15T14:13:25+00:00\",\"mainEntityOfPage\":{\"@id\":\"https:\/\/www.fanprojekt-muenster.de\/wordpress\/update-no-3-sonderzug-nach-halle\/\"},\"wordCount\":737,\"publisher\":{\"@id\":\"https:\/\/www.fanprojekt-muenster.de\/wordpress\/#organization\"},\"image\":{\"@id\":\"https:\/\/www.fanprojekt-muenster.de\/wordpress\/update-no-3-sonderzug-nach-halle\/#primaryimage\"},\"thumbnailUrl\":\"\",\"keywords\":[\"Ausw\u00e4rtsfahrt\",\"Fan-Zug\",\"Halle\",\"Sonderzug\"],\"articleSection\":[\"Aktionen\",\"Ausw\u00e4rts\",\"Sonderzug nach Halle\"],\"inLanguage\":\"de\"},{\"@type\":\"WebPage\",\"@id\":\"https:\/\/www.fanprojekt-muenster.de\/wordpress\/update-no-3-sonderzug-nach-halle\/\",\"url\":\"https:\/\/www.fanprojekt-muenster.de\/wordpress\/update-no-3-sonderzug-nach-halle\/\",\"name\":\"Update No. 3 - Sonderzug nach Halle - Fangemeinschaft Preu\u00dfen M\u00fcnster e. V.\",\"isPartOf\":{\"@id\":\"https:\/\/www.fanprojekt-muenster.de\/wordpress\/#website\"},\"primaryImageOfPage\":{\"@id\":\"https:\/\/www.fanprojekt-muenster.de\/wordpress\/update-no-3-sonderzug-nach-halle\/#primaryimage\"},\"image\":{\"@id\":\"https:\/\/www.fanprojekt-muenster.de\/wordpress\/update-no-3-sonderzug-nach-halle\/#primaryimage\"},\"thumbnailUrl\":\"\",\"datePublished\":\"2015-03-15T14:13:25+00:00\",\"breadcrumb\":{\"@id\":\"https:\/\/www.fanprojekt-muenster.de\/wordpress\/update-no-3-sonderzug-nach-halle\/#breadcrumb\"},\"inLanguage\":\"de\",\"potentialAction\":[{\"@type\":\"ReadAction\",\"target\":[\"https:\/\/www.fanprojekt-muenster.de\/wordpress\/update-no-3-sonderzug-nach-halle\/\"]}]},{\"@type\":\"ImageObject\",\"inLanguage\":\"de\",\"@id\":\"https:\/\/www.fanprojekt-muenster.de\/wordpress\/update-no-3-sonderzug-nach-halle\/#primaryimage\",\"url\":\"\",\"contentUrl\":\"\"},{\"@type\":\"BreadcrumbList\",\"@id\":\"https:\/\/www.fanprojekt-muenster.de\/wordpress\/update-no-3-sonderzug-nach-halle\/#breadcrumb\",\"itemListElement\":[{\"@type\":\"ListItem\",\"position\":1,\"name\":\"Startseite\",\"item\":\"https:\/\/www.fanprojekt-muenster.de\/wordpress\/\"},{\"@type\":\"ListItem\",\"position\":2,\"name\":\"Update No. 3 &#8211; Sonderzug nach Halle\"}]},{\"@type\":\"WebSite\",\"@id\":\"https:\/\/www.fanprojekt-muenster.de\/wordpress\/#website\",\"url\":\"https:\/\/www.fanprojekt-muenster.de\/wordpress\/\",\"name\":\"Fangemeinschaft Preu\u00dfen M\u00fcnster e. V.\",\"description\":\"\",\"publisher\":{\"@id\":\"https:\/\/www.fanprojekt-muenster.de\/wordpress\/#organization\"},\"potentialAction\":[{\"@type\":\"SearchAction\",\"target\":{\"@type\":\"EntryPoint\",\"urlTemplate\":\"https:\/\/www.fanprojekt-muenster.de\/wordpress\/?s={search_term_string}\"},\"query-input\":{\"@type\":\"PropertyValueSpecification\",\"valueRequired\":true,\"valueName\":\"search_term_string\"}}],\"inLanguage\":\"de\"},{\"@type\":\"Organization\",\"@id\":\"https:\/\/www.fanprojekt-muenster.de\/wordpress\/#organization\",\"name\":\"Fangemeinschaft Preu\u00dfen M\u00fcnster e. V.\",\"url\":\"https:\/\/www.fanprojekt-muenster.de\/wordpress\/\",\"logo\":{\"@type\":\"ImageObject\",\"inLanguage\":\"de\",\"@id\":\"https:\/\/www.fanprojekt-muenster.de\/wordpress\/#\/schema\/logo\/image\/\",\"url\":\"https:\/\/www.fanprojekt-muenster.de\/wordpress\/wp-content\/uploads\/2019\/07\/cropped-Website_Logo3-9.png\",\"contentUrl\":\"https:\/\/www.fanprojekt-muenster.de\/wordpress\/wp-content\/uploads\/2019\/07\/cropped-Website_Logo3-9.png\",\"width\":224,\"height\":42,\"caption\":\"Fangemeinschaft Preu\u00dfen M\u00fcnster e. V.\"},\"image\":{\"@id\":\"https:\/\/www.fanprojekt-muenster.de\/wordpress\/#\/schema\/logo\/image\/\"}},{\"@type\":\"Person\",\"@id\":\"https:\/\/www.fanprojekt-muenster.de\/wordpress\/#\/schema\/person\/9126cc4d73d0d07c75b487075111186c\",\"name\":\"fp_superadmin\",\"url\":\"https:\/\/www.fanprojekt-muenster.de\/wordpress\/author\/fp_superadmin\/\"}]}<\/script>\n<!-- \/ Yoast SEO plugin. -->","yoast_head_json":{"title":"Update No. 3 - Sonderzug nach Halle - Fangemeinschaft Preu\u00dfen M\u00fcnster e. V.","robots":{"index":"index","follow":"follow","max-snippet":"max-snippet:-1","max-image-preview":"max-image-preview:large","max-video-preview":"max-video-preview:-1"},"canonical":"https:\/\/www.fanprojekt-muenster.de\/wordpress\/update-no-3-sonderzug-nach-halle\/","og_locale":"de_DE","og_type":"article","og_title":"Update No. 3 - Sonderzug nach Halle - Fangemeinschaft Preu\u00dfen M\u00fcnster e. V.","og_description":"Hallo Preu\u00dfenfans, leider wurde kein Ausw\u00e4rtsdreier auf dem R\u00fcbenacker gegen Gro\u00dfaspach geholt, aber dennoch in der Tabelle auf dem 3. Platz, da unsere Konkurrenten auch Federn lassen! Jetzt werden wir... Read more &raquo;","og_url":"https:\/\/www.fanprojekt-muenster.de\/wordpress\/update-no-3-sonderzug-nach-halle\/","og_site_name":"Fangemeinschaft Preu\u00dfen M\u00fcnster e. V.","article_published_time":"2015-03-15T14:13:25+00:00","author":"fp_superadmin","twitter_card":"summary_large_image","twitter_misc":{"Verfasst von":"fp_superadmin","Gesch\u00e4tzte Lesezeit":"4\u00a0Minuten"},"schema":{"@context":"https:\/\/schema.org","@graph":[{"@type":"Article","@id":"https:\/\/www.fanprojekt-muenster.de\/wordpress\/update-no-3-sonderzug-nach-halle\/#article","isPartOf":{"@id":"https:\/\/www.fanprojekt-muenster.de\/wordpress\/update-no-3-sonderzug-nach-halle\/"},"author":{"name":"fp_superadmin","@id":"https:\/\/www.fanprojekt-muenster.de\/wordpress\/#\/schema\/person\/9126cc4d73d0d07c75b487075111186c"},"headline":"Update No. 3 &#8211; Sonderzug nach Halle","datePublished":"2015-03-15T14:13:25+00:00","mainEntityOfPage":{"@id":"https:\/\/www.fanprojekt-muenster.de\/wordpress\/update-no-3-sonderzug-nach-halle\/"},"wordCount":737,"publisher":{"@id":"https:\/\/www.fanprojekt-muenster.de\/wordpress\/#organization"},"image":{"@id":"https:\/\/www.fanprojekt-muenster.de\/wordpress\/update-no-3-sonderzug-nach-halle\/#primaryimage"},"thumbnailUrl":"","keywords":["Ausw\u00e4rtsfahrt","Fan-Zug","Halle","Sonderzug"],"articleSection":["Aktionen","Ausw\u00e4rts","Sonderzug nach Halle"],"inLanguage":"de"},{"@type":"WebPage","@id":"https:\/\/www.fanprojekt-muenster.de\/wordpress\/update-no-3-sonderzug-nach-halle\/","url":"https:\/\/www.fanprojekt-muenster.de\/wordpress\/update-no-3-sonderzug-nach-halle\/","name":"Update No. 3 - Sonderzug nach Halle - Fangemeinschaft Preu\u00dfen M\u00fcnster e. V.","isPartOf":{"@id":"https:\/\/www.fanprojekt-muenster.de\/wordpress\/#website"},"primaryImageOfPage":{"@id":"https:\/\/www.fanprojekt-muenster.de\/wordpress\/update-no-3-sonderzug-nach-halle\/#primaryimage"},"image":{"@id":"https:\/\/www.fanprojekt-muenster.de\/wordpress\/update-no-3-sonderzug-nach-halle\/#primaryimage"},"thumbnailUrl":"","datePublished":"2015-03-15T14:13:25+00:00","breadcrumb":{"@id":"https:\/\/www.fanprojekt-muenster.de\/wordpress\/update-no-3-sonderzug-nach-halle\/#breadcrumb"},"inLanguage":"de","potentialAction":[{"@type":"ReadAction","target":["https:\/\/www.fanprojekt-muenster.de\/wordpress\/update-no-3-sonderzug-nach-halle\/"]}]},{"@type":"ImageObject","inLanguage":"de","@id":"https:\/\/www.fanprojekt-muenster.de\/wordpress\/update-no-3-sonderzug-nach-halle\/#primaryimage","url":"","contentUrl":""},{"@type":"BreadcrumbList","@id":"https:\/\/www.fanprojekt-muenster.de\/wordpress\/update-no-3-sonderzug-nach-halle\/#breadcrumb","itemListElement":[{"@type":"ListItem","position":1,"name":"Startseite","item":"https:\/\/www.fanprojekt-muenster.de\/wordpress\/"},{"@type":"ListItem","position":2,"name":"Update No. 3 &#8211; Sonderzug nach Halle"}]},{"@type":"WebSite","@id":"https:\/\/www.fanprojekt-muenster.de\/wordpress\/#website","url":"https:\/\/www.fanprojekt-muenster.de\/wordpress\/","name":"Fangemeinschaft Preu\u00dfen M\u00fcnster e. V.","description":"","publisher":{"@id":"https:\/\/www.fanprojekt-muenster.de\/wordpress\/#organization"},"potentialAction":[{"@type":"SearchAction","target":{"@type":"EntryPoint","urlTemplate":"https:\/\/www.fanprojekt-muenster.de\/wordpress\/?s={search_term_string}"},"query-input":{"@type":"PropertyValueSpecification","valueRequired":true,"valueName":"search_term_string"}}],"inLanguage":"de"},{"@type":"Organization","@id":"https:\/\/www.fanprojekt-muenster.de\/wordpress\/#organization","name":"Fangemeinschaft Preu\u00dfen M\u00fcnster e. V.","url":"https:\/\/www.fanprojekt-muenster.de\/wordpress\/","logo":{"@type":"ImageObject","inLanguage":"de","@id":"https:\/\/www.fanprojekt-muenster.de\/wordpress\/#\/schema\/logo\/image\/","url":"https:\/\/www.fanprojekt-muenster.de\/wordpress\/wp-content\/uploads\/2019\/07\/cropped-Website_Logo3-9.png","contentUrl":"https:\/\/www.fanprojekt-muenster.de\/wordpress\/wp-content\/uploads\/2019\/07\/cropped-Website_Logo3-9.png","width":224,"height":42,"caption":"Fangemeinschaft Preu\u00dfen M\u00fcnster e. V."},"image":{"@id":"https:\/\/www.fanprojekt-muenster.de\/wordpress\/#\/schema\/logo\/image\/"}},{"@type":"Person","@id":"https:\/\/www.fanprojekt-muenster.de\/wordpress\/#\/schema\/person\/9126cc4d73d0d07c75b487075111186c","name":"fp_superadmin","url":"https:\/\/www.fanprojekt-muenster.de\/wordpress\/author\/fp_superadmin\/"}]}},"author_meta":{"display_name":"fp_superadmin","author_link":"https:\/\/www.fanprojekt-muenster.de\/wordpress\/author\/fp_superadmin\/"},"featured_img":null,"coauthors":[],"tax_additional":{"categories":{"linked":["<a href=\"https:\/\/www.fanprojekt-muenster.de\/wordpress\/category\/aktionen\/\" class=\"advgb-post-tax-term\">Aktionen<\/a>","<a href=\"https:\/\/www.fanprojekt-muenster.de\/wordpress\/category\/auswarts\/\" class=\"advgb-post-tax-term\">Ausw\u00e4rts<\/a>","<a href=\"https:\/\/www.fanprojekt-muenster.de\/wordpress\/category\/auswarts\/sonderzug_nach_halle\/\" class=\"advgb-post-tax-term\">Sonderzug nach Halle<\/a>"],"unlinked":["<span class=\"advgb-post-tax-term\">Aktionen<\/span>","<span class=\"advgb-post-tax-term\">Ausw\u00e4rts<\/span>","<span class=\"advgb-post-tax-term\">Sonderzug nach Halle<\/span>"]},"tags":{"linked":["<a href=\"https:\/\/www.fanprojekt-muenster.de\/wordpress\/category\/auswarts\/sonderzug_nach_halle\/\" class=\"advgb-post-tax-term\">Ausw\u00e4rtsfahrt<\/a>","<a href=\"https:\/\/www.fanprojekt-muenster.de\/wordpress\/category\/auswarts\/sonderzug_nach_halle\/\" class=\"advgb-post-tax-term\">Fan-Zug<\/a>","<a href=\"https:\/\/www.fanprojekt-muenster.de\/wordpress\/category\/auswarts\/sonderzug_nach_halle\/\" class=\"advgb-post-tax-term\">Halle<\/a>","<a href=\"https:\/\/www.fanprojekt-muenster.de\/wordpress\/category\/auswarts\/sonderzug_nach_halle\/\" class=\"advgb-post-tax-term\">Sonderzug<\/a>"],"unlinked":["<span class=\"advgb-post-tax-term\">Ausw\u00e4rtsfahrt<\/span>","<span class=\"advgb-post-tax-term\">Fan-Zug<\/span>","<span class=\"advgb-post-tax-term\">Halle<\/span>","<span class=\"advgb-post-tax-term\">Sonderzug<\/span>"]}},"comment_count":"0","relative_dates":{"created":"Posted 11\u00a0Jahren ago","modified":"Updated 11\u00a0Jahren ago"},"absolute_dates":{"created":"Posted on 15. M\u00e4rz 2015","modified":"Updated on 15. M\u00e4rz 2015"},"absolute_dates_time":{"created":"Posted on 15. M\u00e4rz 2015 16:13","modified":"Updated on 15. M\u00e4rz 2015 16:13"},"featured_img_caption":"","series_order":"","_links":{"self":[{"href":"https:\/\/www.fanprojekt-muenster.de\/wordpress\/wp-json\/wp\/v2\/posts\/4106","targetHints":{"allow":["GET"]}}],"collection":[{"href":"https:\/\/www.fanprojekt-muenster.de\/wordpress\/wp-json\/wp\/v2\/posts"}],"about":[{"href":"https:\/\/www.fanprojekt-muenster.de\/wordpress\/wp-json\/wp\/v2\/types\/post"}],"author":[{"embeddable":true,"href":"https:\/\/www.fanprojekt-muenster.de\/wordpress\/wp-json\/wp\/v2\/users\/2"}],"replies":[{"embeddable":true,"href":"https:\/\/www.fanprojekt-muenster.de\/wordpress\/wp-json\/wp\/v2\/comments?post=4106"}],"version-history":[{"count":0,"href":"https:\/\/www.fanprojekt-muenster.de\/wordpress\/wp-json\/wp\/v2\/posts\/4106\/revisions"}],"wp:featuredmedia":[{"embeddable":true,"href":"https:\/\/www.fanprojekt-muenster.de\/wordpress\/wp-json\/"}],"wp:attachment":[{"href":"https:\/\/www.fanprojekt-muenster.de\/wordpress\/wp-json\/wp\/v2\/media?parent=4106"}],"wp:term":[{"taxonomy":"category","embeddable":true,"href":"https:\/\/www.fanprojekt-muenster.de\/wordpress\/wp-json\/wp\/v2\/categories?post=4106"},{"taxonomy":"post_tag","embeddable":true,"href":"https:\/\/www.fanprojekt-muenster.de\/wordpress\/wp-json\/wp\/v2\/tags?post=4106"}],"curies":[{"name":"wp","href":"https:\/\/api.w.org\/{rel}","templated":true}]}}