{"id":4094,"date":"2015-03-09T23:02:41","date_gmt":"2015-03-09T21:02:41","guid":{"rendered":"http:\/\/www.fanprojekt-muenster.de\/wp\/?p=4094"},"modified":"2015-03-09T23:02:41","modified_gmt":"2015-03-09T21:02:41","slug":"update-no-2-sonderzug-nach-halle","status":"publish","type":"post","link":"https:\/\/www.fanprojekt-muenster.de\/wordpress\/update-no-2-sonderzug-nach-halle\/","title":{"rendered":"Update No. 2 &#8211; Sonderzug nach Halle"},"content":{"rendered":"<p>Hallo Preu\u00dfen-Fans,<a href=\"http:\/\/www.fanprojekt-muenster.de\/wp\/wp-content\/uploads\/2015\/03\/DSCN2509.jpg\"><img loading=\"lazy\" decoding=\"async\" class=\"alignright size-medium wp-image-4096\" src=\"http:\/\/www.fanprojekt-muenster.de\/wp\/wp-content\/uploads\/2015\/03\/DSCN2509-300x210.jpg\" alt=\"Vorverkauf Sonderzug\" width=\"300\" height=\"210\" \/><\/a><\/p>\n<p>der VVK f\u00fcr den Sonderzug am 04.04. nach Halle l\u00e4uft super an. Viele Fans haben am vergangen Samstag die Gelegenheit genutzt, die Zugtickets an den Kassenh\u00e4uschen auf dem Stadionvorplatz zu erwerben. Auch am morgigen Dienstag vor dem Pokalspiel gegen BSV Sch\u00fcren k\u00f6nnt Ihr die begehrten Tickets an den ersten beiden Kassenh\u00e4uschen in der Zeit von 18 &#8211; 19:00 Uhr kaufen.<\/p>\n<p><strong>Wichtige Info f\u00fcr die Online-Reservierungen:<\/strong><br \/>\nDie Ausgabe der bezahlten Zugtickets erfolgt beim n\u00e4chsten Liga-Heimspiel am 21.03. gegen Mainz II.<\/p>\n<p>Also Leute, auf nach Halle. Meldet Euch schnell an und seid dabei!<\/p>\n<p>Euer Fanprojekt.<\/p>\n","protected":false},"excerpt":{"rendered":"<p>Hallo Preu\u00dfen-Fans, der VVK f\u00fcr den Sonderzug am 04.04. nach Halle l\u00e4uft super an. Viele Fans haben am vergangen Samstag die Gelegenheit genutzt, die Zugtickets an den Kassenh\u00e4uschen auf dem&#8230; <a class=\"read-more-link\" href=\"https:\/\/www.fanprojekt-muenster.de\/wordpress\/update-no-2-sonderzug-nach-halle\/\">Read more &raquo;<\/a><\/p>\n","protected":false},"author":2,"featured_media":4096,"comment_status":"closed","ping_status":"closed","sticky":false,"template":"","format":"standard","meta":{"advgb_blocks_editor_width":"","advgb_blocks_columns_visual_guide":"","footnotes":""},"categories":[2,4,12],"tags":[49,101,138,234],"class_list":["post-4094","post","type-post","status-publish","format-standard","has-post-thumbnail","hentry","category-aktionen","category-auswarts","category-sonderzug_nach_halle","tag-auswaertsfahrt","tag-fan-zug","tag-halle","tag-sonderzug"],"featured_image_src":null,"author_info":{"display_name":"fp_superadmin","author_link":"https:\/\/www.fanprojekt-muenster.de\/wordpress\/author\/fp_superadmin\/"},"yoast_head":"<!-- This site is optimized with the Yoast SEO plugin v27.2 - https:\/\/yoast.com\/product\/yoast-seo-wordpress\/ -->\n<title>Update No. 2 - Sonderzug nach Halle - Fangemeinschaft Preu\u00dfen M\u00fcnster e. V.<\/title>\n<meta name=\"robots\" content=\"index, follow, max-snippet:-1, max-image-preview:large, max-video-preview:-1\" \/>\n<link rel=\"canonical\" href=\"https:\/\/www.fanprojekt-muenster.de\/wordpress\/update-no-2-sonderzug-nach-halle\/\" \/>\n<meta property=\"og:locale\" content=\"de_DE\" \/>\n<meta property=\"og:type\" content=\"article\" \/>\n<meta property=\"og:title\" content=\"Update No. 2 - Sonderzug nach Halle - Fangemeinschaft Preu\u00dfen M\u00fcnster e. V.\" \/>\n<meta property=\"og:description\" content=\"Hallo Preu\u00dfen-Fans, der VVK f\u00fcr den Sonderzug am 04.04. nach Halle l\u00e4uft super an. Viele Fans haben am vergangen Samstag die Gelegenheit genutzt, die Zugtickets an den Kassenh\u00e4uschen auf dem... Read more &raquo;\" \/>\n<meta property=\"og:url\" content=\"https:\/\/www.fanprojekt-muenster.de\/wordpress\/update-no-2-sonderzug-nach-halle\/\" \/>\n<meta property=\"og:site_name\" content=\"Fangemeinschaft Preu\u00dfen M\u00fcnster e. V.\" \/>\n<meta property=\"article:published_time\" content=\"2015-03-09T21:02:41+00:00\" \/>\n<meta name=\"author\" content=\"fp_superadmin\" \/>\n<meta name=\"twitter:card\" content=\"summary_large_image\" \/>\n<meta name=\"twitter:label1\" content=\"Verfasst von\" \/>\n\t<meta name=\"twitter:data1\" content=\"fp_superadmin\" \/>\n\t<meta name=\"twitter:label2\" content=\"Gesch\u00e4tzte Lesezeit\" \/>\n\t<meta name=\"twitter:data2\" content=\"1\u00a0Minute\" \/>\n<script type=\"application\/ld+json\" class=\"yoast-schema-graph\">{\"@context\":\"https:\/\/schema.org\",\"@graph\":[{\"@type\":\"Article\",\"@id\":\"https:\/\/www.fanprojekt-muenster.de\/wordpress\/update-no-2-sonderzug-nach-halle\/#article\",\"isPartOf\":{\"@id\":\"https:\/\/www.fanprojekt-muenster.de\/wordpress\/update-no-2-sonderzug-nach-halle\/\"},\"author\":{\"name\":\"fp_superadmin\",\"@id\":\"https:\/\/www.fanprojekt-muenster.de\/wordpress\/#\/schema\/person\/9126cc4d73d0d07c75b487075111186c\"},\"headline\":\"Update No. 2 &#8211; Sonderzug nach Halle\",\"datePublished\":\"2015-03-09T21:02:41+00:00\",\"mainEntityOfPage\":{\"@id\":\"https:\/\/www.fanprojekt-muenster.de\/wordpress\/update-no-2-sonderzug-nach-halle\/\"},\"wordCount\":106,\"publisher\":{\"@id\":\"https:\/\/www.fanprojekt-muenster.de\/wordpress\/#organization\"},\"image\":{\"@id\":\"https:\/\/www.fanprojekt-muenster.de\/wordpress\/update-no-2-sonderzug-nach-halle\/#primaryimage\"},\"thumbnailUrl\":\"\",\"keywords\":[\"Ausw\u00e4rtsfahrt\",\"Fan-Zug\",\"Halle\",\"Sonderzug\"],\"articleSection\":[\"Aktionen\",\"Ausw\u00e4rts\",\"Sonderzug nach Halle\"],\"inLanguage\":\"de\"},{\"@type\":\"WebPage\",\"@id\":\"https:\/\/www.fanprojekt-muenster.de\/wordpress\/update-no-2-sonderzug-nach-halle\/\",\"url\":\"https:\/\/www.fanprojekt-muenster.de\/wordpress\/update-no-2-sonderzug-nach-halle\/\",\"name\":\"Update No. 2 - Sonderzug nach Halle - Fangemeinschaft Preu\u00dfen M\u00fcnster e. V.\",\"isPartOf\":{\"@id\":\"https:\/\/www.fanprojekt-muenster.de\/wordpress\/#website\"},\"primaryImageOfPage\":{\"@id\":\"https:\/\/www.fanprojekt-muenster.de\/wordpress\/update-no-2-sonderzug-nach-halle\/#primaryimage\"},\"image\":{\"@id\":\"https:\/\/www.fanprojekt-muenster.de\/wordpress\/update-no-2-sonderzug-nach-halle\/#primaryimage\"},\"thumbnailUrl\":\"\",\"datePublished\":\"2015-03-09T21:02:41+00:00\",\"breadcrumb\":{\"@id\":\"https:\/\/www.fanprojekt-muenster.de\/wordpress\/update-no-2-sonderzug-nach-halle\/#breadcrumb\"},\"inLanguage\":\"de\",\"potentialAction\":[{\"@type\":\"ReadAction\",\"target\":[\"https:\/\/www.fanprojekt-muenster.de\/wordpress\/update-no-2-sonderzug-nach-halle\/\"]}]},{\"@type\":\"ImageObject\",\"inLanguage\":\"de\",\"@id\":\"https:\/\/www.fanprojekt-muenster.de\/wordpress\/update-no-2-sonderzug-nach-halle\/#primaryimage\",\"url\":\"\",\"contentUrl\":\"\"},{\"@type\":\"BreadcrumbList\",\"@id\":\"https:\/\/www.fanprojekt-muenster.de\/wordpress\/update-no-2-sonderzug-nach-halle\/#breadcrumb\",\"itemListElement\":[{\"@type\":\"ListItem\",\"position\":1,\"name\":\"Startseite\",\"item\":\"https:\/\/www.fanprojekt-muenster.de\/wordpress\/\"},{\"@type\":\"ListItem\",\"position\":2,\"name\":\"Update No. 2 &#8211; Sonderzug nach Halle\"}]},{\"@type\":\"WebSite\",\"@id\":\"https:\/\/www.fanprojekt-muenster.de\/wordpress\/#website\",\"url\":\"https:\/\/www.fanprojekt-muenster.de\/wordpress\/\",\"name\":\"Fangemeinschaft Preu\u00dfen M\u00fcnster e. V.\",\"description\":\"\",\"publisher\":{\"@id\":\"https:\/\/www.fanprojekt-muenster.de\/wordpress\/#organization\"},\"potentialAction\":[{\"@type\":\"SearchAction\",\"target\":{\"@type\":\"EntryPoint\",\"urlTemplate\":\"https:\/\/www.fanprojekt-muenster.de\/wordpress\/?s={search_term_string}\"},\"query-input\":{\"@type\":\"PropertyValueSpecification\",\"valueRequired\":true,\"valueName\":\"search_term_string\"}}],\"inLanguage\":\"de\"},{\"@type\":\"Organization\",\"@id\":\"https:\/\/www.fanprojekt-muenster.de\/wordpress\/#organization\",\"name\":\"Fangemeinschaft Preu\u00dfen M\u00fcnster e. V.\",\"url\":\"https:\/\/www.fanprojekt-muenster.de\/wordpress\/\",\"logo\":{\"@type\":\"ImageObject\",\"inLanguage\":\"de\",\"@id\":\"https:\/\/www.fanprojekt-muenster.de\/wordpress\/#\/schema\/logo\/image\/\",\"url\":\"https:\/\/www.fanprojekt-muenster.de\/wordpress\/wp-content\/uploads\/2019\/07\/cropped-Website_Logo3-9.png\",\"contentUrl\":\"https:\/\/www.fanprojekt-muenster.de\/wordpress\/wp-content\/uploads\/2019\/07\/cropped-Website_Logo3-9.png\",\"width\":224,\"height\":42,\"caption\":\"Fangemeinschaft Preu\u00dfen M\u00fcnster e. V.\"},\"image\":{\"@id\":\"https:\/\/www.fanprojekt-muenster.de\/wordpress\/#\/schema\/logo\/image\/\"}},{\"@type\":\"Person\",\"@id\":\"https:\/\/www.fanprojekt-muenster.de\/wordpress\/#\/schema\/person\/9126cc4d73d0d07c75b487075111186c\",\"name\":\"fp_superadmin\",\"url\":\"https:\/\/www.fanprojekt-muenster.de\/wordpress\/author\/fp_superadmin\/\"}]}<\/script>\n<!-- \/ Yoast SEO plugin. -->","yoast_head_json":{"title":"Update No. 2 - Sonderzug nach Halle - Fangemeinschaft Preu\u00dfen M\u00fcnster e. V.","robots":{"index":"index","follow":"follow","max-snippet":"max-snippet:-1","max-image-preview":"max-image-preview:large","max-video-preview":"max-video-preview:-1"},"canonical":"https:\/\/www.fanprojekt-muenster.de\/wordpress\/update-no-2-sonderzug-nach-halle\/","og_locale":"de_DE","og_type":"article","og_title":"Update No. 2 - Sonderzug nach Halle - Fangemeinschaft Preu\u00dfen M\u00fcnster e. V.","og_description":"Hallo Preu\u00dfen-Fans, der VVK f\u00fcr den Sonderzug am 04.04. nach Halle l\u00e4uft super an. Viele Fans haben am vergangen Samstag die Gelegenheit genutzt, die Zugtickets an den Kassenh\u00e4uschen auf dem... Read more &raquo;","og_url":"https:\/\/www.fanprojekt-muenster.de\/wordpress\/update-no-2-sonderzug-nach-halle\/","og_site_name":"Fangemeinschaft Preu\u00dfen M\u00fcnster e. V.","article_published_time":"2015-03-09T21:02:41+00:00","author":"fp_superadmin","twitter_card":"summary_large_image","twitter_misc":{"Verfasst von":"fp_superadmin","Gesch\u00e4tzte Lesezeit":"1\u00a0Minute"},"schema":{"@context":"https:\/\/schema.org","@graph":[{"@type":"Article","@id":"https:\/\/www.fanprojekt-muenster.de\/wordpress\/update-no-2-sonderzug-nach-halle\/#article","isPartOf":{"@id":"https:\/\/www.fanprojekt-muenster.de\/wordpress\/update-no-2-sonderzug-nach-halle\/"},"author":{"name":"fp_superadmin","@id":"https:\/\/www.fanprojekt-muenster.de\/wordpress\/#\/schema\/person\/9126cc4d73d0d07c75b487075111186c"},"headline":"Update No. 2 &#8211; Sonderzug nach Halle","datePublished":"2015-03-09T21:02:41+00:00","mainEntityOfPage":{"@id":"https:\/\/www.fanprojekt-muenster.de\/wordpress\/update-no-2-sonderzug-nach-halle\/"},"wordCount":106,"publisher":{"@id":"https:\/\/www.fanprojekt-muenster.de\/wordpress\/#organization"},"image":{"@id":"https:\/\/www.fanprojekt-muenster.de\/wordpress\/update-no-2-sonderzug-nach-halle\/#primaryimage"},"thumbnailUrl":"","keywords":["Ausw\u00e4rtsfahrt","Fan-Zug","Halle","Sonderzug"],"articleSection":["Aktionen","Ausw\u00e4rts","Sonderzug nach Halle"],"inLanguage":"de"},{"@type":"WebPage","@id":"https:\/\/www.fanprojekt-muenster.de\/wordpress\/update-no-2-sonderzug-nach-halle\/","url":"https:\/\/www.fanprojekt-muenster.de\/wordpress\/update-no-2-sonderzug-nach-halle\/","name":"Update No. 2 - Sonderzug nach Halle - Fangemeinschaft Preu\u00dfen M\u00fcnster e. V.","isPartOf":{"@id":"https:\/\/www.fanprojekt-muenster.de\/wordpress\/#website"},"primaryImageOfPage":{"@id":"https:\/\/www.fanprojekt-muenster.de\/wordpress\/update-no-2-sonderzug-nach-halle\/#primaryimage"},"image":{"@id":"https:\/\/www.fanprojekt-muenster.de\/wordpress\/update-no-2-sonderzug-nach-halle\/#primaryimage"},"thumbnailUrl":"","datePublished":"2015-03-09T21:02:41+00:00","breadcrumb":{"@id":"https:\/\/www.fanprojekt-muenster.de\/wordpress\/update-no-2-sonderzug-nach-halle\/#breadcrumb"},"inLanguage":"de","potentialAction":[{"@type":"ReadAction","target":["https:\/\/www.fanprojekt-muenster.de\/wordpress\/update-no-2-sonderzug-nach-halle\/"]}]},{"@type":"ImageObject","inLanguage":"de","@id":"https:\/\/www.fanprojekt-muenster.de\/wordpress\/update-no-2-sonderzug-nach-halle\/#primaryimage","url":"","contentUrl":""},{"@type":"BreadcrumbList","@id":"https:\/\/www.fanprojekt-muenster.de\/wordpress\/update-no-2-sonderzug-nach-halle\/#breadcrumb","itemListElement":[{"@type":"ListItem","position":1,"name":"Startseite","item":"https:\/\/www.fanprojekt-muenster.de\/wordpress\/"},{"@type":"ListItem","position":2,"name":"Update No. 2 &#8211; Sonderzug nach Halle"}]},{"@type":"WebSite","@id":"https:\/\/www.fanprojekt-muenster.de\/wordpress\/#website","url":"https:\/\/www.fanprojekt-muenster.de\/wordpress\/","name":"Fangemeinschaft Preu\u00dfen M\u00fcnster e. V.","description":"","publisher":{"@id":"https:\/\/www.fanprojekt-muenster.de\/wordpress\/#organization"},"potentialAction":[{"@type":"SearchAction","target":{"@type":"EntryPoint","urlTemplate":"https:\/\/www.fanprojekt-muenster.de\/wordpress\/?s={search_term_string}"},"query-input":{"@type":"PropertyValueSpecification","valueRequired":true,"valueName":"search_term_string"}}],"inLanguage":"de"},{"@type":"Organization","@id":"https:\/\/www.fanprojekt-muenster.de\/wordpress\/#organization","name":"Fangemeinschaft Preu\u00dfen M\u00fcnster e. V.","url":"https:\/\/www.fanprojekt-muenster.de\/wordpress\/","logo":{"@type":"ImageObject","inLanguage":"de","@id":"https:\/\/www.fanprojekt-muenster.de\/wordpress\/#\/schema\/logo\/image\/","url":"https:\/\/www.fanprojekt-muenster.de\/wordpress\/wp-content\/uploads\/2019\/07\/cropped-Website_Logo3-9.png","contentUrl":"https:\/\/www.fanprojekt-muenster.de\/wordpress\/wp-content\/uploads\/2019\/07\/cropped-Website_Logo3-9.png","width":224,"height":42,"caption":"Fangemeinschaft Preu\u00dfen M\u00fcnster e. V."},"image":{"@id":"https:\/\/www.fanprojekt-muenster.de\/wordpress\/#\/schema\/logo\/image\/"}},{"@type":"Person","@id":"https:\/\/www.fanprojekt-muenster.de\/wordpress\/#\/schema\/person\/9126cc4d73d0d07c75b487075111186c","name":"fp_superadmin","url":"https:\/\/www.fanprojekt-muenster.de\/wordpress\/author\/fp_superadmin\/"}]}},"author_meta":{"display_name":"fp_superadmin","author_link":"https:\/\/www.fanprojekt-muenster.de\/wordpress\/author\/fp_superadmin\/"},"featured_img":null,"coauthors":[],"tax_additional":{"categories":{"linked":["<a href=\"https:\/\/www.fanprojekt-muenster.de\/wordpress\/category\/aktionen\/\" class=\"advgb-post-tax-term\">Aktionen<\/a>","<a href=\"https:\/\/www.fanprojekt-muenster.de\/wordpress\/category\/auswarts\/\" class=\"advgb-post-tax-term\">Ausw\u00e4rts<\/a>","<a href=\"https:\/\/www.fanprojekt-muenster.de\/wordpress\/category\/auswarts\/sonderzug_nach_halle\/\" class=\"advgb-post-tax-term\">Sonderzug nach Halle<\/a>"],"unlinked":["<span class=\"advgb-post-tax-term\">Aktionen<\/span>","<span class=\"advgb-post-tax-term\">Ausw\u00e4rts<\/span>","<span class=\"advgb-post-tax-term\">Sonderzug nach Halle<\/span>"]},"tags":{"linked":["<a href=\"https:\/\/www.fanprojekt-muenster.de\/wordpress\/category\/auswarts\/sonderzug_nach_halle\/\" class=\"advgb-post-tax-term\">Ausw\u00e4rtsfahrt<\/a>","<a href=\"https:\/\/www.fanprojekt-muenster.de\/wordpress\/category\/auswarts\/sonderzug_nach_halle\/\" class=\"advgb-post-tax-term\">Fan-Zug<\/a>","<a href=\"https:\/\/www.fanprojekt-muenster.de\/wordpress\/category\/auswarts\/sonderzug_nach_halle\/\" class=\"advgb-post-tax-term\">Halle<\/a>","<a href=\"https:\/\/www.fanprojekt-muenster.de\/wordpress\/category\/auswarts\/sonderzug_nach_halle\/\" class=\"advgb-post-tax-term\">Sonderzug<\/a>"],"unlinked":["<span class=\"advgb-post-tax-term\">Ausw\u00e4rtsfahrt<\/span>","<span class=\"advgb-post-tax-term\">Fan-Zug<\/span>","<span class=\"advgb-post-tax-term\">Halle<\/span>","<span class=\"advgb-post-tax-term\">Sonderzug<\/span>"]}},"comment_count":"0","relative_dates":{"created":"Posted 11\u00a0Jahren ago","modified":"Updated 11\u00a0Jahren ago"},"absolute_dates":{"created":"Posted on 9. M\u00e4rz 2015","modified":"Updated on 9. M\u00e4rz 2015"},"absolute_dates_time":{"created":"Posted on 9. M\u00e4rz 2015 23:02","modified":"Updated on 9. M\u00e4rz 2015 23:02"},"featured_img_caption":"","series_order":"","_links":{"self":[{"href":"https:\/\/www.fanprojekt-muenster.de\/wordpress\/wp-json\/wp\/v2\/posts\/4094","targetHints":{"allow":["GET"]}}],"collection":[{"href":"https:\/\/www.fanprojekt-muenster.de\/wordpress\/wp-json\/wp\/v2\/posts"}],"about":[{"href":"https:\/\/www.fanprojekt-muenster.de\/wordpress\/wp-json\/wp\/v2\/types\/post"}],"author":[{"embeddable":true,"href":"https:\/\/www.fanprojekt-muenster.de\/wordpress\/wp-json\/wp\/v2\/users\/2"}],"replies":[{"embeddable":true,"href":"https:\/\/www.fanprojekt-muenster.de\/wordpress\/wp-json\/wp\/v2\/comments?post=4094"}],"version-history":[{"count":0,"href":"https:\/\/www.fanprojekt-muenster.de\/wordpress\/wp-json\/wp\/v2\/posts\/4094\/revisions"}],"wp:featuredmedia":[{"embeddable":true,"href":"https:\/\/www.fanprojekt-muenster.de\/wordpress\/wp-json\/"}],"wp:attachment":[{"href":"https:\/\/www.fanprojekt-muenster.de\/wordpress\/wp-json\/wp\/v2\/media?parent=4094"}],"wp:term":[{"taxonomy":"category","embeddable":true,"href":"https:\/\/www.fanprojekt-muenster.de\/wordpress\/wp-json\/wp\/v2\/categories?post=4094"},{"taxonomy":"post_tag","embeddable":true,"href":"https:\/\/www.fanprojekt-muenster.de\/wordpress\/wp-json\/wp\/v2\/tags?post=4094"}],"curies":[{"name":"wp","href":"https:\/\/api.w.org\/{rel}","templated":true}]}}