{"id":4063,"date":"2015-03-04T15:28:11","date_gmt":"2015-03-04T13:28:11","guid":{"rendered":"http:\/\/www.fanprojekt-muenster.de\/wp\/?p=4063"},"modified":"2015-03-04T15:28:11","modified_gmt":"2015-03-04T13:28:11","slug":"update-no-1-sonderzug-nach-halle","status":"publish","type":"post","link":"https:\/\/www.fanprojekt-muenster.de\/wordpress\/update-no-1-sonderzug-nach-halle\/","title":{"rendered":"Update No. 1 &#8211; Sonderzug nach Halle"},"content":{"rendered":"<p style=\"text-align: justify;\"><strong>Update No. 1<\/strong><\/p>\n<p style=\"text-align: justify;\">Nach dem gewonnenen Ausw\u00e4rtspunkt in Wiesbaden sind wir mitten im Aufstiegsrennen! Unsere Truppe hat den Aufstieg in die 2. Liga selbst in der Hand, feuern wir sie an so gut wir k\u00f6nnen, und zwar nicht nur zu Hause. Mehr denn je gilt es, unser Team auch ausw\u00e4rts zu unterst\u00fctzen. Wir sind der zw\u00f6lfte Mann und geben alles, deshalb:<\/p>\n<p style=\"text-align: justify;\"><strong>ALLE NACH HALLE!!<\/strong><\/p>\n<p style=\"text-align: justify;\">Es gibt ein paar wichtige neue Infos f\u00fcr Dich:<\/p>\n<p style=\"text-align: justify;\"><strong>Vorverkauf<\/strong><\/p>\n<p style=\"text-align: justify;\">Der Online VVK wird gut angenommen, die ersten Tickets sind schon reserviert und bezahlt.<\/p>\n<p style=\"text-align: justify;\">Am kommenden Samstag beim Heimspiel gegen Regensburg hast Du ebenfalls die M\u00f6glichkeit, Dein Zugticket zu erwerben. Verkauft werden die Tickets ab sp\u00e4testens 12:30 Uhr und unmittelbar nach Abpfiff in den Kassenh\u00e4uschen am Stadionvorplatz (ganz links, Richtung Eingang).<\/p>\n<p style=\"text-align: justify;\">Bitte denkt daran, dass ihr den <a href=\"http:\/\/www.fanprojekt-muenster.de\/wp\/wp-content\/uploads\/2015\/02\/Anmeldung-Sonderzug-Halle.pdf\" target=\"_blank\" rel=\"noopener noreferrer\">Anmeldebogen<\/a> ausgef\u00fcllt mitbringt. Es liegen aber auch noch Anmeldeb\u00f6gen vor den Kassenh\u00e4uschen aus!<\/p>\n<p style=\"text-align: justify;\">Nat\u00fcrlich k\u00f6nnt ihr euch auch weiterhin <a title=\"Onlineanmeldung\" href=\"http:\/\/www.fanprojekt-muenster.de\/wp\/auswaertsfahrten\/sonderzug-halle-anmeldung\/\">online<\/a> f\u00fcr die Fahrt anmelden.<\/p>\n<p style=\"text-align: justify;\"><strong>Abfahrtszeiten:<\/strong><\/p>\n<p style=\"text-align: justify;\">Die genauen Abfahrtszeiten liegen uns noch nicht vor, aber nach R\u00fccksprache mit dem Unternehmen, welches den Sonderzug stellt, k\u00f6nnen wir mit folgenden Zeiten planen:<\/p>\n<ol style=\"text-align: justify;\">\n<li>07:00 Uhr ab M\u00fcnster Hbf ca. 12:00 Uhr an Halle Hbf<\/li>\n<li>17:30 Uhr ab Halle Hbf ca. 22:30 Uhr an M\u00fcnster Hbf<\/li>\n<\/ol>\n<p style=\"text-align: justify;\">\n<p style=\"text-align: justify;\"><strong>Komfort der Waggons:<img loading=\"lazy\" decoding=\"async\" class=\"alignright size-medium wp-image-4085\" src=\"http:\/\/www.fanprojekt-muenster.de\/wp\/wp-content\/uploads\/2015\/03\/IMG_20150205_164619-300x225.jpg\" alt=\"Sitzwagen - Ansicht\" width=\"300\" height=\"225\" \/><\/strong><\/p>\n<p>Da viele Fragen zu der Ausstattung der Sitzwagen des Zuges aufkamen, hier noch einmal die wichtigsten Daten:<\/p>\n<p><img loading=\"lazy\" decoding=\"async\" class=\"alignnone size-full wp-image-4066\" src=\"http:\/\/www.fanprojekt-muenster.de\/wp\/wp-content\/uploads\/2015\/03\/zugwaggon.png\" alt=\"Sitzwagen\" width=\"616\" height=\"113\" \/><\/p>\n<ul style=\"text-align: justify;\">\n<li>Jeder Mitfahrer erh\u00e4lt einen garantierten Sitzplatz<\/li>\n<li>In der Regel 11 (verschlie\u00dfbare) Abteile \/ 66 Sitzpl\u00e4tze pro Wagen<\/li>\n<li>2 WC&#8217;s mit Waschgelegenheit pro Wagen<\/li>\n<li>Ausziehbare Sitzpolster<\/li>\n<li>Staufach und Gep\u00e4ckablagen in jedem Abteil<\/li>\n<li>Mit Musik und Durchsagen beschallbar<\/li>\n<li>Regelung der Musiklautst\u00e4rke individuell in jedem Abteil<\/li>\n<li>Heizung im Abteil regelbar<\/li>\n<li>Fenster zum \u00d6ffnen<\/li>\n<\/ul>\n<p style=\"text-align: justify;\">\n<p style=\"text-align: justify;\"><strong>Getr\u00e4nkepreise an Bord:<\/strong><\/p>\n<p style=\"text-align: justify;\">Im Partywagen befinden sich zwei Theken, die von einer Catering-Firma betrieben werden. Hier gibt es Getr\u00e4nke und Snacks zu sehr moderaten Preisen.<\/p>\n<p style=\"text-align: justify;\"><strong>Getr\u00e4nke:<\/strong><\/p>\n<p style=\"text-align: justify;\">[column col=&#8220;1\/4&#8243;]<span style=\"text-decoration: underline;\">Bier, Cola, Fanta, Sprite (0,3l)<\/span><\/p>\n<p style=\"text-align: justify;\">1,90 EUR + 0,10 EUR Becherpfand[\/column]<\/p>\n<p style=\"text-align: justify;\">[column col=&#8220;1\/4&#8243;]<span style=\"text-decoration: underline;\">Mineralwasser\u00a0(0,3l)<\/span><\/p>\n<p style=\"text-align: justify;\">1,40 EUR + 0,10 EUR Becherpfand[\/column]<\/p>\n<p style=\"text-align: justify;\">[column col=&#8220;1\/4&#8243;]<span style=\"text-decoration: underline;\">Kaffee\/Tee<\/span><\/p>\n<p style=\"text-align: justify;\">1,90 EUR + 0,10 EUR Becherpfand[\/column]<\/p>\n<p style=\"text-align: justify;\">[column col=&#8220;1\/4&#8243;]<span style=\"color: #ffffff;\">&#8211;<\/span><\/p>\n<p style=\"text-align: justify;\"><span style=\"color: #ffffff;\">&#8211;<\/span>[\/column]<\/p>\n<p style=\"text-align: justify;\"><strong>Snacks:<\/strong><\/p>\n<p style=\"text-align: justify;\">[column col=&#8220;1\/4&#8243;]<span style=\"text-decoration: underline;\">Bockwurst mit Brot<\/span><\/p>\n<p style=\"text-align: justify;\">2,00 EUR[\/column]<\/p>\n<p style=\"text-align: justify;\">[column col=&#8220;1\/4&#8243;]<span style=\"text-decoration: underline;\">Ganzes belegtes Br\u00f6tchen<\/span><\/p>\n<p style=\"text-align: justify;\">2,00 EUR[\/column]<\/p>\n<p style=\"text-align: justify;\">[column col=&#8220;1\/4&#8243;]<span style=\"text-decoration: underline;\">Frikadelle im Br\u00f6tchen<\/span><\/p>\n<p style=\"text-align: justify;\">2,50 EUR[\/column]<\/p>\n<p style=\"text-align: justify;\">[column col=&#8220;1\/4&#8243;]<span style=\"text-decoration: underline;\">Schnitzel im Br\u00f6tchen<\/span><\/p>\n<p style=\"text-align: justify;\">3,50 EUR[\/column]<\/p>\n<p style=\"text-align: justify;\">Selbst mitgebrachte Speisen und Getr\u00e4nke d\u00fcrfen nur in den Abteilen verzehrt werden.<\/p>\n<p style=\"text-align: justify;\">[message_box title=&#8220;Kann es sein, dass der Zug noch abgesagt wird?&#8220; color=&#8220;green&#8220;]Wie ihr wisst, wird der Zug von uns Fans selber organisiert. Das Fanprojekt als Dachverein der Fans ist der Vertragspartner und \u00fcbernimmt das wirtschaftliche Risiko. Es m\u00fcssen nat\u00fcrlich gen\u00fcgend Anmeldungen vorliegen, damit die Kosten gedeckt sind. Sollten nach dem Pokalspiel am 10.03. gegen BSV Sch\u00fcren nicht gen\u00fcgend Anmeldungen vorliegen, m\u00fcssen wir nat\u00fcrlich schauen, ob wir das finanzielle Risiko tragen k\u00f6nnen.<\/p>\n<p style=\"text-align: justify;\"><strong>Deshalb ist es wichtig, dass Ihr Euch jetzt anmeldet, damit wir alle gemeinsam eine unvergessliche Ausw\u00e4rtsfahrt mit dem Sonderzug haben. Es w\u00e4re wirklich zu schade, wenn wir bis zum 10.03. nicht gen\u00fcgend Anmeldungen erhalten. Denkt nur an die geilen \u00a0Zugtouren nach L\u00fcbeck oder St. Pauli\u2026<\/strong><\/p>\n<p>Ganz wichtig: Sollten wir tats\u00e4chlich nicht gen\u00fcgend Anmeldungen haben und den Sonderzug absagen m\u00fcssen, fallen f\u00fcr uns und f\u00fcr Dich keine Kosten an. Jeder, der bereits ein Ticket bezahlt hat, wird auch sein Geld zu 100 % zur\u00fcck erhalten.[\/message_box]<\/p>\n<p style=\"text-align: justify;\">Euer Fanprojekt Preu\u00dfen M\u00fcnster e.V.<\/p>\n","protected":false},"excerpt":{"rendered":"<p>Update No. 1 Nach dem gewonnenen Ausw\u00e4rtspunkt in Wiesbaden sind wir mitten im Aufstiegsrennen! Unsere Truppe hat den Aufstieg in die 2. Liga selbst in der Hand, feuern wir sie&#8230; <a class=\"read-more-link\" href=\"https:\/\/www.fanprojekt-muenster.de\/wordpress\/update-no-1-sonderzug-nach-halle\/\">Read more &raquo;<\/a><\/p>\n","protected":false},"author":2,"featured_media":4085,"comment_status":"closed","ping_status":"closed","sticky":false,"template":"","format":"standard","meta":{"advgb_blocks_editor_width":"","advgb_blocks_columns_visual_guide":"","footnotes":""},"categories":[2,4,12],"tags":[49,101,138,234,274],"class_list":["post-4063","post","type-post","status-publish","format-standard","has-post-thumbnail","hentry","category-aktionen","category-auswarts","category-sonderzug_nach_halle","tag-auswaertsfahrt","tag-fan-zug","tag-halle","tag-sonderzug","tag-update"],"featured_image_src":null,"author_info":{"display_name":"fp_superadmin","author_link":"https:\/\/www.fanprojekt-muenster.de\/wordpress\/author\/fp_superadmin\/"},"yoast_head":"<!-- This site is optimized with the Yoast SEO plugin v27.2 - https:\/\/yoast.com\/product\/yoast-seo-wordpress\/ -->\n<title>Update No. 1 - Sonderzug nach Halle - Fangemeinschaft Preu\u00dfen M\u00fcnster e. V.<\/title>\n<meta name=\"robots\" content=\"index, follow, max-snippet:-1, max-image-preview:large, max-video-preview:-1\" \/>\n<link rel=\"canonical\" href=\"https:\/\/www.fanprojekt-muenster.de\/wordpress\/update-no-1-sonderzug-nach-halle\/\" \/>\n<meta property=\"og:locale\" content=\"de_DE\" \/>\n<meta property=\"og:type\" content=\"article\" \/>\n<meta property=\"og:title\" content=\"Update No. 1 - Sonderzug nach Halle - Fangemeinschaft Preu\u00dfen M\u00fcnster e. V.\" \/>\n<meta property=\"og:description\" content=\"Update No. 1 Nach dem gewonnenen Ausw\u00e4rtspunkt in Wiesbaden sind wir mitten im Aufstiegsrennen! Unsere Truppe hat den Aufstieg in die 2. Liga selbst in der Hand, feuern wir sie... Read more &raquo;\" \/>\n<meta property=\"og:url\" content=\"https:\/\/www.fanprojekt-muenster.de\/wordpress\/update-no-1-sonderzug-nach-halle\/\" \/>\n<meta property=\"og:site_name\" content=\"Fangemeinschaft Preu\u00dfen M\u00fcnster e. V.\" \/>\n<meta property=\"article:published_time\" content=\"2015-03-04T13:28:11+00:00\" \/>\n<meta name=\"author\" content=\"fp_superadmin\" \/>\n<meta name=\"twitter:card\" content=\"summary_large_image\" \/>\n<meta name=\"twitter:label1\" content=\"Verfasst von\" \/>\n\t<meta name=\"twitter:data1\" content=\"fp_superadmin\" \/>\n\t<meta name=\"twitter:label2\" content=\"Gesch\u00e4tzte Lesezeit\" \/>\n\t<meta name=\"twitter:data2\" content=\"3\u00a0Minuten\" \/>\n<script type=\"application\/ld+json\" class=\"yoast-schema-graph\">{\"@context\":\"https:\/\/schema.org\",\"@graph\":[{\"@type\":\"Article\",\"@id\":\"https:\/\/www.fanprojekt-muenster.de\/wordpress\/update-no-1-sonderzug-nach-halle\/#article\",\"isPartOf\":{\"@id\":\"https:\/\/www.fanprojekt-muenster.de\/wordpress\/update-no-1-sonderzug-nach-halle\/\"},\"author\":{\"name\":\"fp_superadmin\",\"@id\":\"https:\/\/www.fanprojekt-muenster.de\/wordpress\/#\/schema\/person\/9126cc4d73d0d07c75b487075111186c\"},\"headline\":\"Update No. 1 &#8211; Sonderzug nach Halle\",\"datePublished\":\"2015-03-04T13:28:11+00:00\",\"mainEntityOfPage\":{\"@id\":\"https:\/\/www.fanprojekt-muenster.de\/wordpress\/update-no-1-sonderzug-nach-halle\/\"},\"wordCount\":581,\"publisher\":{\"@id\":\"https:\/\/www.fanprojekt-muenster.de\/wordpress\/#organization\"},\"image\":{\"@id\":\"https:\/\/www.fanprojekt-muenster.de\/wordpress\/update-no-1-sonderzug-nach-halle\/#primaryimage\"},\"thumbnailUrl\":\"\",\"keywords\":[\"Ausw\u00e4rtsfahrt\",\"Fan-Zug\",\"Halle\",\"Sonderzug\",\"Update\"],\"articleSection\":[\"Aktionen\",\"Ausw\u00e4rts\",\"Sonderzug nach Halle\"],\"inLanguage\":\"de\"},{\"@type\":\"WebPage\",\"@id\":\"https:\/\/www.fanprojekt-muenster.de\/wordpress\/update-no-1-sonderzug-nach-halle\/\",\"url\":\"https:\/\/www.fanprojekt-muenster.de\/wordpress\/update-no-1-sonderzug-nach-halle\/\",\"name\":\"Update No. 1 - Sonderzug nach Halle - Fangemeinschaft Preu\u00dfen M\u00fcnster e. V.\",\"isPartOf\":{\"@id\":\"https:\/\/www.fanprojekt-muenster.de\/wordpress\/#website\"},\"primaryImageOfPage\":{\"@id\":\"https:\/\/www.fanprojekt-muenster.de\/wordpress\/update-no-1-sonderzug-nach-halle\/#primaryimage\"},\"image\":{\"@id\":\"https:\/\/www.fanprojekt-muenster.de\/wordpress\/update-no-1-sonderzug-nach-halle\/#primaryimage\"},\"thumbnailUrl\":\"\",\"datePublished\":\"2015-03-04T13:28:11+00:00\",\"breadcrumb\":{\"@id\":\"https:\/\/www.fanprojekt-muenster.de\/wordpress\/update-no-1-sonderzug-nach-halle\/#breadcrumb\"},\"inLanguage\":\"de\",\"potentialAction\":[{\"@type\":\"ReadAction\",\"target\":[\"https:\/\/www.fanprojekt-muenster.de\/wordpress\/update-no-1-sonderzug-nach-halle\/\"]}]},{\"@type\":\"ImageObject\",\"inLanguage\":\"de\",\"@id\":\"https:\/\/www.fanprojekt-muenster.de\/wordpress\/update-no-1-sonderzug-nach-halle\/#primaryimage\",\"url\":\"\",\"contentUrl\":\"\"},{\"@type\":\"BreadcrumbList\",\"@id\":\"https:\/\/www.fanprojekt-muenster.de\/wordpress\/update-no-1-sonderzug-nach-halle\/#breadcrumb\",\"itemListElement\":[{\"@type\":\"ListItem\",\"position\":1,\"name\":\"Startseite\",\"item\":\"https:\/\/www.fanprojekt-muenster.de\/wordpress\/\"},{\"@type\":\"ListItem\",\"position\":2,\"name\":\"Update No. 1 &#8211; Sonderzug nach Halle\"}]},{\"@type\":\"WebSite\",\"@id\":\"https:\/\/www.fanprojekt-muenster.de\/wordpress\/#website\",\"url\":\"https:\/\/www.fanprojekt-muenster.de\/wordpress\/\",\"name\":\"Fangemeinschaft Preu\u00dfen M\u00fcnster e. V.\",\"description\":\"\",\"publisher\":{\"@id\":\"https:\/\/www.fanprojekt-muenster.de\/wordpress\/#organization\"},\"potentialAction\":[{\"@type\":\"SearchAction\",\"target\":{\"@type\":\"EntryPoint\",\"urlTemplate\":\"https:\/\/www.fanprojekt-muenster.de\/wordpress\/?s={search_term_string}\"},\"query-input\":{\"@type\":\"PropertyValueSpecification\",\"valueRequired\":true,\"valueName\":\"search_term_string\"}}],\"inLanguage\":\"de\"},{\"@type\":\"Organization\",\"@id\":\"https:\/\/www.fanprojekt-muenster.de\/wordpress\/#organization\",\"name\":\"Fangemeinschaft Preu\u00dfen M\u00fcnster e. V.\",\"url\":\"https:\/\/www.fanprojekt-muenster.de\/wordpress\/\",\"logo\":{\"@type\":\"ImageObject\",\"inLanguage\":\"de\",\"@id\":\"https:\/\/www.fanprojekt-muenster.de\/wordpress\/#\/schema\/logo\/image\/\",\"url\":\"https:\/\/www.fanprojekt-muenster.de\/wordpress\/wp-content\/uploads\/2019\/07\/cropped-Website_Logo3-9.png\",\"contentUrl\":\"https:\/\/www.fanprojekt-muenster.de\/wordpress\/wp-content\/uploads\/2019\/07\/cropped-Website_Logo3-9.png\",\"width\":224,\"height\":42,\"caption\":\"Fangemeinschaft Preu\u00dfen M\u00fcnster e. V.\"},\"image\":{\"@id\":\"https:\/\/www.fanprojekt-muenster.de\/wordpress\/#\/schema\/logo\/image\/\"}},{\"@type\":\"Person\",\"@id\":\"https:\/\/www.fanprojekt-muenster.de\/wordpress\/#\/schema\/person\/9126cc4d73d0d07c75b487075111186c\",\"name\":\"fp_superadmin\",\"url\":\"https:\/\/www.fanprojekt-muenster.de\/wordpress\/author\/fp_superadmin\/\"}]}<\/script>\n<!-- \/ Yoast SEO plugin. -->","yoast_head_json":{"title":"Update No. 1 - Sonderzug nach Halle - Fangemeinschaft Preu\u00dfen M\u00fcnster e. V.","robots":{"index":"index","follow":"follow","max-snippet":"max-snippet:-1","max-image-preview":"max-image-preview:large","max-video-preview":"max-video-preview:-1"},"canonical":"https:\/\/www.fanprojekt-muenster.de\/wordpress\/update-no-1-sonderzug-nach-halle\/","og_locale":"de_DE","og_type":"article","og_title":"Update No. 1 - Sonderzug nach Halle - Fangemeinschaft Preu\u00dfen M\u00fcnster e. V.","og_description":"Update No. 1 Nach dem gewonnenen Ausw\u00e4rtspunkt in Wiesbaden sind wir mitten im Aufstiegsrennen! Unsere Truppe hat den Aufstieg in die 2. Liga selbst in der Hand, feuern wir sie... Read more &raquo;","og_url":"https:\/\/www.fanprojekt-muenster.de\/wordpress\/update-no-1-sonderzug-nach-halle\/","og_site_name":"Fangemeinschaft Preu\u00dfen M\u00fcnster e. V.","article_published_time":"2015-03-04T13:28:11+00:00","author":"fp_superadmin","twitter_card":"summary_large_image","twitter_misc":{"Verfasst von":"fp_superadmin","Gesch\u00e4tzte Lesezeit":"3\u00a0Minuten"},"schema":{"@context":"https:\/\/schema.org","@graph":[{"@type":"Article","@id":"https:\/\/www.fanprojekt-muenster.de\/wordpress\/update-no-1-sonderzug-nach-halle\/#article","isPartOf":{"@id":"https:\/\/www.fanprojekt-muenster.de\/wordpress\/update-no-1-sonderzug-nach-halle\/"},"author":{"name":"fp_superadmin","@id":"https:\/\/www.fanprojekt-muenster.de\/wordpress\/#\/schema\/person\/9126cc4d73d0d07c75b487075111186c"},"headline":"Update No. 1 &#8211; Sonderzug nach Halle","datePublished":"2015-03-04T13:28:11+00:00","mainEntityOfPage":{"@id":"https:\/\/www.fanprojekt-muenster.de\/wordpress\/update-no-1-sonderzug-nach-halle\/"},"wordCount":581,"publisher":{"@id":"https:\/\/www.fanprojekt-muenster.de\/wordpress\/#organization"},"image":{"@id":"https:\/\/www.fanprojekt-muenster.de\/wordpress\/update-no-1-sonderzug-nach-halle\/#primaryimage"},"thumbnailUrl":"","keywords":["Ausw\u00e4rtsfahrt","Fan-Zug","Halle","Sonderzug","Update"],"articleSection":["Aktionen","Ausw\u00e4rts","Sonderzug nach Halle"],"inLanguage":"de"},{"@type":"WebPage","@id":"https:\/\/www.fanprojekt-muenster.de\/wordpress\/update-no-1-sonderzug-nach-halle\/","url":"https:\/\/www.fanprojekt-muenster.de\/wordpress\/update-no-1-sonderzug-nach-halle\/","name":"Update No. 1 - Sonderzug nach Halle - Fangemeinschaft Preu\u00dfen M\u00fcnster e. V.","isPartOf":{"@id":"https:\/\/www.fanprojekt-muenster.de\/wordpress\/#website"},"primaryImageOfPage":{"@id":"https:\/\/www.fanprojekt-muenster.de\/wordpress\/update-no-1-sonderzug-nach-halle\/#primaryimage"},"image":{"@id":"https:\/\/www.fanprojekt-muenster.de\/wordpress\/update-no-1-sonderzug-nach-halle\/#primaryimage"},"thumbnailUrl":"","datePublished":"2015-03-04T13:28:11+00:00","breadcrumb":{"@id":"https:\/\/www.fanprojekt-muenster.de\/wordpress\/update-no-1-sonderzug-nach-halle\/#breadcrumb"},"inLanguage":"de","potentialAction":[{"@type":"ReadAction","target":["https:\/\/www.fanprojekt-muenster.de\/wordpress\/update-no-1-sonderzug-nach-halle\/"]}]},{"@type":"ImageObject","inLanguage":"de","@id":"https:\/\/www.fanprojekt-muenster.de\/wordpress\/update-no-1-sonderzug-nach-halle\/#primaryimage","url":"","contentUrl":""},{"@type":"BreadcrumbList","@id":"https:\/\/www.fanprojekt-muenster.de\/wordpress\/update-no-1-sonderzug-nach-halle\/#breadcrumb","itemListElement":[{"@type":"ListItem","position":1,"name":"Startseite","item":"https:\/\/www.fanprojekt-muenster.de\/wordpress\/"},{"@type":"ListItem","position":2,"name":"Update No. 1 &#8211; Sonderzug nach Halle"}]},{"@type":"WebSite","@id":"https:\/\/www.fanprojekt-muenster.de\/wordpress\/#website","url":"https:\/\/www.fanprojekt-muenster.de\/wordpress\/","name":"Fangemeinschaft Preu\u00dfen M\u00fcnster e. V.","description":"","publisher":{"@id":"https:\/\/www.fanprojekt-muenster.de\/wordpress\/#organization"},"potentialAction":[{"@type":"SearchAction","target":{"@type":"EntryPoint","urlTemplate":"https:\/\/www.fanprojekt-muenster.de\/wordpress\/?s={search_term_string}"},"query-input":{"@type":"PropertyValueSpecification","valueRequired":true,"valueName":"search_term_string"}}],"inLanguage":"de"},{"@type":"Organization","@id":"https:\/\/www.fanprojekt-muenster.de\/wordpress\/#organization","name":"Fangemeinschaft Preu\u00dfen M\u00fcnster e. V.","url":"https:\/\/www.fanprojekt-muenster.de\/wordpress\/","logo":{"@type":"ImageObject","inLanguage":"de","@id":"https:\/\/www.fanprojekt-muenster.de\/wordpress\/#\/schema\/logo\/image\/","url":"https:\/\/www.fanprojekt-muenster.de\/wordpress\/wp-content\/uploads\/2019\/07\/cropped-Website_Logo3-9.png","contentUrl":"https:\/\/www.fanprojekt-muenster.de\/wordpress\/wp-content\/uploads\/2019\/07\/cropped-Website_Logo3-9.png","width":224,"height":42,"caption":"Fangemeinschaft Preu\u00dfen M\u00fcnster e. V."},"image":{"@id":"https:\/\/www.fanprojekt-muenster.de\/wordpress\/#\/schema\/logo\/image\/"}},{"@type":"Person","@id":"https:\/\/www.fanprojekt-muenster.de\/wordpress\/#\/schema\/person\/9126cc4d73d0d07c75b487075111186c","name":"fp_superadmin","url":"https:\/\/www.fanprojekt-muenster.de\/wordpress\/author\/fp_superadmin\/"}]}},"author_meta":{"display_name":"fp_superadmin","author_link":"https:\/\/www.fanprojekt-muenster.de\/wordpress\/author\/fp_superadmin\/"},"featured_img":null,"coauthors":[],"tax_additional":{"categories":{"linked":["<a href=\"https:\/\/www.fanprojekt-muenster.de\/wordpress\/category\/aktionen\/\" class=\"advgb-post-tax-term\">Aktionen<\/a>","<a href=\"https:\/\/www.fanprojekt-muenster.de\/wordpress\/category\/auswarts\/\" class=\"advgb-post-tax-term\">Ausw\u00e4rts<\/a>","<a href=\"https:\/\/www.fanprojekt-muenster.de\/wordpress\/category\/auswarts\/sonderzug_nach_halle\/\" class=\"advgb-post-tax-term\">Sonderzug nach Halle<\/a>"],"unlinked":["<span class=\"advgb-post-tax-term\">Aktionen<\/span>","<span class=\"advgb-post-tax-term\">Ausw\u00e4rts<\/span>","<span class=\"advgb-post-tax-term\">Sonderzug nach Halle<\/span>"]},"tags":{"linked":["<a href=\"https:\/\/www.fanprojekt-muenster.de\/wordpress\/category\/auswarts\/sonderzug_nach_halle\/\" class=\"advgb-post-tax-term\">Ausw\u00e4rtsfahrt<\/a>","<a href=\"https:\/\/www.fanprojekt-muenster.de\/wordpress\/category\/auswarts\/sonderzug_nach_halle\/\" class=\"advgb-post-tax-term\">Fan-Zug<\/a>","<a href=\"https:\/\/www.fanprojekt-muenster.de\/wordpress\/category\/auswarts\/sonderzug_nach_halle\/\" class=\"advgb-post-tax-term\">Halle<\/a>","<a href=\"https:\/\/www.fanprojekt-muenster.de\/wordpress\/category\/auswarts\/sonderzug_nach_halle\/\" class=\"advgb-post-tax-term\">Sonderzug<\/a>","<a href=\"https:\/\/www.fanprojekt-muenster.de\/wordpress\/category\/auswarts\/sonderzug_nach_halle\/\" class=\"advgb-post-tax-term\">Update<\/a>"],"unlinked":["<span class=\"advgb-post-tax-term\">Ausw\u00e4rtsfahrt<\/span>","<span class=\"advgb-post-tax-term\">Fan-Zug<\/span>","<span class=\"advgb-post-tax-term\">Halle<\/span>","<span class=\"advgb-post-tax-term\">Sonderzug<\/span>","<span class=\"advgb-post-tax-term\">Update<\/span>"]}},"comment_count":"0","relative_dates":{"created":"Posted 11\u00a0Jahren ago","modified":"Updated 11\u00a0Jahren ago"},"absolute_dates":{"created":"Posted on 4. M\u00e4rz 2015","modified":"Updated on 4. M\u00e4rz 2015"},"absolute_dates_time":{"created":"Posted on 4. M\u00e4rz 2015 15:28","modified":"Updated on 4. M\u00e4rz 2015 15:28"},"featured_img_caption":"","series_order":"","_links":{"self":[{"href":"https:\/\/www.fanprojekt-muenster.de\/wordpress\/wp-json\/wp\/v2\/posts\/4063","targetHints":{"allow":["GET"]}}],"collection":[{"href":"https:\/\/www.fanprojekt-muenster.de\/wordpress\/wp-json\/wp\/v2\/posts"}],"about":[{"href":"https:\/\/www.fanprojekt-muenster.de\/wordpress\/wp-json\/wp\/v2\/types\/post"}],"author":[{"embeddable":true,"href":"https:\/\/www.fanprojekt-muenster.de\/wordpress\/wp-json\/wp\/v2\/users\/2"}],"replies":[{"embeddable":true,"href":"https:\/\/www.fanprojekt-muenster.de\/wordpress\/wp-json\/wp\/v2\/comments?post=4063"}],"version-history":[{"count":0,"href":"https:\/\/www.fanprojekt-muenster.de\/wordpress\/wp-json\/wp\/v2\/posts\/4063\/revisions"}],"wp:featuredmedia":[{"embeddable":true,"href":"https:\/\/www.fanprojekt-muenster.de\/wordpress\/wp-json\/"}],"wp:attachment":[{"href":"https:\/\/www.fanprojekt-muenster.de\/wordpress\/wp-json\/wp\/v2\/media?parent=4063"}],"wp:term":[{"taxonomy":"category","embeddable":true,"href":"https:\/\/www.fanprojekt-muenster.de\/wordpress\/wp-json\/wp\/v2\/categories?post=4063"},{"taxonomy":"post_tag","embeddable":true,"href":"https:\/\/www.fanprojekt-muenster.de\/wordpress\/wp-json\/wp\/v2\/tags?post=4063"}],"curies":[{"name":"wp","href":"https:\/\/api.w.org\/{rel}","templated":true}]}}