{"id":4008,"date":"2015-02-21T16:53:42","date_gmt":"2015-02-21T14:53:42","guid":{"rendered":"http:\/\/www.fanprojekt-muenster.de\/wp\/?p=4008"},"modified":"2015-02-21T16:53:42","modified_gmt":"2015-02-21T14:53:42","slug":"alle-nach-halle-mit-eigenem-fan-zug","status":"publish","type":"post","link":"https:\/\/www.fanprojekt-muenster.de\/wordpress\/alle-nach-halle-mit-eigenem-fan-zug\/","title":{"rendered":"Alle nach Halle mit eigenem Fan-Zug"},"content":{"rendered":"<p style=\"text-align: justify;\"><a href=\"http:\/\/www.fanprojekt-muenster.de\/wp\/wp-content\/uploads\/2015\/02\/Unbenannt1.png\"><img loading=\"lazy\" decoding=\"async\" class=\"alignright wp-image-4053 size-medium\" src=\"http:\/\/www.fanprojekt-muenster.de\/wp\/wp-content\/uploads\/2015\/02\/Unbenannt1-208x300.png\" alt=\"Sonderzug - Flyer\" width=\"208\" height=\"300\" \/><\/a>In der Winterpause und nach dem guten Start ins neue Jahr mit zwei Siegen gegen Dresden und Osna entstand bei vielen Preu\u00dfenfans der Wunsch, mit der gesamten Fanszene per Sonderzug zu \u00a0einem Ausw\u00e4rtsspiel zu fahren. Das Fanprojekt und viele engagierte Fans haben die K\u00f6pfe zusammengesteckt und die \u00c4rmel hochgekrempelt, damit es nicht nur bei einem Wunsch bleibt:<\/p>\n<p style=\"text-align: left;\"><strong>ALLE NACH HALLE!!<\/strong><\/p>\n<p style=\"text-align: justify;\">Am Ostersamstag, 04.04.2015, rollt ein Sonderzug von Fans f\u00fcr Fans zum Ausw\u00e4rtsspiel nach Halle. Die organisatorischen Dinge sind soweit in trockenen T\u00fcchern, es kann losgehen!<\/p>\n<p style=\"text-align: justify;\">Nach \u00fcber 10 Jahren ohne eigenen Sonderzug wird es mal wieder Zeit, dass die gesamte Fanszene gemeinsam unseren SCP ausw\u00e4rts begleitet und unterst\u00fctzt. Holen wir uns den wichtigen Ausw\u00e4rts-Dreier f\u00fcr den Aufstieg in die 2. Liga und feiern gemeinsam an Bord des Sonderzugs im <a href=\"http:\/\/www.fanprojekt-muenster.de\/wp\/wp-content\/uploads\/2015\/02\/Flyer_Partywagen.pdf\" target=\"_blank\" rel=\"noopener noreferrer\"><span style=\"text-decoration: underline;\">Partywagen<\/span><\/a> mit 2 Theken und DJ!!!. Neben dem Partywagen gibt es nat\u00fcrlich auch gem\u00fctliche <a href=\"http:\/\/www.fanprojekt-muenster.de\/wp\/wp-content\/uploads\/2015\/02\/Flyer_Sitzwagen.pdf\" target=\"_blank\" rel=\"noopener noreferrer\"><span style=\"text-decoration: underline;\">Sitzplatz-Wagen<\/span><\/a>\u00a0mit 11 Abteilen f\u00fcr je 6 Personen und 2 Toiletten jeweils am Wagenende. Was f\u00fcr ein Luxus!!<\/p>\n<p style=\"text-align: justify;\">Weil die Fahrt ausschlie\u00dflich von Fans organisiert wird und somit kostendeckend finanziert werden muss, liegt der Fahrpreis bei 50 EUR pro Person. Erm\u00e4\u00dfigungen sind leider nicht m\u00f6glich.<\/p>\n<p style=\"text-align: justify;\">Damit Du in deinem bekannten Preu\u00dfen-Umfeld reisen kannst, bieten wir spezielle Wagen f\u00fcr einzelne Fangruppen an. Auf der Anmeldung (siehe unten) gibst Du ganz einfach an, in welchem Bereich des Zuges Du deinen Sitzplatz haben m\u00f6chtest. Kreuze an, ob Du mit Leuten aus der Fiffi-Gerritzen-Kurve, den Deviants, dem A-Block, der Trib\u00fcne, der Gegengerade, dem Fanbus \u201eLinie 1906\u201c oder anderweitig im Wagen mitfahren m\u00f6chtest. In der Mitte des Zuges wird sich dann der Partywagen befinden, indem die fette Sause steigt.<\/p>\n<p style=\"text-align: justify;\">Dar\u00fcber hinaus hast Du auch die M\u00f6glichkeit, f\u00fcr Dich und Deine Kumpels ein ganzes Abteil mit 6 Sitzpl\u00e4tzen f\u00fcr 300 EUR zu buchen. Dadurch habt Ihr die Garantie, dass Ihr zusammen sitzt. Bei dem Kauf von Einzeltickets ber\u00fccksichtigen wir so gut es geht den gew\u00fcnschten Wagen, spezielle dar\u00fcber hinaus gehende Platzw\u00fcnsche k\u00f6nnen wir jedoch nicht zusagen.<\/p>\n<p style=\"text-align: justify;\">Zu jedem gekauften Zugticket gibt es ein Kontrollb\u00e4ndchen. Der Einlass in den Sonderzug bei Hin- und R\u00fcckfahrt erfolgt nur mitverschlossenem Kontrollb\u00e4ndchen am Handgelenk. Deshalb passt gut darauf auf!!<\/p>\n<p style=\"text-align: justify;\">Wie und wo kann ich die begehrten Zugtickets inkl. Kontrollb\u00e4ndchen kaufen?<\/p>\n<p style=\"text-align: justify;\"><strong>Online-VVK<\/strong><\/p>\n<p style=\"text-align: justify;\">Anmeldungen sind ab sofort online m\u00f6glich, hierzu musst Du folgendes machen:<\/p>\n<ol style=\"text-align: justify;\">\n<li>F\u00fclle die <a title=\"Sonderzug Halle \u2013 Anmeldung\" href=\"http:\/\/www.fanprojekt-muenster.de\/wp\/auswaertsfahrten\/sonderzug-halle-anmeldung\/\"><span style=\"text-decoration: underline;\">Anmeldung<\/span><\/a><em>\u00a0(Onlineversion) <\/em>aus, damit wir Dir den Platz bzw. das Abteil im gew\u00fcnschten Wagen reservieren k\u00f6nnen. Du erh\u00e4ltst im Anschluss eine Reservierungsbest\u00e4tigung per Email.<\/li>\n<li>\u00dcberweise den f\u00e4lligen Betrag mit dem Stichwort Sonderzug Halle + Deinen Namen gem\u00e4\u00df Anmeldung auf das folgende Konto:<br \/>\nIBAN: DE75 4009 0900 3955 6556 00<br \/>\nBIC: GENODEF1P15<br \/>\nBank: PSD Bank Westfalen-Lippe<\/li>\n<\/ol>\n<p><span style=\"color: #ffffff;\">.<\/span><br \/>\nAlternativ \u00fcberweist Du den f\u00e4lligen Betrag zzgl. Geb\u00fchr (1,50 EUR bei Einzelticket = 51,50 EUR bzw. 6,50 EUR beim Abteilticket f\u00fcr 6 Personen = 306,50 EUR) per PayPal an <a href=\"mailto:paypal@fanprojekt-muenster.de\">paypal@fanprojekt-muenster.de<\/a><\/p>\n<p style=\"text-align: justify;\">Das Ticket inkl. Kontrollb\u00e4ndchen kannst Du an den kommenden Heimspielen (s.u.) oder am 04.04.15 bis 1 Stunde vor Abfahrt am Bahnsteig gegen Vorlage der Reservierungsbest\u00e4tigung abholen, wenn die Zahlung bis dahin eingegangen ist.<\/p>\n<p style=\"text-align: justify;\"><strong>VVK im Stadion<\/strong><\/p>\n<p style=\"text-align: justify;\">Bei den kommenden beiden Heimspielen gegen Jahn Regensburg am 07.03. und dem Pokalspiel gegen BSV Sch\u00fcren am 10.03. werden die begehrten Zugtickets inkl. Kontrollb\u00e4ndchen verkauft. Auch hier ben\u00f6tigen wir zwingend die von Dir ausgef\u00fcllte <a href=\"http:\/\/www.fanprojekt-muenster.de\/wp\/wp-content\/uploads\/2015\/02\/Anmeldung-Sonderzug-Halle.pdf\" target=\"_blank\" rel=\"noopener noreferrer\"><span style=\"text-decoration: underline;\">Anmeldung<\/span><\/a> <em>(Druckversion)<\/em>.<\/p>\n<p style=\"text-align: justify;\">Bitte denkt daran, dass die Bezahlung nur bar erfolgen kann, eine Kartenzahlung ist nicht m\u00f6glich.<\/p>\n<p style=\"text-align: justify;\"><strong>Verhalten im Zug<\/strong><\/p>\n<p style=\"text-align: justify;\">Ein weiteres wichtiges Thema ist das Verhalten im Zug. Wie oben bereits geschrieben, organisieren wir Fans den Sonderzug auf eigene Faust. Das bedeutet nat\u00fcrlich auch, dass wir f\u00fcr alle Sch\u00e4den an dem Zug haften m\u00fcssen. Wir werden dies nat\u00fcrlich an den bzw. die Verursacher weitergeben.<\/p>\n<p style=\"text-align: justify;\">Pro Wagen sind zwei Ordner vorgeschrieben. Die Ordner stammen allesamt aus der Fanszene und machen dies ehrenamtlich. Bitte respektiert die Ordner und befolgt deren Anweisungen.<\/p>\n<p style=\"text-align: justify;\">Im Interesse von uns allen bitten wir Euch, sich ordentlich zu benehmen und die <a href=\"http:\/\/www.fanprojekt-muenster.de\/wp\/wp-content\/uploads\/2015\/02\/Flyer_Hausordnung.pdf\" target=\"_blank\" rel=\"noopener noreferrer\"><span style=\"text-decoration: underline;\">Hausordnung<\/span><\/a> zu beachten, ansonsten wird das der letzte Sonderzug f\u00fcr die Preu\u00dfenfans gewesen sein. Wovon wir nat\u00fcrlich nicht ausgehen.<\/p>\n<p style=\"text-align: justify;\">Helft mit, dass dieser Sonderzug f\u00fcr alle ein unvergessliches Erlebnis wird! Lasst Euch die rollende Fanparty nicht entgehen und greift jetzt schnell zu! F\u00fcr eine legend\u00e4re schwarz-wei\u00df-gr\u00fcne Ausw\u00e4rtsinvasion mit allen Preu\u00dfenfans!<\/p>\n<p style=\"text-align: justify;\">Weitere Details zum Ablauf inkl. Abfahrtszeiten folgen in K\u00fcrze auf der Homepage des <a href=\"http:\/\/www.fanprojekt-muenster.de\" target=\"_blank\" rel=\"noopener noreferrer\"><span style=\"text-decoration: underline;\">Fanprojekts<\/span><\/a>.<\/p>\n<p style=\"text-align: justify;\">Euer Fanprojekt Preu\u00dfen M\u00fcnster e.V.<\/p>\n","protected":false},"excerpt":{"rendered":"<p>In der Winterpause und nach dem guten Start ins neue Jahr mit zwei Siegen gegen Dresden und Osna entstand bei vielen Preu\u00dfenfans der Wunsch, mit der gesamten Fanszene per Sonderzug&#8230; <a class=\"read-more-link\" href=\"https:\/\/www.fanprojekt-muenster.de\/wordpress\/alle-nach-halle-mit-eigenem-fan-zug\/\">Read more &raquo;<\/a><\/p>\n","protected":false},"author":2,"featured_media":4053,"comment_status":"closed","ping_status":"closed","sticky":false,"template":"","format":"standard","meta":{"advgb_blocks_editor_width":"","advgb_blocks_columns_visual_guide":"","footnotes":""},"categories":[2,3,4,12],"tags":[49,101,138,234],"class_list":["post-4008","post","type-post","status-publish","format-standard","has-post-thumbnail","hentry","category-aktionen","category-aktuelles","category-auswarts","category-sonderzug_nach_halle","tag-auswaertsfahrt","tag-fan-zug","tag-halle","tag-sonderzug"],"featured_image_src":null,"author_info":{"display_name":"fp_superadmin","author_link":"https:\/\/www.fanprojekt-muenster.de\/wordpress\/author\/fp_superadmin\/"},"yoast_head":"<!-- This site is optimized with the Yoast SEO plugin v27.2 - https:\/\/yoast.com\/product\/yoast-seo-wordpress\/ -->\n<title>Alle nach Halle mit eigenem Fan-Zug - Fangemeinschaft Preu\u00dfen M\u00fcnster e. V.<\/title>\n<meta name=\"robots\" content=\"index, follow, max-snippet:-1, max-image-preview:large, max-video-preview:-1\" \/>\n<link rel=\"canonical\" href=\"https:\/\/www.fanprojekt-muenster.de\/wordpress\/alle-nach-halle-mit-eigenem-fan-zug\/\" \/>\n<meta property=\"og:locale\" content=\"de_DE\" \/>\n<meta property=\"og:type\" content=\"article\" \/>\n<meta property=\"og:title\" content=\"Alle nach Halle mit eigenem Fan-Zug - Fangemeinschaft Preu\u00dfen M\u00fcnster e. V.\" \/>\n<meta property=\"og:description\" content=\"In der Winterpause und nach dem guten Start ins neue Jahr mit zwei Siegen gegen Dresden und Osna entstand bei vielen Preu\u00dfenfans der Wunsch, mit der gesamten Fanszene per Sonderzug... Read more &raquo;\" \/>\n<meta property=\"og:url\" content=\"https:\/\/www.fanprojekt-muenster.de\/wordpress\/alle-nach-halle-mit-eigenem-fan-zug\/\" \/>\n<meta property=\"og:site_name\" content=\"Fangemeinschaft Preu\u00dfen M\u00fcnster e. V.\" \/>\n<meta property=\"article:published_time\" content=\"2015-02-21T14:53:42+00:00\" \/>\n<meta name=\"author\" content=\"fp_superadmin\" \/>\n<meta name=\"twitter:card\" content=\"summary_large_image\" \/>\n<meta name=\"twitter:label1\" content=\"Verfasst von\" \/>\n\t<meta name=\"twitter:data1\" content=\"fp_superadmin\" \/>\n\t<meta name=\"twitter:label2\" content=\"Gesch\u00e4tzte Lesezeit\" \/>\n\t<meta name=\"twitter:data2\" content=\"4\u00a0Minuten\" \/>\n<script type=\"application\/ld+json\" class=\"yoast-schema-graph\">{\"@context\":\"https:\/\/schema.org\",\"@graph\":[{\"@type\":\"Article\",\"@id\":\"https:\/\/www.fanprojekt-muenster.de\/wordpress\/alle-nach-halle-mit-eigenem-fan-zug\/#article\",\"isPartOf\":{\"@id\":\"https:\/\/www.fanprojekt-muenster.de\/wordpress\/alle-nach-halle-mit-eigenem-fan-zug\/\"},\"author\":{\"name\":\"fp_superadmin\",\"@id\":\"https:\/\/www.fanprojekt-muenster.de\/wordpress\/#\/schema\/person\/9126cc4d73d0d07c75b487075111186c\"},\"headline\":\"Alle nach Halle mit eigenem Fan-Zug\",\"datePublished\":\"2015-02-21T14:53:42+00:00\",\"mainEntityOfPage\":{\"@id\":\"https:\/\/www.fanprojekt-muenster.de\/wordpress\/alle-nach-halle-mit-eigenem-fan-zug\/\"},\"wordCount\":758,\"publisher\":{\"@id\":\"https:\/\/www.fanprojekt-muenster.de\/wordpress\/#organization\"},\"image\":{\"@id\":\"https:\/\/www.fanprojekt-muenster.de\/wordpress\/alle-nach-halle-mit-eigenem-fan-zug\/#primaryimage\"},\"thumbnailUrl\":\"\",\"keywords\":[\"Ausw\u00e4rtsfahrt\",\"Fan-Zug\",\"Halle\",\"Sonderzug\"],\"articleSection\":[\"Aktionen\",\"Aktuelles\",\"Ausw\u00e4rts\",\"Sonderzug nach Halle\"],\"inLanguage\":\"de\"},{\"@type\":\"WebPage\",\"@id\":\"https:\/\/www.fanprojekt-muenster.de\/wordpress\/alle-nach-halle-mit-eigenem-fan-zug\/\",\"url\":\"https:\/\/www.fanprojekt-muenster.de\/wordpress\/alle-nach-halle-mit-eigenem-fan-zug\/\",\"name\":\"Alle nach Halle mit eigenem Fan-Zug - Fangemeinschaft Preu\u00dfen M\u00fcnster e. V.\",\"isPartOf\":{\"@id\":\"https:\/\/www.fanprojekt-muenster.de\/wordpress\/#website\"},\"primaryImageOfPage\":{\"@id\":\"https:\/\/www.fanprojekt-muenster.de\/wordpress\/alle-nach-halle-mit-eigenem-fan-zug\/#primaryimage\"},\"image\":{\"@id\":\"https:\/\/www.fanprojekt-muenster.de\/wordpress\/alle-nach-halle-mit-eigenem-fan-zug\/#primaryimage\"},\"thumbnailUrl\":\"\",\"datePublished\":\"2015-02-21T14:53:42+00:00\",\"breadcrumb\":{\"@id\":\"https:\/\/www.fanprojekt-muenster.de\/wordpress\/alle-nach-halle-mit-eigenem-fan-zug\/#breadcrumb\"},\"inLanguage\":\"de\",\"potentialAction\":[{\"@type\":\"ReadAction\",\"target\":[\"https:\/\/www.fanprojekt-muenster.de\/wordpress\/alle-nach-halle-mit-eigenem-fan-zug\/\"]}]},{\"@type\":\"ImageObject\",\"inLanguage\":\"de\",\"@id\":\"https:\/\/www.fanprojekt-muenster.de\/wordpress\/alle-nach-halle-mit-eigenem-fan-zug\/#primaryimage\",\"url\":\"\",\"contentUrl\":\"\"},{\"@type\":\"BreadcrumbList\",\"@id\":\"https:\/\/www.fanprojekt-muenster.de\/wordpress\/alle-nach-halle-mit-eigenem-fan-zug\/#breadcrumb\",\"itemListElement\":[{\"@type\":\"ListItem\",\"position\":1,\"name\":\"Startseite\",\"item\":\"https:\/\/www.fanprojekt-muenster.de\/wordpress\/\"},{\"@type\":\"ListItem\",\"position\":2,\"name\":\"Alle nach Halle mit eigenem Fan-Zug\"}]},{\"@type\":\"WebSite\",\"@id\":\"https:\/\/www.fanprojekt-muenster.de\/wordpress\/#website\",\"url\":\"https:\/\/www.fanprojekt-muenster.de\/wordpress\/\",\"name\":\"Fangemeinschaft Preu\u00dfen M\u00fcnster e. V.\",\"description\":\"\",\"publisher\":{\"@id\":\"https:\/\/www.fanprojekt-muenster.de\/wordpress\/#organization\"},\"potentialAction\":[{\"@type\":\"SearchAction\",\"target\":{\"@type\":\"EntryPoint\",\"urlTemplate\":\"https:\/\/www.fanprojekt-muenster.de\/wordpress\/?s={search_term_string}\"},\"query-input\":{\"@type\":\"PropertyValueSpecification\",\"valueRequired\":true,\"valueName\":\"search_term_string\"}}],\"inLanguage\":\"de\"},{\"@type\":\"Organization\",\"@id\":\"https:\/\/www.fanprojekt-muenster.de\/wordpress\/#organization\",\"name\":\"Fangemeinschaft Preu\u00dfen M\u00fcnster e. V.\",\"url\":\"https:\/\/www.fanprojekt-muenster.de\/wordpress\/\",\"logo\":{\"@type\":\"ImageObject\",\"inLanguage\":\"de\",\"@id\":\"https:\/\/www.fanprojekt-muenster.de\/wordpress\/#\/schema\/logo\/image\/\",\"url\":\"https:\/\/www.fanprojekt-muenster.de\/wordpress\/wp-content\/uploads\/2019\/07\/cropped-Website_Logo3-9.png\",\"contentUrl\":\"https:\/\/www.fanprojekt-muenster.de\/wordpress\/wp-content\/uploads\/2019\/07\/cropped-Website_Logo3-9.png\",\"width\":224,\"height\":42,\"caption\":\"Fangemeinschaft Preu\u00dfen M\u00fcnster e. V.\"},\"image\":{\"@id\":\"https:\/\/www.fanprojekt-muenster.de\/wordpress\/#\/schema\/logo\/image\/\"}},{\"@type\":\"Person\",\"@id\":\"https:\/\/www.fanprojekt-muenster.de\/wordpress\/#\/schema\/person\/9126cc4d73d0d07c75b487075111186c\",\"name\":\"fp_superadmin\",\"url\":\"https:\/\/www.fanprojekt-muenster.de\/wordpress\/author\/fp_superadmin\/\"}]}<\/script>\n<!-- \/ Yoast SEO plugin. -->","yoast_head_json":{"title":"Alle nach Halle mit eigenem Fan-Zug - Fangemeinschaft Preu\u00dfen M\u00fcnster e. V.","robots":{"index":"index","follow":"follow","max-snippet":"max-snippet:-1","max-image-preview":"max-image-preview:large","max-video-preview":"max-video-preview:-1"},"canonical":"https:\/\/www.fanprojekt-muenster.de\/wordpress\/alle-nach-halle-mit-eigenem-fan-zug\/","og_locale":"de_DE","og_type":"article","og_title":"Alle nach Halle mit eigenem Fan-Zug - Fangemeinschaft Preu\u00dfen M\u00fcnster e. V.","og_description":"In der Winterpause und nach dem guten Start ins neue Jahr mit zwei Siegen gegen Dresden und Osna entstand bei vielen Preu\u00dfenfans der Wunsch, mit der gesamten Fanszene per Sonderzug... Read more &raquo;","og_url":"https:\/\/www.fanprojekt-muenster.de\/wordpress\/alle-nach-halle-mit-eigenem-fan-zug\/","og_site_name":"Fangemeinschaft Preu\u00dfen M\u00fcnster e. V.","article_published_time":"2015-02-21T14:53:42+00:00","author":"fp_superadmin","twitter_card":"summary_large_image","twitter_misc":{"Verfasst von":"fp_superadmin","Gesch\u00e4tzte Lesezeit":"4\u00a0Minuten"},"schema":{"@context":"https:\/\/schema.org","@graph":[{"@type":"Article","@id":"https:\/\/www.fanprojekt-muenster.de\/wordpress\/alle-nach-halle-mit-eigenem-fan-zug\/#article","isPartOf":{"@id":"https:\/\/www.fanprojekt-muenster.de\/wordpress\/alle-nach-halle-mit-eigenem-fan-zug\/"},"author":{"name":"fp_superadmin","@id":"https:\/\/www.fanprojekt-muenster.de\/wordpress\/#\/schema\/person\/9126cc4d73d0d07c75b487075111186c"},"headline":"Alle nach Halle mit eigenem Fan-Zug","datePublished":"2015-02-21T14:53:42+00:00","mainEntityOfPage":{"@id":"https:\/\/www.fanprojekt-muenster.de\/wordpress\/alle-nach-halle-mit-eigenem-fan-zug\/"},"wordCount":758,"publisher":{"@id":"https:\/\/www.fanprojekt-muenster.de\/wordpress\/#organization"},"image":{"@id":"https:\/\/www.fanprojekt-muenster.de\/wordpress\/alle-nach-halle-mit-eigenem-fan-zug\/#primaryimage"},"thumbnailUrl":"","keywords":["Ausw\u00e4rtsfahrt","Fan-Zug","Halle","Sonderzug"],"articleSection":["Aktionen","Aktuelles","Ausw\u00e4rts","Sonderzug nach Halle"],"inLanguage":"de"},{"@type":"WebPage","@id":"https:\/\/www.fanprojekt-muenster.de\/wordpress\/alle-nach-halle-mit-eigenem-fan-zug\/","url":"https:\/\/www.fanprojekt-muenster.de\/wordpress\/alle-nach-halle-mit-eigenem-fan-zug\/","name":"Alle nach Halle mit eigenem Fan-Zug - Fangemeinschaft Preu\u00dfen M\u00fcnster e. V.","isPartOf":{"@id":"https:\/\/www.fanprojekt-muenster.de\/wordpress\/#website"},"primaryImageOfPage":{"@id":"https:\/\/www.fanprojekt-muenster.de\/wordpress\/alle-nach-halle-mit-eigenem-fan-zug\/#primaryimage"},"image":{"@id":"https:\/\/www.fanprojekt-muenster.de\/wordpress\/alle-nach-halle-mit-eigenem-fan-zug\/#primaryimage"},"thumbnailUrl":"","datePublished":"2015-02-21T14:53:42+00:00","breadcrumb":{"@id":"https:\/\/www.fanprojekt-muenster.de\/wordpress\/alle-nach-halle-mit-eigenem-fan-zug\/#breadcrumb"},"inLanguage":"de","potentialAction":[{"@type":"ReadAction","target":["https:\/\/www.fanprojekt-muenster.de\/wordpress\/alle-nach-halle-mit-eigenem-fan-zug\/"]}]},{"@type":"ImageObject","inLanguage":"de","@id":"https:\/\/www.fanprojekt-muenster.de\/wordpress\/alle-nach-halle-mit-eigenem-fan-zug\/#primaryimage","url":"","contentUrl":""},{"@type":"BreadcrumbList","@id":"https:\/\/www.fanprojekt-muenster.de\/wordpress\/alle-nach-halle-mit-eigenem-fan-zug\/#breadcrumb","itemListElement":[{"@type":"ListItem","position":1,"name":"Startseite","item":"https:\/\/www.fanprojekt-muenster.de\/wordpress\/"},{"@type":"ListItem","position":2,"name":"Alle nach Halle mit eigenem Fan-Zug"}]},{"@type":"WebSite","@id":"https:\/\/www.fanprojekt-muenster.de\/wordpress\/#website","url":"https:\/\/www.fanprojekt-muenster.de\/wordpress\/","name":"Fangemeinschaft Preu\u00dfen M\u00fcnster e. V.","description":"","publisher":{"@id":"https:\/\/www.fanprojekt-muenster.de\/wordpress\/#organization"},"potentialAction":[{"@type":"SearchAction","target":{"@type":"EntryPoint","urlTemplate":"https:\/\/www.fanprojekt-muenster.de\/wordpress\/?s={search_term_string}"},"query-input":{"@type":"PropertyValueSpecification","valueRequired":true,"valueName":"search_term_string"}}],"inLanguage":"de"},{"@type":"Organization","@id":"https:\/\/www.fanprojekt-muenster.de\/wordpress\/#organization","name":"Fangemeinschaft Preu\u00dfen M\u00fcnster e. V.","url":"https:\/\/www.fanprojekt-muenster.de\/wordpress\/","logo":{"@type":"ImageObject","inLanguage":"de","@id":"https:\/\/www.fanprojekt-muenster.de\/wordpress\/#\/schema\/logo\/image\/","url":"https:\/\/www.fanprojekt-muenster.de\/wordpress\/wp-content\/uploads\/2019\/07\/cropped-Website_Logo3-9.png","contentUrl":"https:\/\/www.fanprojekt-muenster.de\/wordpress\/wp-content\/uploads\/2019\/07\/cropped-Website_Logo3-9.png","width":224,"height":42,"caption":"Fangemeinschaft Preu\u00dfen M\u00fcnster e. V."},"image":{"@id":"https:\/\/www.fanprojekt-muenster.de\/wordpress\/#\/schema\/logo\/image\/"}},{"@type":"Person","@id":"https:\/\/www.fanprojekt-muenster.de\/wordpress\/#\/schema\/person\/9126cc4d73d0d07c75b487075111186c","name":"fp_superadmin","url":"https:\/\/www.fanprojekt-muenster.de\/wordpress\/author\/fp_superadmin\/"}]}},"author_meta":{"display_name":"fp_superadmin","author_link":"https:\/\/www.fanprojekt-muenster.de\/wordpress\/author\/fp_superadmin\/"},"featured_img":null,"coauthors":[],"tax_additional":{"categories":{"linked":["<a href=\"https:\/\/www.fanprojekt-muenster.de\/wordpress\/category\/aktionen\/\" class=\"advgb-post-tax-term\">Aktionen<\/a>","<a href=\"https:\/\/www.fanprojekt-muenster.de\/wordpress\/category\/aktuelles\/\" class=\"advgb-post-tax-term\">Aktuelles<\/a>","<a href=\"https:\/\/www.fanprojekt-muenster.de\/wordpress\/category\/auswarts\/\" class=\"advgb-post-tax-term\">Ausw\u00e4rts<\/a>","<a href=\"https:\/\/www.fanprojekt-muenster.de\/wordpress\/category\/auswarts\/sonderzug_nach_halle\/\" class=\"advgb-post-tax-term\">Sonderzug nach Halle<\/a>"],"unlinked":["<span class=\"advgb-post-tax-term\">Aktionen<\/span>","<span class=\"advgb-post-tax-term\">Aktuelles<\/span>","<span class=\"advgb-post-tax-term\">Ausw\u00e4rts<\/span>","<span class=\"advgb-post-tax-term\">Sonderzug nach Halle<\/span>"]},"tags":{"linked":["<a href=\"https:\/\/www.fanprojekt-muenster.de\/wordpress\/category\/auswarts\/sonderzug_nach_halle\/\" class=\"advgb-post-tax-term\">Ausw\u00e4rtsfahrt<\/a>","<a href=\"https:\/\/www.fanprojekt-muenster.de\/wordpress\/category\/auswarts\/sonderzug_nach_halle\/\" class=\"advgb-post-tax-term\">Fan-Zug<\/a>","<a href=\"https:\/\/www.fanprojekt-muenster.de\/wordpress\/category\/auswarts\/sonderzug_nach_halle\/\" class=\"advgb-post-tax-term\">Halle<\/a>","<a href=\"https:\/\/www.fanprojekt-muenster.de\/wordpress\/category\/auswarts\/sonderzug_nach_halle\/\" class=\"advgb-post-tax-term\">Sonderzug<\/a>"],"unlinked":["<span class=\"advgb-post-tax-term\">Ausw\u00e4rtsfahrt<\/span>","<span class=\"advgb-post-tax-term\">Fan-Zug<\/span>","<span class=\"advgb-post-tax-term\">Halle<\/span>","<span class=\"advgb-post-tax-term\">Sonderzug<\/span>"]}},"comment_count":"0","relative_dates":{"created":"Posted 11\u00a0Jahren ago","modified":"Updated 11\u00a0Jahren ago"},"absolute_dates":{"created":"Posted on 21. Februar 2015","modified":"Updated on 21. Februar 2015"},"absolute_dates_time":{"created":"Posted on 21. Februar 2015 16:53","modified":"Updated on 21. Februar 2015 16:53"},"featured_img_caption":"","series_order":"","_links":{"self":[{"href":"https:\/\/www.fanprojekt-muenster.de\/wordpress\/wp-json\/wp\/v2\/posts\/4008","targetHints":{"allow":["GET"]}}],"collection":[{"href":"https:\/\/www.fanprojekt-muenster.de\/wordpress\/wp-json\/wp\/v2\/posts"}],"about":[{"href":"https:\/\/www.fanprojekt-muenster.de\/wordpress\/wp-json\/wp\/v2\/types\/post"}],"author":[{"embeddable":true,"href":"https:\/\/www.fanprojekt-muenster.de\/wordpress\/wp-json\/wp\/v2\/users\/2"}],"replies":[{"embeddable":true,"href":"https:\/\/www.fanprojekt-muenster.de\/wordpress\/wp-json\/wp\/v2\/comments?post=4008"}],"version-history":[{"count":0,"href":"https:\/\/www.fanprojekt-muenster.de\/wordpress\/wp-json\/wp\/v2\/posts\/4008\/revisions"}],"wp:featuredmedia":[{"embeddable":true,"href":"https:\/\/www.fanprojekt-muenster.de\/wordpress\/wp-json\/"}],"wp:attachment":[{"href":"https:\/\/www.fanprojekt-muenster.de\/wordpress\/wp-json\/wp\/v2\/media?parent=4008"}],"wp:term":[{"taxonomy":"category","embeddable":true,"href":"https:\/\/www.fanprojekt-muenster.de\/wordpress\/wp-json\/wp\/v2\/categories?post=4008"},{"taxonomy":"post_tag","embeddable":true,"href":"https:\/\/www.fanprojekt-muenster.de\/wordpress\/wp-json\/wp\/v2\/tags?post=4008"}],"curies":[{"name":"wp","href":"https:\/\/api.w.org\/{rel}","templated":true}]}}