{"id":3993,"date":"2015-02-19T16:49:45","date_gmt":"2015-02-19T14:49:45","guid":{"rendered":"http:\/\/www.fanprojekt-muenster.de\/wp\/?p=3993"},"modified":"2015-02-19T16:49:45","modified_gmt":"2015-02-19T14:49:45","slug":"preussenfans-gemeinsam-gegen-rassismus","status":"publish","type":"post","link":"https:\/\/www.fanprojekt-muenster.de\/wordpress\/preussenfans-gemeinsam-gegen-rassismus\/","title":{"rendered":"Preu\u00dfenfans gemeinsam gegen Rassismus"},"content":{"rendered":"<p style=\"text-align: justify;\"><img loading=\"lazy\" decoding=\"async\" class=\"alignright wp-image-4000 size-medium\" src=\"http:\/\/www.fanprojekt-muenster.de\/wp\/wp-content\/uploads\/2015\/02\/Fahrrad2-300x300.png\" alt=\"\" width=\"300\" height=\"300\" \/>So hei\u00dft die in M\u00fcnster gemeinsam ins Leben gerufene Initiative des Kommunalen Integrationszentrums (KI) in der Koordinierungsstelle f\u00fcr Migration und Interkulturelle Angelegenheiten der Stadt M\u00fcnster mit dem Fu\u00dfball-Drittligisten SC Preu\u00dfen 06 e.V. M\u00fcnster, dem sozialp\u00e4dagogischen Fanprojekt FANport M\u00fcnster und dem Fanprojekt Preu\u00dfen M\u00fcnster e.V.<\/p>\n<p style=\"text-align: justify;\">Geplant sind mehrere Aktionen auf unterschiedlichen Ebenen mit dem Ziel, ein Zeichen gegen Rassismus zu setzen und sich so an den bevorstehenden Internationalen Wochen gegen Rassismus vom 16. bis 29. M\u00e4rz zu beteiligen.\u00a0Die erste Aktion startet am Samstag, dem 21. Februar, beim Heimspiel Preu\u00dfen M\u00fcnster gegen Holstein Kiel im Preu\u00dfenstadion. Vor dem Haupteingang werden die Fans dazu aufgefordert, ihr Statement zum Thema Rassismus abzugeben. Am 21. M\u00e4rz, beim Heimspiel gegen den FSV Mainz 05 II, werden ausgew\u00e4hlte Statements dann \u00fcber die Anzeigetafel im Stadion eingeblendet.<\/p>\n<p style=\"text-align: justify;\">Alles begann mit einer Email von Andreas Hellstab an das Kommunale Integrationszentrum. Der Gr\u00fcnder der Bildungsinitiative gegen Rassismus und Diskriminierung \u201eShow Racism The Red Card \u2013 Deutschland e.V.\u201c (\u201eZeig Rassismus die rote Karte\u201c) fragte an, ob sich das M\u00fcnsteraner Kommunale Integrationszentrum nicht aktiv an seiner Posteraktion beteiligen wolle, bei der bereits Mannschaften der ersten und zweiten Bundesliga mitmachen. Die Idee passte zum KI-Arbeitsschwerpunkt \u201eAntirassismus\u201c und es war klar, dass hinter der Posteraktion (bei der ein Teamposter erstellt und verteilt wird, auf dem jeder Spieler eine Rote Karte gegen Rassismus zeigt) mehr Potenzial steckte &#8211; sie war ausbauf\u00e4hig.<\/p>\n<p style=\"text-align: justify;\">Das KI ergriff die Initiative und nahm zun\u00e4chst Kontakt zum Fu\u00dfballverein Preu\u00dfen M\u00fcnster auf, sp\u00e4ter zum FANport, das wiederum die Fanszene, vertreten durch das Fanprojekt Preu\u00dfen M\u00fcnster, zu ersten Kreativgespr\u00e4chen einlud. So sa\u00dfen im Herbst 2014 alle an einem Tisch und entwickelten Ideen zu einem begleitenden Aktionsprogramm der Posteraktion. Je mehr Aktionen geplant waren, desto mehr finanzielle Unterst\u00fctzung war n\u00f6tig. Der SC Preu\u00dfen beantragte F\u00f6rdergelder bei der Koordinierungsstelle f\u00fcr Migration und Interkulturelle Angelegenheiten. Die Bewilligung des F\u00f6rderbeitrags macht den folgenden Aktionsplan m\u00f6glich:<\/p>\n<ul>\n<li style=\"text-align: justify;\"><strong>Samstag, 21. Februar<\/strong><br \/>\nStatement-Aktion mit Fans am Haupteingang des Preu\u00dfenstadions beim Heimspiel gegen Kiel<\/li>\n<li style=\"text-align: justify;\"><strong>Samstag, 7. M\u00e4rz<\/strong><br \/>\nWiederholung der Statement-Aktion am Haupteingang des Stadions beim Heimspiel gegen Jahn Regensburg<\/li>\n<li style=\"text-align: justify;\"><strong>Donnerstag, 19. M\u00e4rz<\/strong><br \/>\nDas Cinema zeigt um 18.30 Uhr f\u00fcr alle Interessierten\u00a0 den Film \u201eWie im falschen Film\u201c. Ein Dokumentarfilm von Timian Hopf und \u201eShow Racism The Red Card \u2013 Deutschland e.V.\u201c, der sich mit Rassismus, Ausgrenzung und Diskriminierung auf dem Fu\u00dfballplatz auseinandersetzt. Anschlie\u00dfend findet eine Podiumsdiskussion unter der Moderation von Edo Schmidt (FANport M\u00fcnster) statt. Weitere Teilnehmer sind der Integrationsratsvorsitzende Dr. \u00d6mer L\u00fctf\u00fc Yavuz und Michael Sturm von der Mobilen Beratung gegen Rechtsextremismus (mobim).\u00a0 Der Eintritt kostet drei Euro.<\/li>\n<li style=\"text-align: justify;\"><strong>20. M\u00e4rz<\/strong><br \/>\n\u201eShow Racism The Red Card \u2013 Deutschland\u201c\u00a0 f\u00fchrt in den VIP-R\u00e4umen des Preu\u00dfenstadions einen interaktiven Workshop zum Thema \u201eRassismus und andere Diskriminierungsformen\u201c mit Jugendlichen einer Partnerschule des SC Preu\u00dfen 06 e.V. M\u00fcnster durch.<\/li>\n<li style=\"text-align: justify;\"><strong>21. M\u00e4rz<\/strong><br \/>\nHeimspiel gegen Mainz w\u00e4hrend der internationalen Wochen gegen Rassismus. Die Statements der Fans werden \u00fcber die Anzeigetafel im Stadion eingeblendet.<\/li>\n<li style=\"text-align: justify;\"><strong>21. Februar bis 29. M\u00e4rz<\/strong><br \/>\nFahrradsammelaktion: Preu\u00dfenfans sammeln Fahrr\u00e4der f\u00fcr den Start der ehrenamtlichen Fahrradstation an der Fl\u00fcchtlingsunterkunft im Muckermannweg. Die Fahrr\u00e4der sollten in einem fahrbereiten und verkehrssicheren Zustand sein. Sammelort ist der FANport am Preu\u00dfenstadion, Hammer Str. 302 (\u00d6ffnungszeiten:\u00a0 Mo 16-20 Uhr,\u00a0 Mi 17-20 Uhr , Do\u00a0 9-12 Uhr).<\/li>\n<\/ul>\n<p>&nbsp;<\/p>\n<p><strong><strong><span style=\"font-size: medium;\">WDR Lokalzeit M\u00fcnsterland berichtet \u00fcber &#8222;Preu\u00dfenfans gemeinsam gegen Rassismus&#8220; (23.02.2015)<\/span><\/strong><br \/>\n<iframe loading=\"lazy\" src=\"http:\/\/www1.wdr.de\/mediathek\/video\/sendungen\/lokalzeit\/lokalzeit-muensterland\/videofanprojektpreussengegenrassismus100.html\" width=\"560\" height=\"315\" frameborder=\"0\" allowfullscreen=\"allowfullscreen\"><\/iframe><\/strong><\/p>\n","protected":false},"excerpt":{"rendered":"<p>So hei\u00dft die in M\u00fcnster gemeinsam ins Leben gerufene Initiative des Kommunalen Integrationszentrums (KI) in der Koordinierungsstelle f\u00fcr Migration und Interkulturelle Angelegenheiten der Stadt M\u00fcnster mit dem Fu\u00dfball-Drittligisten SC Preu\u00dfen&#8230; <a class=\"read-more-link\" href=\"https:\/\/www.fanprojekt-muenster.de\/wordpress\/preussenfans-gemeinsam-gegen-rassismus\/\">Read more &raquo;<\/a><\/p>\n","protected":false},"author":2,"featured_media":4000,"comment_status":"closed","ping_status":"closed","sticky":false,"template":"","format":"standard","meta":{"advgb_blocks_editor_width":"","advgb_blocks_columns_visual_guide":"","footnotes":""},"categories":[2,3],"tags":[],"class_list":["post-3993","post","type-post","status-publish","format-standard","has-post-thumbnail","hentry","category-aktionen","category-aktuelles"],"featured_image_src":null,"author_info":{"display_name":"fp_superadmin","author_link":"https:\/\/www.fanprojekt-muenster.de\/wordpress\/author\/fp_superadmin\/"},"yoast_head":"<!-- This site is optimized with the Yoast SEO plugin v27.2 - https:\/\/yoast.com\/product\/yoast-seo-wordpress\/ -->\n<title>Preu\u00dfenfans gemeinsam gegen Rassismus - Fangemeinschaft Preu\u00dfen M\u00fcnster e. V.<\/title>\n<meta name=\"robots\" content=\"index, follow, max-snippet:-1, max-image-preview:large, max-video-preview:-1\" \/>\n<link rel=\"canonical\" href=\"https:\/\/www.fanprojekt-muenster.de\/wordpress\/preussenfans-gemeinsam-gegen-rassismus\/\" \/>\n<meta property=\"og:locale\" content=\"de_DE\" \/>\n<meta property=\"og:type\" content=\"article\" \/>\n<meta property=\"og:title\" content=\"Preu\u00dfenfans gemeinsam gegen Rassismus - Fangemeinschaft Preu\u00dfen M\u00fcnster e. V.\" \/>\n<meta property=\"og:description\" content=\"So hei\u00dft die in M\u00fcnster gemeinsam ins Leben gerufene Initiative des Kommunalen Integrationszentrums (KI) in der Koordinierungsstelle f\u00fcr Migration und Interkulturelle Angelegenheiten der Stadt M\u00fcnster mit dem Fu\u00dfball-Drittligisten SC Preu\u00dfen... Read more &raquo;\" \/>\n<meta property=\"og:url\" content=\"https:\/\/www.fanprojekt-muenster.de\/wordpress\/preussenfans-gemeinsam-gegen-rassismus\/\" \/>\n<meta property=\"og:site_name\" content=\"Fangemeinschaft Preu\u00dfen M\u00fcnster e. V.\" \/>\n<meta property=\"article:published_time\" content=\"2015-02-19T14:49:45+00:00\" \/>\n<meta name=\"author\" content=\"fp_superadmin\" \/>\n<meta name=\"twitter:card\" content=\"summary_large_image\" \/>\n<meta name=\"twitter:label1\" content=\"Verfasst von\" \/>\n\t<meta name=\"twitter:data1\" content=\"fp_superadmin\" \/>\n\t<meta name=\"twitter:label2\" content=\"Gesch\u00e4tzte Lesezeit\" \/>\n\t<meta name=\"twitter:data2\" content=\"3\u00a0Minuten\" \/>\n<script type=\"application\/ld+json\" class=\"yoast-schema-graph\">{\"@context\":\"https:\/\/schema.org\",\"@graph\":[{\"@type\":\"Article\",\"@id\":\"https:\/\/www.fanprojekt-muenster.de\/wordpress\/preussenfans-gemeinsam-gegen-rassismus\/#article\",\"isPartOf\":{\"@id\":\"https:\/\/www.fanprojekt-muenster.de\/wordpress\/preussenfans-gemeinsam-gegen-rassismus\/\"},\"author\":{\"name\":\"fp_superadmin\",\"@id\":\"https:\/\/www.fanprojekt-muenster.de\/wordpress\/#\/schema\/person\/9126cc4d73d0d07c75b487075111186c\"},\"headline\":\"Preu\u00dfenfans gemeinsam gegen Rassismus\",\"datePublished\":\"2015-02-19T14:49:45+00:00\",\"mainEntityOfPage\":{\"@id\":\"https:\/\/www.fanprojekt-muenster.de\/wordpress\/preussenfans-gemeinsam-gegen-rassismus\/\"},\"wordCount\":585,\"publisher\":{\"@id\":\"https:\/\/www.fanprojekt-muenster.de\/wordpress\/#organization\"},\"image\":{\"@id\":\"https:\/\/www.fanprojekt-muenster.de\/wordpress\/preussenfans-gemeinsam-gegen-rassismus\/#primaryimage\"},\"thumbnailUrl\":\"\",\"articleSection\":[\"Aktionen\",\"Aktuelles\"],\"inLanguage\":\"de\"},{\"@type\":\"WebPage\",\"@id\":\"https:\/\/www.fanprojekt-muenster.de\/wordpress\/preussenfans-gemeinsam-gegen-rassismus\/\",\"url\":\"https:\/\/www.fanprojekt-muenster.de\/wordpress\/preussenfans-gemeinsam-gegen-rassismus\/\",\"name\":\"Preu\u00dfenfans gemeinsam gegen Rassismus - Fangemeinschaft Preu\u00dfen M\u00fcnster e. V.\",\"isPartOf\":{\"@id\":\"https:\/\/www.fanprojekt-muenster.de\/wordpress\/#website\"},\"primaryImageOfPage\":{\"@id\":\"https:\/\/www.fanprojekt-muenster.de\/wordpress\/preussenfans-gemeinsam-gegen-rassismus\/#primaryimage\"},\"image\":{\"@id\":\"https:\/\/www.fanprojekt-muenster.de\/wordpress\/preussenfans-gemeinsam-gegen-rassismus\/#primaryimage\"},\"thumbnailUrl\":\"\",\"datePublished\":\"2015-02-19T14:49:45+00:00\",\"breadcrumb\":{\"@id\":\"https:\/\/www.fanprojekt-muenster.de\/wordpress\/preussenfans-gemeinsam-gegen-rassismus\/#breadcrumb\"},\"inLanguage\":\"de\",\"potentialAction\":[{\"@type\":\"ReadAction\",\"target\":[\"https:\/\/www.fanprojekt-muenster.de\/wordpress\/preussenfans-gemeinsam-gegen-rassismus\/\"]}]},{\"@type\":\"ImageObject\",\"inLanguage\":\"de\",\"@id\":\"https:\/\/www.fanprojekt-muenster.de\/wordpress\/preussenfans-gemeinsam-gegen-rassismus\/#primaryimage\",\"url\":\"\",\"contentUrl\":\"\"},{\"@type\":\"BreadcrumbList\",\"@id\":\"https:\/\/www.fanprojekt-muenster.de\/wordpress\/preussenfans-gemeinsam-gegen-rassismus\/#breadcrumb\",\"itemListElement\":[{\"@type\":\"ListItem\",\"position\":1,\"name\":\"Startseite\",\"item\":\"https:\/\/www.fanprojekt-muenster.de\/wordpress\/\"},{\"@type\":\"ListItem\",\"position\":2,\"name\":\"Preu\u00dfenfans gemeinsam gegen Rassismus\"}]},{\"@type\":\"WebSite\",\"@id\":\"https:\/\/www.fanprojekt-muenster.de\/wordpress\/#website\",\"url\":\"https:\/\/www.fanprojekt-muenster.de\/wordpress\/\",\"name\":\"Fangemeinschaft Preu\u00dfen M\u00fcnster e. V.\",\"description\":\"\",\"publisher\":{\"@id\":\"https:\/\/www.fanprojekt-muenster.de\/wordpress\/#organization\"},\"potentialAction\":[{\"@type\":\"SearchAction\",\"target\":{\"@type\":\"EntryPoint\",\"urlTemplate\":\"https:\/\/www.fanprojekt-muenster.de\/wordpress\/?s={search_term_string}\"},\"query-input\":{\"@type\":\"PropertyValueSpecification\",\"valueRequired\":true,\"valueName\":\"search_term_string\"}}],\"inLanguage\":\"de\"},{\"@type\":\"Organization\",\"@id\":\"https:\/\/www.fanprojekt-muenster.de\/wordpress\/#organization\",\"name\":\"Fangemeinschaft Preu\u00dfen M\u00fcnster e. V.\",\"url\":\"https:\/\/www.fanprojekt-muenster.de\/wordpress\/\",\"logo\":{\"@type\":\"ImageObject\",\"inLanguage\":\"de\",\"@id\":\"https:\/\/www.fanprojekt-muenster.de\/wordpress\/#\/schema\/logo\/image\/\",\"url\":\"https:\/\/www.fanprojekt-muenster.de\/wordpress\/wp-content\/uploads\/2019\/07\/cropped-Website_Logo3-9.png\",\"contentUrl\":\"https:\/\/www.fanprojekt-muenster.de\/wordpress\/wp-content\/uploads\/2019\/07\/cropped-Website_Logo3-9.png\",\"width\":224,\"height\":42,\"caption\":\"Fangemeinschaft Preu\u00dfen M\u00fcnster e. V.\"},\"image\":{\"@id\":\"https:\/\/www.fanprojekt-muenster.de\/wordpress\/#\/schema\/logo\/image\/\"}},{\"@type\":\"Person\",\"@id\":\"https:\/\/www.fanprojekt-muenster.de\/wordpress\/#\/schema\/person\/9126cc4d73d0d07c75b487075111186c\",\"name\":\"fp_superadmin\",\"url\":\"https:\/\/www.fanprojekt-muenster.de\/wordpress\/author\/fp_superadmin\/\"}]}<\/script>\n<!-- \/ Yoast SEO plugin. -->","yoast_head_json":{"title":"Preu\u00dfenfans gemeinsam gegen Rassismus - Fangemeinschaft Preu\u00dfen M\u00fcnster e. V.","robots":{"index":"index","follow":"follow","max-snippet":"max-snippet:-1","max-image-preview":"max-image-preview:large","max-video-preview":"max-video-preview:-1"},"canonical":"https:\/\/www.fanprojekt-muenster.de\/wordpress\/preussenfans-gemeinsam-gegen-rassismus\/","og_locale":"de_DE","og_type":"article","og_title":"Preu\u00dfenfans gemeinsam gegen Rassismus - Fangemeinschaft Preu\u00dfen M\u00fcnster e. V.","og_description":"So hei\u00dft die in M\u00fcnster gemeinsam ins Leben gerufene Initiative des Kommunalen Integrationszentrums (KI) in der Koordinierungsstelle f\u00fcr Migration und Interkulturelle Angelegenheiten der Stadt M\u00fcnster mit dem Fu\u00dfball-Drittligisten SC Preu\u00dfen... Read more &raquo;","og_url":"https:\/\/www.fanprojekt-muenster.de\/wordpress\/preussenfans-gemeinsam-gegen-rassismus\/","og_site_name":"Fangemeinschaft Preu\u00dfen M\u00fcnster e. V.","article_published_time":"2015-02-19T14:49:45+00:00","author":"fp_superadmin","twitter_card":"summary_large_image","twitter_misc":{"Verfasst von":"fp_superadmin","Gesch\u00e4tzte Lesezeit":"3\u00a0Minuten"},"schema":{"@context":"https:\/\/schema.org","@graph":[{"@type":"Article","@id":"https:\/\/www.fanprojekt-muenster.de\/wordpress\/preussenfans-gemeinsam-gegen-rassismus\/#article","isPartOf":{"@id":"https:\/\/www.fanprojekt-muenster.de\/wordpress\/preussenfans-gemeinsam-gegen-rassismus\/"},"author":{"name":"fp_superadmin","@id":"https:\/\/www.fanprojekt-muenster.de\/wordpress\/#\/schema\/person\/9126cc4d73d0d07c75b487075111186c"},"headline":"Preu\u00dfenfans gemeinsam gegen Rassismus","datePublished":"2015-02-19T14:49:45+00:00","mainEntityOfPage":{"@id":"https:\/\/www.fanprojekt-muenster.de\/wordpress\/preussenfans-gemeinsam-gegen-rassismus\/"},"wordCount":585,"publisher":{"@id":"https:\/\/www.fanprojekt-muenster.de\/wordpress\/#organization"},"image":{"@id":"https:\/\/www.fanprojekt-muenster.de\/wordpress\/preussenfans-gemeinsam-gegen-rassismus\/#primaryimage"},"thumbnailUrl":"","articleSection":["Aktionen","Aktuelles"],"inLanguage":"de"},{"@type":"WebPage","@id":"https:\/\/www.fanprojekt-muenster.de\/wordpress\/preussenfans-gemeinsam-gegen-rassismus\/","url":"https:\/\/www.fanprojekt-muenster.de\/wordpress\/preussenfans-gemeinsam-gegen-rassismus\/","name":"Preu\u00dfenfans gemeinsam gegen Rassismus - Fangemeinschaft Preu\u00dfen M\u00fcnster e. V.","isPartOf":{"@id":"https:\/\/www.fanprojekt-muenster.de\/wordpress\/#website"},"primaryImageOfPage":{"@id":"https:\/\/www.fanprojekt-muenster.de\/wordpress\/preussenfans-gemeinsam-gegen-rassismus\/#primaryimage"},"image":{"@id":"https:\/\/www.fanprojekt-muenster.de\/wordpress\/preussenfans-gemeinsam-gegen-rassismus\/#primaryimage"},"thumbnailUrl":"","datePublished":"2015-02-19T14:49:45+00:00","breadcrumb":{"@id":"https:\/\/www.fanprojekt-muenster.de\/wordpress\/preussenfans-gemeinsam-gegen-rassismus\/#breadcrumb"},"inLanguage":"de","potentialAction":[{"@type":"ReadAction","target":["https:\/\/www.fanprojekt-muenster.de\/wordpress\/preussenfans-gemeinsam-gegen-rassismus\/"]}]},{"@type":"ImageObject","inLanguage":"de","@id":"https:\/\/www.fanprojekt-muenster.de\/wordpress\/preussenfans-gemeinsam-gegen-rassismus\/#primaryimage","url":"","contentUrl":""},{"@type":"BreadcrumbList","@id":"https:\/\/www.fanprojekt-muenster.de\/wordpress\/preussenfans-gemeinsam-gegen-rassismus\/#breadcrumb","itemListElement":[{"@type":"ListItem","position":1,"name":"Startseite","item":"https:\/\/www.fanprojekt-muenster.de\/wordpress\/"},{"@type":"ListItem","position":2,"name":"Preu\u00dfenfans gemeinsam gegen Rassismus"}]},{"@type":"WebSite","@id":"https:\/\/www.fanprojekt-muenster.de\/wordpress\/#website","url":"https:\/\/www.fanprojekt-muenster.de\/wordpress\/","name":"Fangemeinschaft Preu\u00dfen M\u00fcnster e. V.","description":"","publisher":{"@id":"https:\/\/www.fanprojekt-muenster.de\/wordpress\/#organization"},"potentialAction":[{"@type":"SearchAction","target":{"@type":"EntryPoint","urlTemplate":"https:\/\/www.fanprojekt-muenster.de\/wordpress\/?s={search_term_string}"},"query-input":{"@type":"PropertyValueSpecification","valueRequired":true,"valueName":"search_term_string"}}],"inLanguage":"de"},{"@type":"Organization","@id":"https:\/\/www.fanprojekt-muenster.de\/wordpress\/#organization","name":"Fangemeinschaft Preu\u00dfen M\u00fcnster e. V.","url":"https:\/\/www.fanprojekt-muenster.de\/wordpress\/","logo":{"@type":"ImageObject","inLanguage":"de","@id":"https:\/\/www.fanprojekt-muenster.de\/wordpress\/#\/schema\/logo\/image\/","url":"https:\/\/www.fanprojekt-muenster.de\/wordpress\/wp-content\/uploads\/2019\/07\/cropped-Website_Logo3-9.png","contentUrl":"https:\/\/www.fanprojekt-muenster.de\/wordpress\/wp-content\/uploads\/2019\/07\/cropped-Website_Logo3-9.png","width":224,"height":42,"caption":"Fangemeinschaft Preu\u00dfen M\u00fcnster e. V."},"image":{"@id":"https:\/\/www.fanprojekt-muenster.de\/wordpress\/#\/schema\/logo\/image\/"}},{"@type":"Person","@id":"https:\/\/www.fanprojekt-muenster.de\/wordpress\/#\/schema\/person\/9126cc4d73d0d07c75b487075111186c","name":"fp_superadmin","url":"https:\/\/www.fanprojekt-muenster.de\/wordpress\/author\/fp_superadmin\/"}]}},"author_meta":{"display_name":"fp_superadmin","author_link":"https:\/\/www.fanprojekt-muenster.de\/wordpress\/author\/fp_superadmin\/"},"featured_img":null,"coauthors":[],"tax_additional":{"categories":{"linked":["<a href=\"https:\/\/www.fanprojekt-muenster.de\/wordpress\/category\/aktionen\/\" class=\"advgb-post-tax-term\">Aktionen<\/a>","<a href=\"https:\/\/www.fanprojekt-muenster.de\/wordpress\/category\/aktuelles\/\" class=\"advgb-post-tax-term\">Aktuelles<\/a>"],"unlinked":["<span class=\"advgb-post-tax-term\">Aktionen<\/span>","<span class=\"advgb-post-tax-term\">Aktuelles<\/span>"]}},"comment_count":"0","relative_dates":{"created":"Posted 11\u00a0Jahren ago","modified":"Updated 11\u00a0Jahren ago"},"absolute_dates":{"created":"Posted on 19. Februar 2015","modified":"Updated on 19. Februar 2015"},"absolute_dates_time":{"created":"Posted on 19. Februar 2015 16:49","modified":"Updated on 19. Februar 2015 16:49"},"featured_img_caption":"","series_order":"","_links":{"self":[{"href":"https:\/\/www.fanprojekt-muenster.de\/wordpress\/wp-json\/wp\/v2\/posts\/3993","targetHints":{"allow":["GET"]}}],"collection":[{"href":"https:\/\/www.fanprojekt-muenster.de\/wordpress\/wp-json\/wp\/v2\/posts"}],"about":[{"href":"https:\/\/www.fanprojekt-muenster.de\/wordpress\/wp-json\/wp\/v2\/types\/post"}],"author":[{"embeddable":true,"href":"https:\/\/www.fanprojekt-muenster.de\/wordpress\/wp-json\/wp\/v2\/users\/2"}],"replies":[{"embeddable":true,"href":"https:\/\/www.fanprojekt-muenster.de\/wordpress\/wp-json\/wp\/v2\/comments?post=3993"}],"version-history":[{"count":0,"href":"https:\/\/www.fanprojekt-muenster.de\/wordpress\/wp-json\/wp\/v2\/posts\/3993\/revisions"}],"wp:featuredmedia":[{"embeddable":true,"href":"https:\/\/www.fanprojekt-muenster.de\/wordpress\/wp-json\/"}],"wp:attachment":[{"href":"https:\/\/www.fanprojekt-muenster.de\/wordpress\/wp-json\/wp\/v2\/media?parent=3993"}],"wp:term":[{"taxonomy":"category","embeddable":true,"href":"https:\/\/www.fanprojekt-muenster.de\/wordpress\/wp-json\/wp\/v2\/categories?post=3993"},{"taxonomy":"post_tag","embeddable":true,"href":"https:\/\/www.fanprojekt-muenster.de\/wordpress\/wp-json\/wp\/v2\/tags?post=3993"}],"curies":[{"name":"wp","href":"https:\/\/api.w.org\/{rel}","templated":true}]}}