{"id":3906,"date":"2015-01-19T16:16:13","date_gmt":"2015-01-19T14:16:13","guid":{"rendered":"http:\/\/www.fanprojekt-muenster.de\/wp\/?p=3906"},"modified":"2015-01-19T16:16:13","modified_gmt":"2015-01-19T14:16:13","slug":"vorverkauf-gegen-dresden-und-osnabrueck","status":"publish","type":"post","link":"https:\/\/www.fanprojekt-muenster.de\/wordpress\/vorverkauf-gegen-dresden-und-osnabrueck\/","title":{"rendered":"Vorverkauf gegen Dresden und Osnabr\u00fcck"},"content":{"rendered":"<p>Bald ist es wieder soweit und wir sind wieder im Saisonbetrieb. Und der startet gleich mit zwei ganz interessanten Spielen! Damit Ihr auch sicher an Eure Karten kommt, haben wir hier einmal alle wichtigen Informationen zum Vorverkauf gesammelt.<\/p>\n<p>[divider scroll_text=&#8220;&#8220;]<\/p>\n<p>&nbsp;<\/p>\n<p><strong>Heimspiel gegen Dynamo Dresden<\/strong><\/p>\n<ul>\n<li style=\"text-align: justify;\">F\u00fcr das Heimspiel gegen Dresden gibt es kein gesondertes VVK-Recht f\u00fcr Mitglieder, der VVK startet f\u00fcr alle gleich. Es gilt max. 2 Karten pro Person.<\/li>\n<li style=\"text-align: justify;\">F\u00fcr den VVK im Heimbereich zugelassen sind die PLZ-Gebiete 4**** und 5****. Diese Regelung gilt nicht f\u00fcr Vereins- und Fanprojektmitglieder, diese d\u00fcrfen auch au\u00dferhalb der PLZ-Begrenzungen Tickets erwerben. Der Verkauf hierzu findet ausschlie\u00dflich im Fan- und Ticketshop oder \u00fcber die Ticket-Hotline (01806 \u2013 99 77 17) unter Vorlage des jeweiligen Ausweises oder der Mitgliedsnummer\/Name bei der Ticket-Hotline statt.<\/li>\n<li style=\"text-align: justify;\">Trib\u00fcnenkarten werden, sofern noch vorhanden, ab dem 27.01.2015 in den freien Verkauf gegeben (gilt auch f\u00fcr Osnabr\u00fcck).<\/li>\n<li style=\"text-align: justify;\">Der VVK im Fan- und Ticketshop erfolgt ausschlie\u00dflich gegen Vorlage des Personalausweises oder der Mitgliedskarte.<\/li>\n<\/ul>\n<p>&nbsp;<\/p>\n<p><strong>Heimspiel gegen VFL Osnabr\u00fcck<\/strong><\/p>\n<ul>\n<li style=\"text-align: justify;\">\u00a0F\u00fcr das Heimspiel gegen Osnabr\u00fcck startet vom 20. \u2013 27.01.2015 ein gesondertes VVK-Rechts f\u00fcr Vereins (zwei Karten pro Person)- und Fanprojektmitglieder (eine Karte pro Person). Es kann bei mehreren Mitgliedschaften, also Vereins- und Fanprojektmitglied nicht auf drei Karten addiert werden \u2013 es gilt die max. Anzahl von zwei Karten pro Person. Der Verkauf findet in diesem Zeitraum ausschlie\u00dflich \u00fcber den Fan- und Ticketshop sowie \u00fcber die Ticket-Hotline statt. Auch hier ist es wieder notwendig seinen Ausweis vorzulegen oder seine Mitgliedsnummer\/Name bei der Ticket-Hotline anzugeben.<\/li>\n<li style=\"text-align: justify;\">Im freien Verkauf findet der Verkauf ausschlie\u00dflich im PLZ-Gebiet 48*** statt. Diese Regelung gilt nicht f\u00fcr Vereins- und Fanprojektmitglieder, diese d\u00fcrfen auch au\u00dferhalb der PLZ-Begrenzungen Tickets erwerben. Der Verkauf hierzu findet ausschlie\u00dflich bei uns im Fan- und Ticketshop oder \u00fcber die Ticket-Hotline (01806 \u2013 99 77 17) unter Vorlage des jeweiligen Ausweises oder der Mitgliedsnummer\/Name bei der Ticket-Hotline statt.<\/li>\n<li style=\"text-align: justify;\">Der VVK im Fan- und Ticketshop erfolgt ausschlie\u00dflich gegen Vorlage des Personalausweises oder der Mitgliedskarte.<\/li>\n<\/ul>\n<p>&nbsp;<\/p>\n","protected":false},"excerpt":{"rendered":"<p>Bald ist es wieder soweit und wir sind wieder im Saisonbetrieb. Und der startet gleich mit zwei ganz interessanten Spielen! Damit Ihr auch sicher an Eure Karten kommt, haben wir&#8230; <a class=\"read-more-link\" href=\"https:\/\/www.fanprojekt-muenster.de\/wordpress\/vorverkauf-gegen-dresden-und-osnabrueck\/\">Read more &raquo;<\/a><\/p>\n","protected":false},"author":2,"featured_media":2054,"comment_status":"closed","ping_status":"closed","sticky":false,"template":"","format":"standard","meta":{"advgb_blocks_editor_width":"","advgb_blocks_columns_visual_guide":"","footnotes":""},"categories":[3,14],"tags":[],"class_list":["post-3906","post","type-post","status-publish","format-standard","has-post-thumbnail","hentry","category-aktuelles","category-spieltage"],"featured_image_src":null,"author_info":{"display_name":"fp_superadmin","author_link":"https:\/\/www.fanprojekt-muenster.de\/wordpress\/author\/fp_superadmin\/"},"yoast_head":"<!-- This site is optimized with the Yoast SEO plugin v27.2 - https:\/\/yoast.com\/product\/yoast-seo-wordpress\/ -->\n<title>Vorverkauf gegen Dresden und Osnabr\u00fcck - Fangemeinschaft Preu\u00dfen M\u00fcnster e. V.<\/title>\n<meta name=\"robots\" content=\"index, follow, max-snippet:-1, max-image-preview:large, max-video-preview:-1\" \/>\n<link rel=\"canonical\" href=\"https:\/\/www.fanprojekt-muenster.de\/wordpress\/vorverkauf-gegen-dresden-und-osnabrueck\/\" \/>\n<meta property=\"og:locale\" content=\"de_DE\" \/>\n<meta property=\"og:type\" content=\"article\" \/>\n<meta property=\"og:title\" content=\"Vorverkauf gegen Dresden und Osnabr\u00fcck - Fangemeinschaft Preu\u00dfen M\u00fcnster e. V.\" \/>\n<meta property=\"og:description\" content=\"Bald ist es wieder soweit und wir sind wieder im Saisonbetrieb. Und der startet gleich mit zwei ganz interessanten Spielen! Damit Ihr auch sicher an Eure Karten kommt, haben wir... Read more &raquo;\" \/>\n<meta property=\"og:url\" content=\"https:\/\/www.fanprojekt-muenster.de\/wordpress\/vorverkauf-gegen-dresden-und-osnabrueck\/\" \/>\n<meta property=\"og:site_name\" content=\"Fangemeinschaft Preu\u00dfen M\u00fcnster e. V.\" \/>\n<meta property=\"article:published_time\" content=\"2015-01-19T14:16:13+00:00\" \/>\n<meta name=\"author\" content=\"fp_superadmin\" \/>\n<meta name=\"twitter:card\" content=\"summary_large_image\" \/>\n<meta name=\"twitter:label1\" content=\"Verfasst von\" \/>\n\t<meta name=\"twitter:data1\" content=\"fp_superadmin\" \/>\n\t<meta name=\"twitter:label2\" content=\"Gesch\u00e4tzte Lesezeit\" \/>\n\t<meta name=\"twitter:data2\" content=\"2\u00a0Minuten\" \/>\n<script type=\"application\/ld+json\" class=\"yoast-schema-graph\">{\"@context\":\"https:\/\/schema.org\",\"@graph\":[{\"@type\":\"Article\",\"@id\":\"https:\/\/www.fanprojekt-muenster.de\/wordpress\/vorverkauf-gegen-dresden-und-osnabrueck\/#article\",\"isPartOf\":{\"@id\":\"https:\/\/www.fanprojekt-muenster.de\/wordpress\/vorverkauf-gegen-dresden-und-osnabrueck\/\"},\"author\":{\"name\":\"fp_superadmin\",\"@id\":\"https:\/\/www.fanprojekt-muenster.de\/wordpress\/#\/schema\/person\/9126cc4d73d0d07c75b487075111186c\"},\"headline\":\"Vorverkauf gegen Dresden und Osnabr\u00fcck\",\"datePublished\":\"2015-01-19T14:16:13+00:00\",\"mainEntityOfPage\":{\"@id\":\"https:\/\/www.fanprojekt-muenster.de\/wordpress\/vorverkauf-gegen-dresden-und-osnabrueck\/\"},\"wordCount\":339,\"publisher\":{\"@id\":\"https:\/\/www.fanprojekt-muenster.de\/wordpress\/#organization\"},\"image\":{\"@id\":\"https:\/\/www.fanprojekt-muenster.de\/wordpress\/vorverkauf-gegen-dresden-und-osnabrueck\/#primaryimage\"},\"thumbnailUrl\":\"\",\"articleSection\":[\"Aktuelles\",\"Spieltage\"],\"inLanguage\":\"de\"},{\"@type\":\"WebPage\",\"@id\":\"https:\/\/www.fanprojekt-muenster.de\/wordpress\/vorverkauf-gegen-dresden-und-osnabrueck\/\",\"url\":\"https:\/\/www.fanprojekt-muenster.de\/wordpress\/vorverkauf-gegen-dresden-und-osnabrueck\/\",\"name\":\"Vorverkauf gegen Dresden und Osnabr\u00fcck - Fangemeinschaft Preu\u00dfen M\u00fcnster e. V.\",\"isPartOf\":{\"@id\":\"https:\/\/www.fanprojekt-muenster.de\/wordpress\/#website\"},\"primaryImageOfPage\":{\"@id\":\"https:\/\/www.fanprojekt-muenster.de\/wordpress\/vorverkauf-gegen-dresden-und-osnabrueck\/#primaryimage\"},\"image\":{\"@id\":\"https:\/\/www.fanprojekt-muenster.de\/wordpress\/vorverkauf-gegen-dresden-und-osnabrueck\/#primaryimage\"},\"thumbnailUrl\":\"\",\"datePublished\":\"2015-01-19T14:16:13+00:00\",\"breadcrumb\":{\"@id\":\"https:\/\/www.fanprojekt-muenster.de\/wordpress\/vorverkauf-gegen-dresden-und-osnabrueck\/#breadcrumb\"},\"inLanguage\":\"de\",\"potentialAction\":[{\"@type\":\"ReadAction\",\"target\":[\"https:\/\/www.fanprojekt-muenster.de\/wordpress\/vorverkauf-gegen-dresden-und-osnabrueck\/\"]}]},{\"@type\":\"ImageObject\",\"inLanguage\":\"de\",\"@id\":\"https:\/\/www.fanprojekt-muenster.de\/wordpress\/vorverkauf-gegen-dresden-und-osnabrueck\/#primaryimage\",\"url\":\"\",\"contentUrl\":\"\"},{\"@type\":\"BreadcrumbList\",\"@id\":\"https:\/\/www.fanprojekt-muenster.de\/wordpress\/vorverkauf-gegen-dresden-und-osnabrueck\/#breadcrumb\",\"itemListElement\":[{\"@type\":\"ListItem\",\"position\":1,\"name\":\"Startseite\",\"item\":\"https:\/\/www.fanprojekt-muenster.de\/wordpress\/\"},{\"@type\":\"ListItem\",\"position\":2,\"name\":\"Vorverkauf gegen Dresden und Osnabr\u00fcck\"}]},{\"@type\":\"WebSite\",\"@id\":\"https:\/\/www.fanprojekt-muenster.de\/wordpress\/#website\",\"url\":\"https:\/\/www.fanprojekt-muenster.de\/wordpress\/\",\"name\":\"Fangemeinschaft Preu\u00dfen M\u00fcnster e. V.\",\"description\":\"\",\"publisher\":{\"@id\":\"https:\/\/www.fanprojekt-muenster.de\/wordpress\/#organization\"},\"potentialAction\":[{\"@type\":\"SearchAction\",\"target\":{\"@type\":\"EntryPoint\",\"urlTemplate\":\"https:\/\/www.fanprojekt-muenster.de\/wordpress\/?s={search_term_string}\"},\"query-input\":{\"@type\":\"PropertyValueSpecification\",\"valueRequired\":true,\"valueName\":\"search_term_string\"}}],\"inLanguage\":\"de\"},{\"@type\":\"Organization\",\"@id\":\"https:\/\/www.fanprojekt-muenster.de\/wordpress\/#organization\",\"name\":\"Fangemeinschaft Preu\u00dfen M\u00fcnster e. V.\",\"url\":\"https:\/\/www.fanprojekt-muenster.de\/wordpress\/\",\"logo\":{\"@type\":\"ImageObject\",\"inLanguage\":\"de\",\"@id\":\"https:\/\/www.fanprojekt-muenster.de\/wordpress\/#\/schema\/logo\/image\/\",\"url\":\"https:\/\/www.fanprojekt-muenster.de\/wordpress\/wp-content\/uploads\/2019\/07\/cropped-Website_Logo3-9.png\",\"contentUrl\":\"https:\/\/www.fanprojekt-muenster.de\/wordpress\/wp-content\/uploads\/2019\/07\/cropped-Website_Logo3-9.png\",\"width\":224,\"height\":42,\"caption\":\"Fangemeinschaft Preu\u00dfen M\u00fcnster e. V.\"},\"image\":{\"@id\":\"https:\/\/www.fanprojekt-muenster.de\/wordpress\/#\/schema\/logo\/image\/\"}},{\"@type\":\"Person\",\"@id\":\"https:\/\/www.fanprojekt-muenster.de\/wordpress\/#\/schema\/person\/9126cc4d73d0d07c75b487075111186c\",\"name\":\"fp_superadmin\",\"url\":\"https:\/\/www.fanprojekt-muenster.de\/wordpress\/author\/fp_superadmin\/\"}]}<\/script>\n<!-- \/ Yoast SEO plugin. -->","yoast_head_json":{"title":"Vorverkauf gegen Dresden und Osnabr\u00fcck - Fangemeinschaft Preu\u00dfen M\u00fcnster e. V.","robots":{"index":"index","follow":"follow","max-snippet":"max-snippet:-1","max-image-preview":"max-image-preview:large","max-video-preview":"max-video-preview:-1"},"canonical":"https:\/\/www.fanprojekt-muenster.de\/wordpress\/vorverkauf-gegen-dresden-und-osnabrueck\/","og_locale":"de_DE","og_type":"article","og_title":"Vorverkauf gegen Dresden und Osnabr\u00fcck - Fangemeinschaft Preu\u00dfen M\u00fcnster e. V.","og_description":"Bald ist es wieder soweit und wir sind wieder im Saisonbetrieb. Und der startet gleich mit zwei ganz interessanten Spielen! Damit Ihr auch sicher an Eure Karten kommt, haben wir... Read more &raquo;","og_url":"https:\/\/www.fanprojekt-muenster.de\/wordpress\/vorverkauf-gegen-dresden-und-osnabrueck\/","og_site_name":"Fangemeinschaft Preu\u00dfen M\u00fcnster e. V.","article_published_time":"2015-01-19T14:16:13+00:00","author":"fp_superadmin","twitter_card":"summary_large_image","twitter_misc":{"Verfasst von":"fp_superadmin","Gesch\u00e4tzte Lesezeit":"2\u00a0Minuten"},"schema":{"@context":"https:\/\/schema.org","@graph":[{"@type":"Article","@id":"https:\/\/www.fanprojekt-muenster.de\/wordpress\/vorverkauf-gegen-dresden-und-osnabrueck\/#article","isPartOf":{"@id":"https:\/\/www.fanprojekt-muenster.de\/wordpress\/vorverkauf-gegen-dresden-und-osnabrueck\/"},"author":{"name":"fp_superadmin","@id":"https:\/\/www.fanprojekt-muenster.de\/wordpress\/#\/schema\/person\/9126cc4d73d0d07c75b487075111186c"},"headline":"Vorverkauf gegen Dresden und Osnabr\u00fcck","datePublished":"2015-01-19T14:16:13+00:00","mainEntityOfPage":{"@id":"https:\/\/www.fanprojekt-muenster.de\/wordpress\/vorverkauf-gegen-dresden-und-osnabrueck\/"},"wordCount":339,"publisher":{"@id":"https:\/\/www.fanprojekt-muenster.de\/wordpress\/#organization"},"image":{"@id":"https:\/\/www.fanprojekt-muenster.de\/wordpress\/vorverkauf-gegen-dresden-und-osnabrueck\/#primaryimage"},"thumbnailUrl":"","articleSection":["Aktuelles","Spieltage"],"inLanguage":"de"},{"@type":"WebPage","@id":"https:\/\/www.fanprojekt-muenster.de\/wordpress\/vorverkauf-gegen-dresden-und-osnabrueck\/","url":"https:\/\/www.fanprojekt-muenster.de\/wordpress\/vorverkauf-gegen-dresden-und-osnabrueck\/","name":"Vorverkauf gegen Dresden und Osnabr\u00fcck - Fangemeinschaft Preu\u00dfen M\u00fcnster e. V.","isPartOf":{"@id":"https:\/\/www.fanprojekt-muenster.de\/wordpress\/#website"},"primaryImageOfPage":{"@id":"https:\/\/www.fanprojekt-muenster.de\/wordpress\/vorverkauf-gegen-dresden-und-osnabrueck\/#primaryimage"},"image":{"@id":"https:\/\/www.fanprojekt-muenster.de\/wordpress\/vorverkauf-gegen-dresden-und-osnabrueck\/#primaryimage"},"thumbnailUrl":"","datePublished":"2015-01-19T14:16:13+00:00","breadcrumb":{"@id":"https:\/\/www.fanprojekt-muenster.de\/wordpress\/vorverkauf-gegen-dresden-und-osnabrueck\/#breadcrumb"},"inLanguage":"de","potentialAction":[{"@type":"ReadAction","target":["https:\/\/www.fanprojekt-muenster.de\/wordpress\/vorverkauf-gegen-dresden-und-osnabrueck\/"]}]},{"@type":"ImageObject","inLanguage":"de","@id":"https:\/\/www.fanprojekt-muenster.de\/wordpress\/vorverkauf-gegen-dresden-und-osnabrueck\/#primaryimage","url":"","contentUrl":""},{"@type":"BreadcrumbList","@id":"https:\/\/www.fanprojekt-muenster.de\/wordpress\/vorverkauf-gegen-dresden-und-osnabrueck\/#breadcrumb","itemListElement":[{"@type":"ListItem","position":1,"name":"Startseite","item":"https:\/\/www.fanprojekt-muenster.de\/wordpress\/"},{"@type":"ListItem","position":2,"name":"Vorverkauf gegen Dresden und Osnabr\u00fcck"}]},{"@type":"WebSite","@id":"https:\/\/www.fanprojekt-muenster.de\/wordpress\/#website","url":"https:\/\/www.fanprojekt-muenster.de\/wordpress\/","name":"Fangemeinschaft Preu\u00dfen M\u00fcnster e. V.","description":"","publisher":{"@id":"https:\/\/www.fanprojekt-muenster.de\/wordpress\/#organization"},"potentialAction":[{"@type":"SearchAction","target":{"@type":"EntryPoint","urlTemplate":"https:\/\/www.fanprojekt-muenster.de\/wordpress\/?s={search_term_string}"},"query-input":{"@type":"PropertyValueSpecification","valueRequired":true,"valueName":"search_term_string"}}],"inLanguage":"de"},{"@type":"Organization","@id":"https:\/\/www.fanprojekt-muenster.de\/wordpress\/#organization","name":"Fangemeinschaft Preu\u00dfen M\u00fcnster e. V.","url":"https:\/\/www.fanprojekt-muenster.de\/wordpress\/","logo":{"@type":"ImageObject","inLanguage":"de","@id":"https:\/\/www.fanprojekt-muenster.de\/wordpress\/#\/schema\/logo\/image\/","url":"https:\/\/www.fanprojekt-muenster.de\/wordpress\/wp-content\/uploads\/2019\/07\/cropped-Website_Logo3-9.png","contentUrl":"https:\/\/www.fanprojekt-muenster.de\/wordpress\/wp-content\/uploads\/2019\/07\/cropped-Website_Logo3-9.png","width":224,"height":42,"caption":"Fangemeinschaft Preu\u00dfen M\u00fcnster e. V."},"image":{"@id":"https:\/\/www.fanprojekt-muenster.de\/wordpress\/#\/schema\/logo\/image\/"}},{"@type":"Person","@id":"https:\/\/www.fanprojekt-muenster.de\/wordpress\/#\/schema\/person\/9126cc4d73d0d07c75b487075111186c","name":"fp_superadmin","url":"https:\/\/www.fanprojekt-muenster.de\/wordpress\/author\/fp_superadmin\/"}]}},"author_meta":{"display_name":"fp_superadmin","author_link":"https:\/\/www.fanprojekt-muenster.de\/wordpress\/author\/fp_superadmin\/"},"featured_img":null,"coauthors":[],"tax_additional":{"categories":{"linked":["<a href=\"https:\/\/www.fanprojekt-muenster.de\/wordpress\/category\/aktuelles\/\" class=\"advgb-post-tax-term\">Aktuelles<\/a>","<a href=\"https:\/\/www.fanprojekt-muenster.de\/wordpress\/category\/spieltage\/\" class=\"advgb-post-tax-term\">Spieltage<\/a>"],"unlinked":["<span class=\"advgb-post-tax-term\">Aktuelles<\/span>","<span class=\"advgb-post-tax-term\">Spieltage<\/span>"]}},"comment_count":"0","relative_dates":{"created":"Posted 11\u00a0Jahren ago","modified":"Updated 11\u00a0Jahren ago"},"absolute_dates":{"created":"Posted on 19. Januar 2015","modified":"Updated on 19. Januar 2015"},"absolute_dates_time":{"created":"Posted on 19. Januar 2015 16:16","modified":"Updated on 19. Januar 2015 16:16"},"featured_img_caption":"","series_order":"","_links":{"self":[{"href":"https:\/\/www.fanprojekt-muenster.de\/wordpress\/wp-json\/wp\/v2\/posts\/3906","targetHints":{"allow":["GET"]}}],"collection":[{"href":"https:\/\/www.fanprojekt-muenster.de\/wordpress\/wp-json\/wp\/v2\/posts"}],"about":[{"href":"https:\/\/www.fanprojekt-muenster.de\/wordpress\/wp-json\/wp\/v2\/types\/post"}],"author":[{"embeddable":true,"href":"https:\/\/www.fanprojekt-muenster.de\/wordpress\/wp-json\/wp\/v2\/users\/2"}],"replies":[{"embeddable":true,"href":"https:\/\/www.fanprojekt-muenster.de\/wordpress\/wp-json\/wp\/v2\/comments?post=3906"}],"version-history":[{"count":0,"href":"https:\/\/www.fanprojekt-muenster.de\/wordpress\/wp-json\/wp\/v2\/posts\/3906\/revisions"}],"wp:featuredmedia":[{"embeddable":true,"href":"https:\/\/www.fanprojekt-muenster.de\/wordpress\/wp-json\/"}],"wp:attachment":[{"href":"https:\/\/www.fanprojekt-muenster.de\/wordpress\/wp-json\/wp\/v2\/media?parent=3906"}],"wp:term":[{"taxonomy":"category","embeddable":true,"href":"https:\/\/www.fanprojekt-muenster.de\/wordpress\/wp-json\/wp\/v2\/categories?post=3906"},{"taxonomy":"post_tag","embeddable":true,"href":"https:\/\/www.fanprojekt-muenster.de\/wordpress\/wp-json\/wp\/v2\/tags?post=3906"}],"curies":[{"name":"wp","href":"https:\/\/api.w.org\/{rel}","templated":true}]}}