{"id":3802,"date":"2015-01-07T19:57:15","date_gmt":"2015-01-07T17:57:15","guid":{"rendered":"http:\/\/www.fanprojekt-muenster.de\/wp\/?p=3802"},"modified":"2015-01-07T19:57:15","modified_gmt":"2015-01-07T17:57:15","slug":"praxisforschung-zum-thema-fanport","status":"publish","type":"post","link":"https:\/\/www.fanprojekt-muenster.de\/wordpress\/praxisforschung-zum-thema-fanport\/","title":{"rendered":"Praxisforschung zum Thema FANport"},"content":{"rendered":"<p>Hallo zusammen,<\/p>\n<p>heute m\u00f6chten wir Euch auf eine aktuelle wissenschaftliche Studie von zwei jungen Menschen aufmerksam machen, die an uns herangetreten sind, um Eure Hilfe zu erhalten. Den beiden w\u00fcrde es sehr helfen, wenn Ihr an der Umfrage teilnehmt. Um was es geht, erkl\u00e4ren Euch die beiden in diesem Aufruf:<\/p>\n<blockquote><p>Hallo Preu\u00dfenfans,<\/p>\n<p>im Rahmen unserer Bachelorarbeit werden wir, in Zusammenarbeit mit dem FANport, eine Praxisforschung durchf\u00fchren. Mit unserer <a href=\"https:\/\/docs.google.com\/forms\/d\/1nH0_mOSxR874AHbaJpvQ7pjo45-IACuDsIpCNXXEHmQ\/viewform?c=0&amp;w=1\" target=\"_blank\" rel=\"noopener noreferrer\">Umfrage<\/a> wollen wir herausfinden, welche W\u00fcnsche und Erwartungen ihr, in Bezug auf die Arbeit des sozialp\u00e4dagogischen Fanprojekts in M\u00fcnster, habt (so k\u00f6nnen langfristig neue und attraktive Angebote entstehen).<\/p>\n<p>Eure Antworten sind selbstverst\u00e4ndlich anonym und werden lediglich in unserer Bachelorarbeit, sowie zur Auswertung und Evaluation mit dem FANport, verwendet.<\/p>\n<p>Wir w\u00fcrden uns sehr freuen, wenn ihr uns 5 Minuten eurer Zeit schenkt, und die Fragen beantwortet.<\/p>\n<p>Ihr profitiert davon!<\/p>\n<p>Freundliche Gr\u00fc\u00dfe,<br \/>\nMoritz Becklas<br \/>\nAnna-Christin van Kluth<\/p><\/blockquote>\n<p>=&gt; <a href=\"https:\/\/docs.google.com\/forms\/d\/1nH0_mOSxR874AHbaJpvQ7pjo45-IACuDsIpCNXXEHmQ\/viewform?c=0&amp;w=1\" target=\"_blank\" rel=\"noopener noreferrer\">Zur Umfrage<\/a><\/p>\n","protected":false},"excerpt":{"rendered":"<p>Hallo zusammen, heute m\u00f6chten wir Euch auf eine aktuelle wissenschaftliche Studie von zwei jungen Menschen aufmerksam machen, die an uns herangetreten sind, um Eure Hilfe zu erhalten. Den beiden w\u00fcrde&#8230; <a class=\"read-more-link\" href=\"https:\/\/www.fanprojekt-muenster.de\/wordpress\/praxisforschung-zum-thema-fanport\/\">Read more &raquo;<\/a><\/p>\n","protected":false},"author":2,"featured_media":2054,"comment_status":"closed","ping_status":"closed","sticky":false,"template":"","format":"standard","meta":{"advgb_blocks_editor_width":"","advgb_blocks_columns_visual_guide":"","footnotes":""},"categories":[3],"tags":[54,111,115,193],"class_list":["post-3802","post","type-post","status-publish","format-standard","has-post-thumbnail","hentry","category-aktuelles","tag-bachelorarbeit","tag-fanport","tag-fans","tag-praxisforschung"],"featured_image_src":null,"author_info":{"display_name":"fp_superadmin","author_link":"https:\/\/www.fanprojekt-muenster.de\/wordpress\/author\/fp_superadmin\/"},"yoast_head":"<!-- This site is optimized with the Yoast SEO plugin v27.2 - https:\/\/yoast.com\/product\/yoast-seo-wordpress\/ -->\n<title>Praxisforschung zum Thema FANport - Fangemeinschaft Preu\u00dfen M\u00fcnster e. V.<\/title>\n<meta name=\"robots\" content=\"index, follow, max-snippet:-1, max-image-preview:large, max-video-preview:-1\" \/>\n<link rel=\"canonical\" href=\"https:\/\/www.fanprojekt-muenster.de\/wordpress\/praxisforschung-zum-thema-fanport\/\" \/>\n<meta property=\"og:locale\" content=\"de_DE\" \/>\n<meta property=\"og:type\" content=\"article\" \/>\n<meta property=\"og:title\" content=\"Praxisforschung zum Thema FANport - Fangemeinschaft Preu\u00dfen M\u00fcnster e. V.\" \/>\n<meta property=\"og:description\" content=\"Hallo zusammen, heute m\u00f6chten wir Euch auf eine aktuelle wissenschaftliche Studie von zwei jungen Menschen aufmerksam machen, die an uns herangetreten sind, um Eure Hilfe zu erhalten. Den beiden w\u00fcrde... Read more &raquo;\" \/>\n<meta property=\"og:url\" content=\"https:\/\/www.fanprojekt-muenster.de\/wordpress\/praxisforschung-zum-thema-fanport\/\" \/>\n<meta property=\"og:site_name\" content=\"Fangemeinschaft Preu\u00dfen M\u00fcnster e. V.\" \/>\n<meta property=\"article:published_time\" content=\"2015-01-07T17:57:15+00:00\" \/>\n<meta name=\"author\" content=\"fp_superadmin\" \/>\n<meta name=\"twitter:card\" content=\"summary_large_image\" \/>\n<meta name=\"twitter:label1\" content=\"Verfasst von\" \/>\n\t<meta name=\"twitter:data1\" content=\"fp_superadmin\" \/>\n\t<meta name=\"twitter:label2\" content=\"Gesch\u00e4tzte Lesezeit\" \/>\n\t<meta name=\"twitter:data2\" content=\"1\u00a0Minute\" \/>\n<script type=\"application\/ld+json\" class=\"yoast-schema-graph\">{\"@context\":\"https:\/\/schema.org\",\"@graph\":[{\"@type\":\"Article\",\"@id\":\"https:\/\/www.fanprojekt-muenster.de\/wordpress\/praxisforschung-zum-thema-fanport\/#article\",\"isPartOf\":{\"@id\":\"https:\/\/www.fanprojekt-muenster.de\/wordpress\/praxisforschung-zum-thema-fanport\/\"},\"author\":{\"name\":\"fp_superadmin\",\"@id\":\"https:\/\/www.fanprojekt-muenster.de\/wordpress\/#\/schema\/person\/9126cc4d73d0d07c75b487075111186c\"},\"headline\":\"Praxisforschung zum Thema FANport\",\"datePublished\":\"2015-01-07T17:57:15+00:00\",\"mainEntityOfPage\":{\"@id\":\"https:\/\/www.fanprojekt-muenster.de\/wordpress\/praxisforschung-zum-thema-fanport\/\"},\"wordCount\":161,\"publisher\":{\"@id\":\"https:\/\/www.fanprojekt-muenster.de\/wordpress\/#organization\"},\"image\":{\"@id\":\"https:\/\/www.fanprojekt-muenster.de\/wordpress\/praxisforschung-zum-thema-fanport\/#primaryimage\"},\"thumbnailUrl\":\"\",\"keywords\":[\"Bachelorarbeit\",\"Fanport\",\"Fans\",\"Praxisforschung\"],\"articleSection\":[\"Aktuelles\"],\"inLanguage\":\"de\"},{\"@type\":\"WebPage\",\"@id\":\"https:\/\/www.fanprojekt-muenster.de\/wordpress\/praxisforschung-zum-thema-fanport\/\",\"url\":\"https:\/\/www.fanprojekt-muenster.de\/wordpress\/praxisforschung-zum-thema-fanport\/\",\"name\":\"Praxisforschung zum Thema FANport - Fangemeinschaft Preu\u00dfen M\u00fcnster e. V.\",\"isPartOf\":{\"@id\":\"https:\/\/www.fanprojekt-muenster.de\/wordpress\/#website\"},\"primaryImageOfPage\":{\"@id\":\"https:\/\/www.fanprojekt-muenster.de\/wordpress\/praxisforschung-zum-thema-fanport\/#primaryimage\"},\"image\":{\"@id\":\"https:\/\/www.fanprojekt-muenster.de\/wordpress\/praxisforschung-zum-thema-fanport\/#primaryimage\"},\"thumbnailUrl\":\"\",\"datePublished\":\"2015-01-07T17:57:15+00:00\",\"breadcrumb\":{\"@id\":\"https:\/\/www.fanprojekt-muenster.de\/wordpress\/praxisforschung-zum-thema-fanport\/#breadcrumb\"},\"inLanguage\":\"de\",\"potentialAction\":[{\"@type\":\"ReadAction\",\"target\":[\"https:\/\/www.fanprojekt-muenster.de\/wordpress\/praxisforschung-zum-thema-fanport\/\"]}]},{\"@type\":\"ImageObject\",\"inLanguage\":\"de\",\"@id\":\"https:\/\/www.fanprojekt-muenster.de\/wordpress\/praxisforschung-zum-thema-fanport\/#primaryimage\",\"url\":\"\",\"contentUrl\":\"\"},{\"@type\":\"BreadcrumbList\",\"@id\":\"https:\/\/www.fanprojekt-muenster.de\/wordpress\/praxisforschung-zum-thema-fanport\/#breadcrumb\",\"itemListElement\":[{\"@type\":\"ListItem\",\"position\":1,\"name\":\"Startseite\",\"item\":\"https:\/\/www.fanprojekt-muenster.de\/wordpress\/\"},{\"@type\":\"ListItem\",\"position\":2,\"name\":\"Praxisforschung zum Thema FANport\"}]},{\"@type\":\"WebSite\",\"@id\":\"https:\/\/www.fanprojekt-muenster.de\/wordpress\/#website\",\"url\":\"https:\/\/www.fanprojekt-muenster.de\/wordpress\/\",\"name\":\"Fangemeinschaft Preu\u00dfen M\u00fcnster e. V.\",\"description\":\"\",\"publisher\":{\"@id\":\"https:\/\/www.fanprojekt-muenster.de\/wordpress\/#organization\"},\"potentialAction\":[{\"@type\":\"SearchAction\",\"target\":{\"@type\":\"EntryPoint\",\"urlTemplate\":\"https:\/\/www.fanprojekt-muenster.de\/wordpress\/?s={search_term_string}\"},\"query-input\":{\"@type\":\"PropertyValueSpecification\",\"valueRequired\":true,\"valueName\":\"search_term_string\"}}],\"inLanguage\":\"de\"},{\"@type\":\"Organization\",\"@id\":\"https:\/\/www.fanprojekt-muenster.de\/wordpress\/#organization\",\"name\":\"Fangemeinschaft Preu\u00dfen M\u00fcnster e. V.\",\"url\":\"https:\/\/www.fanprojekt-muenster.de\/wordpress\/\",\"logo\":{\"@type\":\"ImageObject\",\"inLanguage\":\"de\",\"@id\":\"https:\/\/www.fanprojekt-muenster.de\/wordpress\/#\/schema\/logo\/image\/\",\"url\":\"https:\/\/www.fanprojekt-muenster.de\/wordpress\/wp-content\/uploads\/2019\/07\/cropped-Website_Logo3-9.png\",\"contentUrl\":\"https:\/\/www.fanprojekt-muenster.de\/wordpress\/wp-content\/uploads\/2019\/07\/cropped-Website_Logo3-9.png\",\"width\":224,\"height\":42,\"caption\":\"Fangemeinschaft Preu\u00dfen M\u00fcnster e. V.\"},\"image\":{\"@id\":\"https:\/\/www.fanprojekt-muenster.de\/wordpress\/#\/schema\/logo\/image\/\"}},{\"@type\":\"Person\",\"@id\":\"https:\/\/www.fanprojekt-muenster.de\/wordpress\/#\/schema\/person\/9126cc4d73d0d07c75b487075111186c\",\"name\":\"fp_superadmin\",\"url\":\"https:\/\/www.fanprojekt-muenster.de\/wordpress\/author\/fp_superadmin\/\"}]}<\/script>\n<!-- \/ Yoast SEO plugin. -->","yoast_head_json":{"title":"Praxisforschung zum Thema FANport - Fangemeinschaft Preu\u00dfen M\u00fcnster e. V.","robots":{"index":"index","follow":"follow","max-snippet":"max-snippet:-1","max-image-preview":"max-image-preview:large","max-video-preview":"max-video-preview:-1"},"canonical":"https:\/\/www.fanprojekt-muenster.de\/wordpress\/praxisforschung-zum-thema-fanport\/","og_locale":"de_DE","og_type":"article","og_title":"Praxisforschung zum Thema FANport - Fangemeinschaft Preu\u00dfen M\u00fcnster e. V.","og_description":"Hallo zusammen, heute m\u00f6chten wir Euch auf eine aktuelle wissenschaftliche Studie von zwei jungen Menschen aufmerksam machen, die an uns herangetreten sind, um Eure Hilfe zu erhalten. Den beiden w\u00fcrde... Read more &raquo;","og_url":"https:\/\/www.fanprojekt-muenster.de\/wordpress\/praxisforschung-zum-thema-fanport\/","og_site_name":"Fangemeinschaft Preu\u00dfen M\u00fcnster e. V.","article_published_time":"2015-01-07T17:57:15+00:00","author":"fp_superadmin","twitter_card":"summary_large_image","twitter_misc":{"Verfasst von":"fp_superadmin","Gesch\u00e4tzte Lesezeit":"1\u00a0Minute"},"schema":{"@context":"https:\/\/schema.org","@graph":[{"@type":"Article","@id":"https:\/\/www.fanprojekt-muenster.de\/wordpress\/praxisforschung-zum-thema-fanport\/#article","isPartOf":{"@id":"https:\/\/www.fanprojekt-muenster.de\/wordpress\/praxisforschung-zum-thema-fanport\/"},"author":{"name":"fp_superadmin","@id":"https:\/\/www.fanprojekt-muenster.de\/wordpress\/#\/schema\/person\/9126cc4d73d0d07c75b487075111186c"},"headline":"Praxisforschung zum Thema FANport","datePublished":"2015-01-07T17:57:15+00:00","mainEntityOfPage":{"@id":"https:\/\/www.fanprojekt-muenster.de\/wordpress\/praxisforschung-zum-thema-fanport\/"},"wordCount":161,"publisher":{"@id":"https:\/\/www.fanprojekt-muenster.de\/wordpress\/#organization"},"image":{"@id":"https:\/\/www.fanprojekt-muenster.de\/wordpress\/praxisforschung-zum-thema-fanport\/#primaryimage"},"thumbnailUrl":"","keywords":["Bachelorarbeit","Fanport","Fans","Praxisforschung"],"articleSection":["Aktuelles"],"inLanguage":"de"},{"@type":"WebPage","@id":"https:\/\/www.fanprojekt-muenster.de\/wordpress\/praxisforschung-zum-thema-fanport\/","url":"https:\/\/www.fanprojekt-muenster.de\/wordpress\/praxisforschung-zum-thema-fanport\/","name":"Praxisforschung zum Thema FANport - Fangemeinschaft Preu\u00dfen M\u00fcnster e. V.","isPartOf":{"@id":"https:\/\/www.fanprojekt-muenster.de\/wordpress\/#website"},"primaryImageOfPage":{"@id":"https:\/\/www.fanprojekt-muenster.de\/wordpress\/praxisforschung-zum-thema-fanport\/#primaryimage"},"image":{"@id":"https:\/\/www.fanprojekt-muenster.de\/wordpress\/praxisforschung-zum-thema-fanport\/#primaryimage"},"thumbnailUrl":"","datePublished":"2015-01-07T17:57:15+00:00","breadcrumb":{"@id":"https:\/\/www.fanprojekt-muenster.de\/wordpress\/praxisforschung-zum-thema-fanport\/#breadcrumb"},"inLanguage":"de","potentialAction":[{"@type":"ReadAction","target":["https:\/\/www.fanprojekt-muenster.de\/wordpress\/praxisforschung-zum-thema-fanport\/"]}]},{"@type":"ImageObject","inLanguage":"de","@id":"https:\/\/www.fanprojekt-muenster.de\/wordpress\/praxisforschung-zum-thema-fanport\/#primaryimage","url":"","contentUrl":""},{"@type":"BreadcrumbList","@id":"https:\/\/www.fanprojekt-muenster.de\/wordpress\/praxisforschung-zum-thema-fanport\/#breadcrumb","itemListElement":[{"@type":"ListItem","position":1,"name":"Startseite","item":"https:\/\/www.fanprojekt-muenster.de\/wordpress\/"},{"@type":"ListItem","position":2,"name":"Praxisforschung zum Thema FANport"}]},{"@type":"WebSite","@id":"https:\/\/www.fanprojekt-muenster.de\/wordpress\/#website","url":"https:\/\/www.fanprojekt-muenster.de\/wordpress\/","name":"Fangemeinschaft Preu\u00dfen M\u00fcnster e. V.","description":"","publisher":{"@id":"https:\/\/www.fanprojekt-muenster.de\/wordpress\/#organization"},"potentialAction":[{"@type":"SearchAction","target":{"@type":"EntryPoint","urlTemplate":"https:\/\/www.fanprojekt-muenster.de\/wordpress\/?s={search_term_string}"},"query-input":{"@type":"PropertyValueSpecification","valueRequired":true,"valueName":"search_term_string"}}],"inLanguage":"de"},{"@type":"Organization","@id":"https:\/\/www.fanprojekt-muenster.de\/wordpress\/#organization","name":"Fangemeinschaft Preu\u00dfen M\u00fcnster e. V.","url":"https:\/\/www.fanprojekt-muenster.de\/wordpress\/","logo":{"@type":"ImageObject","inLanguage":"de","@id":"https:\/\/www.fanprojekt-muenster.de\/wordpress\/#\/schema\/logo\/image\/","url":"https:\/\/www.fanprojekt-muenster.de\/wordpress\/wp-content\/uploads\/2019\/07\/cropped-Website_Logo3-9.png","contentUrl":"https:\/\/www.fanprojekt-muenster.de\/wordpress\/wp-content\/uploads\/2019\/07\/cropped-Website_Logo3-9.png","width":224,"height":42,"caption":"Fangemeinschaft Preu\u00dfen M\u00fcnster e. V."},"image":{"@id":"https:\/\/www.fanprojekt-muenster.de\/wordpress\/#\/schema\/logo\/image\/"}},{"@type":"Person","@id":"https:\/\/www.fanprojekt-muenster.de\/wordpress\/#\/schema\/person\/9126cc4d73d0d07c75b487075111186c","name":"fp_superadmin","url":"https:\/\/www.fanprojekt-muenster.de\/wordpress\/author\/fp_superadmin\/"}]}},"author_meta":{"display_name":"fp_superadmin","author_link":"https:\/\/www.fanprojekt-muenster.de\/wordpress\/author\/fp_superadmin\/"},"featured_img":null,"coauthors":[],"tax_additional":{"categories":{"linked":["<a href=\"https:\/\/www.fanprojekt-muenster.de\/wordpress\/category\/aktuelles\/\" class=\"advgb-post-tax-term\">Aktuelles<\/a>"],"unlinked":["<span class=\"advgb-post-tax-term\">Aktuelles<\/span>"]},"tags":{"linked":["<a href=\"https:\/\/www.fanprojekt-muenster.de\/wordpress\/category\/aktuelles\/\" class=\"advgb-post-tax-term\">Bachelorarbeit<\/a>","<a href=\"https:\/\/www.fanprojekt-muenster.de\/wordpress\/category\/aktuelles\/\" class=\"advgb-post-tax-term\">Fanport<\/a>","<a href=\"https:\/\/www.fanprojekt-muenster.de\/wordpress\/category\/aktuelles\/\" class=\"advgb-post-tax-term\">Fans<\/a>","<a href=\"https:\/\/www.fanprojekt-muenster.de\/wordpress\/category\/aktuelles\/\" class=\"advgb-post-tax-term\">Praxisforschung<\/a>"],"unlinked":["<span class=\"advgb-post-tax-term\">Bachelorarbeit<\/span>","<span class=\"advgb-post-tax-term\">Fanport<\/span>","<span class=\"advgb-post-tax-term\">Fans<\/span>","<span class=\"advgb-post-tax-term\">Praxisforschung<\/span>"]}},"comment_count":"0","relative_dates":{"created":"Posted 11\u00a0Jahren ago","modified":"Updated 11\u00a0Jahren ago"},"absolute_dates":{"created":"Posted on 7. Januar 2015","modified":"Updated on 7. Januar 2015"},"absolute_dates_time":{"created":"Posted on 7. Januar 2015 19:57","modified":"Updated on 7. Januar 2015 19:57"},"featured_img_caption":"","series_order":"","_links":{"self":[{"href":"https:\/\/www.fanprojekt-muenster.de\/wordpress\/wp-json\/wp\/v2\/posts\/3802","targetHints":{"allow":["GET"]}}],"collection":[{"href":"https:\/\/www.fanprojekt-muenster.de\/wordpress\/wp-json\/wp\/v2\/posts"}],"about":[{"href":"https:\/\/www.fanprojekt-muenster.de\/wordpress\/wp-json\/wp\/v2\/types\/post"}],"author":[{"embeddable":true,"href":"https:\/\/www.fanprojekt-muenster.de\/wordpress\/wp-json\/wp\/v2\/users\/2"}],"replies":[{"embeddable":true,"href":"https:\/\/www.fanprojekt-muenster.de\/wordpress\/wp-json\/wp\/v2\/comments?post=3802"}],"version-history":[{"count":0,"href":"https:\/\/www.fanprojekt-muenster.de\/wordpress\/wp-json\/wp\/v2\/posts\/3802\/revisions"}],"wp:featuredmedia":[{"embeddable":true,"href":"https:\/\/www.fanprojekt-muenster.de\/wordpress\/wp-json\/"}],"wp:attachment":[{"href":"https:\/\/www.fanprojekt-muenster.de\/wordpress\/wp-json\/wp\/v2\/media?parent=3802"}],"wp:term":[{"taxonomy":"category","embeddable":true,"href":"https:\/\/www.fanprojekt-muenster.de\/wordpress\/wp-json\/wp\/v2\/categories?post=3802"},{"taxonomy":"post_tag","embeddable":true,"href":"https:\/\/www.fanprojekt-muenster.de\/wordpress\/wp-json\/wp\/v2\/tags?post=3802"}],"curies":[{"name":"wp","href":"https:\/\/api.w.org\/{rel}","templated":true}]}}