{"id":3749,"date":"2014-12-06T15:37:41","date_gmt":"2014-12-06T13:37:41","guid":{"rendered":"http:\/\/www.fanprojekt-muenster.de\/wp\/?p=3749"},"modified":"2014-12-06T15:37:41","modified_gmt":"2014-12-06T13:37:41","slug":"einladung-zum-neujahrsempfang","status":"publish","type":"post","link":"https:\/\/www.fanprojekt-muenster.de\/wordpress\/einladung-zum-neujahrsempfang\/","title":{"rendered":"Einladung zum Neujahrsempfang"},"content":{"rendered":"<p style=\"text-align: justify;\">Hallo Fanprojekt-Mitglieder,<\/p>\n<p style=\"text-align: justify;\">zu unserem traditionellen Neujahrsempfang am 10.01.2015 sind alle Mitglieder des Fanprojekts Preu\u00dfen M\u00fcnster e.V. sowie die Mannschaft, das Trainerteam und der Vorstand des SC Preu\u00dfen M\u00fcnster herzlich eingeladen.<\/p>\n<p style=\"text-align: justify;\">Los geht es um 18:30 Uhr im VIP-Raum der Trib\u00fcne mit einem z\u00fcnftigen Gr\u00fcnkohl-Essen, welches auch f\u00fcr Vegetarier geeignet ist. Neben einem anspruchsvollen Preu\u00dfen-Quiz findet nat\u00fcrlich auch wieder die traditionelle Tombola mit vielen tollen Gewinnen statt. Die Einnahmen aus dem Losverkauf f\u00fcr die Tombola werden zu 100 % gespendet. In diesem Jahr unterst\u00fctzen wir jeweils zur H\u00e4lfte die Youngstars des SC Preu\u00dfen M\u00fcnster 1906 e.V. sowie die \u201eStiftung Mitmachkinder\u201c aus M\u00fcnster.<\/p>\n<p style=\"text-align: justify;\">Eintrittskarten gibt es im Vorverkauf, ausschlie\u00dflich f\u00fcr aktuelle FP-Mitglieder, f\u00fcr 10 EUR. Da die Anzahl der Karten leider begrenzt sind, solltet Ihr nicht allzu lange warten und schnell zuschlagen.<\/p>\n<p style=\"text-align: justify;\">Viele Gr\u00fc\u00dfe, Euer Fanprojekt!<\/p>\n<p style=\"text-align: justify;\">[message_box title=&#8220;VVK Termine&#8220; color=&#8220;green&#8220;]<\/p>\n<ul style=\"text-align: justify;\">\n<li>08.12.2014 vor der JHV des SCP in der Trib\u00fcne.<\/li>\n<li>13.12.2014 vor dem letzten Heimspiel am FP-Stand im Stadion<\/li>\n<li>Ab dem 16.12.2014 auf der Gesch\u00e4ftsstelle des SCP<\/li>\n<\/ul>\n<p style=\"text-align: justify;\">[\/message_box]<\/p>\n","protected":false},"excerpt":{"rendered":"<p>Hallo Fanprojekt-Mitglieder, zu unserem traditionellen Neujahrsempfang am 10.01.2015 sind alle Mitglieder des Fanprojekts Preu\u00dfen M\u00fcnster e.V. sowie die Mannschaft, das Trainerteam und der Vorstand des SC Preu\u00dfen M\u00fcnster herzlich eingeladen&#8230;. <a class=\"read-more-link\" href=\"https:\/\/www.fanprojekt-muenster.de\/wordpress\/einladung-zum-neujahrsempfang\/\">Read more &raquo;<\/a><\/p>\n","protected":false},"author":2,"featured_media":2054,"comment_status":"closed","ping_status":"closed","sticky":false,"template":"","format":"standard","meta":{"advgb_blocks_editor_width":"","advgb_blocks_columns_visual_guide":"","footnotes":""},"categories":[2,3],"tags":[87,187],"class_list":["post-3749","post","type-post","status-publish","format-standard","has-post-thumbnail","hentry","category-aktionen","category-aktuelles","tag-einladung","tag-neujahrsempfang"],"featured_image_src":null,"author_info":{"display_name":"fp_superadmin","author_link":"https:\/\/www.fanprojekt-muenster.de\/wordpress\/author\/fp_superadmin\/"},"yoast_head":"<!-- This site is optimized with the Yoast SEO plugin v27.2 - https:\/\/yoast.com\/product\/yoast-seo-wordpress\/ -->\n<title>Einladung zum Neujahrsempfang - Fangemeinschaft Preu\u00dfen M\u00fcnster e. V.<\/title>\n<meta name=\"robots\" content=\"index, follow, max-snippet:-1, max-image-preview:large, max-video-preview:-1\" \/>\n<link rel=\"canonical\" href=\"https:\/\/www.fanprojekt-muenster.de\/wordpress\/einladung-zum-neujahrsempfang\/\" \/>\n<meta property=\"og:locale\" content=\"de_DE\" \/>\n<meta property=\"og:type\" content=\"article\" \/>\n<meta property=\"og:title\" content=\"Einladung zum Neujahrsempfang - Fangemeinschaft Preu\u00dfen M\u00fcnster e. V.\" \/>\n<meta property=\"og:description\" content=\"Hallo Fanprojekt-Mitglieder, zu unserem traditionellen Neujahrsempfang am 10.01.2015 sind alle Mitglieder des Fanprojekts Preu\u00dfen M\u00fcnster e.V. sowie die Mannschaft, das Trainerteam und der Vorstand des SC Preu\u00dfen M\u00fcnster herzlich eingeladen.... Read more &raquo;\" \/>\n<meta property=\"og:url\" content=\"https:\/\/www.fanprojekt-muenster.de\/wordpress\/einladung-zum-neujahrsempfang\/\" \/>\n<meta property=\"og:site_name\" content=\"Fangemeinschaft Preu\u00dfen M\u00fcnster e. V.\" \/>\n<meta property=\"article:published_time\" content=\"2014-12-06T13:37:41+00:00\" \/>\n<meta name=\"author\" content=\"fp_superadmin\" \/>\n<meta name=\"twitter:card\" content=\"summary_large_image\" \/>\n<meta name=\"twitter:label1\" content=\"Verfasst von\" \/>\n\t<meta name=\"twitter:data1\" content=\"fp_superadmin\" \/>\n\t<meta name=\"twitter:label2\" content=\"Gesch\u00e4tzte Lesezeit\" \/>\n\t<meta name=\"twitter:data2\" content=\"1\u00a0Minute\" \/>\n<script type=\"application\/ld+json\" class=\"yoast-schema-graph\">{\"@context\":\"https:\/\/schema.org\",\"@graph\":[{\"@type\":\"Article\",\"@id\":\"https:\/\/www.fanprojekt-muenster.de\/wordpress\/einladung-zum-neujahrsempfang\/#article\",\"isPartOf\":{\"@id\":\"https:\/\/www.fanprojekt-muenster.de\/wordpress\/einladung-zum-neujahrsempfang\/\"},\"author\":{\"name\":\"fp_superadmin\",\"@id\":\"https:\/\/www.fanprojekt-muenster.de\/wordpress\/#\/schema\/person\/9126cc4d73d0d07c75b487075111186c\"},\"headline\":\"Einladung zum Neujahrsempfang\",\"datePublished\":\"2014-12-06T13:37:41+00:00\",\"mainEntityOfPage\":{\"@id\":\"https:\/\/www.fanprojekt-muenster.de\/wordpress\/einladung-zum-neujahrsempfang\/\"},\"wordCount\":187,\"publisher\":{\"@id\":\"https:\/\/www.fanprojekt-muenster.de\/wordpress\/#organization\"},\"image\":{\"@id\":\"https:\/\/www.fanprojekt-muenster.de\/wordpress\/einladung-zum-neujahrsempfang\/#primaryimage\"},\"thumbnailUrl\":\"\",\"keywords\":[\"Einladung\",\"Neujahrsempfang\"],\"articleSection\":[\"Aktionen\",\"Aktuelles\"],\"inLanguage\":\"de\"},{\"@type\":\"WebPage\",\"@id\":\"https:\/\/www.fanprojekt-muenster.de\/wordpress\/einladung-zum-neujahrsempfang\/\",\"url\":\"https:\/\/www.fanprojekt-muenster.de\/wordpress\/einladung-zum-neujahrsempfang\/\",\"name\":\"Einladung zum Neujahrsempfang - Fangemeinschaft Preu\u00dfen M\u00fcnster e. V.\",\"isPartOf\":{\"@id\":\"https:\/\/www.fanprojekt-muenster.de\/wordpress\/#website\"},\"primaryImageOfPage\":{\"@id\":\"https:\/\/www.fanprojekt-muenster.de\/wordpress\/einladung-zum-neujahrsempfang\/#primaryimage\"},\"image\":{\"@id\":\"https:\/\/www.fanprojekt-muenster.de\/wordpress\/einladung-zum-neujahrsempfang\/#primaryimage\"},\"thumbnailUrl\":\"\",\"datePublished\":\"2014-12-06T13:37:41+00:00\",\"breadcrumb\":{\"@id\":\"https:\/\/www.fanprojekt-muenster.de\/wordpress\/einladung-zum-neujahrsempfang\/#breadcrumb\"},\"inLanguage\":\"de\",\"potentialAction\":[{\"@type\":\"ReadAction\",\"target\":[\"https:\/\/www.fanprojekt-muenster.de\/wordpress\/einladung-zum-neujahrsempfang\/\"]}]},{\"@type\":\"ImageObject\",\"inLanguage\":\"de\",\"@id\":\"https:\/\/www.fanprojekt-muenster.de\/wordpress\/einladung-zum-neujahrsempfang\/#primaryimage\",\"url\":\"\",\"contentUrl\":\"\"},{\"@type\":\"BreadcrumbList\",\"@id\":\"https:\/\/www.fanprojekt-muenster.de\/wordpress\/einladung-zum-neujahrsempfang\/#breadcrumb\",\"itemListElement\":[{\"@type\":\"ListItem\",\"position\":1,\"name\":\"Startseite\",\"item\":\"https:\/\/www.fanprojekt-muenster.de\/wordpress\/\"},{\"@type\":\"ListItem\",\"position\":2,\"name\":\"Einladung zum Neujahrsempfang\"}]},{\"@type\":\"WebSite\",\"@id\":\"https:\/\/www.fanprojekt-muenster.de\/wordpress\/#website\",\"url\":\"https:\/\/www.fanprojekt-muenster.de\/wordpress\/\",\"name\":\"Fangemeinschaft Preu\u00dfen M\u00fcnster e. V.\",\"description\":\"\",\"publisher\":{\"@id\":\"https:\/\/www.fanprojekt-muenster.de\/wordpress\/#organization\"},\"potentialAction\":[{\"@type\":\"SearchAction\",\"target\":{\"@type\":\"EntryPoint\",\"urlTemplate\":\"https:\/\/www.fanprojekt-muenster.de\/wordpress\/?s={search_term_string}\"},\"query-input\":{\"@type\":\"PropertyValueSpecification\",\"valueRequired\":true,\"valueName\":\"search_term_string\"}}],\"inLanguage\":\"de\"},{\"@type\":\"Organization\",\"@id\":\"https:\/\/www.fanprojekt-muenster.de\/wordpress\/#organization\",\"name\":\"Fangemeinschaft Preu\u00dfen M\u00fcnster e. V.\",\"url\":\"https:\/\/www.fanprojekt-muenster.de\/wordpress\/\",\"logo\":{\"@type\":\"ImageObject\",\"inLanguage\":\"de\",\"@id\":\"https:\/\/www.fanprojekt-muenster.de\/wordpress\/#\/schema\/logo\/image\/\",\"url\":\"https:\/\/www.fanprojekt-muenster.de\/wordpress\/wp-content\/uploads\/2019\/07\/cropped-Website_Logo3-9.png\",\"contentUrl\":\"https:\/\/www.fanprojekt-muenster.de\/wordpress\/wp-content\/uploads\/2019\/07\/cropped-Website_Logo3-9.png\",\"width\":224,\"height\":42,\"caption\":\"Fangemeinschaft Preu\u00dfen M\u00fcnster e. V.\"},\"image\":{\"@id\":\"https:\/\/www.fanprojekt-muenster.de\/wordpress\/#\/schema\/logo\/image\/\"}},{\"@type\":\"Person\",\"@id\":\"https:\/\/www.fanprojekt-muenster.de\/wordpress\/#\/schema\/person\/9126cc4d73d0d07c75b487075111186c\",\"name\":\"fp_superadmin\",\"url\":\"https:\/\/www.fanprojekt-muenster.de\/wordpress\/author\/fp_superadmin\/\"}]}<\/script>\n<!-- \/ Yoast SEO plugin. -->","yoast_head_json":{"title":"Einladung zum Neujahrsempfang - Fangemeinschaft Preu\u00dfen M\u00fcnster e. V.","robots":{"index":"index","follow":"follow","max-snippet":"max-snippet:-1","max-image-preview":"max-image-preview:large","max-video-preview":"max-video-preview:-1"},"canonical":"https:\/\/www.fanprojekt-muenster.de\/wordpress\/einladung-zum-neujahrsempfang\/","og_locale":"de_DE","og_type":"article","og_title":"Einladung zum Neujahrsempfang - Fangemeinschaft Preu\u00dfen M\u00fcnster e. V.","og_description":"Hallo Fanprojekt-Mitglieder, zu unserem traditionellen Neujahrsempfang am 10.01.2015 sind alle Mitglieder des Fanprojekts Preu\u00dfen M\u00fcnster e.V. sowie die Mannschaft, das Trainerteam und der Vorstand des SC Preu\u00dfen M\u00fcnster herzlich eingeladen.... Read more &raquo;","og_url":"https:\/\/www.fanprojekt-muenster.de\/wordpress\/einladung-zum-neujahrsempfang\/","og_site_name":"Fangemeinschaft Preu\u00dfen M\u00fcnster e. V.","article_published_time":"2014-12-06T13:37:41+00:00","author":"fp_superadmin","twitter_card":"summary_large_image","twitter_misc":{"Verfasst von":"fp_superadmin","Gesch\u00e4tzte Lesezeit":"1\u00a0Minute"},"schema":{"@context":"https:\/\/schema.org","@graph":[{"@type":"Article","@id":"https:\/\/www.fanprojekt-muenster.de\/wordpress\/einladung-zum-neujahrsempfang\/#article","isPartOf":{"@id":"https:\/\/www.fanprojekt-muenster.de\/wordpress\/einladung-zum-neujahrsempfang\/"},"author":{"name":"fp_superadmin","@id":"https:\/\/www.fanprojekt-muenster.de\/wordpress\/#\/schema\/person\/9126cc4d73d0d07c75b487075111186c"},"headline":"Einladung zum Neujahrsempfang","datePublished":"2014-12-06T13:37:41+00:00","mainEntityOfPage":{"@id":"https:\/\/www.fanprojekt-muenster.de\/wordpress\/einladung-zum-neujahrsempfang\/"},"wordCount":187,"publisher":{"@id":"https:\/\/www.fanprojekt-muenster.de\/wordpress\/#organization"},"image":{"@id":"https:\/\/www.fanprojekt-muenster.de\/wordpress\/einladung-zum-neujahrsempfang\/#primaryimage"},"thumbnailUrl":"","keywords":["Einladung","Neujahrsempfang"],"articleSection":["Aktionen","Aktuelles"],"inLanguage":"de"},{"@type":"WebPage","@id":"https:\/\/www.fanprojekt-muenster.de\/wordpress\/einladung-zum-neujahrsempfang\/","url":"https:\/\/www.fanprojekt-muenster.de\/wordpress\/einladung-zum-neujahrsempfang\/","name":"Einladung zum Neujahrsempfang - Fangemeinschaft Preu\u00dfen M\u00fcnster e. V.","isPartOf":{"@id":"https:\/\/www.fanprojekt-muenster.de\/wordpress\/#website"},"primaryImageOfPage":{"@id":"https:\/\/www.fanprojekt-muenster.de\/wordpress\/einladung-zum-neujahrsempfang\/#primaryimage"},"image":{"@id":"https:\/\/www.fanprojekt-muenster.de\/wordpress\/einladung-zum-neujahrsempfang\/#primaryimage"},"thumbnailUrl":"","datePublished":"2014-12-06T13:37:41+00:00","breadcrumb":{"@id":"https:\/\/www.fanprojekt-muenster.de\/wordpress\/einladung-zum-neujahrsempfang\/#breadcrumb"},"inLanguage":"de","potentialAction":[{"@type":"ReadAction","target":["https:\/\/www.fanprojekt-muenster.de\/wordpress\/einladung-zum-neujahrsempfang\/"]}]},{"@type":"ImageObject","inLanguage":"de","@id":"https:\/\/www.fanprojekt-muenster.de\/wordpress\/einladung-zum-neujahrsempfang\/#primaryimage","url":"","contentUrl":""},{"@type":"BreadcrumbList","@id":"https:\/\/www.fanprojekt-muenster.de\/wordpress\/einladung-zum-neujahrsempfang\/#breadcrumb","itemListElement":[{"@type":"ListItem","position":1,"name":"Startseite","item":"https:\/\/www.fanprojekt-muenster.de\/wordpress\/"},{"@type":"ListItem","position":2,"name":"Einladung zum Neujahrsempfang"}]},{"@type":"WebSite","@id":"https:\/\/www.fanprojekt-muenster.de\/wordpress\/#website","url":"https:\/\/www.fanprojekt-muenster.de\/wordpress\/","name":"Fangemeinschaft Preu\u00dfen M\u00fcnster e. V.","description":"","publisher":{"@id":"https:\/\/www.fanprojekt-muenster.de\/wordpress\/#organization"},"potentialAction":[{"@type":"SearchAction","target":{"@type":"EntryPoint","urlTemplate":"https:\/\/www.fanprojekt-muenster.de\/wordpress\/?s={search_term_string}"},"query-input":{"@type":"PropertyValueSpecification","valueRequired":true,"valueName":"search_term_string"}}],"inLanguage":"de"},{"@type":"Organization","@id":"https:\/\/www.fanprojekt-muenster.de\/wordpress\/#organization","name":"Fangemeinschaft Preu\u00dfen M\u00fcnster e. V.","url":"https:\/\/www.fanprojekt-muenster.de\/wordpress\/","logo":{"@type":"ImageObject","inLanguage":"de","@id":"https:\/\/www.fanprojekt-muenster.de\/wordpress\/#\/schema\/logo\/image\/","url":"https:\/\/www.fanprojekt-muenster.de\/wordpress\/wp-content\/uploads\/2019\/07\/cropped-Website_Logo3-9.png","contentUrl":"https:\/\/www.fanprojekt-muenster.de\/wordpress\/wp-content\/uploads\/2019\/07\/cropped-Website_Logo3-9.png","width":224,"height":42,"caption":"Fangemeinschaft Preu\u00dfen M\u00fcnster e. V."},"image":{"@id":"https:\/\/www.fanprojekt-muenster.de\/wordpress\/#\/schema\/logo\/image\/"}},{"@type":"Person","@id":"https:\/\/www.fanprojekt-muenster.de\/wordpress\/#\/schema\/person\/9126cc4d73d0d07c75b487075111186c","name":"fp_superadmin","url":"https:\/\/www.fanprojekt-muenster.de\/wordpress\/author\/fp_superadmin\/"}]}},"author_meta":{"display_name":"fp_superadmin","author_link":"https:\/\/www.fanprojekt-muenster.de\/wordpress\/author\/fp_superadmin\/"},"featured_img":null,"coauthors":[],"tax_additional":{"categories":{"linked":["<a href=\"https:\/\/www.fanprojekt-muenster.de\/wordpress\/category\/aktionen\/\" class=\"advgb-post-tax-term\">Aktionen<\/a>","<a href=\"https:\/\/www.fanprojekt-muenster.de\/wordpress\/category\/aktuelles\/\" class=\"advgb-post-tax-term\">Aktuelles<\/a>"],"unlinked":["<span class=\"advgb-post-tax-term\">Aktionen<\/span>","<span class=\"advgb-post-tax-term\">Aktuelles<\/span>"]},"tags":{"linked":["<a href=\"https:\/\/www.fanprojekt-muenster.de\/wordpress\/category\/aktuelles\/\" class=\"advgb-post-tax-term\">Einladung<\/a>","<a href=\"https:\/\/www.fanprojekt-muenster.de\/wordpress\/category\/aktuelles\/\" class=\"advgb-post-tax-term\">Neujahrsempfang<\/a>"],"unlinked":["<span class=\"advgb-post-tax-term\">Einladung<\/span>","<span class=\"advgb-post-tax-term\">Neujahrsempfang<\/span>"]}},"comment_count":"0","relative_dates":{"created":"Posted 11\u00a0Jahren ago","modified":"Updated 11\u00a0Jahren ago"},"absolute_dates":{"created":"Posted on 6. Dezember 2014","modified":"Updated on 6. Dezember 2014"},"absolute_dates_time":{"created":"Posted on 6. Dezember 2014 15:37","modified":"Updated on 6. Dezember 2014 15:37"},"featured_img_caption":"","series_order":"","_links":{"self":[{"href":"https:\/\/www.fanprojekt-muenster.de\/wordpress\/wp-json\/wp\/v2\/posts\/3749","targetHints":{"allow":["GET"]}}],"collection":[{"href":"https:\/\/www.fanprojekt-muenster.de\/wordpress\/wp-json\/wp\/v2\/posts"}],"about":[{"href":"https:\/\/www.fanprojekt-muenster.de\/wordpress\/wp-json\/wp\/v2\/types\/post"}],"author":[{"embeddable":true,"href":"https:\/\/www.fanprojekt-muenster.de\/wordpress\/wp-json\/wp\/v2\/users\/2"}],"replies":[{"embeddable":true,"href":"https:\/\/www.fanprojekt-muenster.de\/wordpress\/wp-json\/wp\/v2\/comments?post=3749"}],"version-history":[{"count":0,"href":"https:\/\/www.fanprojekt-muenster.de\/wordpress\/wp-json\/wp\/v2\/posts\/3749\/revisions"}],"wp:featuredmedia":[{"embeddable":true,"href":"https:\/\/www.fanprojekt-muenster.de\/wordpress\/wp-json\/"}],"wp:attachment":[{"href":"https:\/\/www.fanprojekt-muenster.de\/wordpress\/wp-json\/wp\/v2\/media?parent=3749"}],"wp:term":[{"taxonomy":"category","embeddable":true,"href":"https:\/\/www.fanprojekt-muenster.de\/wordpress\/wp-json\/wp\/v2\/categories?post=3749"},{"taxonomy":"post_tag","embeddable":true,"href":"https:\/\/www.fanprojekt-muenster.de\/wordpress\/wp-json\/wp\/v2\/tags?post=3749"}],"curies":[{"name":"wp","href":"https:\/\/api.w.org\/{rel}","templated":true}]}}